{"id":40030,"date":"2026-09-04T12:29:15","date_gmt":"2026-09-04T18:29:15","guid":{"rendered":"https:\/\/thepueblatimes.mx\/?p=40030"},"modified":"2026-09-04T12:29:15","modified_gmt":"2026-09-04T18:29:15","slug":"de-el-amarillo-a-fugitivos-internacionales-asi-han-caido-en-puebla-objetivos-buscados-fuera-del-estado","status":"publish","type":"post","link":"https:\/\/thepueblatimes.mx\/index.php\/2026\/09\/04\/de-el-amarillo-a-fugitivos-internacionales-asi-han-caido-en-puebla-objetivos-buscados-fuera-del-estado\/","title":{"rendered":"De \u201cEl Amarillo\u201d a fugitivos internacionales: as\u00ed han ca\u00eddo en Puebla objetivos buscados fuera del estado"},"content":{"rendered":"<h3><em><strong>La captura de Gov\u00e9n Ulisses N. en Lomas de Angel\u00f3polis volvi\u00f3 a colocar a Puebla bajo la lupa: en los \u00faltimos a\u00f1os, presuntos l\u00edderes criminales y personas requeridas incluso por autoridades internacionales han sido localizados mientras permanec\u00edan en territorio poblano.<\/strong><\/em><\/h3>\n<p>POR DANIEL ROMERO<\/p>\n<p><strong>Puebla, Pue.<\/strong>\u2014 Llegaron desde Guerrero, Morelos, Veracruz e incluso eran buscados en Estados Unidos. Algunos permanecieron durante meses o a\u00f1os en Puebla hasta que operativos federales y estatales terminaron por localizarlos.<\/p>\n<p>El caso m\u00e1s reciente es el de <strong>Gov\u00e9n Ulisses N., alias \u201cEl Amarillo\u201d o \u201cEl Gob\u00e9n\u201d<\/strong>, detenido el jueves 3 de septiembre en Lomas de Angel\u00f3polis. Autoridades federales lo identificaron como objetivo prioritario y presunto l\u00edder de una c\u00e9lula vinculada con \u201cLos Rusos\u201d, con presencia principalmente en Acapulco, Guerrero.<\/p>\n<p>La operaci\u00f3n desencaden\u00f3 cinco cateos en Puebla y San Andr\u00e9s Cholula. El saldo fue de cuatro personas detenidas y el aseguramiento de <strong>39 veh\u00edculos de alta gama<\/strong>, dos armas cortas, cartuchos, cargadores, tel\u00e9fonos y droga. Entre los inmuebles intervenidos estuvieron el centro nocturno Victoria Luxury Club y una agencia de autom\u00f3viles sobre V\u00eda Atlixc\u00e1yotl.<\/p>\n<p><strong>Puebla como refugio de objetivos criminales<\/strong><\/p>\n<p>Tras el despliegue, el secretario de Seguridad P\u00fablica estatal, Francisco S\u00e1nchez Gonz\u00e1lez, sostuvo que la c\u00e9lula de \u201cEl Amarillo\u201d no ten\u00eda identificada una operaci\u00f3n criminal establecida en Puebla, sino que sus integrantes habr\u00edan utilizado la entidad como lugar de refugio.<\/p>\n<p>El episodio no es aislado.<\/p>\n<p>Apenas el 26 de agosto, <strong>Jes\u00fas Alberto N., alias \u201cEl Dron\u201d<\/strong>, fue detenido en San Andr\u00e9s Cholula. Las autoridades lo se\u00f1alan como uno de los presuntos participantes en el homicidio del creador de contenido C\u00e9sar Daniel Nolazco Gast\u00e9lum, ocurrido semanas antes en Culiac\u00e1n, Sinaloa.<\/p>\n<p>En junio, fuerzas federales capturaron en San Pedro Cholula a <strong>Homero N., \u201cLa Tripa\u201d<\/strong>, se\u00f1alado como presunto l\u00edder de una c\u00e9lula generadora de violencia en Morelos y relacionado por las autoridades con homicidios y extorsiones. Durante la intervenci\u00f3n tambi\u00e9n fue detenida una mujer y se aseguraron un arma, droga, un veh\u00edculo y una identificaci\u00f3n falsa.<\/p>\n<p><img decoding=\"async\" loading=\"lazy\" class=\"size-medium wp-image-40032 aligncenter\" src=\"https:\/\/thepueblatimes.mx\/wp-content\/uploads\/2026\/09\/La-Tripa-1024x576-1-300x169.webp\" alt=\"\" width=\"300\" height=\"169\" srcset=\"https:\/\/thepueblatimes.mx\/wp-content\/uploads\/2026\/09\/La-Tripa-1024x576-1-300x169.webp 300w, https:\/\/thepueblatimes.mx\/wp-content\/uploads\/2026\/09\/La-Tripa-1024x576-1-768x432.webp 768w, https:\/\/thepueblatimes.mx\/wp-content\/uploads\/2026\/09\/La-Tripa-1024x576-1.webp 1024w\" sizes=\"(max-width: 300px) 100vw, 300px\" \/><\/p>\n<p>Otro de los golpes relevantes ocurri\u00f3 en abril, cuando fue localizado en Chignahuapan <strong>Roberto de los Santos de Jes\u00fas, \u201cEl Bukanas\u201d<\/strong>, considerado durante a\u00f1os un objetivo prioritario y vinculado por autoridades con actividades criminales en la franja lim\u00edtrofe entre Puebla y Veracruz. Por su localizaci\u00f3n se hab\u00eda ofrecido una recompensa de hasta cinco millones de pesos.<\/p>\n<p><strong>De Iz\u00facar de Matamoros a casos de alcance internacional<\/strong><\/p>\n<p>La presencia de personas buscadas fuera de Puebla tambi\u00e9n ha alcanzado a la Mixteca poblana.<\/p>\n<p>En febrero de 2024, autoridades estatales, federales e internacionales detuvieron en <strong>Iz\u00facar de Matamoros a Esteban \u2014identificado oficialmente tambi\u00e9n como Estevan\u2014 N.<\/strong>, requerido por su presunta relaci\u00f3n con un homicidio ocurrido en California, Estados Unidos.<\/p>\n<p><img decoding=\"async\" loading=\"lazy\" class=\"size-medium wp-image-40034 aligncenter\" src=\"https:\/\/thepueblatimes.mx\/wp-content\/uploads\/2026\/09\/GFRhvFWXcAA7nhQ-300x199.png\" alt=\"\" width=\"300\" height=\"199\" srcset=\"https:\/\/thepueblatimes.mx\/wp-content\/uploads\/2026\/09\/GFRhvFWXcAA7nhQ-300x199.png 300w, https:\/\/thepueblatimes.mx\/wp-content\/uploads\/2026\/09\/GFRhvFWXcAA7nhQ-768x510.png 768w, https:\/\/thepueblatimes.mx\/wp-content\/uploads\/2026\/09\/GFRhvFWXcAA7nhQ-600x398.png 600w, https:\/\/thepueblatimes.mx\/wp-content\/uploads\/2026\/09\/GFRhvFWXcAA7nhQ-455x300.png 455w, https:\/\/thepueblatimes.mx\/wp-content\/uploads\/2026\/09\/GFRhvFWXcAA7nhQ.png 798w\" sizes=\"(max-width: 300px) 100vw, 300px\" \/><\/p>\n<p>Su localizaci\u00f3n deriv\u00f3 de trabajos de inteligencia entre la Secretar\u00eda de Marina, la Polic\u00eda Estatal, Interpol y autoridades estadounidenses. El operativo se realiz\u00f3 en la zona centro de Iz\u00facar.<\/p>\n<p>Un a\u00f1o antes, en marzo de 2023, agentes estatales, elementos de Marina e Interpol capturaron en la colonia Cementos Atoyac de Puebla capital a <strong>Jorge Alberto S., alias \u201cLa Gorda\u201d<\/strong>, quien contaba con una orden de aprehensi\u00f3n con fines de extradici\u00f3n a Estados Unidos y era se\u00f1alado por presunto trasiego de drogas.<\/p>\n<p><img decoding=\"async\" loading=\"lazy\" class=\"size-medium wp-image-40035 aligncenter\" src=\"https:\/\/thepueblatimes.mx\/wp-content\/uploads\/2026\/09\/La-Gorda-300x169.webp\" alt=\"\" width=\"300\" height=\"169\" srcset=\"https:\/\/thepueblatimes.mx\/wp-content\/uploads\/2026\/09\/La-Gorda-300x169.webp 300w, https:\/\/thepueblatimes.mx\/wp-content\/uploads\/2026\/09\/La-Gorda-1024x576.webp 1024w, https:\/\/thepueblatimes.mx\/wp-content\/uploads\/2026\/09\/La-Gorda-768x432.webp 768w, https:\/\/thepueblatimes.mx\/wp-content\/uploads\/2026\/09\/La-Gorda.webp 1200w\" sizes=\"(max-width: 300px) 100vw, 300px\" \/><\/p>\n<p>La historia de capturas de alto perfil en la entidad se remonta varias d\u00e9cadas. En 2017, un operativo de la Marina en Chipilo termin\u00f3 con la muerte de <strong>Ricardo Arturo Pacheco Tello, \u201cEl Quino\u201d<\/strong>, identificado entonces como l\u00edder de una c\u00e9lula del C\u00e1rtel Jalisco Nueva Generaci\u00f3n con operaciones en Veracruz.<\/p>\n<p><img decoding=\"async\" loading=\"lazy\" class=\"size-medium wp-image-40045 aligncenter\" src=\"https:\/\/thepueblatimes.mx\/wp-content\/uploads\/2026\/09\/Ricardo-Arturo-Pacheco-Tello-alias-El-Quino-1-300x139.webp\" alt=\"\" width=\"300\" height=\"139\" srcset=\"https:\/\/thepueblatimes.mx\/wp-content\/uploads\/2026\/09\/Ricardo-Arturo-Pacheco-Tello-alias-El-Quino-1-300x139.webp 300w, https:\/\/thepueblatimes.mx\/wp-content\/uploads\/2026\/09\/Ricardo-Arturo-Pacheco-Tello-alias-El-Quino-1.webp 576w\" sizes=\"(max-width: 300px) 100vw, 300px\" \/><\/p>\n<p>Uno de los antecedentes de mayor relevancia ocurri\u00f3 el <strong>9 de marzo de 2002<\/strong>, cuando el Ej\u00e9rcito captur\u00f3 en la ciudad de Puebla a <strong>Benjam\u00edn Arellano F\u00e9lix<\/strong>, entonces l\u00edder del C\u00e1rtel de Tijuana y uno de los hombres m\u00e1s buscados por autoridades mexicanas y estadounidenses. La detenci\u00f3n se realiz\u00f3 sin intercambio de disparos.<\/p>\n<p><img decoding=\"async\" loading=\"lazy\" class=\"size-medium wp-image-40046 aligncenter\" src=\"https:\/\/thepueblatimes.mx\/wp-content\/uploads\/2026\/09\/Benjamin-Arellano-Felix-1-300x224.webp\" alt=\"\" width=\"300\" height=\"224\" srcset=\"https:\/\/thepueblatimes.mx\/wp-content\/uploads\/2026\/09\/Benjamin-Arellano-Felix-1-300x224.webp 300w, https:\/\/thepueblatimes.mx\/wp-content\/uploads\/2026\/09\/Benjamin-Arellano-Felix-1.webp 700w\" sizes=\"(max-width: 300px) 100vw, 300px\" \/><\/p>\n<p>M\u00e1s de dos d\u00e9cadas despu\u00e9s, la captura de \u201cEl Amarillo\u201d vuelve a exhibir un patr\u00f3n que las propias autoridades poblanas reconocen: personas buscadas por delitos cometidos en otras entidades han encontrado temporalmente en Puebla un lugar para permanecer ocultas, hasta que los trabajos de inteligencia terminan por ubicarlas.<\/p>\n<p>&nbsp;<\/p>\n<p>&nbsp;<\/p>\n<p>&nbsp;<\/p>\n<p>&nbsp;<\/p>\n","protected":false},"excerpt":{"rendered":"<p>La captura de Gov\u00e9n Ulisses N. en Lomas de Angel\u00f3polis volvi\u00f3 a colocar a Puebla bajo la lupa: en los \u00faltimos a\u00f1os, presuntos l\u00edderes criminales y personas requeridas incluso por autoridades internacionales han sido localizados mientras permanec\u00edan en territorio poblano. POR DANIEL ROMERO Puebla, Pue.\u2014 Llegaron desde Guerrero, Morelos, Veracruz e incluso eran buscados en&#8230;<\/p>\n","protected":false},"author":16,"featured_media":40031,"comment_status":"closed","ping_status":"closed","sticky":false,"template":"","format":"standard","meta":[],"categories":[121],"tags":[5292,3914,1453,214,5291,49],"yoast_head":"<!-- This site is optimized with the Yoast SEO plugin v20.8 - https:\/\/yoast.com\/wordpress\/plugins\/seo\/ -->\n<title>De \u201cEl Amarillo\u201d a fugitivos internacionales: as\u00ed han ca\u00eddo en Puebla objetivos buscados fuera del estado - The Puebla Times<\/title>\n<meta name=\"robots\" content=\"index, follow, max-snippet:-1, max-image-preview:large, max-video-preview:-1\" \/>\n<link rel=\"canonical\" href=\"https:\/\/thepueblatimes.mx\/index.php\/2026\/09\/04\/de-el-amarillo-a-fugitivos-internacionales-asi-han-caido-en-puebla-objetivos-buscados-fuera-del-estado\/\" \/>\n<meta property=\"og:locale\" content=\"es_ES\" \/>\n<meta property=\"og:type\" content=\"article\" \/>\n<meta property=\"og:title\" content=\"De \u201cEl Amarillo\u201d a fugitivos internacionales: as\u00ed han ca\u00eddo en Puebla objetivos buscados fuera del estado - The Puebla Times\" \/>\n<meta property=\"og:description\" content=\"La captura de Gov\u00e9n Ulisses N. en Lomas de Angel\u00f3polis volvi\u00f3 a colocar a Puebla bajo la lupa: en los \u00faltimos a\u00f1os, presuntos l\u00edderes criminales y personas requeridas incluso por autoridades internacionales han sido localizados mientras permanec\u00edan en territorio poblano. POR DANIEL ROMERO Puebla, Pue.\u2014 Llegaron desde Guerrero, Morelos, Veracruz e incluso eran buscados en...\" \/>\n<meta property=\"og:url\" content=\"https:\/\/thepueblatimes.mx\/index.php\/2026\/09\/04\/de-el-amarillo-a-fugitivos-internacionales-asi-han-caido-en-puebla-objetivos-buscados-fuera-del-estado\/\" \/>\n<meta property=\"og:site_name\" content=\"The Puebla Times\" \/>\n<meta property=\"article:published_time\" content=\"2026-09-04T18:29:15+00:00\" \/>\n<meta property=\"og:image\" content=\"https:\/\/thepueblatimes.mx\/wp-content\/uploads\/2026\/09\/detencion-el-goben-el-amarillo-los-rusos.webp\" \/>\n\t<meta property=\"og:image:width\" content=\"1200\" \/>\n\t<meta property=\"og:image:height\" content=\"675\" \/>\n\t<meta property=\"og:image:type\" content=\"image\/webp\" \/>\n<meta name=\"author\" content=\"Sa\u00fal Hern\u00e1ndez\" \/>\n<meta name=\"twitter:card\" content=\"summary_large_image\" \/>\n<meta name=\"twitter:label1\" content=\"Escrito por\" \/>\n\t<meta name=\"twitter:data1\" content=\"Sa\u00fal Hern\u00e1ndez\" \/>\n\t<meta name=\"twitter:label2\" content=\"Tiempo de lectura\" \/>\n\t<meta name=\"twitter:data2\" content=\"5 minutos\" \/>\n<script type=\"application\/ld+json\" class=\"yoast-schema-graph\">{\"@context\":\"https:\/\/schema.org\",\"@graph\":[{\"@type\":\"WebPage\",\"@id\":\"https:\/\/thepueblatimes.mx\/index.php\/2026\/09\/04\/de-el-amarillo-a-fugitivos-internacionales-asi-han-caido-en-puebla-objetivos-buscados-fuera-del-estado\/\",\"url\":\"https:\/\/thepueblatimes.mx\/index.php\/2026\/09\/04\/de-el-amarillo-a-fugitivos-internacionales-asi-han-caido-en-puebla-objetivos-buscados-fuera-del-estado\/\",\"name\":\"De \u201cEl Amarillo\u201d a fugitivos internacionales: as\u00ed han ca\u00eddo en Puebla objetivos buscados fuera del estado - The Puebla Times\",\"isPartOf\":{\"@id\":\"https:\/\/thepueblatimes.mx\/#website\"},\"datePublished\":\"2026-09-04T18:29:15+00:00\",\"dateModified\":\"2026-09-04T18:29:15+00:00\",\"author\":{\"@id\":\"https:\/\/thepueblatimes.mx\/#\/schema\/person\/1664894c2f65ce2c7a08d8f5f905c13c\"},\"breadcrumb\":{\"@id\":\"https:\/\/thepueblatimes.mx\/index.php\/2026\/09\/04\/de-el-amarillo-a-fugitivos-internacionales-asi-han-caido-en-puebla-objetivos-buscados-fuera-del-estado\/#breadcrumb\"},\"inLanguage\":\"es\",\"potentialAction\":[{\"@type\":\"ReadAction\",\"target\":[\"https:\/\/thepueblatimes.mx\/index.php\/2026\/09\/04\/de-el-amarillo-a-fugitivos-internacionales-asi-han-caido-en-puebla-objetivos-buscados-fuera-del-estado\/\"]}]},{\"@type\":\"BreadcrumbList\",\"@id\":\"https:\/\/thepueblatimes.mx\/index.php\/2026\/09\/04\/de-el-amarillo-a-fugitivos-internacionales-asi-han-caido-en-puebla-objetivos-buscados-fuera-del-estado\/#breadcrumb\",\"itemListElement\":[{\"@type\":\"ListItem\",\"position\":1,\"name\":\"Portada\",\"item\":\"https:\/\/thepueblatimes.mx\/\"},{\"@type\":\"ListItem\",\"position\":2,\"name\":\"De \u201cEl Amarillo\u201d a fugitivos internacionales: as\u00ed han ca\u00eddo en Puebla objetivos buscados fuera del estado\"}]},{\"@type\":\"WebSite\",\"@id\":\"https:\/\/thepueblatimes.mx\/#website\",\"url\":\"https:\/\/thepueblatimes.mx\/\",\"name\":\"The Puebla Times\",\"description\":\"Noticias del Estado de Puebla\",\"potentialAction\":[{\"@type\":\"SearchAction\",\"target\":{\"@type\":\"EntryPoint\",\"urlTemplate\":\"https:\/\/thepueblatimes.mx\/?s={search_term_string}\"},\"query-input\":\"required name=search_term_string\"}],\"inLanguage\":\"es\"},{\"@type\":\"Person\",\"@id\":\"https:\/\/thepueblatimes.mx\/#\/schema\/person\/1664894c2f65ce2c7a08d8f5f905c13c\",\"name\":\"Sa\u00fal Hern\u00e1ndez\",\"image\":{\"@type\":\"ImageObject\",\"inLanguage\":\"es\",\"@id\":\"https:\/\/thepueblatimes.mx\/#\/schema\/person\/image\/\",\"url\":\"https:\/\/secure.gravatar.com\/avatar\/11be338693f243309532caad8f10c930?s=96&d=mm&r=g\",\"contentUrl\":\"https:\/\/secure.gravatar.com\/avatar\/11be338693f243309532caad8f10c930?s=96&d=mm&r=g\",\"caption\":\"Sa\u00fal Hern\u00e1ndez\"},\"url\":\"https:\/\/thepueblatimes.mx\/index.php\/author\/saulhernandez\/\"}]}<\/script>\n<!-- \/ Yoast SEO plugin. -->","yoast_head_json":{"title":"De \u201cEl Amarillo\u201d a fugitivos internacionales: as\u00ed han ca\u00eddo en Puebla objetivos buscados fuera del estado - The Puebla Times","robots":{"index":"index","follow":"follow","max-snippet":"max-snippet:-1","max-image-preview":"max-image-preview:large","max-video-preview":"max-video-preview:-1"},"canonical":"https:\/\/thepueblatimes.mx\/index.php\/2026\/09\/04\/de-el-amarillo-a-fugitivos-internacionales-asi-han-caido-en-puebla-objetivos-buscados-fuera-del-estado\/","og_locale":"es_ES","og_type":"article","og_title":"De \u201cEl Amarillo\u201d a fugitivos internacionales: as\u00ed han ca\u00eddo en Puebla objetivos buscados fuera del estado - The Puebla Times","og_description":"La captura de Gov\u00e9n Ulisses N. en Lomas de Angel\u00f3polis volvi\u00f3 a colocar a Puebla bajo la lupa: en los \u00faltimos a\u00f1os, presuntos l\u00edderes criminales y personas requeridas incluso por autoridades internacionales han sido localizados mientras permanec\u00edan en territorio poblano. POR DANIEL ROMERO Puebla, Pue.\u2014 Llegaron desde Guerrero, Morelos, Veracruz e incluso eran buscados en...","og_url":"https:\/\/thepueblatimes.mx\/index.php\/2026\/09\/04\/de-el-amarillo-a-fugitivos-internacionales-asi-han-caido-en-puebla-objetivos-buscados-fuera-del-estado\/","og_site_name":"The Puebla Times","article_published_time":"2026-09-04T18:29:15+00:00","og_image":[{"width":1200,"height":675,"url":"https:\/\/thepueblatimes.mx\/wp-content\/uploads\/2026\/09\/detencion-el-goben-el-amarillo-los-rusos.webp","type":"image\/webp"}],"author":"Sa\u00fal Hern\u00e1ndez","twitter_card":"summary_large_image","twitter_misc":{"Escrito por":"Sa\u00fal Hern\u00e1ndez","Tiempo de lectura":"5 minutos"},"schema":{"@context":"https:\/\/schema.org","@graph":[{"@type":"WebPage","@id":"https:\/\/thepueblatimes.mx\/index.php\/2026\/09\/04\/de-el-amarillo-a-fugitivos-internacionales-asi-han-caido-en-puebla-objetivos-buscados-fuera-del-estado\/","url":"https:\/\/thepueblatimes.mx\/index.php\/2026\/09\/04\/de-el-amarillo-a-fugitivos-internacionales-asi-han-caido-en-puebla-objetivos-buscados-fuera-del-estado\/","name":"De \u201cEl Amarillo\u201d a fugitivos internacionales: as\u00ed han ca\u00eddo en Puebla objetivos buscados fuera del estado - The Puebla Times","isPartOf":{"@id":"https:\/\/thepueblatimes.mx\/#website"},"datePublished":"2026-09-04T18:29:15+00:00","dateModified":"2026-09-04T18:29:15+00:00","author":{"@id":"https:\/\/thepueblatimes.mx\/#\/schema\/person\/1664894c2f65ce2c7a08d8f5f905c13c"},"breadcrumb":{"@id":"https:\/\/thepueblatimes.mx\/index.php\/2026\/09\/04\/de-el-amarillo-a-fugitivos-internacionales-asi-han-caido-en-puebla-objetivos-buscados-fuera-del-estado\/#breadcrumb"},"inLanguage":"es","potentialAction":[{"@type":"ReadAction","target":["https:\/\/thepueblatimes.mx\/index.php\/2026\/09\/04\/de-el-amarillo-a-fugitivos-internacionales-asi-han-caido-en-puebla-objetivos-buscados-fuera-del-estado\/"]}]},{"@type":"BreadcrumbList","@id":"https:\/\/thepueblatimes.mx\/index.php\/2026\/09\/04\/de-el-amarillo-a-fugitivos-internacionales-asi-han-caido-en-puebla-objetivos-buscados-fuera-del-estado\/#breadcrumb","itemListElement":[{"@type":"ListItem","position":1,"name":"Portada","item":"https:\/\/thepueblatimes.mx\/"},{"@type":"ListItem","position":2,"name":"De \u201cEl Amarillo\u201d a fugitivos internacionales: as\u00ed han ca\u00eddo en Puebla objetivos buscados fuera del estado"}]},{"@type":"WebSite","@id":"https:\/\/thepueblatimes.mx\/#website","url":"https:\/\/thepueblatimes.mx\/","name":"The Puebla Times","description":"Noticias del Estado de Puebla","potentialAction":[{"@type":"SearchAction","target":{"@type":"EntryPoint","urlTemplate":"https:\/\/thepueblatimes.mx\/?s={search_term_string}"},"query-input":"required name=search_term_string"}],"inLanguage":"es"},{"@type":"Person","@id":"https:\/\/thepueblatimes.mx\/#\/schema\/person\/1664894c2f65ce2c7a08d8f5f905c13c","name":"Sa\u00fal Hern\u00e1ndez","image":{"@type":"ImageObject","inLanguage":"es","@id":"https:\/\/thepueblatimes.mx\/#\/schema\/person\/image\/","url":"https:\/\/secure.gravatar.com\/avatar\/11be338693f243309532caad8f10c930?s=96&d=mm&r=g","contentUrl":"https:\/\/secure.gravatar.com\/avatar\/11be338693f243309532caad8f10c930?s=96&d=mm&r=g","caption":"Sa\u00fal Hern\u00e1ndez"},"url":"https:\/\/thepueblatimes.mx\/index.php\/author\/saulhernandez\/"}]}},"jetpack_featured_media_url":"https:\/\/thepueblatimes.mx\/wp-content\/uploads\/2026\/09\/detencion-el-goben-el-amarillo-los-rusos.webp","_links":{"self":[{"href":"https:\/\/thepueblatimes.mx\/index.php\/wp-json\/wp\/v2\/posts\/40030"}],"collection":[{"href":"https:\/\/thepueblatimes.mx\/index.php\/wp-json\/wp\/v2\/posts"}],"about":[{"href":"https:\/\/thepueblatimes.mx\/index.php\/wp-json\/wp\/v2\/types\/post"}],"author":[{"embeddable":true,"href":"https:\/\/thepueblatimes.mx\/index.php\/wp-json\/wp\/v2\/users\/16"}],"replies":[{"embeddable":true,"href":"https:\/\/thepueblatimes.mx\/index.php\/wp-json\/wp\/v2\/comments?post=40030"}],"version-history":[{"count":1,"href":"https:\/\/thepueblatimes.mx\/index.php\/wp-json\/wp\/v2\/posts\/40030\/revisions"}],"predecessor-version":[{"id":40047,"href":"https:\/\/thepueblatimes.mx\/index.php\/wp-json\/wp\/v2\/posts\/40030\/revisions\/40047"}],"wp:featuredmedia":[{"embeddable":true,"href":"https:\/\/thepueblatimes.mx\/index.php\/wp-json\/wp\/v2\/media\/40031"}],"wp:attachment":[{"href":"https:\/\/thepueblatimes.mx\/index.php\/wp-json\/wp\/v2\/media?parent=40030"}],"wp:term":[{"taxonomy":"category","embeddable":true,"href":"https:\/\/thepueblatimes.mx\/index.php\/wp-json\/wp\/v2\/categories?post=40030"},{"taxonomy":"post_tag","embeddable":true,"href":"https:\/\/thepueblatimes.mx\/index.php\/wp-json\/wp\/v2\/tags?post=40030"}],"curies":[{"name":"wp","href":"https:\/\/api.w.org\/{rel}","templated":true}]}}