{"id":40025,"date":"2026-09-03T17:49:41","date_gmt":"2026-09-03T23:49:41","guid":{"rendered":"https:\/\/thepueblatimes.mx\/?p=40025"},"modified":"2026-09-03T17:49:50","modified_gmt":"2026-09-03T23:49:50","slug":"balacera-en-mercado-hidalgo-deja-dos-heridos","status":"publish","type":"post","link":"https:\/\/thepueblatimes.mx\/index.php\/2026\/09\/03\/balacera-en-mercado-hidalgo-deja-dos-heridos\/","title":{"rendered":"Balacera en Mercado Hidalgo deja dos heridos"},"content":{"rendered":"<p>Una balacera registrada la tarde de este jueves 3 de septiembre provoc\u00f3 una intensa movilizaci\u00f3n de elementos de seguridad y cuerpos de emergencia en las inmediaciones del Mercado Hidalgo, en la ciudad de Puebla.<\/p>\n<p>Los hechos fueron reportados tras escucharse varias detonaciones de arma de fuego en la zona del bulevar Norte y H\u00e9roes de Nacozari, lo que gener\u00f3 alarma entre comerciantes y personas que se encontraban en el lugar.<\/p>\n<p>Tras recibir el reporte, elementos de la Secretar\u00eda de Seguridad Ciudadana (SSC) de Puebla se trasladaron al sitio para verificar la situaci\u00f3n. A su llegada localizaron a dos personas lesionadas, quienes presuntamente presentaban heridas ocasionadas por proyectiles de arma de fuego.<\/p>\n<p>Param\u00e9dicos acudieron para brindarles atenci\u00f3n prehospitalaria y, debido a las lesiones, ambos fueron trasladados a un hospital para recibir atenci\u00f3n m\u00e9dica especializada.<\/p>\n<p>Ante lo ocurrido, los agentes de seguridad desplegaron un operativo en los alrededores del Mercado Hidalgo y acordonaron parte de la zona para permitir el desarrollo de las diligencias correspondientes.<\/p>\n<p>Como consecuencia de la movilizaci\u00f3n, el bulevar Norte permanece cerrado a la circulaci\u00f3n en el tramo donde se llevan a cabo las labores de las autoridades.<\/p>\n<p>Hasta el momento no se han dado a conocer mayores detalles sobre el origen de la agresi\u00f3n ni se ha informado sobre personas detenidas por estos hechos.<\/p>\n<p>Las autoridades mantienen presencia en la zona, mientras contin\u00faan las investigaciones para esclarecer c\u00f3mo ocurri\u00f3 la balacera y determinar qui\u00e9nes fueron los responsables.<\/p>\n","protected":false},"excerpt":{"rendered":"<p>Una balacera registrada la tarde de este jueves 3 de septiembre provoc\u00f3 una intensa movilizaci\u00f3n de elementos de seguridad y cuerpos de emergencia en las inmediaciones del Mercado Hidalgo, en la ciudad de Puebla. Los hechos fueron reportados tras escucharse varias detonaciones de arma de fuego en la zona del bulevar Norte y H\u00e9roes de&#8230;<\/p>\n","protected":false},"author":16,"featured_media":40026,"comment_status":"closed","ping_status":"closed","sticky":false,"template":"","format":"standard","meta":[],"categories":[121],"tags":[261,2377,3822,445],"yoast_head":"<!-- This site is optimized with the Yoast SEO plugin v20.8 - https:\/\/yoast.com\/wordpress\/plugins\/seo\/ -->\n<title>Balacera en Mercado Hidalgo deja dos heridos - The Puebla Times<\/title>\n<meta name=\"robots\" content=\"index, follow, max-snippet:-1, max-image-preview:large, max-video-preview:-1\" \/>\n<link rel=\"canonical\" href=\"https:\/\/thepueblatimes.mx\/index.php\/2026\/09\/03\/balacera-en-mercado-hidalgo-deja-dos-heridos\/\" \/>\n<meta property=\"og:locale\" content=\"es_ES\" \/>\n<meta property=\"og:type\" content=\"article\" \/>\n<meta property=\"og:title\" content=\"Balacera en Mercado Hidalgo deja dos heridos - The Puebla Times\" \/>\n<meta property=\"og:description\" content=\"Una balacera registrada la tarde de este jueves 3 de septiembre provoc\u00f3 una intensa movilizaci\u00f3n de elementos de seguridad y cuerpos de emergencia en las inmediaciones del Mercado Hidalgo, en la ciudad de Puebla. Los hechos fueron reportados tras escucharse varias detonaciones de arma de fuego en la zona del bulevar Norte y H\u00e9roes de...\" \/>\n<meta property=\"og:url\" content=\"https:\/\/thepueblatimes.mx\/index.php\/2026\/09\/03\/balacera-en-mercado-hidalgo-deja-dos-heridos\/\" \/>\n<meta property=\"og:site_name\" content=\"The Puebla Times\" \/>\n<meta property=\"article:published_time\" content=\"2026-09-03T23:49:41+00:00\" \/>\n<meta property=\"article:modified_time\" content=\"2026-09-03T23:49:50+00:00\" \/>\n<meta property=\"og:image\" content=\"https:\/\/thepueblatimes.mx\/wp-content\/uploads\/2026\/09\/Balacera-en-el-mercado-Morelos-hoy-3-de-septiembre-2.webp\" \/>\n\t<meta property=\"og:image:width\" content=\"1200\" \/>\n\t<meta property=\"og:image:height\" content=\"800\" \/>\n\t<meta property=\"og:image:type\" content=\"image\/webp\" \/>\n<meta name=\"author\" content=\"Sa\u00fal Hern\u00e1ndez\" \/>\n<meta name=\"twitter:card\" content=\"summary_large_image\" \/>\n<meta name=\"twitter:label1\" content=\"Escrito por\" \/>\n\t<meta name=\"twitter:data1\" content=\"Sa\u00fal Hern\u00e1ndez\" \/>\n\t<meta name=\"twitter:label2\" content=\"Tiempo de lectura\" \/>\n\t<meta name=\"twitter:data2\" content=\"2 minutos\" \/>\n<script type=\"application\/ld+json\" class=\"yoast-schema-graph\">{\"@context\":\"https:\/\/schema.org\",\"@graph\":[{\"@type\":\"WebPage\",\"@id\":\"https:\/\/thepueblatimes.mx\/index.php\/2026\/09\/03\/balacera-en-mercado-hidalgo-deja-dos-heridos\/\",\"url\":\"https:\/\/thepueblatimes.mx\/index.php\/2026\/09\/03\/balacera-en-mercado-hidalgo-deja-dos-heridos\/\",\"name\":\"Balacera en Mercado Hidalgo deja dos heridos - The Puebla Times\",\"isPartOf\":{\"@id\":\"https:\/\/thepueblatimes.mx\/#website\"},\"datePublished\":\"2026-09-03T23:49:41+00:00\",\"dateModified\":\"2026-09-03T23:49:50+00:00\",\"author\":{\"@id\":\"https:\/\/thepueblatimes.mx\/#\/schema\/person\/1664894c2f65ce2c7a08d8f5f905c13c\"},\"breadcrumb\":{\"@id\":\"https:\/\/thepueblatimes.mx\/index.php\/2026\/09\/03\/balacera-en-mercado-hidalgo-deja-dos-heridos\/#breadcrumb\"},\"inLanguage\":\"es\",\"potentialAction\":[{\"@type\":\"ReadAction\",\"target\":[\"https:\/\/thepueblatimes.mx\/index.php\/2026\/09\/03\/balacera-en-mercado-hidalgo-deja-dos-heridos\/\"]}]},{\"@type\":\"BreadcrumbList\",\"@id\":\"https:\/\/thepueblatimes.mx\/index.php\/2026\/09\/03\/balacera-en-mercado-hidalgo-deja-dos-heridos\/#breadcrumb\",\"itemListElement\":[{\"@type\":\"ListItem\",\"position\":1,\"name\":\"Portada\",\"item\":\"https:\/\/thepueblatimes.mx\/\"},{\"@type\":\"ListItem\",\"position\":2,\"name\":\"Balacera en Mercado Hidalgo deja dos heridos\"}]},{\"@type\":\"WebSite\",\"@id\":\"https:\/\/thepueblatimes.mx\/#website\",\"url\":\"https:\/\/thepueblatimes.mx\/\",\"name\":\"The Puebla Times\",\"description\":\"Noticias del Estado de Puebla\",\"potentialAction\":[{\"@type\":\"SearchAction\",\"target\":{\"@type\":\"EntryPoint\",\"urlTemplate\":\"https:\/\/thepueblatimes.mx\/?s={search_term_string}\"},\"query-input\":\"required name=search_term_string\"}],\"inLanguage\":\"es\"},{\"@type\":\"Person\",\"@id\":\"https:\/\/thepueblatimes.mx\/#\/schema\/person\/1664894c2f65ce2c7a08d8f5f905c13c\",\"name\":\"Sa\u00fal Hern\u00e1ndez\",\"image\":{\"@type\":\"ImageObject\",\"inLanguage\":\"es\",\"@id\":\"https:\/\/thepueblatimes.mx\/#\/schema\/person\/image\/\",\"url\":\"https:\/\/secure.gravatar.com\/avatar\/11be338693f243309532caad8f10c930?s=96&d=mm&r=g\",\"contentUrl\":\"https:\/\/secure.gravatar.com\/avatar\/11be338693f243309532caad8f10c930?s=96&d=mm&r=g\",\"caption\":\"Sa\u00fal Hern\u00e1ndez\"},\"url\":\"https:\/\/thepueblatimes.mx\/index.php\/author\/saulhernandez\/\"}]}<\/script>\n<!-- \/ Yoast SEO plugin. -->","yoast_head_json":{"title":"Balacera en Mercado Hidalgo deja dos heridos - The Puebla Times","robots":{"index":"index","follow":"follow","max-snippet":"max-snippet:-1","max-image-preview":"max-image-preview:large","max-video-preview":"max-video-preview:-1"},"canonical":"https:\/\/thepueblatimes.mx\/index.php\/2026\/09\/03\/balacera-en-mercado-hidalgo-deja-dos-heridos\/","og_locale":"es_ES","og_type":"article","og_title":"Balacera en Mercado Hidalgo deja dos heridos - The Puebla Times","og_description":"Una balacera registrada la tarde de este jueves 3 de septiembre provoc\u00f3 una intensa movilizaci\u00f3n de elementos de seguridad y cuerpos de emergencia en las inmediaciones del Mercado Hidalgo, en la ciudad de Puebla. Los hechos fueron reportados tras escucharse varias detonaciones de arma de fuego en la zona del bulevar Norte y H\u00e9roes de...","og_url":"https:\/\/thepueblatimes.mx\/index.php\/2026\/09\/03\/balacera-en-mercado-hidalgo-deja-dos-heridos\/","og_site_name":"The Puebla Times","article_published_time":"2026-09-03T23:49:41+00:00","article_modified_time":"2026-09-03T23:49:50+00:00","og_image":[{"width":1200,"height":800,"url":"https:\/\/thepueblatimes.mx\/wp-content\/uploads\/2026\/09\/Balacera-en-el-mercado-Morelos-hoy-3-de-septiembre-2.webp","type":"image\/webp"}],"author":"Sa\u00fal Hern\u00e1ndez","twitter_card":"summary_large_image","twitter_misc":{"Escrito por":"Sa\u00fal Hern\u00e1ndez","Tiempo de lectura":"2 minutos"},"schema":{"@context":"https:\/\/schema.org","@graph":[{"@type":"WebPage","@id":"https:\/\/thepueblatimes.mx\/index.php\/2026\/09\/03\/balacera-en-mercado-hidalgo-deja-dos-heridos\/","url":"https:\/\/thepueblatimes.mx\/index.php\/2026\/09\/03\/balacera-en-mercado-hidalgo-deja-dos-heridos\/","name":"Balacera en Mercado Hidalgo deja dos heridos - The Puebla Times","isPartOf":{"@id":"https:\/\/thepueblatimes.mx\/#website"},"datePublished":"2026-09-03T23:49:41+00:00","dateModified":"2026-09-03T23:49:50+00:00","author":{"@id":"https:\/\/thepueblatimes.mx\/#\/schema\/person\/1664894c2f65ce2c7a08d8f5f905c13c"},"breadcrumb":{"@id":"https:\/\/thepueblatimes.mx\/index.php\/2026\/09\/03\/balacera-en-mercado-hidalgo-deja-dos-heridos\/#breadcrumb"},"inLanguage":"es","potentialAction":[{"@type":"ReadAction","target":["https:\/\/thepueblatimes.mx\/index.php\/2026\/09\/03\/balacera-en-mercado-hidalgo-deja-dos-heridos\/"]}]},{"@type":"BreadcrumbList","@id":"https:\/\/thepueblatimes.mx\/index.php\/2026\/09\/03\/balacera-en-mercado-hidalgo-deja-dos-heridos\/#breadcrumb","itemListElement":[{"@type":"ListItem","position":1,"name":"Portada","item":"https:\/\/thepueblatimes.mx\/"},{"@type":"ListItem","position":2,"name":"Balacera en Mercado Hidalgo deja dos heridos"}]},{"@type":"WebSite","@id":"https:\/\/thepueblatimes.mx\/#website","url":"https:\/\/thepueblatimes.mx\/","name":"The Puebla Times","description":"Noticias del Estado de Puebla","potentialAction":[{"@type":"SearchAction","target":{"@type":"EntryPoint","urlTemplate":"https:\/\/thepueblatimes.mx\/?s={search_term_string}"},"query-input":"required name=search_term_string"}],"inLanguage":"es"},{"@type":"Person","@id":"https:\/\/thepueblatimes.mx\/#\/schema\/person\/1664894c2f65ce2c7a08d8f5f905c13c","name":"Sa\u00fal Hern\u00e1ndez","image":{"@type":"ImageObject","inLanguage":"es","@id":"https:\/\/thepueblatimes.mx\/#\/schema\/person\/image\/","url":"https:\/\/secure.gravatar.com\/avatar\/11be338693f243309532caad8f10c930?s=96&d=mm&r=g","contentUrl":"https:\/\/secure.gravatar.com\/avatar\/11be338693f243309532caad8f10c930?s=96&d=mm&r=g","caption":"Sa\u00fal Hern\u00e1ndez"},"url":"https:\/\/thepueblatimes.mx\/index.php\/author\/saulhernandez\/"}]}},"jetpack_featured_media_url":"https:\/\/thepueblatimes.mx\/wp-content\/uploads\/2026\/09\/Balacera-en-el-mercado-Morelos-hoy-3-de-septiembre-2.webp","_links":{"self":[{"href":"https:\/\/thepueblatimes.mx\/index.php\/wp-json\/wp\/v2\/posts\/40025"}],"collection":[{"href":"https:\/\/thepueblatimes.mx\/index.php\/wp-json\/wp\/v2\/posts"}],"about":[{"href":"https:\/\/thepueblatimes.mx\/index.php\/wp-json\/wp\/v2\/types\/post"}],"author":[{"embeddable":true,"href":"https:\/\/thepueblatimes.mx\/index.php\/wp-json\/wp\/v2\/users\/16"}],"replies":[{"embeddable":true,"href":"https:\/\/thepueblatimes.mx\/index.php\/wp-json\/wp\/v2\/comments?post=40025"}],"version-history":[{"count":2,"href":"https:\/\/thepueblatimes.mx\/index.php\/wp-json\/wp\/v2\/posts\/40025\/revisions"}],"predecessor-version":[{"id":40028,"href":"https:\/\/thepueblatimes.mx\/index.php\/wp-json\/wp\/v2\/posts\/40025\/revisions\/40028"}],"wp:featuredmedia":[{"embeddable":true,"href":"https:\/\/thepueblatimes.mx\/index.php\/wp-json\/wp\/v2\/media\/40026"}],"wp:attachment":[{"href":"https:\/\/thepueblatimes.mx\/index.php\/wp-json\/wp\/v2\/media?parent=40025"}],"wp:term":[{"taxonomy":"category","embeddable":true,"href":"https:\/\/thepueblatimes.mx\/index.php\/wp-json\/wp\/v2\/categories?post=40025"},{"taxonomy":"post_tag","embeddable":true,"href":"https:\/\/thepueblatimes.mx\/index.php\/wp-json\/wp\/v2\/tags?post=40025"}],"curies":[{"name":"wp","href":"https:\/\/api.w.org\/{rel}","templated":true}]}}