{"id":40021,"date":"2026-09-03T17:39:36","date_gmt":"2026-09-03T23:39:36","guid":{"rendered":"https:\/\/thepueblatimes.mx\/?p=40021"},"modified":"2026-09-03T17:39:36","modified_gmt":"2026-09-03T23:39:36","slug":"puebla-tercero-nacional-en-crecimiento-de-empleo-formal","status":"publish","type":"post","link":"https:\/\/thepueblatimes.mx\/index.php\/2026\/09\/03\/puebla-tercero-nacional-en-crecimiento-de-empleo-formal\/","title":{"rendered":"Puebla, tercero nacional en crecimiento de empleo formal"},"content":{"rendered":"<p>Puebla se posicion\u00f3 entre las entidades con mayor crecimiento del empleo formal durante el primer trimestre de 2026, al registrar un aumento anual de 2.7 por ciento, de acuerdo con datos del Instituto Nacional de Estad\u00edstica y Geograf\u00eda (INEGI).<\/p>\n<p>Con este resultado, el estado ocup\u00f3 el tercer lugar nacional en crecimiento de puestos de trabajo remunerados, s\u00f3lo por debajo de Hidalgo, que registr\u00f3 3.3 por ciento, y el Estado de M\u00e9xico, con 3 por ciento.<\/p>\n<p>El incremento poblano tambi\u00e9n super\u00f3 ampliamente el promedio nacional, que fue de apenas 0.3 por ciento durante el mismo periodo. Adem\u00e1s, representa una aceleraci\u00f3n respecto al crecimiento promedio de 0.9 por ciento registrado por Puebla durante 2025.<\/p>\n<h3>Salarios tambi\u00e9n aumentan<\/h3>\n<p>El comportamiento positivo tambi\u00e9n se reflej\u00f3 en las remuneraciones. Los ingresos de los trabajadores asalariados en Puebla aumentaron 7.5 por ciento a tasa anual, por encima del crecimiento nacional de 6.8 por ciento.<\/p>\n<p>Con esta cifra, Puebla se ubic\u00f3 en el tercer lugar del pa\u00eds en incremento de remuneraciones, s\u00f3lo detr\u00e1s de Ciudad de M\u00e9xico, con 10.5 por ciento, y Estado de M\u00e9xico, con 10.4 por ciento.<\/p>\n<p>Asimismo, la entidad aport\u00f3 0.11 puntos porcentuales al crecimiento nacional de los puestos de trabajo remunerados y 0.27 puntos porcentuales al incremento de las remuneraciones, coloc\u00e1ndose entre los seis estados con mayor contribuci\u00f3n al comportamiento nacional.<\/p>\n<h3>Empleo informal crece a mayor ritmo<\/h3>\n<p>Pese al avance del empleo formal, las cifras del INEGI muestran un crecimiento todav\u00eda m\u00e1s acelerado de la informalidad laboral en Puebla.<\/p>\n<p>Durante el primer trimestre de 2026, los puestos de trabajo remunerados dentro de la econom\u00eda informal aumentaron 4 por ciento anual, mientras que aquellos correspondientes espec\u00edficamente al sector informal crecieron 9.7 por ciento.<\/p>\n<p>Esto significa que el crecimiento del empleo en el sector informal fue casi cuatro veces superior al registrado en los puestos de trabajo formales.<\/p>\n<p>Las remuneraciones tambi\u00e9n avanzaron con mayor velocidad en el sector informal, al registrar un incremento anual de 12.5 por ciento, frente al 7.5 por ciento observado entre los trabajadores formales.<\/p>\n<p>El INEGI precis\u00f3 que las cifras correspondientes al primer trimestre de 2026 son preliminares y pueden actualizarse conforme se incorpore nueva informaci\u00f3n proveniente de encuestas y registros administrativos.<\/p>\n","protected":false},"excerpt":{"rendered":"<p>Puebla se posicion\u00f3 entre las entidades con mayor crecimiento del empleo formal durante el primer trimestre de 2026, al registrar un aumento anual de 2.7 por ciento, de acuerdo con datos del Instituto Nacional de Estad\u00edstica y Geograf\u00eda (INEGI). Con este resultado, el estado ocup\u00f3 el tercer lugar nacional en crecimiento de puestos de trabajo&#8230;<\/p>\n","protected":false},"author":16,"featured_media":40022,"comment_status":"closed","ping_status":"closed","sticky":false,"template":"","format":"standard","meta":[],"categories":[542],"tags":[5189,5290,3470,49],"yoast_head":"<!-- This site is optimized with the Yoast SEO plugin v20.8 - https:\/\/yoast.com\/wordpress\/plugins\/seo\/ -->\n<title>Puebla, tercero nacional en crecimiento de empleo formal - The Puebla Times<\/title>\n<meta name=\"robots\" content=\"index, follow, max-snippet:-1, max-image-preview:large, max-video-preview:-1\" \/>\n<link rel=\"canonical\" href=\"https:\/\/thepueblatimes.mx\/index.php\/2026\/09\/03\/puebla-tercero-nacional-en-crecimiento-de-empleo-formal\/\" \/>\n<meta property=\"og:locale\" content=\"es_ES\" \/>\n<meta property=\"og:type\" content=\"article\" \/>\n<meta property=\"og:title\" content=\"Puebla, tercero nacional en crecimiento de empleo formal - The Puebla Times\" \/>\n<meta property=\"og:description\" content=\"Puebla se posicion\u00f3 entre las entidades con mayor crecimiento del empleo formal durante el primer trimestre de 2026, al registrar un aumento anual de 2.7 por ciento, de acuerdo con datos del Instituto Nacional de Estad\u00edstica y Geograf\u00eda (INEGI). Con este resultado, el estado ocup\u00f3 el tercer lugar nacional en crecimiento de puestos de trabajo...\" \/>\n<meta property=\"og:url\" content=\"https:\/\/thepueblatimes.mx\/index.php\/2026\/09\/03\/puebla-tercero-nacional-en-crecimiento-de-empleo-formal\/\" \/>\n<meta property=\"og:site_name\" content=\"The Puebla Times\" \/>\n<meta property=\"article:published_time\" content=\"2026-09-03T23:39:36+00:00\" \/>\n<meta property=\"og:image\" content=\"https:\/\/thepueblatimes.mx\/wp-content\/uploads\/2026\/09\/Crecimiento-de-empleo-formal-en-Puebla.jpg\" \/>\n\t<meta property=\"og:image:width\" content=\"1200\" \/>\n\t<meta property=\"og:image:height\" content=\"800\" \/>\n\t<meta property=\"og:image:type\" content=\"image\/jpeg\" \/>\n<meta name=\"author\" content=\"Sa\u00fal Hern\u00e1ndez\" \/>\n<meta name=\"twitter:card\" content=\"summary_large_image\" \/>\n<meta name=\"twitter:label1\" content=\"Escrito por\" \/>\n\t<meta name=\"twitter:data1\" content=\"Sa\u00fal Hern\u00e1ndez\" \/>\n\t<meta name=\"twitter:label2\" content=\"Tiempo de lectura\" \/>\n\t<meta name=\"twitter:data2\" content=\"2 minutos\" \/>\n<script type=\"application\/ld+json\" class=\"yoast-schema-graph\">{\"@context\":\"https:\/\/schema.org\",\"@graph\":[{\"@type\":\"WebPage\",\"@id\":\"https:\/\/thepueblatimes.mx\/index.php\/2026\/09\/03\/puebla-tercero-nacional-en-crecimiento-de-empleo-formal\/\",\"url\":\"https:\/\/thepueblatimes.mx\/index.php\/2026\/09\/03\/puebla-tercero-nacional-en-crecimiento-de-empleo-formal\/\",\"name\":\"Puebla, tercero nacional en crecimiento de empleo formal - The Puebla Times\",\"isPartOf\":{\"@id\":\"https:\/\/thepueblatimes.mx\/#website\"},\"datePublished\":\"2026-09-03T23:39:36+00:00\",\"dateModified\":\"2026-09-03T23:39:36+00:00\",\"author\":{\"@id\":\"https:\/\/thepueblatimes.mx\/#\/schema\/person\/1664894c2f65ce2c7a08d8f5f905c13c\"},\"breadcrumb\":{\"@id\":\"https:\/\/thepueblatimes.mx\/index.php\/2026\/09\/03\/puebla-tercero-nacional-en-crecimiento-de-empleo-formal\/#breadcrumb\"},\"inLanguage\":\"es\",\"potentialAction\":[{\"@type\":\"ReadAction\",\"target\":[\"https:\/\/thepueblatimes.mx\/index.php\/2026\/09\/03\/puebla-tercero-nacional-en-crecimiento-de-empleo-formal\/\"]}]},{\"@type\":\"BreadcrumbList\",\"@id\":\"https:\/\/thepueblatimes.mx\/index.php\/2026\/09\/03\/puebla-tercero-nacional-en-crecimiento-de-empleo-formal\/#breadcrumb\",\"itemListElement\":[{\"@type\":\"ListItem\",\"position\":1,\"name\":\"Portada\",\"item\":\"https:\/\/thepueblatimes.mx\/\"},{\"@type\":\"ListItem\",\"position\":2,\"name\":\"Puebla, tercero nacional en crecimiento de empleo formal\"}]},{\"@type\":\"WebSite\",\"@id\":\"https:\/\/thepueblatimes.mx\/#website\",\"url\":\"https:\/\/thepueblatimes.mx\/\",\"name\":\"The Puebla Times\",\"description\":\"Noticias del Estado de Puebla\",\"potentialAction\":[{\"@type\":\"SearchAction\",\"target\":{\"@type\":\"EntryPoint\",\"urlTemplate\":\"https:\/\/thepueblatimes.mx\/?s={search_term_string}\"},\"query-input\":\"required name=search_term_string\"}],\"inLanguage\":\"es\"},{\"@type\":\"Person\",\"@id\":\"https:\/\/thepueblatimes.mx\/#\/schema\/person\/1664894c2f65ce2c7a08d8f5f905c13c\",\"name\":\"Sa\u00fal Hern\u00e1ndez\",\"image\":{\"@type\":\"ImageObject\",\"inLanguage\":\"es\",\"@id\":\"https:\/\/thepueblatimes.mx\/#\/schema\/person\/image\/\",\"url\":\"https:\/\/secure.gravatar.com\/avatar\/11be338693f243309532caad8f10c930?s=96&d=mm&r=g\",\"contentUrl\":\"https:\/\/secure.gravatar.com\/avatar\/11be338693f243309532caad8f10c930?s=96&d=mm&r=g\",\"caption\":\"Sa\u00fal Hern\u00e1ndez\"},\"url\":\"https:\/\/thepueblatimes.mx\/index.php\/author\/saulhernandez\/\"}]}<\/script>\n<!-- \/ Yoast SEO plugin. -->","yoast_head_json":{"title":"Puebla, tercero nacional en crecimiento de empleo formal - The Puebla Times","robots":{"index":"index","follow":"follow","max-snippet":"max-snippet:-1","max-image-preview":"max-image-preview:large","max-video-preview":"max-video-preview:-1"},"canonical":"https:\/\/thepueblatimes.mx\/index.php\/2026\/09\/03\/puebla-tercero-nacional-en-crecimiento-de-empleo-formal\/","og_locale":"es_ES","og_type":"article","og_title":"Puebla, tercero nacional en crecimiento de empleo formal - The Puebla Times","og_description":"Puebla se posicion\u00f3 entre las entidades con mayor crecimiento del empleo formal durante el primer trimestre de 2026, al registrar un aumento anual de 2.7 por ciento, de acuerdo con datos del Instituto Nacional de Estad\u00edstica y Geograf\u00eda (INEGI). Con este resultado, el estado ocup\u00f3 el tercer lugar nacional en crecimiento de puestos de trabajo...","og_url":"https:\/\/thepueblatimes.mx\/index.php\/2026\/09\/03\/puebla-tercero-nacional-en-crecimiento-de-empleo-formal\/","og_site_name":"The Puebla Times","article_published_time":"2026-09-03T23:39:36+00:00","og_image":[{"width":1200,"height":800,"url":"https:\/\/thepueblatimes.mx\/wp-content\/uploads\/2026\/09\/Crecimiento-de-empleo-formal-en-Puebla.jpg","type":"image\/jpeg"}],"author":"Sa\u00fal Hern\u00e1ndez","twitter_card":"summary_large_image","twitter_misc":{"Escrito por":"Sa\u00fal Hern\u00e1ndez","Tiempo de lectura":"2 minutos"},"schema":{"@context":"https:\/\/schema.org","@graph":[{"@type":"WebPage","@id":"https:\/\/thepueblatimes.mx\/index.php\/2026\/09\/03\/puebla-tercero-nacional-en-crecimiento-de-empleo-formal\/","url":"https:\/\/thepueblatimes.mx\/index.php\/2026\/09\/03\/puebla-tercero-nacional-en-crecimiento-de-empleo-formal\/","name":"Puebla, tercero nacional en crecimiento de empleo formal - The Puebla Times","isPartOf":{"@id":"https:\/\/thepueblatimes.mx\/#website"},"datePublished":"2026-09-03T23:39:36+00:00","dateModified":"2026-09-03T23:39:36+00:00","author":{"@id":"https:\/\/thepueblatimes.mx\/#\/schema\/person\/1664894c2f65ce2c7a08d8f5f905c13c"},"breadcrumb":{"@id":"https:\/\/thepueblatimes.mx\/index.php\/2026\/09\/03\/puebla-tercero-nacional-en-crecimiento-de-empleo-formal\/#breadcrumb"},"inLanguage":"es","potentialAction":[{"@type":"ReadAction","target":["https:\/\/thepueblatimes.mx\/index.php\/2026\/09\/03\/puebla-tercero-nacional-en-crecimiento-de-empleo-formal\/"]}]},{"@type":"BreadcrumbList","@id":"https:\/\/thepueblatimes.mx\/index.php\/2026\/09\/03\/puebla-tercero-nacional-en-crecimiento-de-empleo-formal\/#breadcrumb","itemListElement":[{"@type":"ListItem","position":1,"name":"Portada","item":"https:\/\/thepueblatimes.mx\/"},{"@type":"ListItem","position":2,"name":"Puebla, tercero nacional en crecimiento de empleo formal"}]},{"@type":"WebSite","@id":"https:\/\/thepueblatimes.mx\/#website","url":"https:\/\/thepueblatimes.mx\/","name":"The Puebla Times","description":"Noticias del Estado de Puebla","potentialAction":[{"@type":"SearchAction","target":{"@type":"EntryPoint","urlTemplate":"https:\/\/thepueblatimes.mx\/?s={search_term_string}"},"query-input":"required name=search_term_string"}],"inLanguage":"es"},{"@type":"Person","@id":"https:\/\/thepueblatimes.mx\/#\/schema\/person\/1664894c2f65ce2c7a08d8f5f905c13c","name":"Sa\u00fal Hern\u00e1ndez","image":{"@type":"ImageObject","inLanguage":"es","@id":"https:\/\/thepueblatimes.mx\/#\/schema\/person\/image\/","url":"https:\/\/secure.gravatar.com\/avatar\/11be338693f243309532caad8f10c930?s=96&d=mm&r=g","contentUrl":"https:\/\/secure.gravatar.com\/avatar\/11be338693f243309532caad8f10c930?s=96&d=mm&r=g","caption":"Sa\u00fal Hern\u00e1ndez"},"url":"https:\/\/thepueblatimes.mx\/index.php\/author\/saulhernandez\/"}]}},"jetpack_featured_media_url":"https:\/\/thepueblatimes.mx\/wp-content\/uploads\/2026\/09\/Crecimiento-de-empleo-formal-en-Puebla.jpg","_links":{"self":[{"href":"https:\/\/thepueblatimes.mx\/index.php\/wp-json\/wp\/v2\/posts\/40021"}],"collection":[{"href":"https:\/\/thepueblatimes.mx\/index.php\/wp-json\/wp\/v2\/posts"}],"about":[{"href":"https:\/\/thepueblatimes.mx\/index.php\/wp-json\/wp\/v2\/types\/post"}],"author":[{"embeddable":true,"href":"https:\/\/thepueblatimes.mx\/index.php\/wp-json\/wp\/v2\/users\/16"}],"replies":[{"embeddable":true,"href":"https:\/\/thepueblatimes.mx\/index.php\/wp-json\/wp\/v2\/comments?post=40021"}],"version-history":[{"count":1,"href":"https:\/\/thepueblatimes.mx\/index.php\/wp-json\/wp\/v2\/posts\/40021\/revisions"}],"predecessor-version":[{"id":40024,"href":"https:\/\/thepueblatimes.mx\/index.php\/wp-json\/wp\/v2\/posts\/40021\/revisions\/40024"}],"wp:featuredmedia":[{"embeddable":true,"href":"https:\/\/thepueblatimes.mx\/index.php\/wp-json\/wp\/v2\/media\/40022"}],"wp:attachment":[{"href":"https:\/\/thepueblatimes.mx\/index.php\/wp-json\/wp\/v2\/media?parent=40021"}],"wp:term":[{"taxonomy":"category","embeddable":true,"href":"https:\/\/thepueblatimes.mx\/index.php\/wp-json\/wp\/v2\/categories?post=40021"},{"taxonomy":"post_tag","embeddable":true,"href":"https:\/\/thepueblatimes.mx\/index.php\/wp-json\/wp\/v2\/tags?post=40021"}],"curies":[{"name":"wp","href":"https:\/\/api.w.org\/{rel}","templated":true}]}}