{"id":40018,"date":"2026-09-03T17:32:03","date_gmt":"2026-09-03T23:32:03","guid":{"rendered":"https:\/\/thepueblatimes.mx\/?p=40018"},"modified":"2026-09-03T17:32:03","modified_gmt":"2026-09-03T23:32:03","slug":"muere-bebe-de-un-ano-tras-caer-a-una-tina-con-agua-en-tehuacan","status":"publish","type":"post","link":"https:\/\/thepueblatimes.mx\/index.php\/2026\/09\/03\/muere-bebe-de-un-ano-tras-caer-a-una-tina-con-agua-en-tehuacan\/","title":{"rendered":"Muere beb\u00e9 de un a\u00f1o tras caer a una tina con agua en Tehuac\u00e1n"},"content":{"rendered":"<p>Un menor de aproximadamente un a\u00f1o de edad muri\u00f3 ahogado luego de caer accidentalmente a una tina con agua dentro de su domicilio, ubicado en la colonia Vista Hermosa, en la meseta de San Lorenzo, municipio de Tehuac\u00e1n.<\/p>\n<p>El hecho ocurri\u00f3 la tarde del mi\u00e9rcoles 2 de septiembre, cuando familiares del peque\u00f1o se percataron de que hab\u00eda desaparecido de su vista durante algunos minutos.<\/p>\n<p>Al comenzar a buscarlo, lo encontraron dentro de una tina con agua. De inmediato lo sacaron y solicitaron ayuda al n\u00famero de emergencias.<\/p>\n<p>Tras recibir el reporte, elementos de Protecci\u00f3n Civil y param\u00e9dicos de la Cruz Roja Mexicana, delegaci\u00f3n Tehuac\u00e1n, acudieron al domicilio localizado en la calle Juan de la Barrera, esquina con L\u00e1zaro C\u00e1rdenas.<\/p>\n<p>Los cuerpos de emergencia realizaron maniobras de primeros auxilios; sin embargo, confirmaron que el menor ya no contaba con signos vitales.<\/p>\n<p>La zona fue acordonada y se notific\u00f3 a la Fiscal\u00eda General del Estado (FGE), por lo que posteriormente agentes ministeriales acudieron al inmueble para realizar las diligencias correspondientes y efectuar el levantamiento del cuerpo.<\/p>\n<p>La tragedia caus\u00f3 consternaci\u00f3n entre habitantes de la colonia Vista Hermosa. Algunos vecinos se\u00f1alaron que incluso hab\u00edan visto al peque\u00f1o apenas un d\u00eda antes.<\/p>\n<p>Este caso ocurre pocos d\u00edas despu\u00e9s de otro accidente similar registrado en Puebla capital. El pasado 28 de agosto, un beb\u00e9 muri\u00f3 luego de caer accidentalmente en una olla con agua dentro de un domicilio de la colonia Loma Encantada.<\/p>\n","protected":false},"excerpt":{"rendered":"<p>Un menor de aproximadamente un a\u00f1o de edad muri\u00f3 ahogado luego de caer accidentalmente a una tina con agua dentro de su domicilio, ubicado en la colonia Vista Hermosa, en la meseta de San Lorenzo, municipio de Tehuac\u00e1n. El hecho ocurri\u00f3 la tarde del mi\u00e9rcoles 2 de septiembre, cuando familiares del peque\u00f1o se percataron de&#8230;<\/p>\n","protected":false},"author":16,"featured_media":40019,"comment_status":"closed","ping_status":"closed","sticky":false,"template":"","format":"standard","meta":[],"categories":[121],"tags":[383,5289,2964,193],"yoast_head":"<!-- This site is optimized with the Yoast SEO plugin v20.8 - https:\/\/yoast.com\/wordpress\/plugins\/seo\/ -->\n<title>Muere beb\u00e9 de un a\u00f1o tras caer a una tina con agua en Tehuac\u00e1n - The Puebla Times<\/title>\n<meta name=\"robots\" content=\"index, follow, max-snippet:-1, max-image-preview:large, max-video-preview:-1\" \/>\n<link rel=\"canonical\" href=\"https:\/\/thepueblatimes.mx\/index.php\/2026\/09\/03\/muere-bebe-de-un-ano-tras-caer-a-una-tina-con-agua-en-tehuacan\/\" \/>\n<meta property=\"og:locale\" content=\"es_ES\" \/>\n<meta property=\"og:type\" content=\"article\" \/>\n<meta property=\"og:title\" content=\"Muere beb\u00e9 de un a\u00f1o tras caer a una tina con agua en Tehuac\u00e1n - The Puebla Times\" \/>\n<meta property=\"og:description\" content=\"Un menor de aproximadamente un a\u00f1o de edad muri\u00f3 ahogado luego de caer accidentalmente a una tina con agua dentro de su domicilio, ubicado en la colonia Vista Hermosa, en la meseta de San Lorenzo, municipio de Tehuac\u00e1n. El hecho ocurri\u00f3 la tarde del mi\u00e9rcoles 2 de septiembre, cuando familiares del peque\u00f1o se percataron de...\" \/>\n<meta property=\"og:url\" content=\"https:\/\/thepueblatimes.mx\/index.php\/2026\/09\/03\/muere-bebe-de-un-ano-tras-caer-a-una-tina-con-agua-en-tehuacan\/\" \/>\n<meta property=\"og:site_name\" content=\"The Puebla Times\" \/>\n<meta property=\"article:published_time\" content=\"2026-09-03T23:32:03+00:00\" \/>\n<meta property=\"og:image\" content=\"https:\/\/thepueblatimes.mx\/wp-content\/uploads\/2026\/09\/Diseno-sin-titulo-16-scaled.jpg\" \/>\n\t<meta property=\"og:image:width\" content=\"2560\" \/>\n\t<meta property=\"og:image:height\" content=\"1440\" \/>\n\t<meta property=\"og:image:type\" content=\"image\/jpeg\" \/>\n<meta name=\"author\" content=\"Sa\u00fal Hern\u00e1ndez\" \/>\n<meta name=\"twitter:card\" content=\"summary_large_image\" \/>\n<meta name=\"twitter:label1\" content=\"Escrito por\" \/>\n\t<meta name=\"twitter:data1\" content=\"Sa\u00fal Hern\u00e1ndez\" \/>\n\t<meta name=\"twitter:label2\" content=\"Tiempo de lectura\" \/>\n\t<meta name=\"twitter:data2\" content=\"2 minutos\" \/>\n<script type=\"application\/ld+json\" class=\"yoast-schema-graph\">{\"@context\":\"https:\/\/schema.org\",\"@graph\":[{\"@type\":\"WebPage\",\"@id\":\"https:\/\/thepueblatimes.mx\/index.php\/2026\/09\/03\/muere-bebe-de-un-ano-tras-caer-a-una-tina-con-agua-en-tehuacan\/\",\"url\":\"https:\/\/thepueblatimes.mx\/index.php\/2026\/09\/03\/muere-bebe-de-un-ano-tras-caer-a-una-tina-con-agua-en-tehuacan\/\",\"name\":\"Muere beb\u00e9 de un a\u00f1o tras caer a una tina con agua en Tehuac\u00e1n - The Puebla Times\",\"isPartOf\":{\"@id\":\"https:\/\/thepueblatimes.mx\/#website\"},\"datePublished\":\"2026-09-03T23:32:03+00:00\",\"dateModified\":\"2026-09-03T23:32:03+00:00\",\"author\":{\"@id\":\"https:\/\/thepueblatimes.mx\/#\/schema\/person\/1664894c2f65ce2c7a08d8f5f905c13c\"},\"breadcrumb\":{\"@id\":\"https:\/\/thepueblatimes.mx\/index.php\/2026\/09\/03\/muere-bebe-de-un-ano-tras-caer-a-una-tina-con-agua-en-tehuacan\/#breadcrumb\"},\"inLanguage\":\"es\",\"potentialAction\":[{\"@type\":\"ReadAction\",\"target\":[\"https:\/\/thepueblatimes.mx\/index.php\/2026\/09\/03\/muere-bebe-de-un-ano-tras-caer-a-una-tina-con-agua-en-tehuacan\/\"]}]},{\"@type\":\"BreadcrumbList\",\"@id\":\"https:\/\/thepueblatimes.mx\/index.php\/2026\/09\/03\/muere-bebe-de-un-ano-tras-caer-a-una-tina-con-agua-en-tehuacan\/#breadcrumb\",\"itemListElement\":[{\"@type\":\"ListItem\",\"position\":1,\"name\":\"Portada\",\"item\":\"https:\/\/thepueblatimes.mx\/\"},{\"@type\":\"ListItem\",\"position\":2,\"name\":\"Muere beb\u00e9 de un a\u00f1o tras caer a una tina con agua en Tehuac\u00e1n\"}]},{\"@type\":\"WebSite\",\"@id\":\"https:\/\/thepueblatimes.mx\/#website\",\"url\":\"https:\/\/thepueblatimes.mx\/\",\"name\":\"The Puebla Times\",\"description\":\"Noticias del Estado de Puebla\",\"potentialAction\":[{\"@type\":\"SearchAction\",\"target\":{\"@type\":\"EntryPoint\",\"urlTemplate\":\"https:\/\/thepueblatimes.mx\/?s={search_term_string}\"},\"query-input\":\"required name=search_term_string\"}],\"inLanguage\":\"es\"},{\"@type\":\"Person\",\"@id\":\"https:\/\/thepueblatimes.mx\/#\/schema\/person\/1664894c2f65ce2c7a08d8f5f905c13c\",\"name\":\"Sa\u00fal Hern\u00e1ndez\",\"image\":{\"@type\":\"ImageObject\",\"inLanguage\":\"es\",\"@id\":\"https:\/\/thepueblatimes.mx\/#\/schema\/person\/image\/\",\"url\":\"https:\/\/secure.gravatar.com\/avatar\/11be338693f243309532caad8f10c930?s=96&d=mm&r=g\",\"contentUrl\":\"https:\/\/secure.gravatar.com\/avatar\/11be338693f243309532caad8f10c930?s=96&d=mm&r=g\",\"caption\":\"Sa\u00fal Hern\u00e1ndez\"},\"url\":\"https:\/\/thepueblatimes.mx\/index.php\/author\/saulhernandez\/\"}]}<\/script>\n<!-- \/ Yoast SEO plugin. -->","yoast_head_json":{"title":"Muere beb\u00e9 de un a\u00f1o tras caer a una tina con agua en Tehuac\u00e1n - The Puebla Times","robots":{"index":"index","follow":"follow","max-snippet":"max-snippet:-1","max-image-preview":"max-image-preview:large","max-video-preview":"max-video-preview:-1"},"canonical":"https:\/\/thepueblatimes.mx\/index.php\/2026\/09\/03\/muere-bebe-de-un-ano-tras-caer-a-una-tina-con-agua-en-tehuacan\/","og_locale":"es_ES","og_type":"article","og_title":"Muere beb\u00e9 de un a\u00f1o tras caer a una tina con agua en Tehuac\u00e1n - The Puebla Times","og_description":"Un menor de aproximadamente un a\u00f1o de edad muri\u00f3 ahogado luego de caer accidentalmente a una tina con agua dentro de su domicilio, ubicado en la colonia Vista Hermosa, en la meseta de San Lorenzo, municipio de Tehuac\u00e1n. El hecho ocurri\u00f3 la tarde del mi\u00e9rcoles 2 de septiembre, cuando familiares del peque\u00f1o se percataron de...","og_url":"https:\/\/thepueblatimes.mx\/index.php\/2026\/09\/03\/muere-bebe-de-un-ano-tras-caer-a-una-tina-con-agua-en-tehuacan\/","og_site_name":"The Puebla Times","article_published_time":"2026-09-03T23:32:03+00:00","og_image":[{"width":2560,"height":1440,"url":"https:\/\/thepueblatimes.mx\/wp-content\/uploads\/2026\/09\/Diseno-sin-titulo-16-scaled.jpg","type":"image\/jpeg"}],"author":"Sa\u00fal Hern\u00e1ndez","twitter_card":"summary_large_image","twitter_misc":{"Escrito por":"Sa\u00fal Hern\u00e1ndez","Tiempo de lectura":"2 minutos"},"schema":{"@context":"https:\/\/schema.org","@graph":[{"@type":"WebPage","@id":"https:\/\/thepueblatimes.mx\/index.php\/2026\/09\/03\/muere-bebe-de-un-ano-tras-caer-a-una-tina-con-agua-en-tehuacan\/","url":"https:\/\/thepueblatimes.mx\/index.php\/2026\/09\/03\/muere-bebe-de-un-ano-tras-caer-a-una-tina-con-agua-en-tehuacan\/","name":"Muere beb\u00e9 de un a\u00f1o tras caer a una tina con agua en Tehuac\u00e1n - The Puebla Times","isPartOf":{"@id":"https:\/\/thepueblatimes.mx\/#website"},"datePublished":"2026-09-03T23:32:03+00:00","dateModified":"2026-09-03T23:32:03+00:00","author":{"@id":"https:\/\/thepueblatimes.mx\/#\/schema\/person\/1664894c2f65ce2c7a08d8f5f905c13c"},"breadcrumb":{"@id":"https:\/\/thepueblatimes.mx\/index.php\/2026\/09\/03\/muere-bebe-de-un-ano-tras-caer-a-una-tina-con-agua-en-tehuacan\/#breadcrumb"},"inLanguage":"es","potentialAction":[{"@type":"ReadAction","target":["https:\/\/thepueblatimes.mx\/index.php\/2026\/09\/03\/muere-bebe-de-un-ano-tras-caer-a-una-tina-con-agua-en-tehuacan\/"]}]},{"@type":"BreadcrumbList","@id":"https:\/\/thepueblatimes.mx\/index.php\/2026\/09\/03\/muere-bebe-de-un-ano-tras-caer-a-una-tina-con-agua-en-tehuacan\/#breadcrumb","itemListElement":[{"@type":"ListItem","position":1,"name":"Portada","item":"https:\/\/thepueblatimes.mx\/"},{"@type":"ListItem","position":2,"name":"Muere beb\u00e9 de un a\u00f1o tras caer a una tina con agua en Tehuac\u00e1n"}]},{"@type":"WebSite","@id":"https:\/\/thepueblatimes.mx\/#website","url":"https:\/\/thepueblatimes.mx\/","name":"The Puebla Times","description":"Noticias del Estado de Puebla","potentialAction":[{"@type":"SearchAction","target":{"@type":"EntryPoint","urlTemplate":"https:\/\/thepueblatimes.mx\/?s={search_term_string}"},"query-input":"required name=search_term_string"}],"inLanguage":"es"},{"@type":"Person","@id":"https:\/\/thepueblatimes.mx\/#\/schema\/person\/1664894c2f65ce2c7a08d8f5f905c13c","name":"Sa\u00fal Hern\u00e1ndez","image":{"@type":"ImageObject","inLanguage":"es","@id":"https:\/\/thepueblatimes.mx\/#\/schema\/person\/image\/","url":"https:\/\/secure.gravatar.com\/avatar\/11be338693f243309532caad8f10c930?s=96&d=mm&r=g","contentUrl":"https:\/\/secure.gravatar.com\/avatar\/11be338693f243309532caad8f10c930?s=96&d=mm&r=g","caption":"Sa\u00fal Hern\u00e1ndez"},"url":"https:\/\/thepueblatimes.mx\/index.php\/author\/saulhernandez\/"}]}},"jetpack_featured_media_url":"https:\/\/thepueblatimes.mx\/wp-content\/uploads\/2026\/09\/Diseno-sin-titulo-16-scaled.jpg","_links":{"self":[{"href":"https:\/\/thepueblatimes.mx\/index.php\/wp-json\/wp\/v2\/posts\/40018"}],"collection":[{"href":"https:\/\/thepueblatimes.mx\/index.php\/wp-json\/wp\/v2\/posts"}],"about":[{"href":"https:\/\/thepueblatimes.mx\/index.php\/wp-json\/wp\/v2\/types\/post"}],"author":[{"embeddable":true,"href":"https:\/\/thepueblatimes.mx\/index.php\/wp-json\/wp\/v2\/users\/16"}],"replies":[{"embeddable":true,"href":"https:\/\/thepueblatimes.mx\/index.php\/wp-json\/wp\/v2\/comments?post=40018"}],"version-history":[{"count":1,"href":"https:\/\/thepueblatimes.mx\/index.php\/wp-json\/wp\/v2\/posts\/40018\/revisions"}],"predecessor-version":[{"id":40020,"href":"https:\/\/thepueblatimes.mx\/index.php\/wp-json\/wp\/v2\/posts\/40018\/revisions\/40020"}],"wp:featuredmedia":[{"embeddable":true,"href":"https:\/\/thepueblatimes.mx\/index.php\/wp-json\/wp\/v2\/media\/40019"}],"wp:attachment":[{"href":"https:\/\/thepueblatimes.mx\/index.php\/wp-json\/wp\/v2\/media?parent=40018"}],"wp:term":[{"taxonomy":"category","embeddable":true,"href":"https:\/\/thepueblatimes.mx\/index.php\/wp-json\/wp\/v2\/categories?post=40018"},{"taxonomy":"post_tag","embeddable":true,"href":"https:\/\/thepueblatimes.mx\/index.php\/wp-json\/wp\/v2\/tags?post=40018"}],"curies":[{"name":"wp","href":"https:\/\/api.w.org\/{rel}","templated":true}]}}