{"id":40015,"date":"2026-09-03T17:24:18","date_gmt":"2026-09-03T23:24:18","guid":{"rendered":"https:\/\/thepueblatimes.mx\/?p=40015"},"modified":"2026-09-03T17:24:18","modified_gmt":"2026-09-03T23:24:18","slug":"cadaveres-en-el-semefo-de-puebla-aumentan-el-2000","status":"publish","type":"post","link":"https:\/\/thepueblatimes.mx\/index.php\/2026\/09\/03\/cadaveres-en-el-semefo-de-puebla-aumentan-el-2000\/","title":{"rendered":"Cad\u00e1veres en el Semefo de Puebla aumentan el 2000%"},"content":{"rendered":"<p>El n\u00famero de cad\u00e1veres almacenados en los anfiteatros del Servicio M\u00e9dico Forense (Semefo) de Puebla se dispar\u00f3 2 mil 614 por ciento en apenas un a\u00f1o, de acuerdo con estad\u00edsticas del Instituto Nacional de Estad\u00edstica y Geograf\u00eda (Inegi).<\/p>\n<p>El organismo inform\u00f3 que durante 2025 permanecieron almacenados 190 cad\u00e1veres en los 20 anfiteatros que opera la Fiscal\u00eda General del Estado (FGE), mientras que en 2024 la cifra hab\u00eda sido de apenas siete cuerpos.<\/p>\n<p>Aunque el Semefo estatal cuenta con capacidad para almacenar hasta 402 cad\u00e1veres en c\u00e1maras de fr\u00edo, destinadas a cuerpos con tejidos blandos, y otros 570 espacios en osteotecas para restos sin tejidos blandos, el incremento registrado durante 2025 contrasta con las cifras del a\u00f1o anterior.<\/p>\n<p>En cuanto al movimiento de cuerpos, durante 2025 el Semefo recibi\u00f3 3 mil 697 cad\u00e1veres, apenas 0.3 por ciento menos que en 2024, por lo que el comportamiento se mantuvo pr\u00e1cticamente estable.<\/p>\n<p>Del total de cuerpos recibidos, 3 mil 406 estaban completos y conservaban tejidos blandos, mientras que 204 se encontraban completos pero en estado de descomposici\u00f3n. Adem\u00e1s, fueron registrados 46 cuerpos no identificados, 35 con exposici\u00f3n al fuego y seis esqueletizados.<\/p>\n<p>La mayor\u00eda de los cad\u00e1veres correspondi\u00f3 a hombres, con 2 mil 993 casos, mientras que 635 fueron mujeres y en 69 casos no se determin\u00f3 el sexo.<\/p>\n<p>Por otra parte, durante el mismo a\u00f1o fueron entregados 3 mil 464 cad\u00e1veres, lo que represent\u00f3 un aumento de 12.8 por ciento respecto a 2024. De acuerdo con el Inegi, todos fueron entregados a sus familiares.<\/p>\n<h3>M\u00e1s de 400 trabajadores en el Semefo<\/h3>\n<p>El Servicio M\u00e9dico Forense de Puebla cuenta con una plantilla de 426 trabajadores, de los cuales 50.9 por ciento son mujeres y 49.1 por ciento hombres.<\/p>\n<p>Del total, 325 son peritos, 90 desempe\u00f1an labores administrativas, 10 ocupan cargos directivos y uno corresponde al titular del organismo.<\/p>\n<p>Los servicios m\u00e9dicos forenses desempe\u00f1an una funci\u00f3n auxiliar para las autoridades ministeriales y judiciales, pues mediante el an\u00e1lisis de cad\u00e1veres y restos humanos contribuyen al esclarecimiento de delitos y hechos violentos.<\/p>\n<p>Los estudios periciales permiten establecer elementos relacionados con la identidad de las v\u00edctimas y las circunstancias de su muerte, informaci\u00f3n que posteriormente sirve para orientar las investigaciones y apoyar la resoluci\u00f3n de los casos.<\/p>\n","protected":false},"excerpt":{"rendered":"<p>El n\u00famero de cad\u00e1veres almacenados en los anfiteatros del Servicio M\u00e9dico Forense (Semefo) de Puebla se dispar\u00f3 2 mil 614 por ciento en apenas un a\u00f1o, de acuerdo con estad\u00edsticas del Instituto Nacional de Estad\u00edstica y Geograf\u00eda (Inegi). El organismo inform\u00f3 que durante 2025 permanecieron almacenados 190 cad\u00e1veres en los 20 anfiteatros que opera la&#8230;<\/p>\n","protected":false},"author":16,"featured_media":40016,"comment_status":"closed","ping_status":"closed","sticky":false,"template":"","format":"standard","meta":[],"categories":[542],"tags":[3015,2966,49,5288],"yoast_head":"<!-- This site is optimized with the Yoast SEO plugin v20.8 - https:\/\/yoast.com\/wordpress\/plugins\/seo\/ -->\n<title>Cad\u00e1veres en el Semefo de Puebla aumentan el 2000% - The Puebla Times<\/title>\n<meta name=\"robots\" content=\"index, follow, max-snippet:-1, max-image-preview:large, max-video-preview:-1\" \/>\n<link rel=\"canonical\" href=\"https:\/\/thepueblatimes.mx\/index.php\/2026\/09\/03\/cadaveres-en-el-semefo-de-puebla-aumentan-el-2000\/\" \/>\n<meta property=\"og:locale\" content=\"es_ES\" \/>\n<meta property=\"og:type\" content=\"article\" \/>\n<meta property=\"og:title\" content=\"Cad\u00e1veres en el Semefo de Puebla aumentan el 2000% - The Puebla Times\" \/>\n<meta property=\"og:description\" content=\"El n\u00famero de cad\u00e1veres almacenados en los anfiteatros del Servicio M\u00e9dico Forense (Semefo) de Puebla se dispar\u00f3 2 mil 614 por ciento en apenas un a\u00f1o, de acuerdo con estad\u00edsticas del Instituto Nacional de Estad\u00edstica y Geograf\u00eda (Inegi). El organismo inform\u00f3 que durante 2025 permanecieron almacenados 190 cad\u00e1veres en los 20 anfiteatros que opera la...\" \/>\n<meta property=\"og:url\" content=\"https:\/\/thepueblatimes.mx\/index.php\/2026\/09\/03\/cadaveres-en-el-semefo-de-puebla-aumentan-el-2000\/\" \/>\n<meta property=\"og:site_name\" content=\"The Puebla Times\" \/>\n<meta property=\"article:published_time\" content=\"2026-09-03T23:24:18+00:00\" \/>\n<meta property=\"og:image\" content=\"https:\/\/thepueblatimes.mx\/wp-content\/uploads\/2026\/09\/semefo.webp\" \/>\n\t<meta property=\"og:image:width\" content=\"1200\" \/>\n\t<meta property=\"og:image:height\" content=\"675\" \/>\n\t<meta property=\"og:image:type\" content=\"image\/webp\" \/>\n<meta name=\"author\" content=\"Sa\u00fal Hern\u00e1ndez\" \/>\n<meta name=\"twitter:card\" content=\"summary_large_image\" \/>\n<meta name=\"twitter:label1\" content=\"Escrito por\" \/>\n\t<meta name=\"twitter:data1\" content=\"Sa\u00fal Hern\u00e1ndez\" \/>\n\t<meta name=\"twitter:label2\" content=\"Tiempo de lectura\" \/>\n\t<meta name=\"twitter:data2\" content=\"2 minutos\" \/>\n<script type=\"application\/ld+json\" class=\"yoast-schema-graph\">{\"@context\":\"https:\/\/schema.org\",\"@graph\":[{\"@type\":\"WebPage\",\"@id\":\"https:\/\/thepueblatimes.mx\/index.php\/2026\/09\/03\/cadaveres-en-el-semefo-de-puebla-aumentan-el-2000\/\",\"url\":\"https:\/\/thepueblatimes.mx\/index.php\/2026\/09\/03\/cadaveres-en-el-semefo-de-puebla-aumentan-el-2000\/\",\"name\":\"Cad\u00e1veres en el Semefo de Puebla aumentan el 2000% - The Puebla Times\",\"isPartOf\":{\"@id\":\"https:\/\/thepueblatimes.mx\/#website\"},\"datePublished\":\"2026-09-03T23:24:18+00:00\",\"dateModified\":\"2026-09-03T23:24:18+00:00\",\"author\":{\"@id\":\"https:\/\/thepueblatimes.mx\/#\/schema\/person\/1664894c2f65ce2c7a08d8f5f905c13c\"},\"breadcrumb\":{\"@id\":\"https:\/\/thepueblatimes.mx\/index.php\/2026\/09\/03\/cadaveres-en-el-semefo-de-puebla-aumentan-el-2000\/#breadcrumb\"},\"inLanguage\":\"es\",\"potentialAction\":[{\"@type\":\"ReadAction\",\"target\":[\"https:\/\/thepueblatimes.mx\/index.php\/2026\/09\/03\/cadaveres-en-el-semefo-de-puebla-aumentan-el-2000\/\"]}]},{\"@type\":\"BreadcrumbList\",\"@id\":\"https:\/\/thepueblatimes.mx\/index.php\/2026\/09\/03\/cadaveres-en-el-semefo-de-puebla-aumentan-el-2000\/#breadcrumb\",\"itemListElement\":[{\"@type\":\"ListItem\",\"position\":1,\"name\":\"Portada\",\"item\":\"https:\/\/thepueblatimes.mx\/\"},{\"@type\":\"ListItem\",\"position\":2,\"name\":\"Cad\u00e1veres en el Semefo de Puebla aumentan el 2000%\"}]},{\"@type\":\"WebSite\",\"@id\":\"https:\/\/thepueblatimes.mx\/#website\",\"url\":\"https:\/\/thepueblatimes.mx\/\",\"name\":\"The Puebla Times\",\"description\":\"Noticias del Estado de Puebla\",\"potentialAction\":[{\"@type\":\"SearchAction\",\"target\":{\"@type\":\"EntryPoint\",\"urlTemplate\":\"https:\/\/thepueblatimes.mx\/?s={search_term_string}\"},\"query-input\":\"required name=search_term_string\"}],\"inLanguage\":\"es\"},{\"@type\":\"Person\",\"@id\":\"https:\/\/thepueblatimes.mx\/#\/schema\/person\/1664894c2f65ce2c7a08d8f5f905c13c\",\"name\":\"Sa\u00fal Hern\u00e1ndez\",\"image\":{\"@type\":\"ImageObject\",\"inLanguage\":\"es\",\"@id\":\"https:\/\/thepueblatimes.mx\/#\/schema\/person\/image\/\",\"url\":\"https:\/\/secure.gravatar.com\/avatar\/11be338693f243309532caad8f10c930?s=96&d=mm&r=g\",\"contentUrl\":\"https:\/\/secure.gravatar.com\/avatar\/11be338693f243309532caad8f10c930?s=96&d=mm&r=g\",\"caption\":\"Sa\u00fal Hern\u00e1ndez\"},\"url\":\"https:\/\/thepueblatimes.mx\/index.php\/author\/saulhernandez\/\"}]}<\/script>\n<!-- \/ Yoast SEO plugin. -->","yoast_head_json":{"title":"Cad\u00e1veres en el Semefo de Puebla aumentan el 2000% - The Puebla Times","robots":{"index":"index","follow":"follow","max-snippet":"max-snippet:-1","max-image-preview":"max-image-preview:large","max-video-preview":"max-video-preview:-1"},"canonical":"https:\/\/thepueblatimes.mx\/index.php\/2026\/09\/03\/cadaveres-en-el-semefo-de-puebla-aumentan-el-2000\/","og_locale":"es_ES","og_type":"article","og_title":"Cad\u00e1veres en el Semefo de Puebla aumentan el 2000% - The Puebla Times","og_description":"El n\u00famero de cad\u00e1veres almacenados en los anfiteatros del Servicio M\u00e9dico Forense (Semefo) de Puebla se dispar\u00f3 2 mil 614 por ciento en apenas un a\u00f1o, de acuerdo con estad\u00edsticas del Instituto Nacional de Estad\u00edstica y Geograf\u00eda (Inegi). El organismo inform\u00f3 que durante 2025 permanecieron almacenados 190 cad\u00e1veres en los 20 anfiteatros que opera la...","og_url":"https:\/\/thepueblatimes.mx\/index.php\/2026\/09\/03\/cadaveres-en-el-semefo-de-puebla-aumentan-el-2000\/","og_site_name":"The Puebla Times","article_published_time":"2026-09-03T23:24:18+00:00","og_image":[{"width":1200,"height":675,"url":"https:\/\/thepueblatimes.mx\/wp-content\/uploads\/2026\/09\/semefo.webp","type":"image\/webp"}],"author":"Sa\u00fal Hern\u00e1ndez","twitter_card":"summary_large_image","twitter_misc":{"Escrito por":"Sa\u00fal Hern\u00e1ndez","Tiempo de lectura":"2 minutos"},"schema":{"@context":"https:\/\/schema.org","@graph":[{"@type":"WebPage","@id":"https:\/\/thepueblatimes.mx\/index.php\/2026\/09\/03\/cadaveres-en-el-semefo-de-puebla-aumentan-el-2000\/","url":"https:\/\/thepueblatimes.mx\/index.php\/2026\/09\/03\/cadaveres-en-el-semefo-de-puebla-aumentan-el-2000\/","name":"Cad\u00e1veres en el Semefo de Puebla aumentan el 2000% - The Puebla Times","isPartOf":{"@id":"https:\/\/thepueblatimes.mx\/#website"},"datePublished":"2026-09-03T23:24:18+00:00","dateModified":"2026-09-03T23:24:18+00:00","author":{"@id":"https:\/\/thepueblatimes.mx\/#\/schema\/person\/1664894c2f65ce2c7a08d8f5f905c13c"},"breadcrumb":{"@id":"https:\/\/thepueblatimes.mx\/index.php\/2026\/09\/03\/cadaveres-en-el-semefo-de-puebla-aumentan-el-2000\/#breadcrumb"},"inLanguage":"es","potentialAction":[{"@type":"ReadAction","target":["https:\/\/thepueblatimes.mx\/index.php\/2026\/09\/03\/cadaveres-en-el-semefo-de-puebla-aumentan-el-2000\/"]}]},{"@type":"BreadcrumbList","@id":"https:\/\/thepueblatimes.mx\/index.php\/2026\/09\/03\/cadaveres-en-el-semefo-de-puebla-aumentan-el-2000\/#breadcrumb","itemListElement":[{"@type":"ListItem","position":1,"name":"Portada","item":"https:\/\/thepueblatimes.mx\/"},{"@type":"ListItem","position":2,"name":"Cad\u00e1veres en el Semefo de Puebla aumentan el 2000%"}]},{"@type":"WebSite","@id":"https:\/\/thepueblatimes.mx\/#website","url":"https:\/\/thepueblatimes.mx\/","name":"The Puebla Times","description":"Noticias del Estado de Puebla","potentialAction":[{"@type":"SearchAction","target":{"@type":"EntryPoint","urlTemplate":"https:\/\/thepueblatimes.mx\/?s={search_term_string}"},"query-input":"required name=search_term_string"}],"inLanguage":"es"},{"@type":"Person","@id":"https:\/\/thepueblatimes.mx\/#\/schema\/person\/1664894c2f65ce2c7a08d8f5f905c13c","name":"Sa\u00fal Hern\u00e1ndez","image":{"@type":"ImageObject","inLanguage":"es","@id":"https:\/\/thepueblatimes.mx\/#\/schema\/person\/image\/","url":"https:\/\/secure.gravatar.com\/avatar\/11be338693f243309532caad8f10c930?s=96&d=mm&r=g","contentUrl":"https:\/\/secure.gravatar.com\/avatar\/11be338693f243309532caad8f10c930?s=96&d=mm&r=g","caption":"Sa\u00fal Hern\u00e1ndez"},"url":"https:\/\/thepueblatimes.mx\/index.php\/author\/saulhernandez\/"}]}},"jetpack_featured_media_url":"https:\/\/thepueblatimes.mx\/wp-content\/uploads\/2026\/09\/semefo.webp","_links":{"self":[{"href":"https:\/\/thepueblatimes.mx\/index.php\/wp-json\/wp\/v2\/posts\/40015"}],"collection":[{"href":"https:\/\/thepueblatimes.mx\/index.php\/wp-json\/wp\/v2\/posts"}],"about":[{"href":"https:\/\/thepueblatimes.mx\/index.php\/wp-json\/wp\/v2\/types\/post"}],"author":[{"embeddable":true,"href":"https:\/\/thepueblatimes.mx\/index.php\/wp-json\/wp\/v2\/users\/16"}],"replies":[{"embeddable":true,"href":"https:\/\/thepueblatimes.mx\/index.php\/wp-json\/wp\/v2\/comments?post=40015"}],"version-history":[{"count":1,"href":"https:\/\/thepueblatimes.mx\/index.php\/wp-json\/wp\/v2\/posts\/40015\/revisions"}],"predecessor-version":[{"id":40017,"href":"https:\/\/thepueblatimes.mx\/index.php\/wp-json\/wp\/v2\/posts\/40015\/revisions\/40017"}],"wp:featuredmedia":[{"embeddable":true,"href":"https:\/\/thepueblatimes.mx\/index.php\/wp-json\/wp\/v2\/media\/40016"}],"wp:attachment":[{"href":"https:\/\/thepueblatimes.mx\/index.php\/wp-json\/wp\/v2\/media?parent=40015"}],"wp:term":[{"taxonomy":"category","embeddable":true,"href":"https:\/\/thepueblatimes.mx\/index.php\/wp-json\/wp\/v2\/categories?post=40015"},{"taxonomy":"post_tag","embeddable":true,"href":"https:\/\/thepueblatimes.mx\/index.php\/wp-json\/wp\/v2\/tags?post=40015"}],"curies":[{"name":"wp","href":"https:\/\/api.w.org\/{rel}","templated":true}]}}