{"id":40008,"date":"2026-09-03T16:41:09","date_gmt":"2026-09-03T22:41:09","guid":{"rendered":"https:\/\/thepueblatimes.mx\/?p=40008"},"modified":"2026-09-03T16:41:09","modified_gmt":"2026-09-03T22:41:09","slug":"el-amarillo-no-operaba-en-puebla","status":"publish","type":"post","link":"https:\/\/thepueblatimes.mx\/index.php\/2026\/09\/03\/el-amarillo-no-operaba-en-puebla\/","title":{"rendered":"El Amarillo no operaba en Puebla"},"content":{"rendered":"<p>El secretario de Seguridad P\u00fablica, Francisco S\u00e1nchez Gonz\u00e1lez, manifest\u00f3 que \u201cEl Amarillo\u201d, presunto l\u00edder de una c\u00e9lula vinculada con \u201cLos Rusos\u201d, no ten\u00eda operaciones delincuenciales en Puebla.<\/p>\n<p>Precis\u00f3 que utilizaba la entidad como escondite debido a su cercan\u00eda con Guerrero, donde presuntamente desarrollaba sus actividades.<\/p>\n<p>Explic\u00f3 que para la detenci\u00f3n del presunto delincuente, las autoridades estatales se coordinaron con la Federaci\u00f3n, al tiempo que indic\u00f3 que en una primera ocasi\u00f3n no fue posible concretar el operativo para ubicarlo.<\/p>\n<p>Al respecto, precis\u00f3 que hace aproximadamente un mes, mediante trabajos de investigaci\u00f3n, las autoridades tuvieron conocimiento de que \u201cEl Amarillo\u201d se encontraba en la zona conurbada de Puebla, por lo que comenzaron labores de seguimiento y localizaci\u00f3n.<\/p>\n<p>Expres\u00f3, que El Amarillo \u201cno operaba. Hace un mes m\u00e1s o menos, en coordinaci\u00f3n con el \u00e1rea de investigaci\u00f3n, tuvimos conocimiento de que estaba en la zona conurbada y se hizo labor de conocimiento\u201d.<\/p>\n","protected":false},"excerpt":{"rendered":"<p>El secretario de Seguridad P\u00fablica, Francisco S\u00e1nchez Gonz\u00e1lez, manifest\u00f3 que \u201cEl Amarillo\u201d, presunto l\u00edder de una c\u00e9lula vinculada con \u201cLos Rusos\u201d, no ten\u00eda operaciones delincuenciales en Puebla. Precis\u00f3 que utilizaba la entidad como escondite debido a su cercan\u00eda con Guerrero, donde presuntamente desarrollaba sus actividades. Explic\u00f3 que para la detenci\u00f3n del presunto delincuente, las autoridades&#8230;<\/p>\n","protected":false},"author":16,"featured_media":40013,"comment_status":"closed","ping_status":"closed","sticky":false,"template":"","format":"standard","meta":[],"categories":[121],"tags":[5274,284,5287,2578,49],"yoast_head":"<!-- This site is optimized with the Yoast SEO plugin v20.8 - https:\/\/yoast.com\/wordpress\/plugins\/seo\/ -->\n<title>El Amarillo no operaba en Puebla - The Puebla Times<\/title>\n<meta name=\"robots\" content=\"index, follow, max-snippet:-1, max-image-preview:large, max-video-preview:-1\" \/>\n<link rel=\"canonical\" href=\"https:\/\/thepueblatimes.mx\/index.php\/2026\/09\/03\/el-amarillo-no-operaba-en-puebla\/\" \/>\n<meta property=\"og:locale\" content=\"es_ES\" \/>\n<meta property=\"og:type\" content=\"article\" \/>\n<meta property=\"og:title\" content=\"El Amarillo no operaba en Puebla - The Puebla Times\" \/>\n<meta property=\"og:description\" content=\"El secretario de Seguridad P\u00fablica, Francisco S\u00e1nchez Gonz\u00e1lez, manifest\u00f3 que \u201cEl Amarillo\u201d, presunto l\u00edder de una c\u00e9lula vinculada con \u201cLos Rusos\u201d, no ten\u00eda operaciones delincuenciales en Puebla. Precis\u00f3 que utilizaba la entidad como escondite debido a su cercan\u00eda con Guerrero, donde presuntamente desarrollaba sus actividades. Explic\u00f3 que para la detenci\u00f3n del presunto delincuente, las autoridades...\" \/>\n<meta property=\"og:url\" content=\"https:\/\/thepueblatimes.mx\/index.php\/2026\/09\/03\/el-amarillo-no-operaba-en-puebla\/\" \/>\n<meta property=\"og:site_name\" content=\"The Puebla Times\" \/>\n<meta property=\"article:published_time\" content=\"2026-09-03T22:41:09+00:00\" \/>\n<meta property=\"og:image\" content=\"https:\/\/thepueblatimes.mx\/wp-content\/uploads\/2026\/09\/images-23.jpg\" \/>\n\t<meta property=\"og:image:width\" content=\"596\" \/>\n\t<meta property=\"og:image:height\" content=\"335\" \/>\n\t<meta property=\"og:image:type\" content=\"image\/jpeg\" \/>\n<meta name=\"author\" content=\"Sa\u00fal Hern\u00e1ndez\" \/>\n<meta name=\"twitter:card\" content=\"summary_large_image\" \/>\n<meta name=\"twitter:label1\" content=\"Escrito por\" \/>\n\t<meta name=\"twitter:data1\" content=\"Sa\u00fal Hern\u00e1ndez\" \/>\n\t<meta name=\"twitter:label2\" content=\"Tiempo de lectura\" \/>\n\t<meta name=\"twitter:data2\" content=\"1 minuto\" \/>\n<script type=\"application\/ld+json\" class=\"yoast-schema-graph\">{\"@context\":\"https:\/\/schema.org\",\"@graph\":[{\"@type\":\"WebPage\",\"@id\":\"https:\/\/thepueblatimes.mx\/index.php\/2026\/09\/03\/el-amarillo-no-operaba-en-puebla\/\",\"url\":\"https:\/\/thepueblatimes.mx\/index.php\/2026\/09\/03\/el-amarillo-no-operaba-en-puebla\/\",\"name\":\"El Amarillo no operaba en Puebla - The Puebla Times\",\"isPartOf\":{\"@id\":\"https:\/\/thepueblatimes.mx\/#website\"},\"datePublished\":\"2026-09-03T22:41:09+00:00\",\"dateModified\":\"2026-09-03T22:41:09+00:00\",\"author\":{\"@id\":\"https:\/\/thepueblatimes.mx\/#\/schema\/person\/1664894c2f65ce2c7a08d8f5f905c13c\"},\"breadcrumb\":{\"@id\":\"https:\/\/thepueblatimes.mx\/index.php\/2026\/09\/03\/el-amarillo-no-operaba-en-puebla\/#breadcrumb\"},\"inLanguage\":\"es\",\"potentialAction\":[{\"@type\":\"ReadAction\",\"target\":[\"https:\/\/thepueblatimes.mx\/index.php\/2026\/09\/03\/el-amarillo-no-operaba-en-puebla\/\"]}]},{\"@type\":\"BreadcrumbList\",\"@id\":\"https:\/\/thepueblatimes.mx\/index.php\/2026\/09\/03\/el-amarillo-no-operaba-en-puebla\/#breadcrumb\",\"itemListElement\":[{\"@type\":\"ListItem\",\"position\":1,\"name\":\"Portada\",\"item\":\"https:\/\/thepueblatimes.mx\/\"},{\"@type\":\"ListItem\",\"position\":2,\"name\":\"El Amarillo no operaba en Puebla\"}]},{\"@type\":\"WebSite\",\"@id\":\"https:\/\/thepueblatimes.mx\/#website\",\"url\":\"https:\/\/thepueblatimes.mx\/\",\"name\":\"The Puebla Times\",\"description\":\"Noticias del Estado de Puebla\",\"potentialAction\":[{\"@type\":\"SearchAction\",\"target\":{\"@type\":\"EntryPoint\",\"urlTemplate\":\"https:\/\/thepueblatimes.mx\/?s={search_term_string}\"},\"query-input\":\"required name=search_term_string\"}],\"inLanguage\":\"es\"},{\"@type\":\"Person\",\"@id\":\"https:\/\/thepueblatimes.mx\/#\/schema\/person\/1664894c2f65ce2c7a08d8f5f905c13c\",\"name\":\"Sa\u00fal Hern\u00e1ndez\",\"image\":{\"@type\":\"ImageObject\",\"inLanguage\":\"es\",\"@id\":\"https:\/\/thepueblatimes.mx\/#\/schema\/person\/image\/\",\"url\":\"https:\/\/secure.gravatar.com\/avatar\/11be338693f243309532caad8f10c930?s=96&d=mm&r=g\",\"contentUrl\":\"https:\/\/secure.gravatar.com\/avatar\/11be338693f243309532caad8f10c930?s=96&d=mm&r=g\",\"caption\":\"Sa\u00fal Hern\u00e1ndez\"},\"url\":\"https:\/\/thepueblatimes.mx\/index.php\/author\/saulhernandez\/\"}]}<\/script>\n<!-- \/ Yoast SEO plugin. -->","yoast_head_json":{"title":"El Amarillo no operaba en Puebla - The Puebla Times","robots":{"index":"index","follow":"follow","max-snippet":"max-snippet:-1","max-image-preview":"max-image-preview:large","max-video-preview":"max-video-preview:-1"},"canonical":"https:\/\/thepueblatimes.mx\/index.php\/2026\/09\/03\/el-amarillo-no-operaba-en-puebla\/","og_locale":"es_ES","og_type":"article","og_title":"El Amarillo no operaba en Puebla - The Puebla Times","og_description":"El secretario de Seguridad P\u00fablica, Francisco S\u00e1nchez Gonz\u00e1lez, manifest\u00f3 que \u201cEl Amarillo\u201d, presunto l\u00edder de una c\u00e9lula vinculada con \u201cLos Rusos\u201d, no ten\u00eda operaciones delincuenciales en Puebla. Precis\u00f3 que utilizaba la entidad como escondite debido a su cercan\u00eda con Guerrero, donde presuntamente desarrollaba sus actividades. Explic\u00f3 que para la detenci\u00f3n del presunto delincuente, las autoridades...","og_url":"https:\/\/thepueblatimes.mx\/index.php\/2026\/09\/03\/el-amarillo-no-operaba-en-puebla\/","og_site_name":"The Puebla Times","article_published_time":"2026-09-03T22:41:09+00:00","og_image":[{"width":596,"height":335,"url":"https:\/\/thepueblatimes.mx\/wp-content\/uploads\/2026\/09\/images-23.jpg","type":"image\/jpeg"}],"author":"Sa\u00fal Hern\u00e1ndez","twitter_card":"summary_large_image","twitter_misc":{"Escrito por":"Sa\u00fal Hern\u00e1ndez","Tiempo de lectura":"1 minuto"},"schema":{"@context":"https:\/\/schema.org","@graph":[{"@type":"WebPage","@id":"https:\/\/thepueblatimes.mx\/index.php\/2026\/09\/03\/el-amarillo-no-operaba-en-puebla\/","url":"https:\/\/thepueblatimes.mx\/index.php\/2026\/09\/03\/el-amarillo-no-operaba-en-puebla\/","name":"El Amarillo no operaba en Puebla - The Puebla Times","isPartOf":{"@id":"https:\/\/thepueblatimes.mx\/#website"},"datePublished":"2026-09-03T22:41:09+00:00","dateModified":"2026-09-03T22:41:09+00:00","author":{"@id":"https:\/\/thepueblatimes.mx\/#\/schema\/person\/1664894c2f65ce2c7a08d8f5f905c13c"},"breadcrumb":{"@id":"https:\/\/thepueblatimes.mx\/index.php\/2026\/09\/03\/el-amarillo-no-operaba-en-puebla\/#breadcrumb"},"inLanguage":"es","potentialAction":[{"@type":"ReadAction","target":["https:\/\/thepueblatimes.mx\/index.php\/2026\/09\/03\/el-amarillo-no-operaba-en-puebla\/"]}]},{"@type":"BreadcrumbList","@id":"https:\/\/thepueblatimes.mx\/index.php\/2026\/09\/03\/el-amarillo-no-operaba-en-puebla\/#breadcrumb","itemListElement":[{"@type":"ListItem","position":1,"name":"Portada","item":"https:\/\/thepueblatimes.mx\/"},{"@type":"ListItem","position":2,"name":"El Amarillo no operaba en Puebla"}]},{"@type":"WebSite","@id":"https:\/\/thepueblatimes.mx\/#website","url":"https:\/\/thepueblatimes.mx\/","name":"The Puebla Times","description":"Noticias del Estado de Puebla","potentialAction":[{"@type":"SearchAction","target":{"@type":"EntryPoint","urlTemplate":"https:\/\/thepueblatimes.mx\/?s={search_term_string}"},"query-input":"required name=search_term_string"}],"inLanguage":"es"},{"@type":"Person","@id":"https:\/\/thepueblatimes.mx\/#\/schema\/person\/1664894c2f65ce2c7a08d8f5f905c13c","name":"Sa\u00fal Hern\u00e1ndez","image":{"@type":"ImageObject","inLanguage":"es","@id":"https:\/\/thepueblatimes.mx\/#\/schema\/person\/image\/","url":"https:\/\/secure.gravatar.com\/avatar\/11be338693f243309532caad8f10c930?s=96&d=mm&r=g","contentUrl":"https:\/\/secure.gravatar.com\/avatar\/11be338693f243309532caad8f10c930?s=96&d=mm&r=g","caption":"Sa\u00fal Hern\u00e1ndez"},"url":"https:\/\/thepueblatimes.mx\/index.php\/author\/saulhernandez\/"}]}},"jetpack_featured_media_url":"https:\/\/thepueblatimes.mx\/wp-content\/uploads\/2026\/09\/images-23.jpg","_links":{"self":[{"href":"https:\/\/thepueblatimes.mx\/index.php\/wp-json\/wp\/v2\/posts\/40008"}],"collection":[{"href":"https:\/\/thepueblatimes.mx\/index.php\/wp-json\/wp\/v2\/posts"}],"about":[{"href":"https:\/\/thepueblatimes.mx\/index.php\/wp-json\/wp\/v2\/types\/post"}],"author":[{"embeddable":true,"href":"https:\/\/thepueblatimes.mx\/index.php\/wp-json\/wp\/v2\/users\/16"}],"replies":[{"embeddable":true,"href":"https:\/\/thepueblatimes.mx\/index.php\/wp-json\/wp\/v2\/comments?post=40008"}],"version-history":[{"count":1,"href":"https:\/\/thepueblatimes.mx\/index.php\/wp-json\/wp\/v2\/posts\/40008\/revisions"}],"predecessor-version":[{"id":40014,"href":"https:\/\/thepueblatimes.mx\/index.php\/wp-json\/wp\/v2\/posts\/40008\/revisions\/40014"}],"wp:featuredmedia":[{"embeddable":true,"href":"https:\/\/thepueblatimes.mx\/index.php\/wp-json\/wp\/v2\/media\/40013"}],"wp:attachment":[{"href":"https:\/\/thepueblatimes.mx\/index.php\/wp-json\/wp\/v2\/media?parent=40008"}],"wp:term":[{"taxonomy":"category","embeddable":true,"href":"https:\/\/thepueblatimes.mx\/index.php\/wp-json\/wp\/v2\/categories?post=40008"},{"taxonomy":"post_tag","embeddable":true,"href":"https:\/\/thepueblatimes.mx\/index.php\/wp-json\/wp\/v2\/tags?post=40008"}],"curies":[{"name":"wp","href":"https:\/\/api.w.org\/{rel}","templated":true}]}}