{"id":40005,"date":"2026-09-03T16:37:57","date_gmt":"2026-09-03T22:37:57","guid":{"rendered":"https:\/\/thepueblatimes.mx\/?p=40005"},"modified":"2026-09-03T16:37:57","modified_gmt":"2026-09-03T22:37:57","slug":"gali-sacude-la-mesa-rumbo-al-27","status":"publish","type":"post","link":"https:\/\/thepueblatimes.mx\/index.php\/2026\/09\/03\/gali-sacude-la-mesa-rumbo-al-27\/","title":{"rendered":"Gali sacude la mesa rumbo al 27"},"content":{"rendered":"<p>LA PASARELA \/ POR JORGE CASTILLO<\/p>\n<p>&nbsp;<\/p>\n<p>Tony Gali Fayad caus\u00f3 un cisma pol\u00edtico en Puebla.<\/p>\n<p>El anuncio de que se incorpor\u00f3 a Movimiento Ciudadano* modifica desde ahora las condiciones de la competencia pol\u00edtica en Puebla rumbo a 2027.<\/p>\n<p>&nbsp;<\/p>\n<p>El exgobernador no aterriza en un partido cualquiera ni en un momento cualquiera y no es casual.<\/p>\n<p>&nbsp;<\/p>\n<p>Como en un juego de billar, el golpe fue a tres bandas.<\/p>\n<p>&nbsp;<\/p>\n<p>La primera golpea al PAN, partido con el que Gali construy\u00f3 buena parte de su carrera pol\u00edtica, primero como alcalde de Puebla y despu\u00e9s como gobernador.<\/p>\n<p>&nbsp;<\/p>\n<p>Aunque desde hace a\u00f1os tom\u00f3 distancia de la actividad partidista, conserva relaciones, operadores y simpat\u00edas entre sectores que caminaron con el panismo durante el morenovallismo.<\/p>\n<p>&nbsp;<\/p>\n<p>MC ahora puede pescar precisamente en ese electorado.<\/p>\n<p>&nbsp;<\/p>\n<p>Romper, en t\u00e9rminos billar\u00edsticos.<\/p>\n<p>&nbsp;<\/p>\n<p>La segunda banda alcanza a N\u00e9stor Camarillo Medina, quien lleg\u00f3 al partido naranja con su sue\u00f1o de ser el candidato a la presidencia municipal de Puebla.<\/p>\n<p>&nbsp;<\/p>\n<p>El senador encontr\u00f3 espacio despu\u00e9s de destrozar al PRI y parec\u00eda avanzar sin demasiados obst\u00e1culos dentro de su nueva casa pol\u00edtica.<\/p>\n<p>&nbsp;<\/p>\n<p>La llegada de Gali cambia las condiciones.<\/p>\n<p>&nbsp;<\/p>\n<p>Camarillo ya no es necesariamente la principal carta disponible para una eventual candidatura a la alcald\u00eda.<\/p>\n<p>&nbsp;<\/p>\n<p>Por eso tampoco pasa inadvertida la urgencia con la que convoc\u00f3 a una rueda de prensa para este jueves.<\/p>\n<p>&nbsp;<\/p>\n<p>Habr\u00e1 que escuchar qu\u00e9 dice y, sobre todo, c\u00f3mo se acomoda.<\/p>\n<p>&nbsp;<\/p>\n<p>La tercera banda pega en Morena.<\/p>\n<p>&nbsp;<\/p>\n<p>La incorporaci\u00f3n del exgobernador gener\u00f3 inquietud entre grupos del partido oficial porque Gali mantiene interlocuci\u00f3n con personajes de distintas fuerzas pol\u00edticas y porque su capital electoral puede alterar una contienda que hasta hace unos d\u00edas parec\u00eda concentrarse fundamentalmente entre Morena y el PAN.<\/p>\n<p>&nbsp;<\/p>\n<p>Tambi\u00e9n circula una versi\u00f3n que deber\u00e1 observarse con cuidado.<\/p>\n<p>&nbsp;<\/p>\n<p>Que su llegada a MC estar\u00eda relacionada con acuerdos que habr\u00eda tenido con algunos grupos morenistas y que finalmente no se cumplieron.<\/p>\n<p>&nbsp;<\/p>\n<p>De todos es sabido que Gali todav\u00eda tiene positivos, conserva estructura y mantiene presencia entre sectores empresariales, pol\u00edticos y sociales de Puebla.<\/p>\n<p>&nbsp;<\/p>\n<p>Su nombre sigue pesando.<\/p>\n<p>&nbsp;<\/p>\n<p>Tanto que tampoco deber\u00eda descartarse completamente verlo en una boleta por la presidencia municipal de Puebla.<\/p>\n<p>&nbsp;<\/p>\n<p>Y si decide no competir, su grupo podr\u00eda convertirse en fiel de la balanza en una elecci\u00f3n cerrada.<\/p>\n<p>&nbsp;<\/p>\n<p>Para Fedrha Suriano, adem\u00e1s, representa el golpe pol\u00edtico que necesitaba despu\u00e9s de meses en los que personajes reci\u00e9n llegados comenzaban a generar problemas.<\/p>\n<p>&nbsp;<\/p>\n<p>Camarillo parec\u00eda dispuesto a quedarse con buena parte del tablero naranja, pero ahora parece que se ir\u00e1 al banquillo.<\/p>\n<p>&nbsp;<\/p>\n<p>Lo cierto es que Tony Gali sacudi\u00f3 la mesa y oblig\u00f3 al PAN, Morena y al propio Movimiento Ciudadano a revisar sus jugadas rumbo a 2027.<\/p>\n<p>&nbsp;<\/p>\n<p>Las bolas ya est\u00e1n en movimiento.<\/p>\n<p>&nbsp;<\/p>\n<p>Falta saber qui\u00e9n har\u00e1 la carambola y qui\u00e9n terminar\u00e1 en la buchaca.<\/p>\n<p>&nbsp;<\/p>\n<p>Tiempo al tiempo.<\/p>\n","protected":false},"excerpt":{"rendered":"<p>LA PASARELA \/ POR JORGE CASTILLO &nbsp; Tony Gali Fayad caus\u00f3 un cisma pol\u00edtico en Puebla. El anuncio de que se incorpor\u00f3 a Movimiento Ciudadano* modifica desde ahora las condiciones de la competencia pol\u00edtica en Puebla rumbo a 2027. &nbsp; El exgobernador no aterriza en un partido cualquiera ni en un momento cualquiera y no&#8230;<\/p>\n","protected":false},"author":16,"featured_media":40009,"comment_status":"closed","ping_status":"closed","sticky":false,"template":"","format":"standard","meta":[],"categories":[5214,10],"tags":[1620,1366,49,1382],"yoast_head":"<!-- This site is optimized with the Yoast SEO plugin v20.8 - https:\/\/yoast.com\/wordpress\/plugins\/seo\/ -->\n<title>Gali sacude la mesa rumbo al 27 - The Puebla Times<\/title>\n<meta name=\"robots\" content=\"index, follow, max-snippet:-1, max-image-preview:large, max-video-preview:-1\" \/>\n<link rel=\"canonical\" href=\"https:\/\/thepueblatimes.mx\/index.php\/2026\/09\/03\/gali-sacude-la-mesa-rumbo-al-27\/\" \/>\n<meta property=\"og:locale\" content=\"es_ES\" \/>\n<meta property=\"og:type\" content=\"article\" \/>\n<meta property=\"og:title\" content=\"Gali sacude la mesa rumbo al 27 - The Puebla Times\" \/>\n<meta property=\"og:description\" content=\"LA PASARELA \/ POR JORGE CASTILLO &nbsp; Tony Gali Fayad caus\u00f3 un cisma pol\u00edtico en Puebla. El anuncio de que se incorpor\u00f3 a Movimiento Ciudadano* modifica desde ahora las condiciones de la competencia pol\u00edtica en Puebla rumbo a 2027. &nbsp; El exgobernador no aterriza en un partido cualquiera ni en un momento cualquiera y no...\" \/>\n<meta property=\"og:url\" content=\"https:\/\/thepueblatimes.mx\/index.php\/2026\/09\/03\/gali-sacude-la-mesa-rumbo-al-27\/\" \/>\n<meta property=\"og:site_name\" content=\"The Puebla Times\" \/>\n<meta property=\"article:published_time\" content=\"2026-09-03T22:37:57+00:00\" \/>\n<meta property=\"og:image\" content=\"https:\/\/thepueblatimes.mx\/wp-content\/uploads\/2026\/09\/HRQJxE3aMAA9rFT.jpg\" \/>\n\t<meta property=\"og:image:width\" content=\"1448\" \/>\n\t<meta property=\"og:image:height\" content=\"1086\" \/>\n\t<meta property=\"og:image:type\" content=\"image\/jpeg\" \/>\n<meta name=\"author\" content=\"Sa\u00fal Hern\u00e1ndez\" \/>\n<meta name=\"twitter:card\" content=\"summary_large_image\" \/>\n<meta name=\"twitter:label1\" content=\"Escrito por\" \/>\n\t<meta name=\"twitter:data1\" content=\"Sa\u00fal Hern\u00e1ndez\" \/>\n\t<meta name=\"twitter:label2\" content=\"Tiempo de lectura\" \/>\n\t<meta name=\"twitter:data2\" content=\"3 minutos\" \/>\n<script type=\"application\/ld+json\" class=\"yoast-schema-graph\">{\"@context\":\"https:\/\/schema.org\",\"@graph\":[{\"@type\":\"WebPage\",\"@id\":\"https:\/\/thepueblatimes.mx\/index.php\/2026\/09\/03\/gali-sacude-la-mesa-rumbo-al-27\/\",\"url\":\"https:\/\/thepueblatimes.mx\/index.php\/2026\/09\/03\/gali-sacude-la-mesa-rumbo-al-27\/\",\"name\":\"Gali sacude la mesa rumbo al 27 - The Puebla Times\",\"isPartOf\":{\"@id\":\"https:\/\/thepueblatimes.mx\/#website\"},\"datePublished\":\"2026-09-03T22:37:57+00:00\",\"dateModified\":\"2026-09-03T22:37:57+00:00\",\"author\":{\"@id\":\"https:\/\/thepueblatimes.mx\/#\/schema\/person\/1664894c2f65ce2c7a08d8f5f905c13c\"},\"breadcrumb\":{\"@id\":\"https:\/\/thepueblatimes.mx\/index.php\/2026\/09\/03\/gali-sacude-la-mesa-rumbo-al-27\/#breadcrumb\"},\"inLanguage\":\"es\",\"potentialAction\":[{\"@type\":\"ReadAction\",\"target\":[\"https:\/\/thepueblatimes.mx\/index.php\/2026\/09\/03\/gali-sacude-la-mesa-rumbo-al-27\/\"]}]},{\"@type\":\"BreadcrumbList\",\"@id\":\"https:\/\/thepueblatimes.mx\/index.php\/2026\/09\/03\/gali-sacude-la-mesa-rumbo-al-27\/#breadcrumb\",\"itemListElement\":[{\"@type\":\"ListItem\",\"position\":1,\"name\":\"Portada\",\"item\":\"https:\/\/thepueblatimes.mx\/\"},{\"@type\":\"ListItem\",\"position\":2,\"name\":\"Gali sacude la mesa rumbo al 27\"}]},{\"@type\":\"WebSite\",\"@id\":\"https:\/\/thepueblatimes.mx\/#website\",\"url\":\"https:\/\/thepueblatimes.mx\/\",\"name\":\"The Puebla Times\",\"description\":\"Noticias del Estado de Puebla\",\"potentialAction\":[{\"@type\":\"SearchAction\",\"target\":{\"@type\":\"EntryPoint\",\"urlTemplate\":\"https:\/\/thepueblatimes.mx\/?s={search_term_string}\"},\"query-input\":\"required name=search_term_string\"}],\"inLanguage\":\"es\"},{\"@type\":\"Person\",\"@id\":\"https:\/\/thepueblatimes.mx\/#\/schema\/person\/1664894c2f65ce2c7a08d8f5f905c13c\",\"name\":\"Sa\u00fal Hern\u00e1ndez\",\"image\":{\"@type\":\"ImageObject\",\"inLanguage\":\"es\",\"@id\":\"https:\/\/thepueblatimes.mx\/#\/schema\/person\/image\/\",\"url\":\"https:\/\/secure.gravatar.com\/avatar\/11be338693f243309532caad8f10c930?s=96&d=mm&r=g\",\"contentUrl\":\"https:\/\/secure.gravatar.com\/avatar\/11be338693f243309532caad8f10c930?s=96&d=mm&r=g\",\"caption\":\"Sa\u00fal Hern\u00e1ndez\"},\"url\":\"https:\/\/thepueblatimes.mx\/index.php\/author\/saulhernandez\/\"}]}<\/script>\n<!-- \/ Yoast SEO plugin. -->","yoast_head_json":{"title":"Gali sacude la mesa rumbo al 27 - The Puebla Times","robots":{"index":"index","follow":"follow","max-snippet":"max-snippet:-1","max-image-preview":"max-image-preview:large","max-video-preview":"max-video-preview:-1"},"canonical":"https:\/\/thepueblatimes.mx\/index.php\/2026\/09\/03\/gali-sacude-la-mesa-rumbo-al-27\/","og_locale":"es_ES","og_type":"article","og_title":"Gali sacude la mesa rumbo al 27 - The Puebla Times","og_description":"LA PASARELA \/ POR JORGE CASTILLO &nbsp; Tony Gali Fayad caus\u00f3 un cisma pol\u00edtico en Puebla. El anuncio de que se incorpor\u00f3 a Movimiento Ciudadano* modifica desde ahora las condiciones de la competencia pol\u00edtica en Puebla rumbo a 2027. &nbsp; El exgobernador no aterriza en un partido cualquiera ni en un momento cualquiera y no...","og_url":"https:\/\/thepueblatimes.mx\/index.php\/2026\/09\/03\/gali-sacude-la-mesa-rumbo-al-27\/","og_site_name":"The Puebla Times","article_published_time":"2026-09-03T22:37:57+00:00","og_image":[{"width":1448,"height":1086,"url":"https:\/\/thepueblatimes.mx\/wp-content\/uploads\/2026\/09\/HRQJxE3aMAA9rFT.jpg","type":"image\/jpeg"}],"author":"Sa\u00fal Hern\u00e1ndez","twitter_card":"summary_large_image","twitter_misc":{"Escrito por":"Sa\u00fal Hern\u00e1ndez","Tiempo de lectura":"3 minutos"},"schema":{"@context":"https:\/\/schema.org","@graph":[{"@type":"WebPage","@id":"https:\/\/thepueblatimes.mx\/index.php\/2026\/09\/03\/gali-sacude-la-mesa-rumbo-al-27\/","url":"https:\/\/thepueblatimes.mx\/index.php\/2026\/09\/03\/gali-sacude-la-mesa-rumbo-al-27\/","name":"Gali sacude la mesa rumbo al 27 - The Puebla Times","isPartOf":{"@id":"https:\/\/thepueblatimes.mx\/#website"},"datePublished":"2026-09-03T22:37:57+00:00","dateModified":"2026-09-03T22:37:57+00:00","author":{"@id":"https:\/\/thepueblatimes.mx\/#\/schema\/person\/1664894c2f65ce2c7a08d8f5f905c13c"},"breadcrumb":{"@id":"https:\/\/thepueblatimes.mx\/index.php\/2026\/09\/03\/gali-sacude-la-mesa-rumbo-al-27\/#breadcrumb"},"inLanguage":"es","potentialAction":[{"@type":"ReadAction","target":["https:\/\/thepueblatimes.mx\/index.php\/2026\/09\/03\/gali-sacude-la-mesa-rumbo-al-27\/"]}]},{"@type":"BreadcrumbList","@id":"https:\/\/thepueblatimes.mx\/index.php\/2026\/09\/03\/gali-sacude-la-mesa-rumbo-al-27\/#breadcrumb","itemListElement":[{"@type":"ListItem","position":1,"name":"Portada","item":"https:\/\/thepueblatimes.mx\/"},{"@type":"ListItem","position":2,"name":"Gali sacude la mesa rumbo al 27"}]},{"@type":"WebSite","@id":"https:\/\/thepueblatimes.mx\/#website","url":"https:\/\/thepueblatimes.mx\/","name":"The Puebla Times","description":"Noticias del Estado de Puebla","potentialAction":[{"@type":"SearchAction","target":{"@type":"EntryPoint","urlTemplate":"https:\/\/thepueblatimes.mx\/?s={search_term_string}"},"query-input":"required name=search_term_string"}],"inLanguage":"es"},{"@type":"Person","@id":"https:\/\/thepueblatimes.mx\/#\/schema\/person\/1664894c2f65ce2c7a08d8f5f905c13c","name":"Sa\u00fal Hern\u00e1ndez","image":{"@type":"ImageObject","inLanguage":"es","@id":"https:\/\/thepueblatimes.mx\/#\/schema\/person\/image\/","url":"https:\/\/secure.gravatar.com\/avatar\/11be338693f243309532caad8f10c930?s=96&d=mm&r=g","contentUrl":"https:\/\/secure.gravatar.com\/avatar\/11be338693f243309532caad8f10c930?s=96&d=mm&r=g","caption":"Sa\u00fal Hern\u00e1ndez"},"url":"https:\/\/thepueblatimes.mx\/index.php\/author\/saulhernandez\/"}]}},"jetpack_featured_media_url":"https:\/\/thepueblatimes.mx\/wp-content\/uploads\/2026\/09\/HRQJxE3aMAA9rFT.jpg","_links":{"self":[{"href":"https:\/\/thepueblatimes.mx\/index.php\/wp-json\/wp\/v2\/posts\/40005"}],"collection":[{"href":"https:\/\/thepueblatimes.mx\/index.php\/wp-json\/wp\/v2\/posts"}],"about":[{"href":"https:\/\/thepueblatimes.mx\/index.php\/wp-json\/wp\/v2\/types\/post"}],"author":[{"embeddable":true,"href":"https:\/\/thepueblatimes.mx\/index.php\/wp-json\/wp\/v2\/users\/16"}],"replies":[{"embeddable":true,"href":"https:\/\/thepueblatimes.mx\/index.php\/wp-json\/wp\/v2\/comments?post=40005"}],"version-history":[{"count":1,"href":"https:\/\/thepueblatimes.mx\/index.php\/wp-json\/wp\/v2\/posts\/40005\/revisions"}],"predecessor-version":[{"id":40010,"href":"https:\/\/thepueblatimes.mx\/index.php\/wp-json\/wp\/v2\/posts\/40005\/revisions\/40010"}],"wp:featuredmedia":[{"embeddable":true,"href":"https:\/\/thepueblatimes.mx\/index.php\/wp-json\/wp\/v2\/media\/40009"}],"wp:attachment":[{"href":"https:\/\/thepueblatimes.mx\/index.php\/wp-json\/wp\/v2\/media?parent=40005"}],"wp:term":[{"taxonomy":"category","embeddable":true,"href":"https:\/\/thepueblatimes.mx\/index.php\/wp-json\/wp\/v2\/categories?post=40005"},{"taxonomy":"post_tag","embeddable":true,"href":"https:\/\/thepueblatimes.mx\/index.php\/wp-json\/wp\/v2\/tags?post=40005"}],"curies":[{"name":"wp","href":"https:\/\/api.w.org\/{rel}","templated":true}]}}