{"id":39996,"date":"2026-09-02T17:11:45","date_gmt":"2026-09-02T23:11:45","guid":{"rendered":"https:\/\/thepueblatimes.mx\/?p=39996"},"modified":"2026-09-02T17:11:45","modified_gmt":"2026-09-02T23:11:45","slug":"lleva-gobierno-de-pepe-chedraui-programa-alimentacion-imparable-a-san-felipe-hueyotlipan","status":"publish","type":"post","link":"https:\/\/thepueblatimes.mx\/index.php\/2026\/09\/02\/lleva-gobierno-de-pepe-chedraui-programa-alimentacion-imparable-a-san-felipe-hueyotlipan\/","title":{"rendered":"Lleva Gobierno de Pepe Chedraui programa \u201cAlimentaci\u00f3n Imparable\u201d a San Felipe Hueyotlipan"},"content":{"rendered":"<h3><em>&#8211; A trav\u00e9s del DIF Puebla Capital, entreg\u00f3 m\u00e1s de 12 mil despensas con productos de la canasta b\u00e1sica<\/em><\/h3>\n<p>Puebla, Puebla. \u2013 Como parte de la estrategia para fortalecer la seguridad alimentaria en la capital poblana, el Gobierno de la Ciudad que preside el alcalde Pepe Chedraui, a trav\u00e9s del DIF Puebla Capital, que encabeza la presidenta del Patronato, MariElise Budib, ejecut\u00f3 la entrega de 12 mil 585 despensas del programa \u201cAlimentaci\u00f3n Imparable\u201d en la Junta Auxiliar de San Felipe Hueyotlipan.<\/p>\n<p>En representaci\u00f3n del presidente municipal Pepe Chedraui, el director general del DIF Puebla Capital, Jes\u00fas Alejandro Cort\u00e9s Carrasco, asegur\u00f3 que el programa \u201cAlimentaci\u00f3n Imparable\u201d no solo la entrega de despensas con alimentos nutritivos y equilibrados, sino tambi\u00e9n es una muestra del compromiso que el alcalde y la presidenta del Patronato, MariElise Budib, tienen con las familias poblanas.<\/p>\n<p>\u201cQueremos contribuir para que los alimentos de la canasta b\u00e1sica lleguen a su mesa y sean un respaldo para la econom\u00eda de sus familias. Porque ninguna ni\u00f1a y ning\u00fan ni\u00f1o debe irse a dormir sin haber comido, y ninguna persona con discapacidad o adulto mayor tiene que vivir con la incertidumbre de no saber qu\u00e9 llevar\u00e1 a su mesa este d\u00eda\u201d, explic\u00f3 Jes\u00fas Alejandro Cort\u00e9s Carrasco.<\/p>\n<p>A su vez, el presidente auxiliar de San Felipe Hueyotlipan, Jos\u00e9 Baraquiel Calva Lim\u00f3n, destac\u00f3 que esta entrega de \u201cAlimentaci\u00f3n Imparable\u201d representa la tercera ocasi\u00f3n que se lleva a cabo en su localidad, lo que apoya a las familias a tener un sustento y a abonar a su seguridad alimentaria.<\/p>\n<p>Cabe recordar que las despensas entregadas como parte del programa \u201cAlimentaci\u00f3n Imparable\u201d contienen productos de la canasta b\u00e1sica como pasta, frijol, arroz, at\u00fan y otros art\u00edculos no perecederos, los cuales est\u00e1n pensados para colaborar a tener una nutrici\u00f3n mejor balanceada, sobre todo, al pensar en ni\u00f1as y ni\u00f1os no escolarizados, lactantes, personas con discapacidad y personas adultas mayores.<\/p>\n<p>De esta forma, el Gobierno de la Ciudad, a trav\u00e9s del DIF Puebla Capital, reafirma su vocaci\u00f3n de servicio y su compromiso con los grupos de atenci\u00f3n prioritaria, al dise\u00f1ar pol\u00edticas p\u00fablicas que se traduzcan en bienestar, tranquilidad y mayores oportunidades de desarrollo para todas y todos.<\/p>\n","protected":false},"excerpt":{"rendered":"<p>&#8211; A trav\u00e9s del DIF Puebla Capital, entreg\u00f3 m\u00e1s de 12 mil despensas con productos de la canasta b\u00e1sica Puebla, Puebla. \u2013 Como parte de la estrategia para fortalecer la seguridad alimentaria en la capital poblana, el Gobierno de la Ciudad que preside el alcalde Pepe Chedraui, a trav\u00e9s del DIF Puebla Capital, que encabeza&#8230;<\/p>\n","protected":false},"author":16,"featured_media":39997,"comment_status":"closed","ping_status":"closed","sticky":false,"template":"","format":"standard","meta":[],"categories":[20],"tags":[1287,3074],"yoast_head":"<!-- This site is optimized with the Yoast SEO plugin v20.8 - https:\/\/yoast.com\/wordpress\/plugins\/seo\/ -->\n<title>Lleva Gobierno de Pepe Chedraui programa \u201cAlimentaci\u00f3n Imparable\u201d a San Felipe Hueyotlipan - The Puebla Times<\/title>\n<meta name=\"robots\" content=\"index, follow, max-snippet:-1, max-image-preview:large, max-video-preview:-1\" \/>\n<link rel=\"canonical\" href=\"https:\/\/thepueblatimes.mx\/index.php\/2026\/09\/02\/lleva-gobierno-de-pepe-chedraui-programa-alimentacion-imparable-a-san-felipe-hueyotlipan\/\" \/>\n<meta property=\"og:locale\" content=\"es_ES\" \/>\n<meta property=\"og:type\" content=\"article\" \/>\n<meta property=\"og:title\" content=\"Lleva Gobierno de Pepe Chedraui programa \u201cAlimentaci\u00f3n Imparable\u201d a San Felipe Hueyotlipan - The Puebla Times\" \/>\n<meta property=\"og:description\" content=\"&#8211; A trav\u00e9s del DIF Puebla Capital, entreg\u00f3 m\u00e1s de 12 mil despensas con productos de la canasta b\u00e1sica Puebla, Puebla. \u2013 Como parte de la estrategia para fortalecer la seguridad alimentaria en la capital poblana, el Gobierno de la Ciudad que preside el alcalde Pepe Chedraui, a trav\u00e9s del DIF Puebla Capital, que encabeza...\" \/>\n<meta property=\"og:url\" content=\"https:\/\/thepueblatimes.mx\/index.php\/2026\/09\/02\/lleva-gobierno-de-pepe-chedraui-programa-alimentacion-imparable-a-san-felipe-hueyotlipan\/\" \/>\n<meta property=\"og:site_name\" content=\"The Puebla Times\" \/>\n<meta property=\"article:published_time\" content=\"2026-09-02T23:11:45+00:00\" \/>\n<meta property=\"og:image\" content=\"https:\/\/thepueblatimes.mx\/wp-content\/uploads\/2026\/09\/WhatsApp-Image-2026-09-02-at-13.47.57.jpeg\" \/>\n\t<meta property=\"og:image:width\" content=\"2560\" \/>\n\t<meta property=\"og:image:height\" content=\"1264\" \/>\n\t<meta property=\"og:image:type\" content=\"image\/jpeg\" \/>\n<meta name=\"author\" content=\"Sa\u00fal Hern\u00e1ndez\" \/>\n<meta name=\"twitter:card\" content=\"summary_large_image\" \/>\n<meta name=\"twitter:label1\" content=\"Escrito por\" \/>\n\t<meta name=\"twitter:data1\" content=\"Sa\u00fal Hern\u00e1ndez\" \/>\n\t<meta name=\"twitter:label2\" content=\"Tiempo de lectura\" \/>\n\t<meta name=\"twitter:data2\" content=\"2 minutos\" \/>\n<script type=\"application\/ld+json\" class=\"yoast-schema-graph\">{\"@context\":\"https:\/\/schema.org\",\"@graph\":[{\"@type\":\"WebPage\",\"@id\":\"https:\/\/thepueblatimes.mx\/index.php\/2026\/09\/02\/lleva-gobierno-de-pepe-chedraui-programa-alimentacion-imparable-a-san-felipe-hueyotlipan\/\",\"url\":\"https:\/\/thepueblatimes.mx\/index.php\/2026\/09\/02\/lleva-gobierno-de-pepe-chedraui-programa-alimentacion-imparable-a-san-felipe-hueyotlipan\/\",\"name\":\"Lleva Gobierno de Pepe Chedraui programa \u201cAlimentaci\u00f3n Imparable\u201d a San Felipe Hueyotlipan - The Puebla Times\",\"isPartOf\":{\"@id\":\"https:\/\/thepueblatimes.mx\/#website\"},\"datePublished\":\"2026-09-02T23:11:45+00:00\",\"dateModified\":\"2026-09-02T23:11:45+00:00\",\"author\":{\"@id\":\"https:\/\/thepueblatimes.mx\/#\/schema\/person\/1664894c2f65ce2c7a08d8f5f905c13c\"},\"breadcrumb\":{\"@id\":\"https:\/\/thepueblatimes.mx\/index.php\/2026\/09\/02\/lleva-gobierno-de-pepe-chedraui-programa-alimentacion-imparable-a-san-felipe-hueyotlipan\/#breadcrumb\"},\"inLanguage\":\"es\",\"potentialAction\":[{\"@type\":\"ReadAction\",\"target\":[\"https:\/\/thepueblatimes.mx\/index.php\/2026\/09\/02\/lleva-gobierno-de-pepe-chedraui-programa-alimentacion-imparable-a-san-felipe-hueyotlipan\/\"]}]},{\"@type\":\"BreadcrumbList\",\"@id\":\"https:\/\/thepueblatimes.mx\/index.php\/2026\/09\/02\/lleva-gobierno-de-pepe-chedraui-programa-alimentacion-imparable-a-san-felipe-hueyotlipan\/#breadcrumb\",\"itemListElement\":[{\"@type\":\"ListItem\",\"position\":1,\"name\":\"Portada\",\"item\":\"https:\/\/thepueblatimes.mx\/\"},{\"@type\":\"ListItem\",\"position\":2,\"name\":\"Lleva Gobierno de Pepe Chedraui programa \u201cAlimentaci\u00f3n Imparable\u201d a San Felipe Hueyotlipan\"}]},{\"@type\":\"WebSite\",\"@id\":\"https:\/\/thepueblatimes.mx\/#website\",\"url\":\"https:\/\/thepueblatimes.mx\/\",\"name\":\"The Puebla Times\",\"description\":\"Noticias del Estado de Puebla\",\"potentialAction\":[{\"@type\":\"SearchAction\",\"target\":{\"@type\":\"EntryPoint\",\"urlTemplate\":\"https:\/\/thepueblatimes.mx\/?s={search_term_string}\"},\"query-input\":\"required name=search_term_string\"}],\"inLanguage\":\"es\"},{\"@type\":\"Person\",\"@id\":\"https:\/\/thepueblatimes.mx\/#\/schema\/person\/1664894c2f65ce2c7a08d8f5f905c13c\",\"name\":\"Sa\u00fal Hern\u00e1ndez\",\"image\":{\"@type\":\"ImageObject\",\"inLanguage\":\"es\",\"@id\":\"https:\/\/thepueblatimes.mx\/#\/schema\/person\/image\/\",\"url\":\"https:\/\/secure.gravatar.com\/avatar\/11be338693f243309532caad8f10c930?s=96&d=mm&r=g\",\"contentUrl\":\"https:\/\/secure.gravatar.com\/avatar\/11be338693f243309532caad8f10c930?s=96&d=mm&r=g\",\"caption\":\"Sa\u00fal Hern\u00e1ndez\"},\"url\":\"https:\/\/thepueblatimes.mx\/index.php\/author\/saulhernandez\/\"}]}<\/script>\n<!-- \/ Yoast SEO plugin. -->","yoast_head_json":{"title":"Lleva Gobierno de Pepe Chedraui programa \u201cAlimentaci\u00f3n Imparable\u201d a San Felipe Hueyotlipan - The Puebla Times","robots":{"index":"index","follow":"follow","max-snippet":"max-snippet:-1","max-image-preview":"max-image-preview:large","max-video-preview":"max-video-preview:-1"},"canonical":"https:\/\/thepueblatimes.mx\/index.php\/2026\/09\/02\/lleva-gobierno-de-pepe-chedraui-programa-alimentacion-imparable-a-san-felipe-hueyotlipan\/","og_locale":"es_ES","og_type":"article","og_title":"Lleva Gobierno de Pepe Chedraui programa \u201cAlimentaci\u00f3n Imparable\u201d a San Felipe Hueyotlipan - The Puebla Times","og_description":"&#8211; A trav\u00e9s del DIF Puebla Capital, entreg\u00f3 m\u00e1s de 12 mil despensas con productos de la canasta b\u00e1sica Puebla, Puebla. \u2013 Como parte de la estrategia para fortalecer la seguridad alimentaria en la capital poblana, el Gobierno de la Ciudad que preside el alcalde Pepe Chedraui, a trav\u00e9s del DIF Puebla Capital, que encabeza...","og_url":"https:\/\/thepueblatimes.mx\/index.php\/2026\/09\/02\/lleva-gobierno-de-pepe-chedraui-programa-alimentacion-imparable-a-san-felipe-hueyotlipan\/","og_site_name":"The Puebla Times","article_published_time":"2026-09-02T23:11:45+00:00","og_image":[{"width":2560,"height":1264,"url":"https:\/\/thepueblatimes.mx\/wp-content\/uploads\/2026\/09\/WhatsApp-Image-2026-09-02-at-13.47.57.jpeg","type":"image\/jpeg"}],"author":"Sa\u00fal Hern\u00e1ndez","twitter_card":"summary_large_image","twitter_misc":{"Escrito por":"Sa\u00fal Hern\u00e1ndez","Tiempo de lectura":"2 minutos"},"schema":{"@context":"https:\/\/schema.org","@graph":[{"@type":"WebPage","@id":"https:\/\/thepueblatimes.mx\/index.php\/2026\/09\/02\/lleva-gobierno-de-pepe-chedraui-programa-alimentacion-imparable-a-san-felipe-hueyotlipan\/","url":"https:\/\/thepueblatimes.mx\/index.php\/2026\/09\/02\/lleva-gobierno-de-pepe-chedraui-programa-alimentacion-imparable-a-san-felipe-hueyotlipan\/","name":"Lleva Gobierno de Pepe Chedraui programa \u201cAlimentaci\u00f3n Imparable\u201d a San Felipe Hueyotlipan - The Puebla Times","isPartOf":{"@id":"https:\/\/thepueblatimes.mx\/#website"},"datePublished":"2026-09-02T23:11:45+00:00","dateModified":"2026-09-02T23:11:45+00:00","author":{"@id":"https:\/\/thepueblatimes.mx\/#\/schema\/person\/1664894c2f65ce2c7a08d8f5f905c13c"},"breadcrumb":{"@id":"https:\/\/thepueblatimes.mx\/index.php\/2026\/09\/02\/lleva-gobierno-de-pepe-chedraui-programa-alimentacion-imparable-a-san-felipe-hueyotlipan\/#breadcrumb"},"inLanguage":"es","potentialAction":[{"@type":"ReadAction","target":["https:\/\/thepueblatimes.mx\/index.php\/2026\/09\/02\/lleva-gobierno-de-pepe-chedraui-programa-alimentacion-imparable-a-san-felipe-hueyotlipan\/"]}]},{"@type":"BreadcrumbList","@id":"https:\/\/thepueblatimes.mx\/index.php\/2026\/09\/02\/lleva-gobierno-de-pepe-chedraui-programa-alimentacion-imparable-a-san-felipe-hueyotlipan\/#breadcrumb","itemListElement":[{"@type":"ListItem","position":1,"name":"Portada","item":"https:\/\/thepueblatimes.mx\/"},{"@type":"ListItem","position":2,"name":"Lleva Gobierno de Pepe Chedraui programa \u201cAlimentaci\u00f3n Imparable\u201d a San Felipe Hueyotlipan"}]},{"@type":"WebSite","@id":"https:\/\/thepueblatimes.mx\/#website","url":"https:\/\/thepueblatimes.mx\/","name":"The Puebla Times","description":"Noticias del Estado de Puebla","potentialAction":[{"@type":"SearchAction","target":{"@type":"EntryPoint","urlTemplate":"https:\/\/thepueblatimes.mx\/?s={search_term_string}"},"query-input":"required name=search_term_string"}],"inLanguage":"es"},{"@type":"Person","@id":"https:\/\/thepueblatimes.mx\/#\/schema\/person\/1664894c2f65ce2c7a08d8f5f905c13c","name":"Sa\u00fal Hern\u00e1ndez","image":{"@type":"ImageObject","inLanguage":"es","@id":"https:\/\/thepueblatimes.mx\/#\/schema\/person\/image\/","url":"https:\/\/secure.gravatar.com\/avatar\/11be338693f243309532caad8f10c930?s=96&d=mm&r=g","contentUrl":"https:\/\/secure.gravatar.com\/avatar\/11be338693f243309532caad8f10c930?s=96&d=mm&r=g","caption":"Sa\u00fal Hern\u00e1ndez"},"url":"https:\/\/thepueblatimes.mx\/index.php\/author\/saulhernandez\/"}]}},"jetpack_featured_media_url":"https:\/\/thepueblatimes.mx\/wp-content\/uploads\/2026\/09\/WhatsApp-Image-2026-09-02-at-13.47.57.jpeg","_links":{"self":[{"href":"https:\/\/thepueblatimes.mx\/index.php\/wp-json\/wp\/v2\/posts\/39996"}],"collection":[{"href":"https:\/\/thepueblatimes.mx\/index.php\/wp-json\/wp\/v2\/posts"}],"about":[{"href":"https:\/\/thepueblatimes.mx\/index.php\/wp-json\/wp\/v2\/types\/post"}],"author":[{"embeddable":true,"href":"https:\/\/thepueblatimes.mx\/index.php\/wp-json\/wp\/v2\/users\/16"}],"replies":[{"embeddable":true,"href":"https:\/\/thepueblatimes.mx\/index.php\/wp-json\/wp\/v2\/comments?post=39996"}],"version-history":[{"count":1,"href":"https:\/\/thepueblatimes.mx\/index.php\/wp-json\/wp\/v2\/posts\/39996\/revisions"}],"predecessor-version":[{"id":39998,"href":"https:\/\/thepueblatimes.mx\/index.php\/wp-json\/wp\/v2\/posts\/39996\/revisions\/39998"}],"wp:featuredmedia":[{"embeddable":true,"href":"https:\/\/thepueblatimes.mx\/index.php\/wp-json\/wp\/v2\/media\/39997"}],"wp:attachment":[{"href":"https:\/\/thepueblatimes.mx\/index.php\/wp-json\/wp\/v2\/media?parent=39996"}],"wp:term":[{"taxonomy":"category","embeddable":true,"href":"https:\/\/thepueblatimes.mx\/index.php\/wp-json\/wp\/v2\/categories?post=39996"},{"taxonomy":"post_tag","embeddable":true,"href":"https:\/\/thepueblatimes.mx\/index.php\/wp-json\/wp\/v2\/tags?post=39996"}],"curies":[{"name":"wp","href":"https:\/\/api.w.org\/{rel}","templated":true}]}}