{"id":39987,"date":"2026-09-02T15:14:46","date_gmt":"2026-09-02T21:14:46","guid":{"rendered":"https:\/\/thepueblatimes.mx\/?p=39987"},"modified":"2026-09-02T15:14:46","modified_gmt":"2026-09-02T21:14:46","slug":"no-se-realizara-consulta-sobre-el-cablebus-garcia-parra","status":"publish","type":"post","link":"https:\/\/thepueblatimes.mx\/index.php\/2026\/09\/02\/no-se-realizara-consulta-sobre-el-cablebus-garcia-parra\/","title":{"rendered":"No se realizar\u00e1 consulta sobre el Cableb\u00fas: Garc\u00eda Parra"},"content":{"rendered":"<p>El coordinador de Gabinete, Jos\u00e9 Luis Garc\u00eda Parra, asever\u00f3 que el Cableb\u00fas form\u00f3 parte de las propuestas de campa\u00f1a de Alejandro Armenta, por lo que el resultado electoral representa un aval ciudadano para ejecutar la obra.<\/p>\n<p>En consecuencia, el gobierno estatal de Puebla descarta realizar una consulta ciudadana para definir si se construye el Cableb\u00fas.<\/p>\n<p>Expres\u00f3 \u201c\u00bfqu\u00e9 mejor consulta ciudadana que eso? Era parte de sus propuestas de campa\u00f1a y gan\u00f3 con casi 2 millones de votos.<\/p>\n<p>Adem\u00e1s, record\u00f3 que en torno al proyecto existen alrededor de 70 estudios t\u00e9cnicos que respaldan la viabilidad social y econ\u00f3mica del proyecto, por lo que descart\u00f3 la necesidad de someterlo nuevamente a consideraci\u00f3n de la poblaci\u00f3n.<\/p>\n<p>Por otra parte, Garc\u00eda Parra refiri\u00f3 que la administraci\u00f3n estatal inici\u00f3 el proceso de expropiaci\u00f3n del predio que perteneci\u00f3 a la familia Jenkins y que est\u00e1 contemplado para construir la estaci\u00f3n Xonaca del Cableb\u00fas.<\/p>\n","protected":false},"excerpt":{"rendered":"<p>El coordinador de Gabinete, Jos\u00e9 Luis Garc\u00eda Parra, asever\u00f3 que el Cableb\u00fas form\u00f3 parte de las propuestas de campa\u00f1a de Alejandro Armenta, por lo que el resultado electoral representa un aval ciudadano para ejecutar la obra. En consecuencia, el gobierno estatal de Puebla descarta realizar una consulta ciudadana para definir si se construye el Cableb\u00fas&#8230;.<\/p>\n","protected":false},"author":16,"featured_media":39900,"comment_status":"closed","ping_status":"closed","sticky":false,"template":"","format":"standard","meta":[],"categories":[542],"tags":[3791,5275,3475],"yoast_head":"<!-- This site is optimized with the Yoast SEO plugin v20.8 - https:\/\/yoast.com\/wordpress\/plugins\/seo\/ -->\n<title>No se realizar\u00e1 consulta sobre el Cableb\u00fas: Garc\u00eda Parra - The Puebla Times<\/title>\n<meta name=\"robots\" content=\"index, follow, max-snippet:-1, max-image-preview:large, max-video-preview:-1\" \/>\n<link rel=\"canonical\" href=\"https:\/\/thepueblatimes.mx\/index.php\/2026\/09\/02\/no-se-realizara-consulta-sobre-el-cablebus-garcia-parra\/\" \/>\n<meta property=\"og:locale\" content=\"es_ES\" \/>\n<meta property=\"og:type\" content=\"article\" \/>\n<meta property=\"og:title\" content=\"No se realizar\u00e1 consulta sobre el Cableb\u00fas: Garc\u00eda Parra - The Puebla Times\" \/>\n<meta property=\"og:description\" content=\"El coordinador de Gabinete, Jos\u00e9 Luis Garc\u00eda Parra, asever\u00f3 que el Cableb\u00fas form\u00f3 parte de las propuestas de campa\u00f1a de Alejandro Armenta, por lo que el resultado electoral representa un aval ciudadano para ejecutar la obra. En consecuencia, el gobierno estatal de Puebla descarta realizar una consulta ciudadana para definir si se construye el Cableb\u00fas....\" \/>\n<meta property=\"og:url\" content=\"https:\/\/thepueblatimes.mx\/index.php\/2026\/09\/02\/no-se-realizara-consulta-sobre-el-cablebus-garcia-parra\/\" \/>\n<meta property=\"og:site_name\" content=\"The Puebla Times\" \/>\n<meta property=\"article:published_time\" content=\"2026-09-02T21:14:46+00:00\" \/>\n<meta property=\"og:image\" content=\"https:\/\/thepueblatimes.mx\/wp-content\/uploads\/2026\/08\/image-2026-08-28T143408.119.webp\" \/>\n\t<meta property=\"og:image:width\" content=\"1200\" \/>\n\t<meta property=\"og:image:height\" content=\"675\" \/>\n\t<meta property=\"og:image:type\" content=\"image\/webp\" \/>\n<meta name=\"author\" content=\"Sa\u00fal Hern\u00e1ndez\" \/>\n<meta name=\"twitter:card\" content=\"summary_large_image\" \/>\n<meta name=\"twitter:label1\" content=\"Escrito por\" \/>\n\t<meta name=\"twitter:data1\" content=\"Sa\u00fal Hern\u00e1ndez\" \/>\n\t<meta name=\"twitter:label2\" content=\"Tiempo de lectura\" \/>\n\t<meta name=\"twitter:data2\" content=\"1 minuto\" \/>\n<script type=\"application\/ld+json\" class=\"yoast-schema-graph\">{\"@context\":\"https:\/\/schema.org\",\"@graph\":[{\"@type\":\"WebPage\",\"@id\":\"https:\/\/thepueblatimes.mx\/index.php\/2026\/09\/02\/no-se-realizara-consulta-sobre-el-cablebus-garcia-parra\/\",\"url\":\"https:\/\/thepueblatimes.mx\/index.php\/2026\/09\/02\/no-se-realizara-consulta-sobre-el-cablebus-garcia-parra\/\",\"name\":\"No se realizar\u00e1 consulta sobre el Cableb\u00fas: Garc\u00eda Parra - The Puebla Times\",\"isPartOf\":{\"@id\":\"https:\/\/thepueblatimes.mx\/#website\"},\"datePublished\":\"2026-09-02T21:14:46+00:00\",\"dateModified\":\"2026-09-02T21:14:46+00:00\",\"author\":{\"@id\":\"https:\/\/thepueblatimes.mx\/#\/schema\/person\/1664894c2f65ce2c7a08d8f5f905c13c\"},\"breadcrumb\":{\"@id\":\"https:\/\/thepueblatimes.mx\/index.php\/2026\/09\/02\/no-se-realizara-consulta-sobre-el-cablebus-garcia-parra\/#breadcrumb\"},\"inLanguage\":\"es\",\"potentialAction\":[{\"@type\":\"ReadAction\",\"target\":[\"https:\/\/thepueblatimes.mx\/index.php\/2026\/09\/02\/no-se-realizara-consulta-sobre-el-cablebus-garcia-parra\/\"]}]},{\"@type\":\"BreadcrumbList\",\"@id\":\"https:\/\/thepueblatimes.mx\/index.php\/2026\/09\/02\/no-se-realizara-consulta-sobre-el-cablebus-garcia-parra\/#breadcrumb\",\"itemListElement\":[{\"@type\":\"ListItem\",\"position\":1,\"name\":\"Portada\",\"item\":\"https:\/\/thepueblatimes.mx\/\"},{\"@type\":\"ListItem\",\"position\":2,\"name\":\"No se realizar\u00e1 consulta sobre el Cableb\u00fas: Garc\u00eda Parra\"}]},{\"@type\":\"WebSite\",\"@id\":\"https:\/\/thepueblatimes.mx\/#website\",\"url\":\"https:\/\/thepueblatimes.mx\/\",\"name\":\"The Puebla Times\",\"description\":\"Noticias del Estado de Puebla\",\"potentialAction\":[{\"@type\":\"SearchAction\",\"target\":{\"@type\":\"EntryPoint\",\"urlTemplate\":\"https:\/\/thepueblatimes.mx\/?s={search_term_string}\"},\"query-input\":\"required name=search_term_string\"}],\"inLanguage\":\"es\"},{\"@type\":\"Person\",\"@id\":\"https:\/\/thepueblatimes.mx\/#\/schema\/person\/1664894c2f65ce2c7a08d8f5f905c13c\",\"name\":\"Sa\u00fal Hern\u00e1ndez\",\"image\":{\"@type\":\"ImageObject\",\"inLanguage\":\"es\",\"@id\":\"https:\/\/thepueblatimes.mx\/#\/schema\/person\/image\/\",\"url\":\"https:\/\/secure.gravatar.com\/avatar\/11be338693f243309532caad8f10c930?s=96&d=mm&r=g\",\"contentUrl\":\"https:\/\/secure.gravatar.com\/avatar\/11be338693f243309532caad8f10c930?s=96&d=mm&r=g\",\"caption\":\"Sa\u00fal Hern\u00e1ndez\"},\"url\":\"https:\/\/thepueblatimes.mx\/index.php\/author\/saulhernandez\/\"}]}<\/script>\n<!-- \/ Yoast SEO plugin. -->","yoast_head_json":{"title":"No se realizar\u00e1 consulta sobre el Cableb\u00fas: Garc\u00eda Parra - The Puebla Times","robots":{"index":"index","follow":"follow","max-snippet":"max-snippet:-1","max-image-preview":"max-image-preview:large","max-video-preview":"max-video-preview:-1"},"canonical":"https:\/\/thepueblatimes.mx\/index.php\/2026\/09\/02\/no-se-realizara-consulta-sobre-el-cablebus-garcia-parra\/","og_locale":"es_ES","og_type":"article","og_title":"No se realizar\u00e1 consulta sobre el Cableb\u00fas: Garc\u00eda Parra - The Puebla Times","og_description":"El coordinador de Gabinete, Jos\u00e9 Luis Garc\u00eda Parra, asever\u00f3 que el Cableb\u00fas form\u00f3 parte de las propuestas de campa\u00f1a de Alejandro Armenta, por lo que el resultado electoral representa un aval ciudadano para ejecutar la obra. En consecuencia, el gobierno estatal de Puebla descarta realizar una consulta ciudadana para definir si se construye el Cableb\u00fas....","og_url":"https:\/\/thepueblatimes.mx\/index.php\/2026\/09\/02\/no-se-realizara-consulta-sobre-el-cablebus-garcia-parra\/","og_site_name":"The Puebla Times","article_published_time":"2026-09-02T21:14:46+00:00","og_image":[{"width":1200,"height":675,"url":"https:\/\/thepueblatimes.mx\/wp-content\/uploads\/2026\/08\/image-2026-08-28T143408.119.webp","type":"image\/webp"}],"author":"Sa\u00fal Hern\u00e1ndez","twitter_card":"summary_large_image","twitter_misc":{"Escrito por":"Sa\u00fal Hern\u00e1ndez","Tiempo de lectura":"1 minuto"},"schema":{"@context":"https:\/\/schema.org","@graph":[{"@type":"WebPage","@id":"https:\/\/thepueblatimes.mx\/index.php\/2026\/09\/02\/no-se-realizara-consulta-sobre-el-cablebus-garcia-parra\/","url":"https:\/\/thepueblatimes.mx\/index.php\/2026\/09\/02\/no-se-realizara-consulta-sobre-el-cablebus-garcia-parra\/","name":"No se realizar\u00e1 consulta sobre el Cableb\u00fas: Garc\u00eda Parra - The Puebla Times","isPartOf":{"@id":"https:\/\/thepueblatimes.mx\/#website"},"datePublished":"2026-09-02T21:14:46+00:00","dateModified":"2026-09-02T21:14:46+00:00","author":{"@id":"https:\/\/thepueblatimes.mx\/#\/schema\/person\/1664894c2f65ce2c7a08d8f5f905c13c"},"breadcrumb":{"@id":"https:\/\/thepueblatimes.mx\/index.php\/2026\/09\/02\/no-se-realizara-consulta-sobre-el-cablebus-garcia-parra\/#breadcrumb"},"inLanguage":"es","potentialAction":[{"@type":"ReadAction","target":["https:\/\/thepueblatimes.mx\/index.php\/2026\/09\/02\/no-se-realizara-consulta-sobre-el-cablebus-garcia-parra\/"]}]},{"@type":"BreadcrumbList","@id":"https:\/\/thepueblatimes.mx\/index.php\/2026\/09\/02\/no-se-realizara-consulta-sobre-el-cablebus-garcia-parra\/#breadcrumb","itemListElement":[{"@type":"ListItem","position":1,"name":"Portada","item":"https:\/\/thepueblatimes.mx\/"},{"@type":"ListItem","position":2,"name":"No se realizar\u00e1 consulta sobre el Cableb\u00fas: Garc\u00eda Parra"}]},{"@type":"WebSite","@id":"https:\/\/thepueblatimes.mx\/#website","url":"https:\/\/thepueblatimes.mx\/","name":"The Puebla Times","description":"Noticias del Estado de Puebla","potentialAction":[{"@type":"SearchAction","target":{"@type":"EntryPoint","urlTemplate":"https:\/\/thepueblatimes.mx\/?s={search_term_string}"},"query-input":"required name=search_term_string"}],"inLanguage":"es"},{"@type":"Person","@id":"https:\/\/thepueblatimes.mx\/#\/schema\/person\/1664894c2f65ce2c7a08d8f5f905c13c","name":"Sa\u00fal Hern\u00e1ndez","image":{"@type":"ImageObject","inLanguage":"es","@id":"https:\/\/thepueblatimes.mx\/#\/schema\/person\/image\/","url":"https:\/\/secure.gravatar.com\/avatar\/11be338693f243309532caad8f10c930?s=96&d=mm&r=g","contentUrl":"https:\/\/secure.gravatar.com\/avatar\/11be338693f243309532caad8f10c930?s=96&d=mm&r=g","caption":"Sa\u00fal Hern\u00e1ndez"},"url":"https:\/\/thepueblatimes.mx\/index.php\/author\/saulhernandez\/"}]}},"jetpack_featured_media_url":"https:\/\/thepueblatimes.mx\/wp-content\/uploads\/2026\/08\/image-2026-08-28T143408.119.webp","_links":{"self":[{"href":"https:\/\/thepueblatimes.mx\/index.php\/wp-json\/wp\/v2\/posts\/39987"}],"collection":[{"href":"https:\/\/thepueblatimes.mx\/index.php\/wp-json\/wp\/v2\/posts"}],"about":[{"href":"https:\/\/thepueblatimes.mx\/index.php\/wp-json\/wp\/v2\/types\/post"}],"author":[{"embeddable":true,"href":"https:\/\/thepueblatimes.mx\/index.php\/wp-json\/wp\/v2\/users\/16"}],"replies":[{"embeddable":true,"href":"https:\/\/thepueblatimes.mx\/index.php\/wp-json\/wp\/v2\/comments?post=39987"}],"version-history":[{"count":1,"href":"https:\/\/thepueblatimes.mx\/index.php\/wp-json\/wp\/v2\/posts\/39987\/revisions"}],"predecessor-version":[{"id":39989,"href":"https:\/\/thepueblatimes.mx\/index.php\/wp-json\/wp\/v2\/posts\/39987\/revisions\/39989"}],"wp:featuredmedia":[{"embeddable":true,"href":"https:\/\/thepueblatimes.mx\/index.php\/wp-json\/wp\/v2\/media\/39900"}],"wp:attachment":[{"href":"https:\/\/thepueblatimes.mx\/index.php\/wp-json\/wp\/v2\/media?parent=39987"}],"wp:term":[{"taxonomy":"category","embeddable":true,"href":"https:\/\/thepueblatimes.mx\/index.php\/wp-json\/wp\/v2\/categories?post=39987"},{"taxonomy":"post_tag","embeddable":true,"href":"https:\/\/thepueblatimes.mx\/index.php\/wp-json\/wp\/v2\/tags?post=39987"}],"curies":[{"name":"wp","href":"https:\/\/api.w.org\/{rel}","templated":true}]}}