{"id":39979,"date":"2026-09-02T11:12:59","date_gmt":"2026-09-02T17:12:59","guid":{"rendered":"https:\/\/thepueblatimes.mx\/?p=39979"},"modified":"2026-09-02T11:12:59","modified_gmt":"2026-09-02T17:12:59","slug":"garcia-parra-no-sera-interlocutor-del-gobierno-estatal-con-partidos-politicos","status":"publish","type":"post","link":"https:\/\/thepueblatimes.mx\/index.php\/2026\/09\/02\/garcia-parra-no-sera-interlocutor-del-gobierno-estatal-con-partidos-politicos\/","title":{"rendered":"Garc\u00eda Parra no ser\u00e1 interlocutor del gobierno estatal con partidos pol\u00edticos"},"content":{"rendered":"<p>Mediante la publicaci\u00f3n en el Peri\u00f3dico Oficial, del 1 de septiembre de 2026, de un Acuerdo el Ejecutivo del Estado, transfiri\u00f3 la atribuci\u00f3n de representaci\u00f3n ante partidos pol\u00edtico que le correspond\u00eda a la Coordinaci\u00f3n de Gabinete, a la Secretar\u00eda de Gobernaci\u00f3n.<\/p>\n<p>En consecuencia, en durante el inicio del proceso electoral 2026-2027, el coordinador de Gabinete, Jos\u00e9 Luis Garc\u00eda Parra no ser\u00e1 el interlocutor del gobierno estatal con los dirigentes de los partidos pol\u00edticos en Puebla.<\/p>\n<p>La medida adoptada es temporalmente, al aplicar del primero de septiembre al 31 de diciembre de 2026.<\/p>\n<p>Durante ese periodo, la Secretar\u00eda de Gobernaci\u00f3n ser\u00e1 el interlocutor del Poder Ejecutivo con los partidos pol\u00edticos, adem\u00e1s de representar al gobernador Alejandro Armenta con organizaciones sociales y religiosas, as\u00ed como agrupaciones de la sociedad civil.<\/p>\n","protected":false},"excerpt":{"rendered":"<p>Mediante la publicaci\u00f3n en el Peri\u00f3dico Oficial, del 1 de septiembre de 2026, de un Acuerdo el Ejecutivo del Estado, transfiri\u00f3 la atribuci\u00f3n de representaci\u00f3n ante partidos pol\u00edtico que le correspond\u00eda a la Coordinaci\u00f3n de Gabinete, a la Secretar\u00eda de Gobernaci\u00f3n. En consecuencia, en durante el inicio del proceso electoral 2026-2027, el coordinador de Gabinete,&#8230;<\/p>\n","protected":false},"author":16,"featured_media":39980,"comment_status":"closed","ping_status":"closed","sticky":false,"template":"","format":"standard","meta":[],"categories":[542],"tags":[1273,5283,3475,1640],"yoast_head":"<!-- This site is optimized with the Yoast SEO plugin v20.8 - https:\/\/yoast.com\/wordpress\/plugins\/seo\/ -->\n<title>Garc\u00eda Parra no ser\u00e1 interlocutor del gobierno estatal con partidos pol\u00edticos - The Puebla Times<\/title>\n<meta name=\"robots\" content=\"index, follow, max-snippet:-1, max-image-preview:large, max-video-preview:-1\" \/>\n<link rel=\"canonical\" href=\"https:\/\/thepueblatimes.mx\/index.php\/2026\/09\/02\/garcia-parra-no-sera-interlocutor-del-gobierno-estatal-con-partidos-politicos\/\" \/>\n<meta property=\"og:locale\" content=\"es_ES\" \/>\n<meta property=\"og:type\" content=\"article\" \/>\n<meta property=\"og:title\" content=\"Garc\u00eda Parra no ser\u00e1 interlocutor del gobierno estatal con partidos pol\u00edticos - The Puebla Times\" \/>\n<meta property=\"og:description\" content=\"Mediante la publicaci\u00f3n en el Peri\u00f3dico Oficial, del 1 de septiembre de 2026, de un Acuerdo el Ejecutivo del Estado, transfiri\u00f3 la atribuci\u00f3n de representaci\u00f3n ante partidos pol\u00edtico que le correspond\u00eda a la Coordinaci\u00f3n de Gabinete, a la Secretar\u00eda de Gobernaci\u00f3n. En consecuencia, en durante el inicio del proceso electoral 2026-2027, el coordinador de Gabinete,...\" \/>\n<meta property=\"og:url\" content=\"https:\/\/thepueblatimes.mx\/index.php\/2026\/09\/02\/garcia-parra-no-sera-interlocutor-del-gobierno-estatal-con-partidos-politicos\/\" \/>\n<meta property=\"og:site_name\" content=\"The Puebla Times\" \/>\n<meta property=\"article:published_time\" content=\"2026-09-02T17:12:59+00:00\" \/>\n<meta property=\"og:image\" content=\"https:\/\/thepueblatimes.mx\/wp-content\/uploads\/2026\/09\/Jose-Luis-Garcia-Parra-Derecho-de-Replica-Puebla-scaled-1.webp\" \/>\n\t<meta property=\"og:image:width\" content=\"2560\" \/>\n\t<meta property=\"og:image:height\" content=\"2035\" \/>\n\t<meta property=\"og:image:type\" content=\"image\/webp\" \/>\n<meta name=\"author\" content=\"Sa\u00fal Hern\u00e1ndez\" \/>\n<meta name=\"twitter:card\" content=\"summary_large_image\" \/>\n<meta name=\"twitter:label1\" content=\"Escrito por\" \/>\n\t<meta name=\"twitter:data1\" content=\"Sa\u00fal Hern\u00e1ndez\" \/>\n\t<meta name=\"twitter:label2\" content=\"Tiempo de lectura\" \/>\n\t<meta name=\"twitter:data2\" content=\"1 minuto\" \/>\n<script type=\"application\/ld+json\" class=\"yoast-schema-graph\">{\"@context\":\"https:\/\/schema.org\",\"@graph\":[{\"@type\":\"WebPage\",\"@id\":\"https:\/\/thepueblatimes.mx\/index.php\/2026\/09\/02\/garcia-parra-no-sera-interlocutor-del-gobierno-estatal-con-partidos-politicos\/\",\"url\":\"https:\/\/thepueblatimes.mx\/index.php\/2026\/09\/02\/garcia-parra-no-sera-interlocutor-del-gobierno-estatal-con-partidos-politicos\/\",\"name\":\"Garc\u00eda Parra no ser\u00e1 interlocutor del gobierno estatal con partidos pol\u00edticos - The Puebla Times\",\"isPartOf\":{\"@id\":\"https:\/\/thepueblatimes.mx\/#website\"},\"datePublished\":\"2026-09-02T17:12:59+00:00\",\"dateModified\":\"2026-09-02T17:12:59+00:00\",\"author\":{\"@id\":\"https:\/\/thepueblatimes.mx\/#\/schema\/person\/1664894c2f65ce2c7a08d8f5f905c13c\"},\"breadcrumb\":{\"@id\":\"https:\/\/thepueblatimes.mx\/index.php\/2026\/09\/02\/garcia-parra-no-sera-interlocutor-del-gobierno-estatal-con-partidos-politicos\/#breadcrumb\"},\"inLanguage\":\"es\",\"potentialAction\":[{\"@type\":\"ReadAction\",\"target\":[\"https:\/\/thepueblatimes.mx\/index.php\/2026\/09\/02\/garcia-parra-no-sera-interlocutor-del-gobierno-estatal-con-partidos-politicos\/\"]}]},{\"@type\":\"BreadcrumbList\",\"@id\":\"https:\/\/thepueblatimes.mx\/index.php\/2026\/09\/02\/garcia-parra-no-sera-interlocutor-del-gobierno-estatal-con-partidos-politicos\/#breadcrumb\",\"itemListElement\":[{\"@type\":\"ListItem\",\"position\":1,\"name\":\"Portada\",\"item\":\"https:\/\/thepueblatimes.mx\/\"},{\"@type\":\"ListItem\",\"position\":2,\"name\":\"Garc\u00eda Parra no ser\u00e1 interlocutor del gobierno estatal con partidos pol\u00edticos\"}]},{\"@type\":\"WebSite\",\"@id\":\"https:\/\/thepueblatimes.mx\/#website\",\"url\":\"https:\/\/thepueblatimes.mx\/\",\"name\":\"The Puebla Times\",\"description\":\"Noticias del Estado de Puebla\",\"potentialAction\":[{\"@type\":\"SearchAction\",\"target\":{\"@type\":\"EntryPoint\",\"urlTemplate\":\"https:\/\/thepueblatimes.mx\/?s={search_term_string}\"},\"query-input\":\"required name=search_term_string\"}],\"inLanguage\":\"es\"},{\"@type\":\"Person\",\"@id\":\"https:\/\/thepueblatimes.mx\/#\/schema\/person\/1664894c2f65ce2c7a08d8f5f905c13c\",\"name\":\"Sa\u00fal Hern\u00e1ndez\",\"image\":{\"@type\":\"ImageObject\",\"inLanguage\":\"es\",\"@id\":\"https:\/\/thepueblatimes.mx\/#\/schema\/person\/image\/\",\"url\":\"https:\/\/secure.gravatar.com\/avatar\/11be338693f243309532caad8f10c930?s=96&d=mm&r=g\",\"contentUrl\":\"https:\/\/secure.gravatar.com\/avatar\/11be338693f243309532caad8f10c930?s=96&d=mm&r=g\",\"caption\":\"Sa\u00fal Hern\u00e1ndez\"},\"url\":\"https:\/\/thepueblatimes.mx\/index.php\/author\/saulhernandez\/\"}]}<\/script>\n<!-- \/ Yoast SEO plugin. -->","yoast_head_json":{"title":"Garc\u00eda Parra no ser\u00e1 interlocutor del gobierno estatal con partidos pol\u00edticos - The Puebla Times","robots":{"index":"index","follow":"follow","max-snippet":"max-snippet:-1","max-image-preview":"max-image-preview:large","max-video-preview":"max-video-preview:-1"},"canonical":"https:\/\/thepueblatimes.mx\/index.php\/2026\/09\/02\/garcia-parra-no-sera-interlocutor-del-gobierno-estatal-con-partidos-politicos\/","og_locale":"es_ES","og_type":"article","og_title":"Garc\u00eda Parra no ser\u00e1 interlocutor del gobierno estatal con partidos pol\u00edticos - The Puebla Times","og_description":"Mediante la publicaci\u00f3n en el Peri\u00f3dico Oficial, del 1 de septiembre de 2026, de un Acuerdo el Ejecutivo del Estado, transfiri\u00f3 la atribuci\u00f3n de representaci\u00f3n ante partidos pol\u00edtico que le correspond\u00eda a la Coordinaci\u00f3n de Gabinete, a la Secretar\u00eda de Gobernaci\u00f3n. En consecuencia, en durante el inicio del proceso electoral 2026-2027, el coordinador de Gabinete,...","og_url":"https:\/\/thepueblatimes.mx\/index.php\/2026\/09\/02\/garcia-parra-no-sera-interlocutor-del-gobierno-estatal-con-partidos-politicos\/","og_site_name":"The Puebla Times","article_published_time":"2026-09-02T17:12:59+00:00","og_image":[{"width":2560,"height":2035,"url":"https:\/\/thepueblatimes.mx\/wp-content\/uploads\/2026\/09\/Jose-Luis-Garcia-Parra-Derecho-de-Replica-Puebla-scaled-1.webp","type":"image\/webp"}],"author":"Sa\u00fal Hern\u00e1ndez","twitter_card":"summary_large_image","twitter_misc":{"Escrito por":"Sa\u00fal Hern\u00e1ndez","Tiempo de lectura":"1 minuto"},"schema":{"@context":"https:\/\/schema.org","@graph":[{"@type":"WebPage","@id":"https:\/\/thepueblatimes.mx\/index.php\/2026\/09\/02\/garcia-parra-no-sera-interlocutor-del-gobierno-estatal-con-partidos-politicos\/","url":"https:\/\/thepueblatimes.mx\/index.php\/2026\/09\/02\/garcia-parra-no-sera-interlocutor-del-gobierno-estatal-con-partidos-politicos\/","name":"Garc\u00eda Parra no ser\u00e1 interlocutor del gobierno estatal con partidos pol\u00edticos - The Puebla Times","isPartOf":{"@id":"https:\/\/thepueblatimes.mx\/#website"},"datePublished":"2026-09-02T17:12:59+00:00","dateModified":"2026-09-02T17:12:59+00:00","author":{"@id":"https:\/\/thepueblatimes.mx\/#\/schema\/person\/1664894c2f65ce2c7a08d8f5f905c13c"},"breadcrumb":{"@id":"https:\/\/thepueblatimes.mx\/index.php\/2026\/09\/02\/garcia-parra-no-sera-interlocutor-del-gobierno-estatal-con-partidos-politicos\/#breadcrumb"},"inLanguage":"es","potentialAction":[{"@type":"ReadAction","target":["https:\/\/thepueblatimes.mx\/index.php\/2026\/09\/02\/garcia-parra-no-sera-interlocutor-del-gobierno-estatal-con-partidos-politicos\/"]}]},{"@type":"BreadcrumbList","@id":"https:\/\/thepueblatimes.mx\/index.php\/2026\/09\/02\/garcia-parra-no-sera-interlocutor-del-gobierno-estatal-con-partidos-politicos\/#breadcrumb","itemListElement":[{"@type":"ListItem","position":1,"name":"Portada","item":"https:\/\/thepueblatimes.mx\/"},{"@type":"ListItem","position":2,"name":"Garc\u00eda Parra no ser\u00e1 interlocutor del gobierno estatal con partidos pol\u00edticos"}]},{"@type":"WebSite","@id":"https:\/\/thepueblatimes.mx\/#website","url":"https:\/\/thepueblatimes.mx\/","name":"The Puebla Times","description":"Noticias del Estado de Puebla","potentialAction":[{"@type":"SearchAction","target":{"@type":"EntryPoint","urlTemplate":"https:\/\/thepueblatimes.mx\/?s={search_term_string}"},"query-input":"required name=search_term_string"}],"inLanguage":"es"},{"@type":"Person","@id":"https:\/\/thepueblatimes.mx\/#\/schema\/person\/1664894c2f65ce2c7a08d8f5f905c13c","name":"Sa\u00fal Hern\u00e1ndez","image":{"@type":"ImageObject","inLanguage":"es","@id":"https:\/\/thepueblatimes.mx\/#\/schema\/person\/image\/","url":"https:\/\/secure.gravatar.com\/avatar\/11be338693f243309532caad8f10c930?s=96&d=mm&r=g","contentUrl":"https:\/\/secure.gravatar.com\/avatar\/11be338693f243309532caad8f10c930?s=96&d=mm&r=g","caption":"Sa\u00fal Hern\u00e1ndez"},"url":"https:\/\/thepueblatimes.mx\/index.php\/author\/saulhernandez\/"}]}},"jetpack_featured_media_url":"https:\/\/thepueblatimes.mx\/wp-content\/uploads\/2026\/09\/Jose-Luis-Garcia-Parra-Derecho-de-Replica-Puebla-scaled-1.webp","_links":{"self":[{"href":"https:\/\/thepueblatimes.mx\/index.php\/wp-json\/wp\/v2\/posts\/39979"}],"collection":[{"href":"https:\/\/thepueblatimes.mx\/index.php\/wp-json\/wp\/v2\/posts"}],"about":[{"href":"https:\/\/thepueblatimes.mx\/index.php\/wp-json\/wp\/v2\/types\/post"}],"author":[{"embeddable":true,"href":"https:\/\/thepueblatimes.mx\/index.php\/wp-json\/wp\/v2\/users\/16"}],"replies":[{"embeddable":true,"href":"https:\/\/thepueblatimes.mx\/index.php\/wp-json\/wp\/v2\/comments?post=39979"}],"version-history":[{"count":1,"href":"https:\/\/thepueblatimes.mx\/index.php\/wp-json\/wp\/v2\/posts\/39979\/revisions"}],"predecessor-version":[{"id":39981,"href":"https:\/\/thepueblatimes.mx\/index.php\/wp-json\/wp\/v2\/posts\/39979\/revisions\/39981"}],"wp:featuredmedia":[{"embeddable":true,"href":"https:\/\/thepueblatimes.mx\/index.php\/wp-json\/wp\/v2\/media\/39980"}],"wp:attachment":[{"href":"https:\/\/thepueblatimes.mx\/index.php\/wp-json\/wp\/v2\/media?parent=39979"}],"wp:term":[{"taxonomy":"category","embeddable":true,"href":"https:\/\/thepueblatimes.mx\/index.php\/wp-json\/wp\/v2\/categories?post=39979"},{"taxonomy":"post_tag","embeddable":true,"href":"https:\/\/thepueblatimes.mx\/index.php\/wp-json\/wp\/v2\/tags?post=39979"}],"curies":[{"name":"wp","href":"https:\/\/api.w.org\/{rel}","templated":true}]}}