{"id":39972,"date":"2026-09-02T10:33:20","date_gmt":"2026-09-02T16:33:20","guid":{"rendered":"https:\/\/thepueblatimes.mx\/?p=39972"},"modified":"2026-09-02T10:33:20","modified_gmt":"2026-09-02T16:33:20","slug":"ricardo-zuniga-fue-abatido-con-armas-de-alto-poder-fge","status":"publish","type":"post","link":"https:\/\/thepueblatimes.mx\/index.php\/2026\/09\/02\/ricardo-zuniga-fue-abatido-con-armas-de-alto-poder-fge\/","title":{"rendered":"Ricardo Z\u00fa\u00f1iga fue abatido con armas de alto poder: FGE"},"content":{"rendered":"<p>La Fiscal\u00eda General del Estado (FGE) estableci\u00f3 que el creador de contenido, Ricardo Z\u00fa\u00f1iga Rosas, fue asesinado con armas de alto poder.<\/p>\n<p>La fiscal general, Idamis Pastor Betancourt, explic\u00f3 que los casquillos de alto calibre encontrados en el establecimiento, sito en Tehuitzngo, donde se cometi\u00f3 el crimen forman parte de la investigaci\u00f3n.<\/p>\n<p>Refiri\u00f3 que durante la primera entrevista, su familia se\u00f1al\u00f3 que \u00e9l se dedicaba \u00fanicamente a tomar fotograf\u00edas y videos de eventos sociales.<\/p>\n<p>Pero, al revisar sus perfiles en redes sociales como parte de las indagatorias, se encontraron publicaciones, en las que Ricardo hac\u00eda cr\u00edticas sobre obras p\u00fablicas y asuntos relacionados con el ayuntamiento de Tehuitzingo.<\/p>\n<p>Agreg\u00f3 que ello forma parte de los elementos que analizan para establecer si alguno de esos temas pudo tener relaci\u00f3n con el ataque.<\/p>\n<p>Precis\u00f3 que la FGE mantiene a un grupo de agentes ministeriales en el municipio para continuar con las diligencias.<\/p>\n<p>Por su parte, el titular de la Secretar\u00eda de Seguridad P\u00fablica (SSP), Francisco S\u00e1nchez G\u00f3zalez, dijo que Ricardo Z\u00fa\u00f1iga nunca se acerc\u00f3 a las autoridades para pedir apoyo.<\/p>\n<p>Lo anterior, en referencia al hecho de que antes de ser asesinado public\u00f3 en sus redes sociales que recibi\u00f3 amenazas de muerte por criticar la presencia de un basurero en Tehuitzingo.<\/p>\n","protected":false},"excerpt":{"rendered":"<p>La Fiscal\u00eda General del Estado (FGE) estableci\u00f3 que el creador de contenido, Ricardo Z\u00fa\u00f1iga Rosas, fue asesinado con armas de alto poder. La fiscal general, Idamis Pastor Betancourt, explic\u00f3 que los casquillos de alto calibre encontrados en el establecimiento, sito en Tehuitzngo, donde se cometi\u00f3 el crimen forman parte de la investigaci\u00f3n. Refiri\u00f3 que durante&#8230;<\/p>\n","protected":false},"author":16,"featured_media":39973,"comment_status":"closed","ping_status":"closed","sticky":false,"template":"","format":"standard","meta":[],"categories":[542],"tags":[3987,2226,180,5281],"yoast_head":"<!-- This site is optimized with the Yoast SEO plugin v20.8 - https:\/\/yoast.com\/wordpress\/plugins\/seo\/ -->\n<title>Ricardo Z\u00fa\u00f1iga fue abatido con armas de alto poder: FGE - The Puebla Times<\/title>\n<meta name=\"robots\" content=\"index, follow, max-snippet:-1, max-image-preview:large, max-video-preview:-1\" \/>\n<link rel=\"canonical\" href=\"https:\/\/thepueblatimes.mx\/index.php\/2026\/09\/02\/ricardo-zuniga-fue-abatido-con-armas-de-alto-poder-fge\/\" \/>\n<meta property=\"og:locale\" content=\"es_ES\" \/>\n<meta property=\"og:type\" content=\"article\" \/>\n<meta property=\"og:title\" content=\"Ricardo Z\u00fa\u00f1iga fue abatido con armas de alto poder: FGE - The Puebla Times\" \/>\n<meta property=\"og:description\" content=\"La Fiscal\u00eda General del Estado (FGE) estableci\u00f3 que el creador de contenido, Ricardo Z\u00fa\u00f1iga Rosas, fue asesinado con armas de alto poder. La fiscal general, Idamis Pastor Betancourt, explic\u00f3 que los casquillos de alto calibre encontrados en el establecimiento, sito en Tehuitzngo, donde se cometi\u00f3 el crimen forman parte de la investigaci\u00f3n. Refiri\u00f3 que durante...\" \/>\n<meta property=\"og:url\" content=\"https:\/\/thepueblatimes.mx\/index.php\/2026\/09\/02\/ricardo-zuniga-fue-abatido-con-armas-de-alto-poder-fge\/\" \/>\n<meta property=\"og:site_name\" content=\"The Puebla Times\" \/>\n<meta property=\"article:published_time\" content=\"2026-09-02T16:33:20+00:00\" \/>\n<meta property=\"og:image\" content=\"https:\/\/thepueblatimes.mx\/wp-content\/uploads\/2026\/09\/IMG_4023.png\" \/>\n\t<meta property=\"og:image:width\" content=\"590\" \/>\n\t<meta property=\"og:image:height\" content=\"332\" \/>\n\t<meta property=\"og:image:type\" content=\"image\/png\" \/>\n<meta name=\"author\" content=\"Sa\u00fal Hern\u00e1ndez\" \/>\n<meta name=\"twitter:card\" content=\"summary_large_image\" \/>\n<meta name=\"twitter:label1\" content=\"Escrito por\" \/>\n\t<meta name=\"twitter:data1\" content=\"Sa\u00fal Hern\u00e1ndez\" \/>\n\t<meta name=\"twitter:label2\" content=\"Tiempo de lectura\" \/>\n\t<meta name=\"twitter:data2\" content=\"1 minuto\" \/>\n<script type=\"application\/ld+json\" class=\"yoast-schema-graph\">{\"@context\":\"https:\/\/schema.org\",\"@graph\":[{\"@type\":\"WebPage\",\"@id\":\"https:\/\/thepueblatimes.mx\/index.php\/2026\/09\/02\/ricardo-zuniga-fue-abatido-con-armas-de-alto-poder-fge\/\",\"url\":\"https:\/\/thepueblatimes.mx\/index.php\/2026\/09\/02\/ricardo-zuniga-fue-abatido-con-armas-de-alto-poder-fge\/\",\"name\":\"Ricardo Z\u00fa\u00f1iga fue abatido con armas de alto poder: FGE - The Puebla Times\",\"isPartOf\":{\"@id\":\"https:\/\/thepueblatimes.mx\/#website\"},\"datePublished\":\"2026-09-02T16:33:20+00:00\",\"dateModified\":\"2026-09-02T16:33:20+00:00\",\"author\":{\"@id\":\"https:\/\/thepueblatimes.mx\/#\/schema\/person\/1664894c2f65ce2c7a08d8f5f905c13c\"},\"breadcrumb\":{\"@id\":\"https:\/\/thepueblatimes.mx\/index.php\/2026\/09\/02\/ricardo-zuniga-fue-abatido-con-armas-de-alto-poder-fge\/#breadcrumb\"},\"inLanguage\":\"es\",\"potentialAction\":[{\"@type\":\"ReadAction\",\"target\":[\"https:\/\/thepueblatimes.mx\/index.php\/2026\/09\/02\/ricardo-zuniga-fue-abatido-con-armas-de-alto-poder-fge\/\"]}]},{\"@type\":\"BreadcrumbList\",\"@id\":\"https:\/\/thepueblatimes.mx\/index.php\/2026\/09\/02\/ricardo-zuniga-fue-abatido-con-armas-de-alto-poder-fge\/#breadcrumb\",\"itemListElement\":[{\"@type\":\"ListItem\",\"position\":1,\"name\":\"Portada\",\"item\":\"https:\/\/thepueblatimes.mx\/\"},{\"@type\":\"ListItem\",\"position\":2,\"name\":\"Ricardo Z\u00fa\u00f1iga fue abatido con armas de alto poder: FGE\"}]},{\"@type\":\"WebSite\",\"@id\":\"https:\/\/thepueblatimes.mx\/#website\",\"url\":\"https:\/\/thepueblatimes.mx\/\",\"name\":\"The Puebla Times\",\"description\":\"Noticias del Estado de Puebla\",\"potentialAction\":[{\"@type\":\"SearchAction\",\"target\":{\"@type\":\"EntryPoint\",\"urlTemplate\":\"https:\/\/thepueblatimes.mx\/?s={search_term_string}\"},\"query-input\":\"required name=search_term_string\"}],\"inLanguage\":\"es\"},{\"@type\":\"Person\",\"@id\":\"https:\/\/thepueblatimes.mx\/#\/schema\/person\/1664894c2f65ce2c7a08d8f5f905c13c\",\"name\":\"Sa\u00fal Hern\u00e1ndez\",\"image\":{\"@type\":\"ImageObject\",\"inLanguage\":\"es\",\"@id\":\"https:\/\/thepueblatimes.mx\/#\/schema\/person\/image\/\",\"url\":\"https:\/\/secure.gravatar.com\/avatar\/11be338693f243309532caad8f10c930?s=96&d=mm&r=g\",\"contentUrl\":\"https:\/\/secure.gravatar.com\/avatar\/11be338693f243309532caad8f10c930?s=96&d=mm&r=g\",\"caption\":\"Sa\u00fal Hern\u00e1ndez\"},\"url\":\"https:\/\/thepueblatimes.mx\/index.php\/author\/saulhernandez\/\"}]}<\/script>\n<!-- \/ Yoast SEO plugin. -->","yoast_head_json":{"title":"Ricardo Z\u00fa\u00f1iga fue abatido con armas de alto poder: FGE - The Puebla Times","robots":{"index":"index","follow":"follow","max-snippet":"max-snippet:-1","max-image-preview":"max-image-preview:large","max-video-preview":"max-video-preview:-1"},"canonical":"https:\/\/thepueblatimes.mx\/index.php\/2026\/09\/02\/ricardo-zuniga-fue-abatido-con-armas-de-alto-poder-fge\/","og_locale":"es_ES","og_type":"article","og_title":"Ricardo Z\u00fa\u00f1iga fue abatido con armas de alto poder: FGE - The Puebla Times","og_description":"La Fiscal\u00eda General del Estado (FGE) estableci\u00f3 que el creador de contenido, Ricardo Z\u00fa\u00f1iga Rosas, fue asesinado con armas de alto poder. La fiscal general, Idamis Pastor Betancourt, explic\u00f3 que los casquillos de alto calibre encontrados en el establecimiento, sito en Tehuitzngo, donde se cometi\u00f3 el crimen forman parte de la investigaci\u00f3n. Refiri\u00f3 que durante...","og_url":"https:\/\/thepueblatimes.mx\/index.php\/2026\/09\/02\/ricardo-zuniga-fue-abatido-con-armas-de-alto-poder-fge\/","og_site_name":"The Puebla Times","article_published_time":"2026-09-02T16:33:20+00:00","og_image":[{"width":590,"height":332,"url":"https:\/\/thepueblatimes.mx\/wp-content\/uploads\/2026\/09\/IMG_4023.png","type":"image\/png"}],"author":"Sa\u00fal Hern\u00e1ndez","twitter_card":"summary_large_image","twitter_misc":{"Escrito por":"Sa\u00fal Hern\u00e1ndez","Tiempo de lectura":"1 minuto"},"schema":{"@context":"https:\/\/schema.org","@graph":[{"@type":"WebPage","@id":"https:\/\/thepueblatimes.mx\/index.php\/2026\/09\/02\/ricardo-zuniga-fue-abatido-con-armas-de-alto-poder-fge\/","url":"https:\/\/thepueblatimes.mx\/index.php\/2026\/09\/02\/ricardo-zuniga-fue-abatido-con-armas-de-alto-poder-fge\/","name":"Ricardo Z\u00fa\u00f1iga fue abatido con armas de alto poder: FGE - The Puebla Times","isPartOf":{"@id":"https:\/\/thepueblatimes.mx\/#website"},"datePublished":"2026-09-02T16:33:20+00:00","dateModified":"2026-09-02T16:33:20+00:00","author":{"@id":"https:\/\/thepueblatimes.mx\/#\/schema\/person\/1664894c2f65ce2c7a08d8f5f905c13c"},"breadcrumb":{"@id":"https:\/\/thepueblatimes.mx\/index.php\/2026\/09\/02\/ricardo-zuniga-fue-abatido-con-armas-de-alto-poder-fge\/#breadcrumb"},"inLanguage":"es","potentialAction":[{"@type":"ReadAction","target":["https:\/\/thepueblatimes.mx\/index.php\/2026\/09\/02\/ricardo-zuniga-fue-abatido-con-armas-de-alto-poder-fge\/"]}]},{"@type":"BreadcrumbList","@id":"https:\/\/thepueblatimes.mx\/index.php\/2026\/09\/02\/ricardo-zuniga-fue-abatido-con-armas-de-alto-poder-fge\/#breadcrumb","itemListElement":[{"@type":"ListItem","position":1,"name":"Portada","item":"https:\/\/thepueblatimes.mx\/"},{"@type":"ListItem","position":2,"name":"Ricardo Z\u00fa\u00f1iga fue abatido con armas de alto poder: FGE"}]},{"@type":"WebSite","@id":"https:\/\/thepueblatimes.mx\/#website","url":"https:\/\/thepueblatimes.mx\/","name":"The Puebla Times","description":"Noticias del Estado de Puebla","potentialAction":[{"@type":"SearchAction","target":{"@type":"EntryPoint","urlTemplate":"https:\/\/thepueblatimes.mx\/?s={search_term_string}"},"query-input":"required name=search_term_string"}],"inLanguage":"es"},{"@type":"Person","@id":"https:\/\/thepueblatimes.mx\/#\/schema\/person\/1664894c2f65ce2c7a08d8f5f905c13c","name":"Sa\u00fal Hern\u00e1ndez","image":{"@type":"ImageObject","inLanguage":"es","@id":"https:\/\/thepueblatimes.mx\/#\/schema\/person\/image\/","url":"https:\/\/secure.gravatar.com\/avatar\/11be338693f243309532caad8f10c930?s=96&d=mm&r=g","contentUrl":"https:\/\/secure.gravatar.com\/avatar\/11be338693f243309532caad8f10c930?s=96&d=mm&r=g","caption":"Sa\u00fal Hern\u00e1ndez"},"url":"https:\/\/thepueblatimes.mx\/index.php\/author\/saulhernandez\/"}]}},"jetpack_featured_media_url":"https:\/\/thepueblatimes.mx\/wp-content\/uploads\/2026\/09\/IMG_4023.png","_links":{"self":[{"href":"https:\/\/thepueblatimes.mx\/index.php\/wp-json\/wp\/v2\/posts\/39972"}],"collection":[{"href":"https:\/\/thepueblatimes.mx\/index.php\/wp-json\/wp\/v2\/posts"}],"about":[{"href":"https:\/\/thepueblatimes.mx\/index.php\/wp-json\/wp\/v2\/types\/post"}],"author":[{"embeddable":true,"href":"https:\/\/thepueblatimes.mx\/index.php\/wp-json\/wp\/v2\/users\/16"}],"replies":[{"embeddable":true,"href":"https:\/\/thepueblatimes.mx\/index.php\/wp-json\/wp\/v2\/comments?post=39972"}],"version-history":[{"count":1,"href":"https:\/\/thepueblatimes.mx\/index.php\/wp-json\/wp\/v2\/posts\/39972\/revisions"}],"predecessor-version":[{"id":39974,"href":"https:\/\/thepueblatimes.mx\/index.php\/wp-json\/wp\/v2\/posts\/39972\/revisions\/39974"}],"wp:featuredmedia":[{"embeddable":true,"href":"https:\/\/thepueblatimes.mx\/index.php\/wp-json\/wp\/v2\/media\/39973"}],"wp:attachment":[{"href":"https:\/\/thepueblatimes.mx\/index.php\/wp-json\/wp\/v2\/media?parent=39972"}],"wp:term":[{"taxonomy":"category","embeddable":true,"href":"https:\/\/thepueblatimes.mx\/index.php\/wp-json\/wp\/v2\/categories?post=39972"},{"taxonomy":"post_tag","embeddable":true,"href":"https:\/\/thepueblatimes.mx\/index.php\/wp-json\/wp\/v2\/tags?post=39972"}],"curies":[{"name":"wp","href":"https:\/\/api.w.org\/{rel}","templated":true}]}}