{"id":39948,"date":"2026-08-31T16:36:17","date_gmt":"2026-08-31T22:36:17","guid":{"rendered":"https:\/\/thepueblatimes.mx\/?p=39948"},"modified":"2026-08-31T16:36:17","modified_gmt":"2026-08-31T22:36:17","slug":"cierra-dif-puebla-capital-festejos-por-el-mes-del-adulto-mayor","status":"publish","type":"post","link":"https:\/\/thepueblatimes.mx\/index.php\/2026\/08\/31\/cierra-dif-puebla-capital-festejos-por-el-mes-del-adulto-mayor\/","title":{"rendered":"Cierra DIF Puebla Capital festejos por el Mes del Adulto Mayor"},"content":{"rendered":"<h3><em>&#8211; El Gobierno de la Ciudad, que encabeza el alcalde Pepe Chedraui, escucha y atiende las necesidades de este sector de la poblaci\u00f3n<\/em><\/h3>\n<p>Puebla, Puebla.- En el marco del Mes del Adulto Mayor, el Gobierno de la Ciudad, encabezado por el alcalde Pepe Chedraui, a trav\u00e9s del DIF Puebla Capital, que preside la presidenta del Patronato, MariElise Budib, dio por concluidas las actividades de la Coordinaci\u00f3n de Adultos Mayores que se llevaron a cabo a lo largo del mes.<\/p>\n<p>Para cerrar con broche de oro, las y los adultos mayores inscritos en el taller de Danz\u00f3n, a cargo de la profesora Sara Galindo, y en el taller de Ritmos Latinos, impartido por la maestra Ang\u00e9lica Fern\u00e1ndez, se presentaron en la explanada de la presidencia auxiliar de San Baltazar Campeche, donde dieron muestra de lo aprendido durante las clases.<\/p>\n<p>Posteriormente, en las instalaciones de la Unidad M\u00e9dica Integral (UMI), compartieron un pastel con motivo del D\u00eda del Adulto Mayor, celebrado el pasado 28 de agosto. Como parte de las actividades, tambi\u00e9n participaron en un partido de cachibol en el parque de San Baltazar Campeche, donde convivieron y fortalecieron los lazos de amistad que han construido a lo largo de este tiempo.<\/p>\n<p>El coordinador de Adultos Mayores, Ra\u00fal Zer\u00f3n, reiter\u00f3 el compromiso que tanto el alcalde Pepe Chedraui, como la presidenta del Patronato MariElise Budib les han pedido mantener y demostrar en el trato hacia las y los adultos mayores que acuden a los talleres y servicios. Destac\u00f3 que las actividades realizadas durante este mes son muestra de ello.<\/p>\n<p>\u201cSiempre estamos pendientes de las necesidades de los adultos mayores del municipio y tratamos siempre de complacer sus demandas. Ellos piden baile, ellos piden aprender cosas nuevas y es lo que hacemos en la coordinaci\u00f3n\u201d, afirm\u00f3 Ra\u00fal Zer\u00f3n.<\/p>\n<p>Asimismo, Ra\u00fal Zer\u00f3n invit\u00f3 a las personas adultas mayores a consultar la lista de talleres que hay para ellas y ellos, los cuales les ayudan a mantenerse activos f\u00edsica y mentalmente, lo que contribuye a su bienestar y a fortalecer sus cuerpos.<\/p>\n<p>\u201cYo quiero decir a los adultos mayores que vengan con nosotros, que descubran que todav\u00eda hay muchas m\u00e1s cosas que pueden hacer. No solamente es quedarse en casa; pueden venir a descubrir todos los talleres y actividades que tenemos para ellos\u201d, dijo.<\/p>\n<p>A las personas interesadas en inscribirse a los talleres de la Coordinaci\u00f3n de Adultos Mayores pueden acudir directamente a la UMI, ubicada en avenida Cue Merlo 201, San Baltazar Campeche; o comunicarse al n\u00famero de tel\u00e9fono 222 214 0000 Ext. 240 y 241.<\/p>\n<p>As\u00ed es como el Gobierno de la Ciudad, a trav\u00e9s del DIF Puebla Capital, se preocupa y ocupa por las personas adultas mayores, al reconocer el lugar que merecen dentro de la sociedad y brindar importancia a lo que piensan, sienten y requieren d\u00eda a d\u00eda.<\/p>\n","protected":false},"excerpt":{"rendered":"<p>&#8211; El Gobierno de la Ciudad, que encabeza el alcalde Pepe Chedraui, escucha y atiende las necesidades de este sector de la poblaci\u00f3n Puebla, Puebla.- En el marco del Mes del Adulto Mayor, el Gobierno de la Ciudad, encabezado por el alcalde Pepe Chedraui, a trav\u00e9s del DIF Puebla Capital, que preside la presidenta del&#8230;<\/p>\n","protected":false},"author":16,"featured_media":39949,"comment_status":"closed","ping_status":"closed","sticky":false,"template":"","format":"standard","meta":[],"categories":[20],"tags":[1287,3074],"yoast_head":"<!-- This site is optimized with the Yoast SEO plugin v20.8 - https:\/\/yoast.com\/wordpress\/plugins\/seo\/ -->\n<title>Cierra DIF Puebla Capital festejos por el Mes del Adulto Mayor - The Puebla Times<\/title>\n<meta name=\"robots\" content=\"index, follow, max-snippet:-1, max-image-preview:large, max-video-preview:-1\" \/>\n<link rel=\"canonical\" href=\"https:\/\/thepueblatimes.mx\/index.php\/2026\/08\/31\/cierra-dif-puebla-capital-festejos-por-el-mes-del-adulto-mayor\/\" \/>\n<meta property=\"og:locale\" content=\"es_ES\" \/>\n<meta property=\"og:type\" content=\"article\" \/>\n<meta property=\"og:title\" content=\"Cierra DIF Puebla Capital festejos por el Mes del Adulto Mayor - The Puebla Times\" \/>\n<meta property=\"og:description\" content=\"&#8211; El Gobierno de la Ciudad, que encabeza el alcalde Pepe Chedraui, escucha y atiende las necesidades de este sector de la poblaci\u00f3n Puebla, Puebla.- En el marco del Mes del Adulto Mayor, el Gobierno de la Ciudad, encabezado por el alcalde Pepe Chedraui, a trav\u00e9s del DIF Puebla Capital, que preside la presidenta del...\" \/>\n<meta property=\"og:url\" content=\"https:\/\/thepueblatimes.mx\/index.php\/2026\/08\/31\/cierra-dif-puebla-capital-festejos-por-el-mes-del-adulto-mayor\/\" \/>\n<meta property=\"og:site_name\" content=\"The Puebla Times\" \/>\n<meta property=\"article:published_time\" content=\"2026-08-31T22:36:17+00:00\" \/>\n<meta property=\"og:image\" content=\"https:\/\/thepueblatimes.mx\/wp-content\/uploads\/2026\/08\/WhatsApp-Image-2026-08-31-at-15.00.28.jpeg\" \/>\n\t<meta property=\"og:image:width\" content=\"1600\" \/>\n\t<meta property=\"og:image:height\" content=\"946\" \/>\n\t<meta property=\"og:image:type\" content=\"image\/jpeg\" \/>\n<meta name=\"author\" content=\"Sa\u00fal Hern\u00e1ndez\" \/>\n<meta name=\"twitter:card\" content=\"summary_large_image\" \/>\n<meta name=\"twitter:label1\" content=\"Escrito por\" \/>\n\t<meta name=\"twitter:data1\" content=\"Sa\u00fal Hern\u00e1ndez\" \/>\n\t<meta name=\"twitter:label2\" content=\"Tiempo de lectura\" \/>\n\t<meta name=\"twitter:data2\" content=\"3 minutos\" \/>\n<script type=\"application\/ld+json\" class=\"yoast-schema-graph\">{\"@context\":\"https:\/\/schema.org\",\"@graph\":[{\"@type\":\"WebPage\",\"@id\":\"https:\/\/thepueblatimes.mx\/index.php\/2026\/08\/31\/cierra-dif-puebla-capital-festejos-por-el-mes-del-adulto-mayor\/\",\"url\":\"https:\/\/thepueblatimes.mx\/index.php\/2026\/08\/31\/cierra-dif-puebla-capital-festejos-por-el-mes-del-adulto-mayor\/\",\"name\":\"Cierra DIF Puebla Capital festejos por el Mes del Adulto Mayor - The Puebla Times\",\"isPartOf\":{\"@id\":\"https:\/\/thepueblatimes.mx\/#website\"},\"datePublished\":\"2026-08-31T22:36:17+00:00\",\"dateModified\":\"2026-08-31T22:36:17+00:00\",\"author\":{\"@id\":\"https:\/\/thepueblatimes.mx\/#\/schema\/person\/1664894c2f65ce2c7a08d8f5f905c13c\"},\"breadcrumb\":{\"@id\":\"https:\/\/thepueblatimes.mx\/index.php\/2026\/08\/31\/cierra-dif-puebla-capital-festejos-por-el-mes-del-adulto-mayor\/#breadcrumb\"},\"inLanguage\":\"es\",\"potentialAction\":[{\"@type\":\"ReadAction\",\"target\":[\"https:\/\/thepueblatimes.mx\/index.php\/2026\/08\/31\/cierra-dif-puebla-capital-festejos-por-el-mes-del-adulto-mayor\/\"]}]},{\"@type\":\"BreadcrumbList\",\"@id\":\"https:\/\/thepueblatimes.mx\/index.php\/2026\/08\/31\/cierra-dif-puebla-capital-festejos-por-el-mes-del-adulto-mayor\/#breadcrumb\",\"itemListElement\":[{\"@type\":\"ListItem\",\"position\":1,\"name\":\"Portada\",\"item\":\"https:\/\/thepueblatimes.mx\/\"},{\"@type\":\"ListItem\",\"position\":2,\"name\":\"Cierra DIF Puebla Capital festejos por el Mes del Adulto Mayor\"}]},{\"@type\":\"WebSite\",\"@id\":\"https:\/\/thepueblatimes.mx\/#website\",\"url\":\"https:\/\/thepueblatimes.mx\/\",\"name\":\"The Puebla Times\",\"description\":\"Noticias del Estado de Puebla\",\"potentialAction\":[{\"@type\":\"SearchAction\",\"target\":{\"@type\":\"EntryPoint\",\"urlTemplate\":\"https:\/\/thepueblatimes.mx\/?s={search_term_string}\"},\"query-input\":\"required name=search_term_string\"}],\"inLanguage\":\"es\"},{\"@type\":\"Person\",\"@id\":\"https:\/\/thepueblatimes.mx\/#\/schema\/person\/1664894c2f65ce2c7a08d8f5f905c13c\",\"name\":\"Sa\u00fal Hern\u00e1ndez\",\"image\":{\"@type\":\"ImageObject\",\"inLanguage\":\"es\",\"@id\":\"https:\/\/thepueblatimes.mx\/#\/schema\/person\/image\/\",\"url\":\"https:\/\/secure.gravatar.com\/avatar\/11be338693f243309532caad8f10c930?s=96&d=mm&r=g\",\"contentUrl\":\"https:\/\/secure.gravatar.com\/avatar\/11be338693f243309532caad8f10c930?s=96&d=mm&r=g\",\"caption\":\"Sa\u00fal Hern\u00e1ndez\"},\"url\":\"https:\/\/thepueblatimes.mx\/index.php\/author\/saulhernandez\/\"}]}<\/script>\n<!-- \/ Yoast SEO plugin. -->","yoast_head_json":{"title":"Cierra DIF Puebla Capital festejos por el Mes del Adulto Mayor - The Puebla Times","robots":{"index":"index","follow":"follow","max-snippet":"max-snippet:-1","max-image-preview":"max-image-preview:large","max-video-preview":"max-video-preview:-1"},"canonical":"https:\/\/thepueblatimes.mx\/index.php\/2026\/08\/31\/cierra-dif-puebla-capital-festejos-por-el-mes-del-adulto-mayor\/","og_locale":"es_ES","og_type":"article","og_title":"Cierra DIF Puebla Capital festejos por el Mes del Adulto Mayor - The Puebla Times","og_description":"&#8211; El Gobierno de la Ciudad, que encabeza el alcalde Pepe Chedraui, escucha y atiende las necesidades de este sector de la poblaci\u00f3n Puebla, Puebla.- En el marco del Mes del Adulto Mayor, el Gobierno de la Ciudad, encabezado por el alcalde Pepe Chedraui, a trav\u00e9s del DIF Puebla Capital, que preside la presidenta del...","og_url":"https:\/\/thepueblatimes.mx\/index.php\/2026\/08\/31\/cierra-dif-puebla-capital-festejos-por-el-mes-del-adulto-mayor\/","og_site_name":"The Puebla Times","article_published_time":"2026-08-31T22:36:17+00:00","og_image":[{"width":1600,"height":946,"url":"https:\/\/thepueblatimes.mx\/wp-content\/uploads\/2026\/08\/WhatsApp-Image-2026-08-31-at-15.00.28.jpeg","type":"image\/jpeg"}],"author":"Sa\u00fal Hern\u00e1ndez","twitter_card":"summary_large_image","twitter_misc":{"Escrito por":"Sa\u00fal Hern\u00e1ndez","Tiempo de lectura":"3 minutos"},"schema":{"@context":"https:\/\/schema.org","@graph":[{"@type":"WebPage","@id":"https:\/\/thepueblatimes.mx\/index.php\/2026\/08\/31\/cierra-dif-puebla-capital-festejos-por-el-mes-del-adulto-mayor\/","url":"https:\/\/thepueblatimes.mx\/index.php\/2026\/08\/31\/cierra-dif-puebla-capital-festejos-por-el-mes-del-adulto-mayor\/","name":"Cierra DIF Puebla Capital festejos por el Mes del Adulto Mayor - The Puebla Times","isPartOf":{"@id":"https:\/\/thepueblatimes.mx\/#website"},"datePublished":"2026-08-31T22:36:17+00:00","dateModified":"2026-08-31T22:36:17+00:00","author":{"@id":"https:\/\/thepueblatimes.mx\/#\/schema\/person\/1664894c2f65ce2c7a08d8f5f905c13c"},"breadcrumb":{"@id":"https:\/\/thepueblatimes.mx\/index.php\/2026\/08\/31\/cierra-dif-puebla-capital-festejos-por-el-mes-del-adulto-mayor\/#breadcrumb"},"inLanguage":"es","potentialAction":[{"@type":"ReadAction","target":["https:\/\/thepueblatimes.mx\/index.php\/2026\/08\/31\/cierra-dif-puebla-capital-festejos-por-el-mes-del-adulto-mayor\/"]}]},{"@type":"BreadcrumbList","@id":"https:\/\/thepueblatimes.mx\/index.php\/2026\/08\/31\/cierra-dif-puebla-capital-festejos-por-el-mes-del-adulto-mayor\/#breadcrumb","itemListElement":[{"@type":"ListItem","position":1,"name":"Portada","item":"https:\/\/thepueblatimes.mx\/"},{"@type":"ListItem","position":2,"name":"Cierra DIF Puebla Capital festejos por el Mes del Adulto Mayor"}]},{"@type":"WebSite","@id":"https:\/\/thepueblatimes.mx\/#website","url":"https:\/\/thepueblatimes.mx\/","name":"The Puebla Times","description":"Noticias del Estado de Puebla","potentialAction":[{"@type":"SearchAction","target":{"@type":"EntryPoint","urlTemplate":"https:\/\/thepueblatimes.mx\/?s={search_term_string}"},"query-input":"required name=search_term_string"}],"inLanguage":"es"},{"@type":"Person","@id":"https:\/\/thepueblatimes.mx\/#\/schema\/person\/1664894c2f65ce2c7a08d8f5f905c13c","name":"Sa\u00fal Hern\u00e1ndez","image":{"@type":"ImageObject","inLanguage":"es","@id":"https:\/\/thepueblatimes.mx\/#\/schema\/person\/image\/","url":"https:\/\/secure.gravatar.com\/avatar\/11be338693f243309532caad8f10c930?s=96&d=mm&r=g","contentUrl":"https:\/\/secure.gravatar.com\/avatar\/11be338693f243309532caad8f10c930?s=96&d=mm&r=g","caption":"Sa\u00fal Hern\u00e1ndez"},"url":"https:\/\/thepueblatimes.mx\/index.php\/author\/saulhernandez\/"}]}},"jetpack_featured_media_url":"https:\/\/thepueblatimes.mx\/wp-content\/uploads\/2026\/08\/WhatsApp-Image-2026-08-31-at-15.00.28.jpeg","_links":{"self":[{"href":"https:\/\/thepueblatimes.mx\/index.php\/wp-json\/wp\/v2\/posts\/39948"}],"collection":[{"href":"https:\/\/thepueblatimes.mx\/index.php\/wp-json\/wp\/v2\/posts"}],"about":[{"href":"https:\/\/thepueblatimes.mx\/index.php\/wp-json\/wp\/v2\/types\/post"}],"author":[{"embeddable":true,"href":"https:\/\/thepueblatimes.mx\/index.php\/wp-json\/wp\/v2\/users\/16"}],"replies":[{"embeddable":true,"href":"https:\/\/thepueblatimes.mx\/index.php\/wp-json\/wp\/v2\/comments?post=39948"}],"version-history":[{"count":1,"href":"https:\/\/thepueblatimes.mx\/index.php\/wp-json\/wp\/v2\/posts\/39948\/revisions"}],"predecessor-version":[{"id":39950,"href":"https:\/\/thepueblatimes.mx\/index.php\/wp-json\/wp\/v2\/posts\/39948\/revisions\/39950"}],"wp:featuredmedia":[{"embeddable":true,"href":"https:\/\/thepueblatimes.mx\/index.php\/wp-json\/wp\/v2\/media\/39949"}],"wp:attachment":[{"href":"https:\/\/thepueblatimes.mx\/index.php\/wp-json\/wp\/v2\/media?parent=39948"}],"wp:term":[{"taxonomy":"category","embeddable":true,"href":"https:\/\/thepueblatimes.mx\/index.php\/wp-json\/wp\/v2\/categories?post=39948"},{"taxonomy":"post_tag","embeddable":true,"href":"https:\/\/thepueblatimes.mx\/index.php\/wp-json\/wp\/v2\/tags?post=39948"}],"curies":[{"name":"wp","href":"https:\/\/api.w.org\/{rel}","templated":true}]}}