{"id":39942,"date":"2026-08-31T16:23:02","date_gmt":"2026-08-31T22:23:02","guid":{"rendered":"https:\/\/thepueblatimes.mx\/?p=39942"},"modified":"2026-08-31T16:23:02","modified_gmt":"2026-08-31T22:23:02","slug":"gobierno-de-pepe-chedraui-entrega-el-premio-municipal-de-la-juventud-2026","status":"publish","type":"post","link":"https:\/\/thepueblatimes.mx\/index.php\/2026\/08\/31\/gobierno-de-pepe-chedraui-entrega-el-premio-municipal-de-la-juventud-2026\/","title":{"rendered":"Gobierno de Pepe Chedraui entrega el Premio Municipal de la Juventud 2026"},"content":{"rendered":"<h3><em>&#8211; M\u00e1s de 100 personas j\u00f3venes participaron en esta edici\u00f3n del m\u00e1ximo reconocimiento municipal a juventudes destacadas<\/em><\/h3>\n<h3><em>&#8211; Cinco, fueron reconocidas por su trayectoria y aportaciones en excelencia acad\u00e9mica, arte y cultura, compromiso social, emprendimiento y protecci\u00f3n al bienestar animal y medio ambiente<\/em><\/h3>\n<p>Puebla, Pue., 31 de agosto de 2026.- Con la participaci\u00f3n de m\u00e1s de 100 juventudes del municipio de Puebla, el Gobierno de la Ciudad, encabezado por el presidente municipal, Pepe Chedraui, llev\u00f3 a cabo la ceremonia de entrega del Premio Municipal de la Juventud 2026, un reconocimiento que distingue el talento, liderazgo, trayectoria y compromiso de las nuevas generaciones que contribuyen al desarrollo de sus comunidades y de la ciudad.<\/p>\n<p>A trav\u00e9s del Instituto de la Juventud del Municipio de Puebla (IJMP), encabezado por Carolina Cabrera Victoria, esta edici\u00f3n reuni\u00f3 a juventudes que, desde diferentes \u00e1mbitos, han convertido sus conocimientos, talentos, proyectos y causas en acciones con impacto positivo.<\/p>\n<p>El Premio Municipal de la Juventud 2026 contempl\u00f3 cinco categor\u00edas: Excelencia Acad\u00e9mica; Arte y Cultura; Compromiso Social; Emprendimiento y Desarrollo Econ\u00f3mico; y Protecci\u00f3n al Bienestar Animal y Medio Ambiente, reconociendo a una joven ganadora por cada categor\u00eda, quien recibi\u00f3 un est\u00edmulo econ\u00f3mico de 20 mil pesos, adem\u00e1s del reconocimiento oficial a su trayectoria.<\/p>\n<p>La convocatoria permiti\u00f3 visibilizar el trabajo y las aportaciones de m\u00e1s de 100 juventudes participantes, fortaleciendo adem\u00e1s un espacio de encuentro, intercambio de experiencias y construcci\u00f3n de redes entre juventudes que desde distintos sectores contribuyen a transformar Puebla.<\/p>\n<p>Las juventudes ganadoras<\/p>\n<p>En la categor\u00eda de Excelencia Acad\u00e9mica, fue reconocida Zaira Vanesa Acevedo Ochoa, estudiante de la Facultad de Medicina de la BUAP, quien cuenta con una destacada trayectoria acad\u00e9mica y un especial inter\u00e9s en la salud p\u00fablica, particularmente en la prevenci\u00f3n y promoci\u00f3n de la salud.<\/p>\n<p>En Arte y Cultura, el reconocimiento fue para Mar\u00eda Jos\u00e9 Alan\u00eds Castro, artista e investigadora esc\u00e9nica, cr\u00edtica teatral, promotora cultural y mediadora de lectura. Egresada de la Licenciatura en Arte Dram\u00e1tico de la BUAP, coordina proyectos art\u00edsticos y culturales en el Colectivo Huitzil Urbano, Radical Colectiva Esc\u00e9nica y el Club de Lectura Ant\u00edgona.<\/p>\n<p>La categor\u00eda de Compromiso Social reconoci\u00f3 a Mar\u00eda de la Luz Guadalupe Sabino Serrano, estudiante de Derecho en la BUAP, campesina, madre y trabajadora, cuya trayectoria se ha distinguido por su participaci\u00f3n comunitaria y la defensa de su territorio, identidad y patrimonio cultural.<\/p>\n<p>En Emprendimiento y Desarrollo Econ\u00f3mico, fue reconocida Leilanie Rodr\u00edguez Rend\u00f3n, estudiante de la Licenciatura en la Ense\u00f1anza del Ingl\u00e9s en la BUAP y fundadora de Cositas.lr, emprendimiento artesanal especializado en el dise\u00f1o, modelado y comercializaci\u00f3n de accesorios y piezas personalizadas elaboradas en porcelana flexible.<\/p>\n<p>Finalmente, en la categor\u00eda de Protecci\u00f3n al Bienestar Animal y Medio Ambiente, fue reconocida Karla Nayeli Alegre Teutle, licenciada en Mercadotecnia y con formaci\u00f3n en Medicina Veterinaria y Zootecnia, quien ha desarrollado una trayectoria enfocada en el rescate, atenci\u00f3n y bienestar de los animales. Su labor incluye la participaci\u00f3n en rescates derivados de situaciones como la explosi\u00f3n de San Pablo Xochimehuac\u00e1n, derrumbes de edificios, as\u00ed como rescates en barrancas, pozos y otros espacios donde animales han quedado atrapados.<\/p>\n<p>Reconocimiento que trascienden<\/p>\n<p>Durante la ceremonia tambi\u00e9n galardonaron a juventudes y docentes destacados, quienes desde sus diferentes espacios contribuyen al desarrollo de las nuevas generaciones y fortalecen las redes de acompa\u00f1amiento, formaci\u00f3n y participaci\u00f3n juvenil en el municipio.<\/p>\n<p>El Premio Municipal de la Juventud 2026 destaca cinco historias, pero representa tambi\u00e9n el talento y las aspiraciones de m\u00e1s de 100 juventudes que participaron en esta convocatoria y que, desde sus diferentes \u00e1mbitos, demuestran que Puebla cuenta con una generaci\u00f3n comprometida, creativa, solidaria y capaz de transformar su entorno.<\/p>\n","protected":false},"excerpt":{"rendered":"<p>&#8211; M\u00e1s de 100 personas j\u00f3venes participaron en esta edici\u00f3n del m\u00e1ximo reconocimiento municipal a juventudes destacadas &#8211; Cinco, fueron reconocidas por su trayectoria y aportaciones en excelencia acad\u00e9mica, arte y cultura, compromiso social, emprendimiento y protecci\u00f3n al bienestar animal y medio ambiente Puebla, Pue., 31 de agosto de 2026.- Con la participaci\u00f3n de m\u00e1s&#8230;<\/p>\n","protected":false},"author":16,"featured_media":39943,"comment_status":"closed","ping_status":"closed","sticky":false,"template":"","format":"standard","meta":[],"categories":[20],"tags":[1287,3074],"yoast_head":"<!-- This site is optimized with the Yoast SEO plugin v20.8 - https:\/\/yoast.com\/wordpress\/plugins\/seo\/ -->\n<title>Gobierno de Pepe Chedraui entrega el Premio Municipal de la Juventud 2026 - The Puebla Times<\/title>\n<meta name=\"robots\" content=\"index, follow, max-snippet:-1, max-image-preview:large, max-video-preview:-1\" \/>\n<link rel=\"canonical\" href=\"https:\/\/thepueblatimes.mx\/index.php\/2026\/08\/31\/gobierno-de-pepe-chedraui-entrega-el-premio-municipal-de-la-juventud-2026\/\" \/>\n<meta property=\"og:locale\" content=\"es_ES\" \/>\n<meta property=\"og:type\" content=\"article\" \/>\n<meta property=\"og:title\" content=\"Gobierno de Pepe Chedraui entrega el Premio Municipal de la Juventud 2026 - The Puebla Times\" \/>\n<meta property=\"og:description\" content=\"&#8211; M\u00e1s de 100 personas j\u00f3venes participaron en esta edici\u00f3n del m\u00e1ximo reconocimiento municipal a juventudes destacadas &#8211; Cinco, fueron reconocidas por su trayectoria y aportaciones en excelencia acad\u00e9mica, arte y cultura, compromiso social, emprendimiento y protecci\u00f3n al bienestar animal y medio ambiente Puebla, Pue., 31 de agosto de 2026.- Con la participaci\u00f3n de m\u00e1s...\" \/>\n<meta property=\"og:url\" content=\"https:\/\/thepueblatimes.mx\/index.php\/2026\/08\/31\/gobierno-de-pepe-chedraui-entrega-el-premio-municipal-de-la-juventud-2026\/\" \/>\n<meta property=\"og:site_name\" content=\"The Puebla Times\" \/>\n<meta property=\"article:published_time\" content=\"2026-08-31T22:23:02+00:00\" \/>\n<meta property=\"og:image\" content=\"https:\/\/thepueblatimes.mx\/wp-content\/uploads\/2026\/08\/WhatsApp-Image-2026-08-31-at-11.17.21.jpeg\" \/>\n\t<meta property=\"og:image:width\" content=\"1280\" \/>\n\t<meta property=\"og:image:height\" content=\"853\" \/>\n\t<meta property=\"og:image:type\" content=\"image\/jpeg\" \/>\n<meta name=\"author\" content=\"Sa\u00fal Hern\u00e1ndez\" \/>\n<meta name=\"twitter:card\" content=\"summary_large_image\" \/>\n<meta name=\"twitter:label1\" content=\"Escrito por\" \/>\n\t<meta name=\"twitter:data1\" content=\"Sa\u00fal Hern\u00e1ndez\" \/>\n\t<meta name=\"twitter:label2\" content=\"Tiempo de lectura\" \/>\n\t<meta name=\"twitter:data2\" content=\"3 minutos\" \/>\n<script type=\"application\/ld+json\" class=\"yoast-schema-graph\">{\"@context\":\"https:\/\/schema.org\",\"@graph\":[{\"@type\":\"WebPage\",\"@id\":\"https:\/\/thepueblatimes.mx\/index.php\/2026\/08\/31\/gobierno-de-pepe-chedraui-entrega-el-premio-municipal-de-la-juventud-2026\/\",\"url\":\"https:\/\/thepueblatimes.mx\/index.php\/2026\/08\/31\/gobierno-de-pepe-chedraui-entrega-el-premio-municipal-de-la-juventud-2026\/\",\"name\":\"Gobierno de Pepe Chedraui entrega el Premio Municipal de la Juventud 2026 - The Puebla Times\",\"isPartOf\":{\"@id\":\"https:\/\/thepueblatimes.mx\/#website\"},\"datePublished\":\"2026-08-31T22:23:02+00:00\",\"dateModified\":\"2026-08-31T22:23:02+00:00\",\"author\":{\"@id\":\"https:\/\/thepueblatimes.mx\/#\/schema\/person\/1664894c2f65ce2c7a08d8f5f905c13c\"},\"breadcrumb\":{\"@id\":\"https:\/\/thepueblatimes.mx\/index.php\/2026\/08\/31\/gobierno-de-pepe-chedraui-entrega-el-premio-municipal-de-la-juventud-2026\/#breadcrumb\"},\"inLanguage\":\"es\",\"potentialAction\":[{\"@type\":\"ReadAction\",\"target\":[\"https:\/\/thepueblatimes.mx\/index.php\/2026\/08\/31\/gobierno-de-pepe-chedraui-entrega-el-premio-municipal-de-la-juventud-2026\/\"]}]},{\"@type\":\"BreadcrumbList\",\"@id\":\"https:\/\/thepueblatimes.mx\/index.php\/2026\/08\/31\/gobierno-de-pepe-chedraui-entrega-el-premio-municipal-de-la-juventud-2026\/#breadcrumb\",\"itemListElement\":[{\"@type\":\"ListItem\",\"position\":1,\"name\":\"Portada\",\"item\":\"https:\/\/thepueblatimes.mx\/\"},{\"@type\":\"ListItem\",\"position\":2,\"name\":\"Gobierno de Pepe Chedraui entrega el Premio Municipal de la Juventud 2026\"}]},{\"@type\":\"WebSite\",\"@id\":\"https:\/\/thepueblatimes.mx\/#website\",\"url\":\"https:\/\/thepueblatimes.mx\/\",\"name\":\"The Puebla Times\",\"description\":\"Noticias del Estado de Puebla\",\"potentialAction\":[{\"@type\":\"SearchAction\",\"target\":{\"@type\":\"EntryPoint\",\"urlTemplate\":\"https:\/\/thepueblatimes.mx\/?s={search_term_string}\"},\"query-input\":\"required name=search_term_string\"}],\"inLanguage\":\"es\"},{\"@type\":\"Person\",\"@id\":\"https:\/\/thepueblatimes.mx\/#\/schema\/person\/1664894c2f65ce2c7a08d8f5f905c13c\",\"name\":\"Sa\u00fal Hern\u00e1ndez\",\"image\":{\"@type\":\"ImageObject\",\"inLanguage\":\"es\",\"@id\":\"https:\/\/thepueblatimes.mx\/#\/schema\/person\/image\/\",\"url\":\"https:\/\/secure.gravatar.com\/avatar\/11be338693f243309532caad8f10c930?s=96&d=mm&r=g\",\"contentUrl\":\"https:\/\/secure.gravatar.com\/avatar\/11be338693f243309532caad8f10c930?s=96&d=mm&r=g\",\"caption\":\"Sa\u00fal Hern\u00e1ndez\"},\"url\":\"https:\/\/thepueblatimes.mx\/index.php\/author\/saulhernandez\/\"}]}<\/script>\n<!-- \/ Yoast SEO plugin. -->","yoast_head_json":{"title":"Gobierno de Pepe Chedraui entrega el Premio Municipal de la Juventud 2026 - The Puebla Times","robots":{"index":"index","follow":"follow","max-snippet":"max-snippet:-1","max-image-preview":"max-image-preview:large","max-video-preview":"max-video-preview:-1"},"canonical":"https:\/\/thepueblatimes.mx\/index.php\/2026\/08\/31\/gobierno-de-pepe-chedraui-entrega-el-premio-municipal-de-la-juventud-2026\/","og_locale":"es_ES","og_type":"article","og_title":"Gobierno de Pepe Chedraui entrega el Premio Municipal de la Juventud 2026 - The Puebla Times","og_description":"&#8211; M\u00e1s de 100 personas j\u00f3venes participaron en esta edici\u00f3n del m\u00e1ximo reconocimiento municipal a juventudes destacadas &#8211; Cinco, fueron reconocidas por su trayectoria y aportaciones en excelencia acad\u00e9mica, arte y cultura, compromiso social, emprendimiento y protecci\u00f3n al bienestar animal y medio ambiente Puebla, Pue., 31 de agosto de 2026.- Con la participaci\u00f3n de m\u00e1s...","og_url":"https:\/\/thepueblatimes.mx\/index.php\/2026\/08\/31\/gobierno-de-pepe-chedraui-entrega-el-premio-municipal-de-la-juventud-2026\/","og_site_name":"The Puebla Times","article_published_time":"2026-08-31T22:23:02+00:00","og_image":[{"width":1280,"height":853,"url":"https:\/\/thepueblatimes.mx\/wp-content\/uploads\/2026\/08\/WhatsApp-Image-2026-08-31-at-11.17.21.jpeg","type":"image\/jpeg"}],"author":"Sa\u00fal Hern\u00e1ndez","twitter_card":"summary_large_image","twitter_misc":{"Escrito por":"Sa\u00fal Hern\u00e1ndez","Tiempo de lectura":"3 minutos"},"schema":{"@context":"https:\/\/schema.org","@graph":[{"@type":"WebPage","@id":"https:\/\/thepueblatimes.mx\/index.php\/2026\/08\/31\/gobierno-de-pepe-chedraui-entrega-el-premio-municipal-de-la-juventud-2026\/","url":"https:\/\/thepueblatimes.mx\/index.php\/2026\/08\/31\/gobierno-de-pepe-chedraui-entrega-el-premio-municipal-de-la-juventud-2026\/","name":"Gobierno de Pepe Chedraui entrega el Premio Municipal de la Juventud 2026 - The Puebla Times","isPartOf":{"@id":"https:\/\/thepueblatimes.mx\/#website"},"datePublished":"2026-08-31T22:23:02+00:00","dateModified":"2026-08-31T22:23:02+00:00","author":{"@id":"https:\/\/thepueblatimes.mx\/#\/schema\/person\/1664894c2f65ce2c7a08d8f5f905c13c"},"breadcrumb":{"@id":"https:\/\/thepueblatimes.mx\/index.php\/2026\/08\/31\/gobierno-de-pepe-chedraui-entrega-el-premio-municipal-de-la-juventud-2026\/#breadcrumb"},"inLanguage":"es","potentialAction":[{"@type":"ReadAction","target":["https:\/\/thepueblatimes.mx\/index.php\/2026\/08\/31\/gobierno-de-pepe-chedraui-entrega-el-premio-municipal-de-la-juventud-2026\/"]}]},{"@type":"BreadcrumbList","@id":"https:\/\/thepueblatimes.mx\/index.php\/2026\/08\/31\/gobierno-de-pepe-chedraui-entrega-el-premio-municipal-de-la-juventud-2026\/#breadcrumb","itemListElement":[{"@type":"ListItem","position":1,"name":"Portada","item":"https:\/\/thepueblatimes.mx\/"},{"@type":"ListItem","position":2,"name":"Gobierno de Pepe Chedraui entrega el Premio Municipal de la Juventud 2026"}]},{"@type":"WebSite","@id":"https:\/\/thepueblatimes.mx\/#website","url":"https:\/\/thepueblatimes.mx\/","name":"The Puebla Times","description":"Noticias del Estado de Puebla","potentialAction":[{"@type":"SearchAction","target":{"@type":"EntryPoint","urlTemplate":"https:\/\/thepueblatimes.mx\/?s={search_term_string}"},"query-input":"required name=search_term_string"}],"inLanguage":"es"},{"@type":"Person","@id":"https:\/\/thepueblatimes.mx\/#\/schema\/person\/1664894c2f65ce2c7a08d8f5f905c13c","name":"Sa\u00fal Hern\u00e1ndez","image":{"@type":"ImageObject","inLanguage":"es","@id":"https:\/\/thepueblatimes.mx\/#\/schema\/person\/image\/","url":"https:\/\/secure.gravatar.com\/avatar\/11be338693f243309532caad8f10c930?s=96&d=mm&r=g","contentUrl":"https:\/\/secure.gravatar.com\/avatar\/11be338693f243309532caad8f10c930?s=96&d=mm&r=g","caption":"Sa\u00fal Hern\u00e1ndez"},"url":"https:\/\/thepueblatimes.mx\/index.php\/author\/saulhernandez\/"}]}},"jetpack_featured_media_url":"https:\/\/thepueblatimes.mx\/wp-content\/uploads\/2026\/08\/WhatsApp-Image-2026-08-31-at-11.17.21.jpeg","_links":{"self":[{"href":"https:\/\/thepueblatimes.mx\/index.php\/wp-json\/wp\/v2\/posts\/39942"}],"collection":[{"href":"https:\/\/thepueblatimes.mx\/index.php\/wp-json\/wp\/v2\/posts"}],"about":[{"href":"https:\/\/thepueblatimes.mx\/index.php\/wp-json\/wp\/v2\/types\/post"}],"author":[{"embeddable":true,"href":"https:\/\/thepueblatimes.mx\/index.php\/wp-json\/wp\/v2\/users\/16"}],"replies":[{"embeddable":true,"href":"https:\/\/thepueblatimes.mx\/index.php\/wp-json\/wp\/v2\/comments?post=39942"}],"version-history":[{"count":1,"href":"https:\/\/thepueblatimes.mx\/index.php\/wp-json\/wp\/v2\/posts\/39942\/revisions"}],"predecessor-version":[{"id":39944,"href":"https:\/\/thepueblatimes.mx\/index.php\/wp-json\/wp\/v2\/posts\/39942\/revisions\/39944"}],"wp:featuredmedia":[{"embeddable":true,"href":"https:\/\/thepueblatimes.mx\/index.php\/wp-json\/wp\/v2\/media\/39943"}],"wp:attachment":[{"href":"https:\/\/thepueblatimes.mx\/index.php\/wp-json\/wp\/v2\/media?parent=39942"}],"wp:term":[{"taxonomy":"category","embeddable":true,"href":"https:\/\/thepueblatimes.mx\/index.php\/wp-json\/wp\/v2\/categories?post=39942"},{"taxonomy":"post_tag","embeddable":true,"href":"https:\/\/thepueblatimes.mx\/index.php\/wp-json\/wp\/v2\/tags?post=39942"}],"curies":[{"name":"wp","href":"https:\/\/api.w.org\/{rel}","templated":true}]}}