{"id":39934,"date":"2026-08-30T23:16:06","date_gmt":"2026-08-31T05:16:06","guid":{"rendered":"https:\/\/thepueblatimes.mx\/?p=39934"},"modified":"2026-08-30T23:16:06","modified_gmt":"2026-08-31T05:16:06","slug":"arrancan-marielise-budib-y-pepe-chedraui-construccion-de-la-primera-escuela-publica-para-personas-con-discapacidad-intelectual","status":"publish","type":"post","link":"https:\/\/thepueblatimes.mx\/index.php\/2026\/08\/30\/arrancan-marielise-budib-y-pepe-chedraui-construccion-de-la-primera-escuela-publica-para-personas-con-discapacidad-intelectual\/","title":{"rendered":"Arrancan MariElise Budib y Pepe Chedraui construcci\u00f3n de la primera escuela p\u00fablica para personas con discapacidad intelectual"},"content":{"rendered":"<h3><em>&#8211; El Gobierno de la Ciudad, a trav\u00e9s del DIF Puebla Capital, apuesta por una educaci\u00f3n inclusiva para potencializar las capacidades de personas con discapacidad intelectual<\/em><\/h3>\n<h3><em>&#8211; La escuela Distribuidores Nissan n\u00fam. 128 se ubicar\u00e1 en la colonia San Juan Bosco, donde ni\u00f1as, ni\u00f1os, adolescentes y j\u00f3venes con discapacidad adquirir\u00e1n no solo conocimientos, sino tambi\u00e9n habilidades para la vida<\/em><\/h3>\n<p>Puebla, Pue., 30 de agosto de 2026. &#8211; Con el prop\u00f3sito de brindar nuevas oportunidades de desarrollo, autonom\u00eda e inclusi\u00f3n a ni\u00f1as y ni\u00f1os con discapacidad intelectual, arranc\u00f3 la construcci\u00f3n del Centro Educativo LUMINA, la primera escuela p\u00fablica inclusiva en Puebla Capital. El proyecto es un compromiso que asumi\u00f3 la presidenta del Patronato MariElise Budib, desde el inicio de la administraci\u00f3n, con el impulso del alcalde Pepe Chedraui y apoyo de la Fundaci\u00f3n Distribuidores Nissan, ser\u00e1 una realidad.<\/p>\n<p>\u201cPepe, gracias por tu apoyo y liderazgo ha sido no solo inspiraci\u00f3n, sino el respaldo para que juntos logremos hoy poner esta primera piedra. LUMINA comenz\u00f3 como una pl\u00e1tica entre t\u00fa y yo. Como un sue\u00f1o, y hoy lo hemos materializado. Gracias por creer en LUMINA, por seguir trabajando a mi lado para que Puebla tenga una escuela\u201d, afirm\u00f3 MariElise Budib.<\/p>\n<p>La presidenta del DIF Puebla Capital destac\u00f3 que la construcci\u00f3n de LUMINA representa la materializaci\u00f3n de un proyecto que surgi\u00f3 a partir del trabajo que diariamente realiza el DIF Puebla Capital con ni\u00f1as, ni\u00f1os y personas con discapacidad, particularmente a trav\u00e9s de su Centro Municipal de Equinoterapia y Rehabilitaci\u00f3n Integral (CMERI), donde se han conocido de cerca las historias, necesidades y retos que enfrentan las familias.<\/p>\n<p>Por su parte, el presidente municipal, Pepe Chedraui, destac\u00f3 la importancia de generar acciones que permitan visibilizar y reconocer el valor de todas las personas, especialmente de quienes enfrentan distintas condiciones o capacidades, al tiempo que agradeci\u00f3 a quienes hacen posible este tipo de iniciativas y contribuyen a construir una sociedad m\u00e1s incluyente<\/p>\n<p>A partir de esta experiencia, se identific\u00f3 la necesidad de ir m\u00e1s all\u00e1 de la rehabilitaci\u00f3n f\u00edsica y generar oportunidades educativas que permitan desarrollar al m\u00e1ximo las capacidades de ni\u00f1as y ni\u00f1os con discapacidad intelectual.<\/p>\n<p>El modelo educativo est\u00e1 pensado en la inclusi\u00f3n y se basa en la neuropedagog\u00eda, lo que significa entender c\u00f3mo aprende el cerebro de cada ni\u00f1o y cada ni\u00f1a, as\u00ed como trabajar en su desarrollo socioemocional. Con base en este modelo, las y los alumnos cursar\u00e1n un sistema escolarizado, y al mismo tiempo recibir\u00e1n formaci\u00f3n para la vida independiente y herramientas para fortalecer sus habilidades cognitivas y socioemocionales, comunicaci\u00f3n efectiva, manejo responsable del dinero y toma de decisiones, entre otros aprendizajes fundamentales para su autonom\u00eda.<\/p>\n<p>Cabe se\u00f1alar que la escuela Distribuidores Nissan n\u00famero 128 contar\u00e1 con una inversi\u00f3n privada superior a los 13 millones de pesos, y tanto la construcci\u00f3n como el equipamiento estar\u00e1 a cargo de la Fundaci\u00f3n Distribuidores Nissan, impulsado por Grupo Huerpel.<\/p>\n<p>Con la colocaci\u00f3n de la primera piedra de LUMINA, se reafirma el trabajo del Gobierno de la Ciudad, a trav\u00e9s del DIF Puebla Capital por impulsar y consolidad espacios educativos dignos e inclusivos para la ni\u00f1ez poblana.<\/p>\n","protected":false},"excerpt":{"rendered":"<p>&#8211; El Gobierno de la Ciudad, a trav\u00e9s del DIF Puebla Capital, apuesta por una educaci\u00f3n inclusiva para potencializar las capacidades de personas con discapacidad intelectual &#8211; La escuela Distribuidores Nissan n\u00fam. 128 se ubicar\u00e1 en la colonia San Juan Bosco, donde ni\u00f1as, ni\u00f1os, adolescentes y j\u00f3venes con discapacidad adquirir\u00e1n no solo conocimientos, sino tambi\u00e9n&#8230;<\/p>\n","protected":false},"author":16,"featured_media":39935,"comment_status":"closed","ping_status":"closed","sticky":false,"template":"","format":"standard","meta":[],"categories":[20],"tags":[1287,2425,3074],"yoast_head":"<!-- This site is optimized with the Yoast SEO plugin v20.8 - https:\/\/yoast.com\/wordpress\/plugins\/seo\/ -->\n<title>Arrancan MariElise Budib y Pepe Chedraui construcci\u00f3n de la primera escuela p\u00fablica para personas con discapacidad intelectual - The Puebla Times<\/title>\n<meta name=\"robots\" content=\"index, follow, max-snippet:-1, max-image-preview:large, max-video-preview:-1\" \/>\n<link rel=\"canonical\" href=\"https:\/\/thepueblatimes.mx\/index.php\/2026\/08\/30\/arrancan-marielise-budib-y-pepe-chedraui-construccion-de-la-primera-escuela-publica-para-personas-con-discapacidad-intelectual\/\" \/>\n<meta property=\"og:locale\" content=\"es_ES\" \/>\n<meta property=\"og:type\" content=\"article\" \/>\n<meta property=\"og:title\" content=\"Arrancan MariElise Budib y Pepe Chedraui construcci\u00f3n de la primera escuela p\u00fablica para personas con discapacidad intelectual - The Puebla Times\" \/>\n<meta property=\"og:description\" content=\"&#8211; El Gobierno de la Ciudad, a trav\u00e9s del DIF Puebla Capital, apuesta por una educaci\u00f3n inclusiva para potencializar las capacidades de personas con discapacidad intelectual &#8211; La escuela Distribuidores Nissan n\u00fam. 128 se ubicar\u00e1 en la colonia San Juan Bosco, donde ni\u00f1as, ni\u00f1os, adolescentes y j\u00f3venes con discapacidad adquirir\u00e1n no solo conocimientos, sino tambi\u00e9n...\" \/>\n<meta property=\"og:url\" content=\"https:\/\/thepueblatimes.mx\/index.php\/2026\/08\/30\/arrancan-marielise-budib-y-pepe-chedraui-construccion-de-la-primera-escuela-publica-para-personas-con-discapacidad-intelectual\/\" \/>\n<meta property=\"og:site_name\" content=\"The Puebla Times\" \/>\n<meta property=\"article:published_time\" content=\"2026-08-31T05:16:06+00:00\" \/>\n<meta property=\"og:image\" content=\"https:\/\/thepueblatimes.mx\/wp-content\/uploads\/2026\/08\/WhatsApp-Image-2026-08-30-at-10.59.39.jpeg\" \/>\n\t<meta property=\"og:image:width\" content=\"1280\" \/>\n\t<meta property=\"og:image:height\" content=\"720\" \/>\n\t<meta property=\"og:image:type\" content=\"image\/jpeg\" \/>\n<meta name=\"author\" content=\"Sa\u00fal Hern\u00e1ndez\" \/>\n<meta name=\"twitter:card\" content=\"summary_large_image\" \/>\n<meta name=\"twitter:label1\" content=\"Escrito por\" \/>\n\t<meta name=\"twitter:data1\" content=\"Sa\u00fal Hern\u00e1ndez\" \/>\n\t<meta name=\"twitter:label2\" content=\"Tiempo de lectura\" \/>\n\t<meta name=\"twitter:data2\" content=\"3 minutos\" \/>\n<script type=\"application\/ld+json\" class=\"yoast-schema-graph\">{\"@context\":\"https:\/\/schema.org\",\"@graph\":[{\"@type\":\"WebPage\",\"@id\":\"https:\/\/thepueblatimes.mx\/index.php\/2026\/08\/30\/arrancan-marielise-budib-y-pepe-chedraui-construccion-de-la-primera-escuela-publica-para-personas-con-discapacidad-intelectual\/\",\"url\":\"https:\/\/thepueblatimes.mx\/index.php\/2026\/08\/30\/arrancan-marielise-budib-y-pepe-chedraui-construccion-de-la-primera-escuela-publica-para-personas-con-discapacidad-intelectual\/\",\"name\":\"Arrancan MariElise Budib y Pepe Chedraui construcci\u00f3n de la primera escuela p\u00fablica para personas con discapacidad intelectual - The Puebla Times\",\"isPartOf\":{\"@id\":\"https:\/\/thepueblatimes.mx\/#website\"},\"datePublished\":\"2026-08-31T05:16:06+00:00\",\"dateModified\":\"2026-08-31T05:16:06+00:00\",\"author\":{\"@id\":\"https:\/\/thepueblatimes.mx\/#\/schema\/person\/1664894c2f65ce2c7a08d8f5f905c13c\"},\"breadcrumb\":{\"@id\":\"https:\/\/thepueblatimes.mx\/index.php\/2026\/08\/30\/arrancan-marielise-budib-y-pepe-chedraui-construccion-de-la-primera-escuela-publica-para-personas-con-discapacidad-intelectual\/#breadcrumb\"},\"inLanguage\":\"es\",\"potentialAction\":[{\"@type\":\"ReadAction\",\"target\":[\"https:\/\/thepueblatimes.mx\/index.php\/2026\/08\/30\/arrancan-marielise-budib-y-pepe-chedraui-construccion-de-la-primera-escuela-publica-para-personas-con-discapacidad-intelectual\/\"]}]},{\"@type\":\"BreadcrumbList\",\"@id\":\"https:\/\/thepueblatimes.mx\/index.php\/2026\/08\/30\/arrancan-marielise-budib-y-pepe-chedraui-construccion-de-la-primera-escuela-publica-para-personas-con-discapacidad-intelectual\/#breadcrumb\",\"itemListElement\":[{\"@type\":\"ListItem\",\"position\":1,\"name\":\"Portada\",\"item\":\"https:\/\/thepueblatimes.mx\/\"},{\"@type\":\"ListItem\",\"position\":2,\"name\":\"Arrancan MariElise Budib y Pepe Chedraui construcci\u00f3n de la primera escuela p\u00fablica para personas con discapacidad intelectual\"}]},{\"@type\":\"WebSite\",\"@id\":\"https:\/\/thepueblatimes.mx\/#website\",\"url\":\"https:\/\/thepueblatimes.mx\/\",\"name\":\"The Puebla Times\",\"description\":\"Noticias del Estado de Puebla\",\"potentialAction\":[{\"@type\":\"SearchAction\",\"target\":{\"@type\":\"EntryPoint\",\"urlTemplate\":\"https:\/\/thepueblatimes.mx\/?s={search_term_string}\"},\"query-input\":\"required name=search_term_string\"}],\"inLanguage\":\"es\"},{\"@type\":\"Person\",\"@id\":\"https:\/\/thepueblatimes.mx\/#\/schema\/person\/1664894c2f65ce2c7a08d8f5f905c13c\",\"name\":\"Sa\u00fal Hern\u00e1ndez\",\"image\":{\"@type\":\"ImageObject\",\"inLanguage\":\"es\",\"@id\":\"https:\/\/thepueblatimes.mx\/#\/schema\/person\/image\/\",\"url\":\"https:\/\/secure.gravatar.com\/avatar\/11be338693f243309532caad8f10c930?s=96&d=mm&r=g\",\"contentUrl\":\"https:\/\/secure.gravatar.com\/avatar\/11be338693f243309532caad8f10c930?s=96&d=mm&r=g\",\"caption\":\"Sa\u00fal Hern\u00e1ndez\"},\"url\":\"https:\/\/thepueblatimes.mx\/index.php\/author\/saulhernandez\/\"}]}<\/script>\n<!-- \/ Yoast SEO plugin. -->","yoast_head_json":{"title":"Arrancan MariElise Budib y Pepe Chedraui construcci\u00f3n de la primera escuela p\u00fablica para personas con discapacidad intelectual - The Puebla Times","robots":{"index":"index","follow":"follow","max-snippet":"max-snippet:-1","max-image-preview":"max-image-preview:large","max-video-preview":"max-video-preview:-1"},"canonical":"https:\/\/thepueblatimes.mx\/index.php\/2026\/08\/30\/arrancan-marielise-budib-y-pepe-chedraui-construccion-de-la-primera-escuela-publica-para-personas-con-discapacidad-intelectual\/","og_locale":"es_ES","og_type":"article","og_title":"Arrancan MariElise Budib y Pepe Chedraui construcci\u00f3n de la primera escuela p\u00fablica para personas con discapacidad intelectual - The Puebla Times","og_description":"&#8211; El Gobierno de la Ciudad, a trav\u00e9s del DIF Puebla Capital, apuesta por una educaci\u00f3n inclusiva para potencializar las capacidades de personas con discapacidad intelectual &#8211; La escuela Distribuidores Nissan n\u00fam. 128 se ubicar\u00e1 en la colonia San Juan Bosco, donde ni\u00f1as, ni\u00f1os, adolescentes y j\u00f3venes con discapacidad adquirir\u00e1n no solo conocimientos, sino tambi\u00e9n...","og_url":"https:\/\/thepueblatimes.mx\/index.php\/2026\/08\/30\/arrancan-marielise-budib-y-pepe-chedraui-construccion-de-la-primera-escuela-publica-para-personas-con-discapacidad-intelectual\/","og_site_name":"The Puebla Times","article_published_time":"2026-08-31T05:16:06+00:00","og_image":[{"width":1280,"height":720,"url":"https:\/\/thepueblatimes.mx\/wp-content\/uploads\/2026\/08\/WhatsApp-Image-2026-08-30-at-10.59.39.jpeg","type":"image\/jpeg"}],"author":"Sa\u00fal Hern\u00e1ndez","twitter_card":"summary_large_image","twitter_misc":{"Escrito por":"Sa\u00fal Hern\u00e1ndez","Tiempo de lectura":"3 minutos"},"schema":{"@context":"https:\/\/schema.org","@graph":[{"@type":"WebPage","@id":"https:\/\/thepueblatimes.mx\/index.php\/2026\/08\/30\/arrancan-marielise-budib-y-pepe-chedraui-construccion-de-la-primera-escuela-publica-para-personas-con-discapacidad-intelectual\/","url":"https:\/\/thepueblatimes.mx\/index.php\/2026\/08\/30\/arrancan-marielise-budib-y-pepe-chedraui-construccion-de-la-primera-escuela-publica-para-personas-con-discapacidad-intelectual\/","name":"Arrancan MariElise Budib y Pepe Chedraui construcci\u00f3n de la primera escuela p\u00fablica para personas con discapacidad intelectual - The Puebla Times","isPartOf":{"@id":"https:\/\/thepueblatimes.mx\/#website"},"datePublished":"2026-08-31T05:16:06+00:00","dateModified":"2026-08-31T05:16:06+00:00","author":{"@id":"https:\/\/thepueblatimes.mx\/#\/schema\/person\/1664894c2f65ce2c7a08d8f5f905c13c"},"breadcrumb":{"@id":"https:\/\/thepueblatimes.mx\/index.php\/2026\/08\/30\/arrancan-marielise-budib-y-pepe-chedraui-construccion-de-la-primera-escuela-publica-para-personas-con-discapacidad-intelectual\/#breadcrumb"},"inLanguage":"es","potentialAction":[{"@type":"ReadAction","target":["https:\/\/thepueblatimes.mx\/index.php\/2026\/08\/30\/arrancan-marielise-budib-y-pepe-chedraui-construccion-de-la-primera-escuela-publica-para-personas-con-discapacidad-intelectual\/"]}]},{"@type":"BreadcrumbList","@id":"https:\/\/thepueblatimes.mx\/index.php\/2026\/08\/30\/arrancan-marielise-budib-y-pepe-chedraui-construccion-de-la-primera-escuela-publica-para-personas-con-discapacidad-intelectual\/#breadcrumb","itemListElement":[{"@type":"ListItem","position":1,"name":"Portada","item":"https:\/\/thepueblatimes.mx\/"},{"@type":"ListItem","position":2,"name":"Arrancan MariElise Budib y Pepe Chedraui construcci\u00f3n de la primera escuela p\u00fablica para personas con discapacidad intelectual"}]},{"@type":"WebSite","@id":"https:\/\/thepueblatimes.mx\/#website","url":"https:\/\/thepueblatimes.mx\/","name":"The Puebla Times","description":"Noticias del Estado de Puebla","potentialAction":[{"@type":"SearchAction","target":{"@type":"EntryPoint","urlTemplate":"https:\/\/thepueblatimes.mx\/?s={search_term_string}"},"query-input":"required name=search_term_string"}],"inLanguage":"es"},{"@type":"Person","@id":"https:\/\/thepueblatimes.mx\/#\/schema\/person\/1664894c2f65ce2c7a08d8f5f905c13c","name":"Sa\u00fal Hern\u00e1ndez","image":{"@type":"ImageObject","inLanguage":"es","@id":"https:\/\/thepueblatimes.mx\/#\/schema\/person\/image\/","url":"https:\/\/secure.gravatar.com\/avatar\/11be338693f243309532caad8f10c930?s=96&d=mm&r=g","contentUrl":"https:\/\/secure.gravatar.com\/avatar\/11be338693f243309532caad8f10c930?s=96&d=mm&r=g","caption":"Sa\u00fal Hern\u00e1ndez"},"url":"https:\/\/thepueblatimes.mx\/index.php\/author\/saulhernandez\/"}]}},"jetpack_featured_media_url":"https:\/\/thepueblatimes.mx\/wp-content\/uploads\/2026\/08\/WhatsApp-Image-2026-08-30-at-10.59.39.jpeg","_links":{"self":[{"href":"https:\/\/thepueblatimes.mx\/index.php\/wp-json\/wp\/v2\/posts\/39934"}],"collection":[{"href":"https:\/\/thepueblatimes.mx\/index.php\/wp-json\/wp\/v2\/posts"}],"about":[{"href":"https:\/\/thepueblatimes.mx\/index.php\/wp-json\/wp\/v2\/types\/post"}],"author":[{"embeddable":true,"href":"https:\/\/thepueblatimes.mx\/index.php\/wp-json\/wp\/v2\/users\/16"}],"replies":[{"embeddable":true,"href":"https:\/\/thepueblatimes.mx\/index.php\/wp-json\/wp\/v2\/comments?post=39934"}],"version-history":[{"count":1,"href":"https:\/\/thepueblatimes.mx\/index.php\/wp-json\/wp\/v2\/posts\/39934\/revisions"}],"predecessor-version":[{"id":39936,"href":"https:\/\/thepueblatimes.mx\/index.php\/wp-json\/wp\/v2\/posts\/39934\/revisions\/39936"}],"wp:featuredmedia":[{"embeddable":true,"href":"https:\/\/thepueblatimes.mx\/index.php\/wp-json\/wp\/v2\/media\/39935"}],"wp:attachment":[{"href":"https:\/\/thepueblatimes.mx\/index.php\/wp-json\/wp\/v2\/media?parent=39934"}],"wp:term":[{"taxonomy":"category","embeddable":true,"href":"https:\/\/thepueblatimes.mx\/index.php\/wp-json\/wp\/v2\/categories?post=39934"},{"taxonomy":"post_tag","embeddable":true,"href":"https:\/\/thepueblatimes.mx\/index.php\/wp-json\/wp\/v2\/tags?post=39934"}],"curies":[{"name":"wp","href":"https:\/\/api.w.org\/{rel}","templated":true}]}}