{"id":39920,"date":"2026-08-29T13:25:24","date_gmt":"2026-08-29T19:25:24","guid":{"rendered":"https:\/\/thepueblatimes.mx\/?p=39920"},"modified":"2026-08-29T13:25:24","modified_gmt":"2026-08-29T19:25:24","slug":"garcia-parra-hizo-publico-el-resultado-de-una-prueba-antidoping","status":"publish","type":"post","link":"https:\/\/thepueblatimes.mx\/index.php\/2026\/08\/29\/garcia-parra-hizo-publico-el-resultado-de-una-prueba-antidoping\/","title":{"rendered":"Garc\u00eda Parra hizo p\u00fablico el resultado de una prueba antidoping"},"content":{"rendered":"<p>El coordinador de Gabinete, Jos\u00e9 Luis Garc\u00eda Parra, hizo p\u00fablico el resultado de la prueba antidoping a la que se someti\u00f3.<br \/>\nEl diagn\u00f3stico fue negativo en el consumo de sustancias prohibidas.<\/p>\n<p>El documento exhibido, v\u00eda redes sociales, da cuenta de que la prueba fue realizada en el laboratorio Exakta, ubicado en la zona de Angel\u00f3polis, y dio resultados negativos en el tamizaje de coca\u00edna, cannabinoides, anfetaminas, benzodiacepinas y barbit\u00faricos.<\/p>\n<p><img decoding=\"async\" loading=\"lazy\" class=\"alignnone size-medium wp-image-39928\" src=\"https:\/\/thepueblatimes.mx\/wp-content\/uploads\/2026\/08\/787959291_2590862528015976_5654913896138402604_n-232x300.jpg\" alt=\"\" width=\"232\" height=\"300\" srcset=\"https:\/\/thepueblatimes.mx\/wp-content\/uploads\/2026\/08\/787959291_2590862528015976_5654913896138402604_n-232x300.jpg 232w, https:\/\/thepueblatimes.mx\/wp-content\/uploads\/2026\/08\/787959291_2590862528015976_5654913896138402604_n-791x1024.jpg 791w, https:\/\/thepueblatimes.mx\/wp-content\/uploads\/2026\/08\/787959291_2590862528015976_5654913896138402604_n-768x994.jpg 768w, https:\/\/thepueblatimes.mx\/wp-content\/uploads\/2026\/08\/787959291_2590862528015976_5654913896138402604_n-1187x1536.jpg 1187w, https:\/\/thepueblatimes.mx\/wp-content\/uploads\/2026\/08\/787959291_2590862528015976_5654913896138402604_n.jpg 1236w\" sizes=\"(max-width: 232px) 100vw, 232px\" \/><\/p>\n<p>Adem\u00e1s, incluy\u00f3 un c\u00f3digo QR de consulta abierta para que cualquier ciudadano o medio de comunicaci\u00f3n pueda descargar y constatar la autenticidad del dictamen cl\u00ednico.<\/p>\n<p>Con ello, Garc\u00eda Parra pas\u00f3 de las palabras a los hechos, ya que recientemente se\u00f1al\u00f3 que se someter\u00eda voluntariamente a esos estudios cl\u00ednicos.<\/p>\n","protected":false},"excerpt":{"rendered":"<p>El coordinador de Gabinete, Jos\u00e9 Luis Garc\u00eda Parra, hizo p\u00fablico el resultado de la prueba antidoping a la que se someti\u00f3. El diagn\u00f3stico fue negativo en el consumo de sustancias prohibidas. El documento exhibido, v\u00eda redes sociales, da cuenta de que la prueba fue realizada en el laboratorio Exakta, ubicado en la zona de Angel\u00f3polis,&#8230;<\/p>\n","protected":false},"author":16,"featured_media":39927,"comment_status":"closed","ping_status":"closed","sticky":false,"template":"","format":"standard","meta":[],"categories":[542],"tags":[],"yoast_head":"<!-- This site is optimized with the Yoast SEO plugin v20.8 - https:\/\/yoast.com\/wordpress\/plugins\/seo\/ -->\n<title>Garc\u00eda Parra hizo p\u00fablico el resultado de una prueba antidoping - The Puebla Times<\/title>\n<meta name=\"robots\" content=\"index, follow, max-snippet:-1, max-image-preview:large, max-video-preview:-1\" \/>\n<link rel=\"canonical\" href=\"https:\/\/thepueblatimes.mx\/index.php\/2026\/08\/29\/garcia-parra-hizo-publico-el-resultado-de-una-prueba-antidoping\/\" \/>\n<meta property=\"og:locale\" content=\"es_ES\" \/>\n<meta property=\"og:type\" content=\"article\" \/>\n<meta property=\"og:title\" content=\"Garc\u00eda Parra hizo p\u00fablico el resultado de una prueba antidoping - The Puebla Times\" \/>\n<meta property=\"og:description\" content=\"El coordinador de Gabinete, Jos\u00e9 Luis Garc\u00eda Parra, hizo p\u00fablico el resultado de la prueba antidoping a la que se someti\u00f3. El diagn\u00f3stico fue negativo en el consumo de sustancias prohibidas. El documento exhibido, v\u00eda redes sociales, da cuenta de que la prueba fue realizada en el laboratorio Exakta, ubicado en la zona de Angel\u00f3polis,...\" \/>\n<meta property=\"og:url\" content=\"https:\/\/thepueblatimes.mx\/index.php\/2026\/08\/29\/garcia-parra-hizo-publico-el-resultado-de-una-prueba-antidoping\/\" \/>\n<meta property=\"og:site_name\" content=\"The Puebla Times\" \/>\n<meta property=\"article:published_time\" content=\"2026-08-29T19:25:24+00:00\" \/>\n<meta property=\"og:image\" content=\"https:\/\/thepueblatimes.mx\/wp-content\/uploads\/2026\/08\/coordinador-gabinete-se-hara-prueba-antidoping-.jpg\" \/>\n\t<meta property=\"og:image:width\" content=\"600\" \/>\n\t<meta property=\"og:image:height\" content=\"400\" \/>\n\t<meta property=\"og:image:type\" content=\"image\/jpeg\" \/>\n<meta name=\"author\" content=\"Sa\u00fal Hern\u00e1ndez\" \/>\n<meta name=\"twitter:card\" content=\"summary_large_image\" \/>\n<meta name=\"twitter:label1\" content=\"Escrito por\" \/>\n\t<meta name=\"twitter:data1\" content=\"Sa\u00fal Hern\u00e1ndez\" \/>\n\t<meta name=\"twitter:label2\" content=\"Tiempo de lectura\" \/>\n\t<meta name=\"twitter:data2\" content=\"1 minuto\" \/>\n<script type=\"application\/ld+json\" class=\"yoast-schema-graph\">{\"@context\":\"https:\/\/schema.org\",\"@graph\":[{\"@type\":\"WebPage\",\"@id\":\"https:\/\/thepueblatimes.mx\/index.php\/2026\/08\/29\/garcia-parra-hizo-publico-el-resultado-de-una-prueba-antidoping\/\",\"url\":\"https:\/\/thepueblatimes.mx\/index.php\/2026\/08\/29\/garcia-parra-hizo-publico-el-resultado-de-una-prueba-antidoping\/\",\"name\":\"Garc\u00eda Parra hizo p\u00fablico el resultado de una prueba antidoping - The Puebla Times\",\"isPartOf\":{\"@id\":\"https:\/\/thepueblatimes.mx\/#website\"},\"datePublished\":\"2026-08-29T19:25:24+00:00\",\"dateModified\":\"2026-08-29T19:25:24+00:00\",\"author\":{\"@id\":\"https:\/\/thepueblatimes.mx\/#\/schema\/person\/1664894c2f65ce2c7a08d8f5f905c13c\"},\"breadcrumb\":{\"@id\":\"https:\/\/thepueblatimes.mx\/index.php\/2026\/08\/29\/garcia-parra-hizo-publico-el-resultado-de-una-prueba-antidoping\/#breadcrumb\"},\"inLanguage\":\"es\",\"potentialAction\":[{\"@type\":\"ReadAction\",\"target\":[\"https:\/\/thepueblatimes.mx\/index.php\/2026\/08\/29\/garcia-parra-hizo-publico-el-resultado-de-una-prueba-antidoping\/\"]}]},{\"@type\":\"BreadcrumbList\",\"@id\":\"https:\/\/thepueblatimes.mx\/index.php\/2026\/08\/29\/garcia-parra-hizo-publico-el-resultado-de-una-prueba-antidoping\/#breadcrumb\",\"itemListElement\":[{\"@type\":\"ListItem\",\"position\":1,\"name\":\"Portada\",\"item\":\"https:\/\/thepueblatimes.mx\/\"},{\"@type\":\"ListItem\",\"position\":2,\"name\":\"Garc\u00eda Parra hizo p\u00fablico el resultado de una prueba antidoping\"}]},{\"@type\":\"WebSite\",\"@id\":\"https:\/\/thepueblatimes.mx\/#website\",\"url\":\"https:\/\/thepueblatimes.mx\/\",\"name\":\"The Puebla Times\",\"description\":\"Noticias del Estado de Puebla\",\"potentialAction\":[{\"@type\":\"SearchAction\",\"target\":{\"@type\":\"EntryPoint\",\"urlTemplate\":\"https:\/\/thepueblatimes.mx\/?s={search_term_string}\"},\"query-input\":\"required name=search_term_string\"}],\"inLanguage\":\"es\"},{\"@type\":\"Person\",\"@id\":\"https:\/\/thepueblatimes.mx\/#\/schema\/person\/1664894c2f65ce2c7a08d8f5f905c13c\",\"name\":\"Sa\u00fal Hern\u00e1ndez\",\"image\":{\"@type\":\"ImageObject\",\"inLanguage\":\"es\",\"@id\":\"https:\/\/thepueblatimes.mx\/#\/schema\/person\/image\/\",\"url\":\"https:\/\/secure.gravatar.com\/avatar\/11be338693f243309532caad8f10c930?s=96&d=mm&r=g\",\"contentUrl\":\"https:\/\/secure.gravatar.com\/avatar\/11be338693f243309532caad8f10c930?s=96&d=mm&r=g\",\"caption\":\"Sa\u00fal Hern\u00e1ndez\"},\"url\":\"https:\/\/thepueblatimes.mx\/index.php\/author\/saulhernandez\/\"}]}<\/script>\n<!-- \/ Yoast SEO plugin. -->","yoast_head_json":{"title":"Garc\u00eda Parra hizo p\u00fablico el resultado de una prueba antidoping - The Puebla Times","robots":{"index":"index","follow":"follow","max-snippet":"max-snippet:-1","max-image-preview":"max-image-preview:large","max-video-preview":"max-video-preview:-1"},"canonical":"https:\/\/thepueblatimes.mx\/index.php\/2026\/08\/29\/garcia-parra-hizo-publico-el-resultado-de-una-prueba-antidoping\/","og_locale":"es_ES","og_type":"article","og_title":"Garc\u00eda Parra hizo p\u00fablico el resultado de una prueba antidoping - The Puebla Times","og_description":"El coordinador de Gabinete, Jos\u00e9 Luis Garc\u00eda Parra, hizo p\u00fablico el resultado de la prueba antidoping a la que se someti\u00f3. El diagn\u00f3stico fue negativo en el consumo de sustancias prohibidas. El documento exhibido, v\u00eda redes sociales, da cuenta de que la prueba fue realizada en el laboratorio Exakta, ubicado en la zona de Angel\u00f3polis,...","og_url":"https:\/\/thepueblatimes.mx\/index.php\/2026\/08\/29\/garcia-parra-hizo-publico-el-resultado-de-una-prueba-antidoping\/","og_site_name":"The Puebla Times","article_published_time":"2026-08-29T19:25:24+00:00","og_image":[{"width":600,"height":400,"url":"https:\/\/thepueblatimes.mx\/wp-content\/uploads\/2026\/08\/coordinador-gabinete-se-hara-prueba-antidoping-.jpg","type":"image\/jpeg"}],"author":"Sa\u00fal Hern\u00e1ndez","twitter_card":"summary_large_image","twitter_misc":{"Escrito por":"Sa\u00fal Hern\u00e1ndez","Tiempo de lectura":"1 minuto"},"schema":{"@context":"https:\/\/schema.org","@graph":[{"@type":"WebPage","@id":"https:\/\/thepueblatimes.mx\/index.php\/2026\/08\/29\/garcia-parra-hizo-publico-el-resultado-de-una-prueba-antidoping\/","url":"https:\/\/thepueblatimes.mx\/index.php\/2026\/08\/29\/garcia-parra-hizo-publico-el-resultado-de-una-prueba-antidoping\/","name":"Garc\u00eda Parra hizo p\u00fablico el resultado de una prueba antidoping - The Puebla Times","isPartOf":{"@id":"https:\/\/thepueblatimes.mx\/#website"},"datePublished":"2026-08-29T19:25:24+00:00","dateModified":"2026-08-29T19:25:24+00:00","author":{"@id":"https:\/\/thepueblatimes.mx\/#\/schema\/person\/1664894c2f65ce2c7a08d8f5f905c13c"},"breadcrumb":{"@id":"https:\/\/thepueblatimes.mx\/index.php\/2026\/08\/29\/garcia-parra-hizo-publico-el-resultado-de-una-prueba-antidoping\/#breadcrumb"},"inLanguage":"es","potentialAction":[{"@type":"ReadAction","target":["https:\/\/thepueblatimes.mx\/index.php\/2026\/08\/29\/garcia-parra-hizo-publico-el-resultado-de-una-prueba-antidoping\/"]}]},{"@type":"BreadcrumbList","@id":"https:\/\/thepueblatimes.mx\/index.php\/2026\/08\/29\/garcia-parra-hizo-publico-el-resultado-de-una-prueba-antidoping\/#breadcrumb","itemListElement":[{"@type":"ListItem","position":1,"name":"Portada","item":"https:\/\/thepueblatimes.mx\/"},{"@type":"ListItem","position":2,"name":"Garc\u00eda Parra hizo p\u00fablico el resultado de una prueba antidoping"}]},{"@type":"WebSite","@id":"https:\/\/thepueblatimes.mx\/#website","url":"https:\/\/thepueblatimes.mx\/","name":"The Puebla Times","description":"Noticias del Estado de Puebla","potentialAction":[{"@type":"SearchAction","target":{"@type":"EntryPoint","urlTemplate":"https:\/\/thepueblatimes.mx\/?s={search_term_string}"},"query-input":"required name=search_term_string"}],"inLanguage":"es"},{"@type":"Person","@id":"https:\/\/thepueblatimes.mx\/#\/schema\/person\/1664894c2f65ce2c7a08d8f5f905c13c","name":"Sa\u00fal Hern\u00e1ndez","image":{"@type":"ImageObject","inLanguage":"es","@id":"https:\/\/thepueblatimes.mx\/#\/schema\/person\/image\/","url":"https:\/\/secure.gravatar.com\/avatar\/11be338693f243309532caad8f10c930?s=96&d=mm&r=g","contentUrl":"https:\/\/secure.gravatar.com\/avatar\/11be338693f243309532caad8f10c930?s=96&d=mm&r=g","caption":"Sa\u00fal Hern\u00e1ndez"},"url":"https:\/\/thepueblatimes.mx\/index.php\/author\/saulhernandez\/"}]}},"jetpack_featured_media_url":"https:\/\/thepueblatimes.mx\/wp-content\/uploads\/2026\/08\/coordinador-gabinete-se-hara-prueba-antidoping-.jpg","_links":{"self":[{"href":"https:\/\/thepueblatimes.mx\/index.php\/wp-json\/wp\/v2\/posts\/39920"}],"collection":[{"href":"https:\/\/thepueblatimes.mx\/index.php\/wp-json\/wp\/v2\/posts"}],"about":[{"href":"https:\/\/thepueblatimes.mx\/index.php\/wp-json\/wp\/v2\/types\/post"}],"author":[{"embeddable":true,"href":"https:\/\/thepueblatimes.mx\/index.php\/wp-json\/wp\/v2\/users\/16"}],"replies":[{"embeddable":true,"href":"https:\/\/thepueblatimes.mx\/index.php\/wp-json\/wp\/v2\/comments?post=39920"}],"version-history":[{"count":1,"href":"https:\/\/thepueblatimes.mx\/index.php\/wp-json\/wp\/v2\/posts\/39920\/revisions"}],"predecessor-version":[{"id":39929,"href":"https:\/\/thepueblatimes.mx\/index.php\/wp-json\/wp\/v2\/posts\/39920\/revisions\/39929"}],"wp:featuredmedia":[{"embeddable":true,"href":"https:\/\/thepueblatimes.mx\/index.php\/wp-json\/wp\/v2\/media\/39927"}],"wp:attachment":[{"href":"https:\/\/thepueblatimes.mx\/index.php\/wp-json\/wp\/v2\/media?parent=39920"}],"wp:term":[{"taxonomy":"category","embeddable":true,"href":"https:\/\/thepueblatimes.mx\/index.php\/wp-json\/wp\/v2\/categories?post=39920"},{"taxonomy":"post_tag","embeddable":true,"href":"https:\/\/thepueblatimes.mx\/index.php\/wp-json\/wp\/v2\/tags?post=39920"}],"curies":[{"name":"wp","href":"https:\/\/api.w.org\/{rel}","templated":true}]}}