{"id":3943,"date":"2020-09-18T16:09:40","date_gmt":"2020-09-18T21:09:40","guid":{"rendered":"https:\/\/thepueblatimes.mx\/?p=3943"},"modified":"2020-09-18T16:09:40","modified_gmt":"2020-09-18T21:09:40","slug":"heroes-y-heroinas-de-carne-y-hueso-zoe-robledo-reconoce-labor-de-personal-de-salud-frente-a-covid","status":"publish","type":"post","link":"https:\/\/thepueblatimes.mx\/index.php\/2020\/09\/18\/heroes-y-heroinas-de-carne-y-hueso-zoe-robledo-reconoce-labor-de-personal-de-salud-frente-a-covid\/","title":{"rendered":"H\u00e9roes y hero\u00ednas de carne y hueso: Zo\u00e9 Robledo reconoce labor de personal de salud frente a Covid"},"content":{"rendered":"<p>El director general del Instituto Mexicano del Seguro Social (IMSS), Maestro Zo\u00e9 Robledo, recibi\u00f3 esta ma\u00f1ana en las oficinas centrales del Instituto a los verdaderos h\u00e9roes y hero\u00ednas de M\u00e9xico durante esta pandemia del Coronavirus.<\/p>\n<p>Se trata de 58 m\u00e9dicos y enfermeras que recibieron hoy al medio d\u00eda la m\u00e1s alta distinci\u00f3n que otorga el Estado mexicano a sus connacionales: la Condecoraci\u00f3n Miguel Hidalgo en Grado Collar; sin embargo, nosotros sabemos que esos 58 servidores de la salud condecorados hablan en nombre de los miles de m\u00e9dicos, enfermeras y personal en general que han estado en la llamada l\u00ednea de fuego durante esta pandemia.<\/p>\n<p>Asimismo, el titular del IMSS hizo un reconocimiento especial a los 22 m\u00e9dicos y enfermeras del Seguro Social que hoy ser\u00e1n premiados, \u201chombres y mujeres que mantienen viva esa esperanza en el porvenir\u201d.<\/p>\n<p>Explic\u00f3 que la presea Miguel Hidalgo en Grado Collar es la m\u00e1s alta distinci\u00f3n que se entrega por actos heroicos de dif\u00edcil repetici\u00f3n:<\/p>\n<blockquote><p>\u00a0\u201cHeroica ha sido la labor en los hospitales para salvar vidas, para tender la mano, para intentar hacer todo para que alguien que enferma de coronavirus pueda tener esperanza\u201d.<\/p><\/blockquote>\n<p>&nbsp;<\/p>\n","protected":false},"excerpt":{"rendered":"<p>El director general del Instituto Mexicano del Seguro Social (IMSS), Maestro Zo\u00e9 Robledo, recibi\u00f3 esta ma\u00f1ana en las oficinas centrales del Instituto a los verdaderos h\u00e9roes y hero\u00ednas de M\u00e9xico durante esta pandemia del Coronavirus. Se trata de 58 m\u00e9dicos y enfermeras que recibieron hoy al medio d\u00eda la m\u00e1s alta distinci\u00f3n que otorga el&#8230;<\/p>\n","protected":false},"author":4,"featured_media":3944,"comment_status":"open","ping_status":"open","sticky":false,"template":"","format":"standard","meta":[],"categories":[2],"tags":[],"yoast_head":"<!-- This site is optimized with the Yoast SEO plugin v20.8 - https:\/\/yoast.com\/wordpress\/plugins\/seo\/ -->\n<title>H\u00e9roes y hero\u00ednas de carne y hueso: Zo\u00e9 Robledo reconoce labor de personal de salud frente a Covid - The Puebla Times<\/title>\n<meta name=\"robots\" content=\"index, follow, max-snippet:-1, max-image-preview:large, max-video-preview:-1\" \/>\n<link rel=\"canonical\" href=\"https:\/\/thepueblatimes.mx\/index.php\/2020\/09\/18\/heroes-y-heroinas-de-carne-y-hueso-zoe-robledo-reconoce-labor-de-personal-de-salud-frente-a-covid\/\" \/>\n<meta property=\"og:locale\" content=\"es_ES\" \/>\n<meta property=\"og:type\" content=\"article\" \/>\n<meta property=\"og:title\" content=\"H\u00e9roes y hero\u00ednas de carne y hueso: Zo\u00e9 Robledo reconoce labor de personal de salud frente a Covid - The Puebla Times\" \/>\n<meta property=\"og:description\" content=\"El director general del Instituto Mexicano del Seguro Social (IMSS), Maestro Zo\u00e9 Robledo, recibi\u00f3 esta ma\u00f1ana en las oficinas centrales del Instituto a los verdaderos h\u00e9roes y hero\u00ednas de M\u00e9xico durante esta pandemia del Coronavirus. Se trata de 58 m\u00e9dicos y enfermeras que recibieron hoy al medio d\u00eda la m\u00e1s alta distinci\u00f3n que otorga el...\" \/>\n<meta property=\"og:url\" content=\"https:\/\/thepueblatimes.mx\/index.php\/2020\/09\/18\/heroes-y-heroinas-de-carne-y-hueso-zoe-robledo-reconoce-labor-de-personal-de-salud-frente-a-covid\/\" \/>\n<meta property=\"og:site_name\" content=\"The Puebla Times\" \/>\n<meta property=\"article:published_time\" content=\"2020-09-18T21:09:40+00:00\" \/>\n<meta property=\"og:image\" content=\"https:\/\/thepueblatimes.mx\/wp-content\/uploads\/2020\/09\/Screenshot-2020-09-18-at-16.06.53.png\" \/>\n\t<meta property=\"og:image:width\" content=\"707\" \/>\n\t<meta property=\"og:image:height\" content=\"421\" \/>\n\t<meta property=\"og:image:type\" content=\"image\/png\" \/>\n<meta name=\"author\" content=\"Marcos Guevara\" \/>\n<meta name=\"twitter:card\" content=\"summary_large_image\" \/>\n<meta name=\"twitter:label1\" content=\"Escrito por\" \/>\n\t<meta name=\"twitter:data1\" content=\"Marcos Guevara\" \/>\n\t<meta name=\"twitter:label2\" content=\"Tiempo de lectura\" \/>\n\t<meta name=\"twitter:data2\" content=\"1 minuto\" \/>\n<script type=\"application\/ld+json\" class=\"yoast-schema-graph\">{\"@context\":\"https:\/\/schema.org\",\"@graph\":[{\"@type\":\"WebPage\",\"@id\":\"https:\/\/thepueblatimes.mx\/index.php\/2020\/09\/18\/heroes-y-heroinas-de-carne-y-hueso-zoe-robledo-reconoce-labor-de-personal-de-salud-frente-a-covid\/\",\"url\":\"https:\/\/thepueblatimes.mx\/index.php\/2020\/09\/18\/heroes-y-heroinas-de-carne-y-hueso-zoe-robledo-reconoce-labor-de-personal-de-salud-frente-a-covid\/\",\"name\":\"H\u00e9roes y hero\u00ednas de carne y hueso: Zo\u00e9 Robledo reconoce labor de personal de salud frente a Covid - The Puebla Times\",\"isPartOf\":{\"@id\":\"https:\/\/thepueblatimes.mx\/#website\"},\"datePublished\":\"2020-09-18T21:09:40+00:00\",\"dateModified\":\"2020-09-18T21:09:40+00:00\",\"author\":{\"@id\":\"https:\/\/thepueblatimes.mx\/#\/schema\/person\/adbf065ee889f68194977e3499c4a51e\"},\"breadcrumb\":{\"@id\":\"https:\/\/thepueblatimes.mx\/index.php\/2020\/09\/18\/heroes-y-heroinas-de-carne-y-hueso-zoe-robledo-reconoce-labor-de-personal-de-salud-frente-a-covid\/#breadcrumb\"},\"inLanguage\":\"es\",\"potentialAction\":[{\"@type\":\"ReadAction\",\"target\":[\"https:\/\/thepueblatimes.mx\/index.php\/2020\/09\/18\/heroes-y-heroinas-de-carne-y-hueso-zoe-robledo-reconoce-labor-de-personal-de-salud-frente-a-covid\/\"]}]},{\"@type\":\"BreadcrumbList\",\"@id\":\"https:\/\/thepueblatimes.mx\/index.php\/2020\/09\/18\/heroes-y-heroinas-de-carne-y-hueso-zoe-robledo-reconoce-labor-de-personal-de-salud-frente-a-covid\/#breadcrumb\",\"itemListElement\":[{\"@type\":\"ListItem\",\"position\":1,\"name\":\"Portada\",\"item\":\"https:\/\/thepueblatimes.mx\/\"},{\"@type\":\"ListItem\",\"position\":2,\"name\":\"H\u00e9roes y hero\u00ednas de carne y hueso: Zo\u00e9 Robledo reconoce labor de personal de salud frente a Covid\"}]},{\"@type\":\"WebSite\",\"@id\":\"https:\/\/thepueblatimes.mx\/#website\",\"url\":\"https:\/\/thepueblatimes.mx\/\",\"name\":\"The Puebla Times\",\"description\":\"Noticias del Estado de Puebla\",\"potentialAction\":[{\"@type\":\"SearchAction\",\"target\":{\"@type\":\"EntryPoint\",\"urlTemplate\":\"https:\/\/thepueblatimes.mx\/?s={search_term_string}\"},\"query-input\":\"required name=search_term_string\"}],\"inLanguage\":\"es\"},{\"@type\":\"Person\",\"@id\":\"https:\/\/thepueblatimes.mx\/#\/schema\/person\/adbf065ee889f68194977e3499c4a51e\",\"name\":\"Marcos Guevara\",\"image\":{\"@type\":\"ImageObject\",\"inLanguage\":\"es\",\"@id\":\"https:\/\/thepueblatimes.mx\/#\/schema\/person\/image\/\",\"url\":\"https:\/\/secure.gravatar.com\/avatar\/c5d5853d70a8cf178bdfd28c1b8cdcdd?s=96&d=mm&r=g\",\"contentUrl\":\"https:\/\/secure.gravatar.com\/avatar\/c5d5853d70a8cf178bdfd28c1b8cdcdd?s=96&d=mm&r=g\",\"caption\":\"Marcos Guevara\"},\"url\":\"https:\/\/thepueblatimes.mx\/index.php\/author\/marcos-guevara\/\"}]}<\/script>\n<!-- \/ Yoast SEO plugin. -->","yoast_head_json":{"title":"H\u00e9roes y hero\u00ednas de carne y hueso: Zo\u00e9 Robledo reconoce labor de personal de salud frente a Covid - The Puebla Times","robots":{"index":"index","follow":"follow","max-snippet":"max-snippet:-1","max-image-preview":"max-image-preview:large","max-video-preview":"max-video-preview:-1"},"canonical":"https:\/\/thepueblatimes.mx\/index.php\/2020\/09\/18\/heroes-y-heroinas-de-carne-y-hueso-zoe-robledo-reconoce-labor-de-personal-de-salud-frente-a-covid\/","og_locale":"es_ES","og_type":"article","og_title":"H\u00e9roes y hero\u00ednas de carne y hueso: Zo\u00e9 Robledo reconoce labor de personal de salud frente a Covid - The Puebla Times","og_description":"El director general del Instituto Mexicano del Seguro Social (IMSS), Maestro Zo\u00e9 Robledo, recibi\u00f3 esta ma\u00f1ana en las oficinas centrales del Instituto a los verdaderos h\u00e9roes y hero\u00ednas de M\u00e9xico durante esta pandemia del Coronavirus. Se trata de 58 m\u00e9dicos y enfermeras que recibieron hoy al medio d\u00eda la m\u00e1s alta distinci\u00f3n que otorga el...","og_url":"https:\/\/thepueblatimes.mx\/index.php\/2020\/09\/18\/heroes-y-heroinas-de-carne-y-hueso-zoe-robledo-reconoce-labor-de-personal-de-salud-frente-a-covid\/","og_site_name":"The Puebla Times","article_published_time":"2020-09-18T21:09:40+00:00","og_image":[{"width":707,"height":421,"url":"https:\/\/thepueblatimes.mx\/wp-content\/uploads\/2020\/09\/Screenshot-2020-09-18-at-16.06.53.png","type":"image\/png"}],"author":"Marcos Guevara","twitter_card":"summary_large_image","twitter_misc":{"Escrito por":"Marcos Guevara","Tiempo de lectura":"1 minuto"},"schema":{"@context":"https:\/\/schema.org","@graph":[{"@type":"WebPage","@id":"https:\/\/thepueblatimes.mx\/index.php\/2020\/09\/18\/heroes-y-heroinas-de-carne-y-hueso-zoe-robledo-reconoce-labor-de-personal-de-salud-frente-a-covid\/","url":"https:\/\/thepueblatimes.mx\/index.php\/2020\/09\/18\/heroes-y-heroinas-de-carne-y-hueso-zoe-robledo-reconoce-labor-de-personal-de-salud-frente-a-covid\/","name":"H\u00e9roes y hero\u00ednas de carne y hueso: Zo\u00e9 Robledo reconoce labor de personal de salud frente a Covid - The Puebla Times","isPartOf":{"@id":"https:\/\/thepueblatimes.mx\/#website"},"datePublished":"2020-09-18T21:09:40+00:00","dateModified":"2020-09-18T21:09:40+00:00","author":{"@id":"https:\/\/thepueblatimes.mx\/#\/schema\/person\/adbf065ee889f68194977e3499c4a51e"},"breadcrumb":{"@id":"https:\/\/thepueblatimes.mx\/index.php\/2020\/09\/18\/heroes-y-heroinas-de-carne-y-hueso-zoe-robledo-reconoce-labor-de-personal-de-salud-frente-a-covid\/#breadcrumb"},"inLanguage":"es","potentialAction":[{"@type":"ReadAction","target":["https:\/\/thepueblatimes.mx\/index.php\/2020\/09\/18\/heroes-y-heroinas-de-carne-y-hueso-zoe-robledo-reconoce-labor-de-personal-de-salud-frente-a-covid\/"]}]},{"@type":"BreadcrumbList","@id":"https:\/\/thepueblatimes.mx\/index.php\/2020\/09\/18\/heroes-y-heroinas-de-carne-y-hueso-zoe-robledo-reconoce-labor-de-personal-de-salud-frente-a-covid\/#breadcrumb","itemListElement":[{"@type":"ListItem","position":1,"name":"Portada","item":"https:\/\/thepueblatimes.mx\/"},{"@type":"ListItem","position":2,"name":"H\u00e9roes y hero\u00ednas de carne y hueso: Zo\u00e9 Robledo reconoce labor de personal de salud frente a Covid"}]},{"@type":"WebSite","@id":"https:\/\/thepueblatimes.mx\/#website","url":"https:\/\/thepueblatimes.mx\/","name":"The Puebla Times","description":"Noticias del Estado de Puebla","potentialAction":[{"@type":"SearchAction","target":{"@type":"EntryPoint","urlTemplate":"https:\/\/thepueblatimes.mx\/?s={search_term_string}"},"query-input":"required name=search_term_string"}],"inLanguage":"es"},{"@type":"Person","@id":"https:\/\/thepueblatimes.mx\/#\/schema\/person\/adbf065ee889f68194977e3499c4a51e","name":"Marcos Guevara","image":{"@type":"ImageObject","inLanguage":"es","@id":"https:\/\/thepueblatimes.mx\/#\/schema\/person\/image\/","url":"https:\/\/secure.gravatar.com\/avatar\/c5d5853d70a8cf178bdfd28c1b8cdcdd?s=96&d=mm&r=g","contentUrl":"https:\/\/secure.gravatar.com\/avatar\/c5d5853d70a8cf178bdfd28c1b8cdcdd?s=96&d=mm&r=g","caption":"Marcos Guevara"},"url":"https:\/\/thepueblatimes.mx\/index.php\/author\/marcos-guevara\/"}]}},"jetpack_featured_media_url":"https:\/\/thepueblatimes.mx\/wp-content\/uploads\/2020\/09\/Screenshot-2020-09-18-at-16.06.53.png","_links":{"self":[{"href":"https:\/\/thepueblatimes.mx\/index.php\/wp-json\/wp\/v2\/posts\/3943"}],"collection":[{"href":"https:\/\/thepueblatimes.mx\/index.php\/wp-json\/wp\/v2\/posts"}],"about":[{"href":"https:\/\/thepueblatimes.mx\/index.php\/wp-json\/wp\/v2\/types\/post"}],"author":[{"embeddable":true,"href":"https:\/\/thepueblatimes.mx\/index.php\/wp-json\/wp\/v2\/users\/4"}],"replies":[{"embeddable":true,"href":"https:\/\/thepueblatimes.mx\/index.php\/wp-json\/wp\/v2\/comments?post=3943"}],"version-history":[{"count":1,"href":"https:\/\/thepueblatimes.mx\/index.php\/wp-json\/wp\/v2\/posts\/3943\/revisions"}],"predecessor-version":[{"id":3945,"href":"https:\/\/thepueblatimes.mx\/index.php\/wp-json\/wp\/v2\/posts\/3943\/revisions\/3945"}],"wp:featuredmedia":[{"embeddable":true,"href":"https:\/\/thepueblatimes.mx\/index.php\/wp-json\/wp\/v2\/media\/3944"}],"wp:attachment":[{"href":"https:\/\/thepueblatimes.mx\/index.php\/wp-json\/wp\/v2\/media?parent=3943"}],"wp:term":[{"taxonomy":"category","embeddable":true,"href":"https:\/\/thepueblatimes.mx\/index.php\/wp-json\/wp\/v2\/categories?post=3943"},{"taxonomy":"post_tag","embeddable":true,"href":"https:\/\/thepueblatimes.mx\/index.php\/wp-json\/wp\/v2\/tags?post=3943"}],"curies":[{"name":"wp","href":"https:\/\/api.w.org\/{rel}","templated":true}]}}