{"id":3927,"date":"2020-09-18T14:22:06","date_gmt":"2020-09-18T19:22:06","guid":{"rendered":"https:\/\/thepueblatimes.mx\/?p=3927"},"modified":"2020-09-18T14:22:06","modified_gmt":"2020-09-18T19:22:06","slug":"4t-va-por-construccion-de-135-caminos-generara-49-mil-empleos","status":"publish","type":"post","link":"https:\/\/thepueblatimes.mx\/index.php\/2020\/09\/18\/4t-va-por-construccion-de-135-caminos-generara-49-mil-empleos\/","title":{"rendered":"4T va por construcci\u00f3n de 135 caminos; generar\u00e1 49 mil empleos"},"content":{"rendered":"<p>Un total de 135 caminos de Guerrero y Oaxaca ser\u00e1n atendidos este a\u00f1o, inform\u00f3 Javier Soto Ventura, director general de Caminos Rurales y Alimentadores de la Secretar\u00eda de Comunicaciones y Transportes (SCT).<\/p>\n<p>Indic\u00f3 que adem\u00e1s, se tiene planeado terminar 34 para este a\u00f1o. Para todo lo anterior, se tiene asignado un presupuesto de 2 mil 500 millones de pesos, mismos que ser\u00e1n empleados para una meta de m\u00e1s de mil 173 kil\u00f3metros atendidos y que se tiene estipulado, generar\u00e1n un promedio de 49 mil empleos en la regi\u00f3n.<\/p>\n<p>El avance reportado hasta el momento es de 52.3 por ciento, esto en lo que se refiere a la cuesti\u00f3n financiera, mientras que en lo f\u00edsico, es de 34.8 por ciento, traducido en 408.4 kil\u00f3metros.<\/p>\n<p>Fue en la conferencia del Bienestar que el funcionario habl\u00f3 sobre estas obras y explic\u00f3 que la meta del programa es impulsar el desarrollo de los municipios que presentan media, alta y muy alta marginaci\u00f3n. Por lo anterior, se busca que a trav\u00e9s de la pavimentaci\u00f3n de caminos y mejores accesos, la actividad econ\u00f3mica pueda crecer.<\/p>\n<p>Se buscar\u00e1 adem\u00e1s, aprovechar la mano de obra local para el bienestar de los pueblos y comunidades ind\u00edgenas, a trav\u00e9s de la asignaci\u00f3n de recursos por medio de convenios de subsidios.<\/p>\n<p>Por su parte, Adelfo Regino, director general del Instituto Nacional de los Pueblos Ind\u00edgenas (INPI), destac\u00f3 los beneficios de este programa dentro de las comunidades ind\u00edgenas.<\/p>\n","protected":false},"excerpt":{"rendered":"<p>Un total de 135 caminos de Guerrero y Oaxaca ser\u00e1n atendidos este a\u00f1o, inform\u00f3 Javier Soto Ventura, director general de Caminos Rurales y Alimentadores de la Secretar\u00eda de Comunicaciones y Transportes (SCT). Indic\u00f3 que adem\u00e1s, se tiene planeado terminar 34 para este a\u00f1o. Para todo lo anterior, se tiene asignado un presupuesto de 2 mil&#8230;<\/p>\n","protected":false},"author":4,"featured_media":3930,"comment_status":"open","ping_status":"open","sticky":false,"template":"","format":"standard","meta":[],"categories":[2],"tags":[],"yoast_head":"<!-- This site is optimized with the Yoast SEO plugin v20.8 - https:\/\/yoast.com\/wordpress\/plugins\/seo\/ -->\n<title>4T va por construcci\u00f3n de 135 caminos; generar\u00e1 49 mil empleos - The Puebla Times<\/title>\n<meta name=\"robots\" content=\"index, follow, max-snippet:-1, max-image-preview:large, max-video-preview:-1\" \/>\n<link rel=\"canonical\" href=\"https:\/\/thepueblatimes.mx\/index.php\/2020\/09\/18\/4t-va-por-construccion-de-135-caminos-generara-49-mil-empleos\/\" \/>\n<meta property=\"og:locale\" content=\"es_ES\" \/>\n<meta property=\"og:type\" content=\"article\" \/>\n<meta property=\"og:title\" content=\"4T va por construcci\u00f3n de 135 caminos; generar\u00e1 49 mil empleos - The Puebla Times\" \/>\n<meta property=\"og:description\" content=\"Un total de 135 caminos de Guerrero y Oaxaca ser\u00e1n atendidos este a\u00f1o, inform\u00f3 Javier Soto Ventura, director general de Caminos Rurales y Alimentadores de la Secretar\u00eda de Comunicaciones y Transportes (SCT). Indic\u00f3 que adem\u00e1s, se tiene planeado terminar 34 para este a\u00f1o. Para todo lo anterior, se tiene asignado un presupuesto de 2 mil...\" \/>\n<meta property=\"og:url\" content=\"https:\/\/thepueblatimes.mx\/index.php\/2020\/09\/18\/4t-va-por-construccion-de-135-caminos-generara-49-mil-empleos\/\" \/>\n<meta property=\"og:site_name\" content=\"The Puebla Times\" \/>\n<meta property=\"article:published_time\" content=\"2020-09-18T19:22:06+00:00\" \/>\n<meta property=\"og:image\" content=\"https:\/\/thepueblatimes.mx\/wp-content\/uploads\/2020\/09\/Screenshot-2020-09-18-at-14.20.05.png\" \/>\n\t<meta property=\"og:image:width\" content=\"610\" \/>\n\t<meta property=\"og:image:height\" content=\"398\" \/>\n\t<meta property=\"og:image:type\" content=\"image\/png\" \/>\n<meta name=\"author\" content=\"Marcos Guevara\" \/>\n<meta name=\"twitter:card\" content=\"summary_large_image\" \/>\n<meta name=\"twitter:label1\" content=\"Escrito por\" \/>\n\t<meta name=\"twitter:data1\" content=\"Marcos Guevara\" \/>\n\t<meta name=\"twitter:label2\" content=\"Tiempo de lectura\" \/>\n\t<meta name=\"twitter:data2\" content=\"1 minuto\" \/>\n<script type=\"application\/ld+json\" class=\"yoast-schema-graph\">{\"@context\":\"https:\/\/schema.org\",\"@graph\":[{\"@type\":\"WebPage\",\"@id\":\"https:\/\/thepueblatimes.mx\/index.php\/2020\/09\/18\/4t-va-por-construccion-de-135-caminos-generara-49-mil-empleos\/\",\"url\":\"https:\/\/thepueblatimes.mx\/index.php\/2020\/09\/18\/4t-va-por-construccion-de-135-caminos-generara-49-mil-empleos\/\",\"name\":\"4T va por construcci\u00f3n de 135 caminos; generar\u00e1 49 mil empleos - The Puebla Times\",\"isPartOf\":{\"@id\":\"https:\/\/thepueblatimes.mx\/#website\"},\"datePublished\":\"2020-09-18T19:22:06+00:00\",\"dateModified\":\"2020-09-18T19:22:06+00:00\",\"author\":{\"@id\":\"https:\/\/thepueblatimes.mx\/#\/schema\/person\/adbf065ee889f68194977e3499c4a51e\"},\"breadcrumb\":{\"@id\":\"https:\/\/thepueblatimes.mx\/index.php\/2020\/09\/18\/4t-va-por-construccion-de-135-caminos-generara-49-mil-empleos\/#breadcrumb\"},\"inLanguage\":\"es\",\"potentialAction\":[{\"@type\":\"ReadAction\",\"target\":[\"https:\/\/thepueblatimes.mx\/index.php\/2020\/09\/18\/4t-va-por-construccion-de-135-caminos-generara-49-mil-empleos\/\"]}]},{\"@type\":\"BreadcrumbList\",\"@id\":\"https:\/\/thepueblatimes.mx\/index.php\/2020\/09\/18\/4t-va-por-construccion-de-135-caminos-generara-49-mil-empleos\/#breadcrumb\",\"itemListElement\":[{\"@type\":\"ListItem\",\"position\":1,\"name\":\"Portada\",\"item\":\"https:\/\/thepueblatimes.mx\/\"},{\"@type\":\"ListItem\",\"position\":2,\"name\":\"4T va por construcci\u00f3n de 135 caminos; generar\u00e1 49 mil empleos\"}]},{\"@type\":\"WebSite\",\"@id\":\"https:\/\/thepueblatimes.mx\/#website\",\"url\":\"https:\/\/thepueblatimes.mx\/\",\"name\":\"The Puebla Times\",\"description\":\"Noticias del Estado de Puebla\",\"potentialAction\":[{\"@type\":\"SearchAction\",\"target\":{\"@type\":\"EntryPoint\",\"urlTemplate\":\"https:\/\/thepueblatimes.mx\/?s={search_term_string}\"},\"query-input\":\"required name=search_term_string\"}],\"inLanguage\":\"es\"},{\"@type\":\"Person\",\"@id\":\"https:\/\/thepueblatimes.mx\/#\/schema\/person\/adbf065ee889f68194977e3499c4a51e\",\"name\":\"Marcos Guevara\",\"image\":{\"@type\":\"ImageObject\",\"inLanguage\":\"es\",\"@id\":\"https:\/\/thepueblatimes.mx\/#\/schema\/person\/image\/\",\"url\":\"https:\/\/secure.gravatar.com\/avatar\/c5d5853d70a8cf178bdfd28c1b8cdcdd?s=96&d=mm&r=g\",\"contentUrl\":\"https:\/\/secure.gravatar.com\/avatar\/c5d5853d70a8cf178bdfd28c1b8cdcdd?s=96&d=mm&r=g\",\"caption\":\"Marcos Guevara\"},\"url\":\"https:\/\/thepueblatimes.mx\/index.php\/author\/marcos-guevara\/\"}]}<\/script>\n<!-- \/ Yoast SEO plugin. -->","yoast_head_json":{"title":"4T va por construcci\u00f3n de 135 caminos; generar\u00e1 49 mil empleos - The Puebla Times","robots":{"index":"index","follow":"follow","max-snippet":"max-snippet:-1","max-image-preview":"max-image-preview:large","max-video-preview":"max-video-preview:-1"},"canonical":"https:\/\/thepueblatimes.mx\/index.php\/2020\/09\/18\/4t-va-por-construccion-de-135-caminos-generara-49-mil-empleos\/","og_locale":"es_ES","og_type":"article","og_title":"4T va por construcci\u00f3n de 135 caminos; generar\u00e1 49 mil empleos - The Puebla Times","og_description":"Un total de 135 caminos de Guerrero y Oaxaca ser\u00e1n atendidos este a\u00f1o, inform\u00f3 Javier Soto Ventura, director general de Caminos Rurales y Alimentadores de la Secretar\u00eda de Comunicaciones y Transportes (SCT). Indic\u00f3 que adem\u00e1s, se tiene planeado terminar 34 para este a\u00f1o. Para todo lo anterior, se tiene asignado un presupuesto de 2 mil...","og_url":"https:\/\/thepueblatimes.mx\/index.php\/2020\/09\/18\/4t-va-por-construccion-de-135-caminos-generara-49-mil-empleos\/","og_site_name":"The Puebla Times","article_published_time":"2020-09-18T19:22:06+00:00","og_image":[{"width":610,"height":398,"url":"https:\/\/thepueblatimes.mx\/wp-content\/uploads\/2020\/09\/Screenshot-2020-09-18-at-14.20.05.png","type":"image\/png"}],"author":"Marcos Guevara","twitter_card":"summary_large_image","twitter_misc":{"Escrito por":"Marcos Guevara","Tiempo de lectura":"1 minuto"},"schema":{"@context":"https:\/\/schema.org","@graph":[{"@type":"WebPage","@id":"https:\/\/thepueblatimes.mx\/index.php\/2020\/09\/18\/4t-va-por-construccion-de-135-caminos-generara-49-mil-empleos\/","url":"https:\/\/thepueblatimes.mx\/index.php\/2020\/09\/18\/4t-va-por-construccion-de-135-caminos-generara-49-mil-empleos\/","name":"4T va por construcci\u00f3n de 135 caminos; generar\u00e1 49 mil empleos - The Puebla Times","isPartOf":{"@id":"https:\/\/thepueblatimes.mx\/#website"},"datePublished":"2020-09-18T19:22:06+00:00","dateModified":"2020-09-18T19:22:06+00:00","author":{"@id":"https:\/\/thepueblatimes.mx\/#\/schema\/person\/adbf065ee889f68194977e3499c4a51e"},"breadcrumb":{"@id":"https:\/\/thepueblatimes.mx\/index.php\/2020\/09\/18\/4t-va-por-construccion-de-135-caminos-generara-49-mil-empleos\/#breadcrumb"},"inLanguage":"es","potentialAction":[{"@type":"ReadAction","target":["https:\/\/thepueblatimes.mx\/index.php\/2020\/09\/18\/4t-va-por-construccion-de-135-caminos-generara-49-mil-empleos\/"]}]},{"@type":"BreadcrumbList","@id":"https:\/\/thepueblatimes.mx\/index.php\/2020\/09\/18\/4t-va-por-construccion-de-135-caminos-generara-49-mil-empleos\/#breadcrumb","itemListElement":[{"@type":"ListItem","position":1,"name":"Portada","item":"https:\/\/thepueblatimes.mx\/"},{"@type":"ListItem","position":2,"name":"4T va por construcci\u00f3n de 135 caminos; generar\u00e1 49 mil empleos"}]},{"@type":"WebSite","@id":"https:\/\/thepueblatimes.mx\/#website","url":"https:\/\/thepueblatimes.mx\/","name":"The Puebla Times","description":"Noticias del Estado de Puebla","potentialAction":[{"@type":"SearchAction","target":{"@type":"EntryPoint","urlTemplate":"https:\/\/thepueblatimes.mx\/?s={search_term_string}"},"query-input":"required name=search_term_string"}],"inLanguage":"es"},{"@type":"Person","@id":"https:\/\/thepueblatimes.mx\/#\/schema\/person\/adbf065ee889f68194977e3499c4a51e","name":"Marcos Guevara","image":{"@type":"ImageObject","inLanguage":"es","@id":"https:\/\/thepueblatimes.mx\/#\/schema\/person\/image\/","url":"https:\/\/secure.gravatar.com\/avatar\/c5d5853d70a8cf178bdfd28c1b8cdcdd?s=96&d=mm&r=g","contentUrl":"https:\/\/secure.gravatar.com\/avatar\/c5d5853d70a8cf178bdfd28c1b8cdcdd?s=96&d=mm&r=g","caption":"Marcos Guevara"},"url":"https:\/\/thepueblatimes.mx\/index.php\/author\/marcos-guevara\/"}]}},"jetpack_featured_media_url":"https:\/\/thepueblatimes.mx\/wp-content\/uploads\/2020\/09\/Screenshot-2020-09-18-at-14.20.05.png","_links":{"self":[{"href":"https:\/\/thepueblatimes.mx\/index.php\/wp-json\/wp\/v2\/posts\/3927"}],"collection":[{"href":"https:\/\/thepueblatimes.mx\/index.php\/wp-json\/wp\/v2\/posts"}],"about":[{"href":"https:\/\/thepueblatimes.mx\/index.php\/wp-json\/wp\/v2\/types\/post"}],"author":[{"embeddable":true,"href":"https:\/\/thepueblatimes.mx\/index.php\/wp-json\/wp\/v2\/users\/4"}],"replies":[{"embeddable":true,"href":"https:\/\/thepueblatimes.mx\/index.php\/wp-json\/wp\/v2\/comments?post=3927"}],"version-history":[{"count":1,"href":"https:\/\/thepueblatimes.mx\/index.php\/wp-json\/wp\/v2\/posts\/3927\/revisions"}],"predecessor-version":[{"id":3931,"href":"https:\/\/thepueblatimes.mx\/index.php\/wp-json\/wp\/v2\/posts\/3927\/revisions\/3931"}],"wp:featuredmedia":[{"embeddable":true,"href":"https:\/\/thepueblatimes.mx\/index.php\/wp-json\/wp\/v2\/media\/3930"}],"wp:attachment":[{"href":"https:\/\/thepueblatimes.mx\/index.php\/wp-json\/wp\/v2\/media?parent=3927"}],"wp:term":[{"taxonomy":"category","embeddable":true,"href":"https:\/\/thepueblatimes.mx\/index.php\/wp-json\/wp\/v2\/categories?post=3927"},{"taxonomy":"post_tag","embeddable":true,"href":"https:\/\/thepueblatimes.mx\/index.php\/wp-json\/wp\/v2\/tags?post=3927"}],"curies":[{"name":"wp","href":"https:\/\/api.w.org\/{rel}","templated":true}]}}