{"id":3913,"date":"2020-09-18T10:17:49","date_gmt":"2020-09-18T15:17:49","guid":{"rendered":"https:\/\/thepueblatimes.mx\/?p=3913"},"modified":"2020-09-18T10:17:49","modified_gmt":"2020-09-18T15:17:49","slug":"luego-de-no-funcionar-el-boa-ni-el-frena-ahora-quadri-propone-tumor-para-vencer-a-morena","status":"publish","type":"post","link":"https:\/\/thepueblatimes.mx\/index.php\/2020\/09\/18\/luego-de-no-funcionar-el-boa-ni-el-frena-ahora-quadri-propone-tumor-para-vencer-a-morena\/","title":{"rendered":"Luego de no funcionar el BOA ni el FRENA, ahora Quadri propone TUMOR para vencer a Morena"},"content":{"rendered":"<p>A trav\u00e9s de redes sociales el excandidato a la presidencia para\u00a02012, <strong>Gabriel Quadri\u00a0<\/strong>dio a conocer que preparaba en Zacatecas \u00abTUMOR\u00bb (Todos Unidos Contra Morena)\u00a0por lo que propuso una alianza opositora con\u00a0PAN, PRI y PRD\u00a0para derrotar a\u00a0Movimiento Regeneraci\u00f3n Nacional\u00a0partido que calific\u00f3 como\u00a0\u00abde la autocracia, la regresi\u00f3n, la corrupci\u00f3n, la ineptitud y el populismo\u00bb.<\/p>\n<blockquote class=\"twitter-tweet\" data-width=\"550\" data-dnt=\"true\">\n<p lang=\"es\" dir=\"ltr\">TUMOR (Todos Unidos contra Morena). En Zacatecas va la primera gran alianza opositora PAN, PRI y PRD para derrotar al partido de la autocracia, la regresi\u00f3n, la corrupci\u00f3n, la ineptitud y el populismo&#8230;<\/p>\n<p>&mdash; Gabriel Quadri (@g_quadri) <a href=\"https:\/\/twitter.com\/g_quadri\/status\/1306742382805872641?ref_src=twsrc%5Etfw\">September 17, 2020<\/a><\/p><\/blockquote>\n<p><script async src=\"https:\/\/platform.twitter.com\/widgets.js\" charset=\"utf-8\"><\/script><\/p>\n<p>Como era de suponerse, los tuiteros, luego de tan arriesgado tuit que ped\u00eda ya una descarada alianza entre el PRIANRD, se acabaron con burlas a Gabriel.<\/p>\n<p>Adem\u00e1s, los internautas le recordaron que parece que \u00e9l ya tiene un tumor que no le deja pensar claro, a\u00f1adiendo que ni el BOA ni FRENA han podido vencer a Morena, y con ello el pueblo de M\u00e9xico.<\/p>\n<p><img decoding=\"async\" loading=\"lazy\" class=\"alignnone wp-image-3915 size-full\" src=\"https:\/\/thepueblatimes.mx\/wp-content\/uploads\/2020\/09\/Screenshot-2020-09-18-at-09.29.54.png\" alt=\"\" width=\"629\" height=\"320\" srcset=\"https:\/\/thepueblatimes.mx\/wp-content\/uploads\/2020\/09\/Screenshot-2020-09-18-at-09.29.54.png 629w, https:\/\/thepueblatimes.mx\/wp-content\/uploads\/2020\/09\/Screenshot-2020-09-18-at-09.29.54-300x153.png 300w\" sizes=\"(max-width: 629px) 100vw, 629px\" \/> <img decoding=\"async\" loading=\"lazy\" class=\"alignnone wp-image-3916 size-full\" src=\"https:\/\/thepueblatimes.mx\/wp-content\/uploads\/2020\/09\/Screenshot-2020-09-18-at-09.29.33.png\" alt=\"\" width=\"733\" height=\"436\" srcset=\"https:\/\/thepueblatimes.mx\/wp-content\/uploads\/2020\/09\/Screenshot-2020-09-18-at-09.29.33.png 733w, https:\/\/thepueblatimes.mx\/wp-content\/uploads\/2020\/09\/Screenshot-2020-09-18-at-09.29.33-300x178.png 300w, https:\/\/thepueblatimes.mx\/wp-content\/uploads\/2020\/09\/Screenshot-2020-09-18-at-09.29.33-696x414.png 696w\" sizes=\"(max-width: 733px) 100vw, 733px\" \/> <img decoding=\"async\" loading=\"lazy\" class=\"alignnone wp-image-3917 size-full\" src=\"https:\/\/thepueblatimes.mx\/wp-content\/uploads\/2020\/09\/Screenshot-2020-09-18-at-09.29.09.png\" alt=\"\" width=\"682\" height=\"260\" srcset=\"https:\/\/thepueblatimes.mx\/wp-content\/uploads\/2020\/09\/Screenshot-2020-09-18-at-09.29.09.png 682w, https:\/\/thepueblatimes.mx\/wp-content\/uploads\/2020\/09\/Screenshot-2020-09-18-at-09.29.09-300x114.png 300w\" sizes=\"(max-width: 682px) 100vw, 682px\" \/> <img decoding=\"async\" loading=\"lazy\" class=\"alignnone wp-image-3918 size-full\" src=\"https:\/\/thepueblatimes.mx\/wp-content\/uploads\/2020\/09\/Screenshot-2020-09-18-at-09.29.00.png\" alt=\"\" width=\"635\" height=\"273\" srcset=\"https:\/\/thepueblatimes.mx\/wp-content\/uploads\/2020\/09\/Screenshot-2020-09-18-at-09.29.00.png 635w, https:\/\/thepueblatimes.mx\/wp-content\/uploads\/2020\/09\/Screenshot-2020-09-18-at-09.29.00-300x129.png 300w\" sizes=\"(max-width: 635px) 100vw, 635px\" \/> <img decoding=\"async\" loading=\"lazy\" class=\"alignnone wp-image-3919 size-full\" src=\"https:\/\/thepueblatimes.mx\/wp-content\/uploads\/2020\/09\/Screenshot-2020-09-18-at-09.28.51.png\" alt=\"\" width=\"638\" height=\"600\" srcset=\"https:\/\/thepueblatimes.mx\/wp-content\/uploads\/2020\/09\/Screenshot-2020-09-18-at-09.28.51.png 638w, https:\/\/thepueblatimes.mx\/wp-content\/uploads\/2020\/09\/Screenshot-2020-09-18-at-09.28.51-300x282.png 300w\" sizes=\"(max-width: 638px) 100vw, 638px\" \/> <img decoding=\"async\" loading=\"lazy\" class=\"alignnone wp-image-3920 size-full\" src=\"https:\/\/thepueblatimes.mx\/wp-content\/uploads\/2020\/09\/Screenshot-2020-09-18-at-09.28.39.png\" alt=\"\" width=\"622\" height=\"281\" srcset=\"https:\/\/thepueblatimes.mx\/wp-content\/uploads\/2020\/09\/Screenshot-2020-09-18-at-09.28.39.png 622w, https:\/\/thepueblatimes.mx\/wp-content\/uploads\/2020\/09\/Screenshot-2020-09-18-at-09.28.39-300x136.png 300w\" sizes=\"(max-width: 622px) 100vw, 622px\" \/><\/p>\n","protected":false},"excerpt":{"rendered":"<p>A trav\u00e9s de redes sociales el excandidato a la presidencia para\u00a02012, Gabriel Quadri\u00a0dio a conocer que preparaba en Zacatecas \u00abTUMOR\u00bb (Todos Unidos Contra Morena)\u00a0por lo que propuso una alianza opositora con\u00a0PAN, PRI y PRD\u00a0para derrotar a\u00a0Movimiento Regeneraci\u00f3n Nacional\u00a0partido que calific\u00f3 como\u00a0\u00abde la autocracia, la regresi\u00f3n, la corrupci\u00f3n, la ineptitud y el populismo\u00bb. TUMOR (Todos Unidos&#8230;<\/p>\n","protected":false},"author":4,"featured_media":3921,"comment_status":"open","ping_status":"open","sticky":false,"template":"","format":"standard","meta":[],"categories":[2],"tags":[],"yoast_head":"<!-- This site is optimized with the Yoast SEO plugin v20.8 - https:\/\/yoast.com\/wordpress\/plugins\/seo\/ -->\n<title>Luego de no funcionar el BOA ni el FRENA, ahora Quadri propone TUMOR para vencer a Morena - The Puebla Times<\/title>\n<meta name=\"robots\" content=\"index, follow, max-snippet:-1, max-image-preview:large, max-video-preview:-1\" \/>\n<link rel=\"canonical\" href=\"https:\/\/thepueblatimes.mx\/index.php\/2020\/09\/18\/luego-de-no-funcionar-el-boa-ni-el-frena-ahora-quadri-propone-tumor-para-vencer-a-morena\/\" \/>\n<meta property=\"og:locale\" content=\"es_ES\" \/>\n<meta property=\"og:type\" content=\"article\" \/>\n<meta property=\"og:title\" content=\"Luego de no funcionar el BOA ni el FRENA, ahora Quadri propone TUMOR para vencer a Morena - The Puebla Times\" \/>\n<meta property=\"og:description\" content=\"A trav\u00e9s de redes sociales el excandidato a la presidencia para\u00a02012, Gabriel Quadri\u00a0dio a conocer que preparaba en Zacatecas \u00abTUMOR\u00bb (Todos Unidos Contra Morena)\u00a0por lo que propuso una alianza opositora con\u00a0PAN, PRI y PRD\u00a0para derrotar a\u00a0Movimiento Regeneraci\u00f3n Nacional\u00a0partido que calific\u00f3 como\u00a0\u00abde la autocracia, la regresi\u00f3n, la corrupci\u00f3n, la ineptitud y el populismo\u00bb. TUMOR (Todos Unidos...\" \/>\n<meta property=\"og:url\" content=\"https:\/\/thepueblatimes.mx\/index.php\/2020\/09\/18\/luego-de-no-funcionar-el-boa-ni-el-frena-ahora-quadri-propone-tumor-para-vencer-a-morena\/\" \/>\n<meta property=\"og:site_name\" content=\"The Puebla Times\" \/>\n<meta property=\"article:published_time\" content=\"2020-09-18T15:17:49+00:00\" \/>\n<meta property=\"og:image\" content=\"https:\/\/thepueblatimes.mx\/wp-content\/uploads\/2020\/09\/Screenshot-2020-09-18-at-10.16.59.png\" \/>\n\t<meta property=\"og:image:width\" content=\"722\" \/>\n\t<meta property=\"og:image:height\" content=\"293\" \/>\n\t<meta property=\"og:image:type\" content=\"image\/png\" \/>\n<meta name=\"author\" content=\"Marcos Guevara\" \/>\n<meta name=\"twitter:card\" content=\"summary_large_image\" \/>\n<meta name=\"twitter:label1\" content=\"Escrito por\" \/>\n\t<meta name=\"twitter:data1\" content=\"Marcos Guevara\" \/>\n\t<meta name=\"twitter:label2\" content=\"Tiempo de lectura\" \/>\n\t<meta name=\"twitter:data2\" content=\"1 minuto\" \/>\n<script type=\"application\/ld+json\" class=\"yoast-schema-graph\">{\"@context\":\"https:\/\/schema.org\",\"@graph\":[{\"@type\":\"WebPage\",\"@id\":\"https:\/\/thepueblatimes.mx\/index.php\/2020\/09\/18\/luego-de-no-funcionar-el-boa-ni-el-frena-ahora-quadri-propone-tumor-para-vencer-a-morena\/\",\"url\":\"https:\/\/thepueblatimes.mx\/index.php\/2020\/09\/18\/luego-de-no-funcionar-el-boa-ni-el-frena-ahora-quadri-propone-tumor-para-vencer-a-morena\/\",\"name\":\"Luego de no funcionar el BOA ni el FRENA, ahora Quadri propone TUMOR para vencer a Morena - The Puebla Times\",\"isPartOf\":{\"@id\":\"https:\/\/thepueblatimes.mx\/#website\"},\"datePublished\":\"2020-09-18T15:17:49+00:00\",\"dateModified\":\"2020-09-18T15:17:49+00:00\",\"author\":{\"@id\":\"https:\/\/thepueblatimes.mx\/#\/schema\/person\/adbf065ee889f68194977e3499c4a51e\"},\"breadcrumb\":{\"@id\":\"https:\/\/thepueblatimes.mx\/index.php\/2020\/09\/18\/luego-de-no-funcionar-el-boa-ni-el-frena-ahora-quadri-propone-tumor-para-vencer-a-morena\/#breadcrumb\"},\"inLanguage\":\"es\",\"potentialAction\":[{\"@type\":\"ReadAction\",\"target\":[\"https:\/\/thepueblatimes.mx\/index.php\/2020\/09\/18\/luego-de-no-funcionar-el-boa-ni-el-frena-ahora-quadri-propone-tumor-para-vencer-a-morena\/\"]}]},{\"@type\":\"BreadcrumbList\",\"@id\":\"https:\/\/thepueblatimes.mx\/index.php\/2020\/09\/18\/luego-de-no-funcionar-el-boa-ni-el-frena-ahora-quadri-propone-tumor-para-vencer-a-morena\/#breadcrumb\",\"itemListElement\":[{\"@type\":\"ListItem\",\"position\":1,\"name\":\"Portada\",\"item\":\"https:\/\/thepueblatimes.mx\/\"},{\"@type\":\"ListItem\",\"position\":2,\"name\":\"Luego de no funcionar el BOA ni el FRENA, ahora Quadri propone TUMOR para vencer a Morena\"}]},{\"@type\":\"WebSite\",\"@id\":\"https:\/\/thepueblatimes.mx\/#website\",\"url\":\"https:\/\/thepueblatimes.mx\/\",\"name\":\"The Puebla Times\",\"description\":\"Noticias del Estado de Puebla\",\"potentialAction\":[{\"@type\":\"SearchAction\",\"target\":{\"@type\":\"EntryPoint\",\"urlTemplate\":\"https:\/\/thepueblatimes.mx\/?s={search_term_string}\"},\"query-input\":\"required name=search_term_string\"}],\"inLanguage\":\"es\"},{\"@type\":\"Person\",\"@id\":\"https:\/\/thepueblatimes.mx\/#\/schema\/person\/adbf065ee889f68194977e3499c4a51e\",\"name\":\"Marcos Guevara\",\"image\":{\"@type\":\"ImageObject\",\"inLanguage\":\"es\",\"@id\":\"https:\/\/thepueblatimes.mx\/#\/schema\/person\/image\/\",\"url\":\"https:\/\/secure.gravatar.com\/avatar\/c5d5853d70a8cf178bdfd28c1b8cdcdd?s=96&d=mm&r=g\",\"contentUrl\":\"https:\/\/secure.gravatar.com\/avatar\/c5d5853d70a8cf178bdfd28c1b8cdcdd?s=96&d=mm&r=g\",\"caption\":\"Marcos Guevara\"},\"url\":\"https:\/\/thepueblatimes.mx\/index.php\/author\/marcos-guevara\/\"}]}<\/script>\n<!-- \/ Yoast SEO plugin. -->","yoast_head_json":{"title":"Luego de no funcionar el BOA ni el FRENA, ahora Quadri propone TUMOR para vencer a Morena - The Puebla Times","robots":{"index":"index","follow":"follow","max-snippet":"max-snippet:-1","max-image-preview":"max-image-preview:large","max-video-preview":"max-video-preview:-1"},"canonical":"https:\/\/thepueblatimes.mx\/index.php\/2020\/09\/18\/luego-de-no-funcionar-el-boa-ni-el-frena-ahora-quadri-propone-tumor-para-vencer-a-morena\/","og_locale":"es_ES","og_type":"article","og_title":"Luego de no funcionar el BOA ni el FRENA, ahora Quadri propone TUMOR para vencer a Morena - The Puebla Times","og_description":"A trav\u00e9s de redes sociales el excandidato a la presidencia para\u00a02012, Gabriel Quadri\u00a0dio a conocer que preparaba en Zacatecas \u00abTUMOR\u00bb (Todos Unidos Contra Morena)\u00a0por lo que propuso una alianza opositora con\u00a0PAN, PRI y PRD\u00a0para derrotar a\u00a0Movimiento Regeneraci\u00f3n Nacional\u00a0partido que calific\u00f3 como\u00a0\u00abde la autocracia, la regresi\u00f3n, la corrupci\u00f3n, la ineptitud y el populismo\u00bb. TUMOR (Todos Unidos...","og_url":"https:\/\/thepueblatimes.mx\/index.php\/2020\/09\/18\/luego-de-no-funcionar-el-boa-ni-el-frena-ahora-quadri-propone-tumor-para-vencer-a-morena\/","og_site_name":"The Puebla Times","article_published_time":"2020-09-18T15:17:49+00:00","og_image":[{"width":722,"height":293,"url":"https:\/\/thepueblatimes.mx\/wp-content\/uploads\/2020\/09\/Screenshot-2020-09-18-at-10.16.59.png","type":"image\/png"}],"author":"Marcos Guevara","twitter_card":"summary_large_image","twitter_misc":{"Escrito por":"Marcos Guevara","Tiempo de lectura":"1 minuto"},"schema":{"@context":"https:\/\/schema.org","@graph":[{"@type":"WebPage","@id":"https:\/\/thepueblatimes.mx\/index.php\/2020\/09\/18\/luego-de-no-funcionar-el-boa-ni-el-frena-ahora-quadri-propone-tumor-para-vencer-a-morena\/","url":"https:\/\/thepueblatimes.mx\/index.php\/2020\/09\/18\/luego-de-no-funcionar-el-boa-ni-el-frena-ahora-quadri-propone-tumor-para-vencer-a-morena\/","name":"Luego de no funcionar el BOA ni el FRENA, ahora Quadri propone TUMOR para vencer a Morena - The Puebla Times","isPartOf":{"@id":"https:\/\/thepueblatimes.mx\/#website"},"datePublished":"2020-09-18T15:17:49+00:00","dateModified":"2020-09-18T15:17:49+00:00","author":{"@id":"https:\/\/thepueblatimes.mx\/#\/schema\/person\/adbf065ee889f68194977e3499c4a51e"},"breadcrumb":{"@id":"https:\/\/thepueblatimes.mx\/index.php\/2020\/09\/18\/luego-de-no-funcionar-el-boa-ni-el-frena-ahora-quadri-propone-tumor-para-vencer-a-morena\/#breadcrumb"},"inLanguage":"es","potentialAction":[{"@type":"ReadAction","target":["https:\/\/thepueblatimes.mx\/index.php\/2020\/09\/18\/luego-de-no-funcionar-el-boa-ni-el-frena-ahora-quadri-propone-tumor-para-vencer-a-morena\/"]}]},{"@type":"BreadcrumbList","@id":"https:\/\/thepueblatimes.mx\/index.php\/2020\/09\/18\/luego-de-no-funcionar-el-boa-ni-el-frena-ahora-quadri-propone-tumor-para-vencer-a-morena\/#breadcrumb","itemListElement":[{"@type":"ListItem","position":1,"name":"Portada","item":"https:\/\/thepueblatimes.mx\/"},{"@type":"ListItem","position":2,"name":"Luego de no funcionar el BOA ni el FRENA, ahora Quadri propone TUMOR para vencer a Morena"}]},{"@type":"WebSite","@id":"https:\/\/thepueblatimes.mx\/#website","url":"https:\/\/thepueblatimes.mx\/","name":"The Puebla Times","description":"Noticias del Estado de Puebla","potentialAction":[{"@type":"SearchAction","target":{"@type":"EntryPoint","urlTemplate":"https:\/\/thepueblatimes.mx\/?s={search_term_string}"},"query-input":"required name=search_term_string"}],"inLanguage":"es"},{"@type":"Person","@id":"https:\/\/thepueblatimes.mx\/#\/schema\/person\/adbf065ee889f68194977e3499c4a51e","name":"Marcos Guevara","image":{"@type":"ImageObject","inLanguage":"es","@id":"https:\/\/thepueblatimes.mx\/#\/schema\/person\/image\/","url":"https:\/\/secure.gravatar.com\/avatar\/c5d5853d70a8cf178bdfd28c1b8cdcdd?s=96&d=mm&r=g","contentUrl":"https:\/\/secure.gravatar.com\/avatar\/c5d5853d70a8cf178bdfd28c1b8cdcdd?s=96&d=mm&r=g","caption":"Marcos Guevara"},"url":"https:\/\/thepueblatimes.mx\/index.php\/author\/marcos-guevara\/"}]}},"jetpack_featured_media_url":"https:\/\/thepueblatimes.mx\/wp-content\/uploads\/2020\/09\/Screenshot-2020-09-18-at-10.16.59.png","_links":{"self":[{"href":"https:\/\/thepueblatimes.mx\/index.php\/wp-json\/wp\/v2\/posts\/3913"}],"collection":[{"href":"https:\/\/thepueblatimes.mx\/index.php\/wp-json\/wp\/v2\/posts"}],"about":[{"href":"https:\/\/thepueblatimes.mx\/index.php\/wp-json\/wp\/v2\/types\/post"}],"author":[{"embeddable":true,"href":"https:\/\/thepueblatimes.mx\/index.php\/wp-json\/wp\/v2\/users\/4"}],"replies":[{"embeddable":true,"href":"https:\/\/thepueblatimes.mx\/index.php\/wp-json\/wp\/v2\/comments?post=3913"}],"version-history":[{"count":1,"href":"https:\/\/thepueblatimes.mx\/index.php\/wp-json\/wp\/v2\/posts\/3913\/revisions"}],"predecessor-version":[{"id":3922,"href":"https:\/\/thepueblatimes.mx\/index.php\/wp-json\/wp\/v2\/posts\/3913\/revisions\/3922"}],"wp:featuredmedia":[{"embeddable":true,"href":"https:\/\/thepueblatimes.mx\/index.php\/wp-json\/wp\/v2\/media\/3921"}],"wp:attachment":[{"href":"https:\/\/thepueblatimes.mx\/index.php\/wp-json\/wp\/v2\/media?parent=3913"}],"wp:term":[{"taxonomy":"category","embeddable":true,"href":"https:\/\/thepueblatimes.mx\/index.php\/wp-json\/wp\/v2\/categories?post=3913"},{"taxonomy":"post_tag","embeddable":true,"href":"https:\/\/thepueblatimes.mx\/index.php\/wp-json\/wp\/v2\/tags?post=3913"}],"curies":[{"name":"wp","href":"https:\/\/api.w.org\/{rel}","templated":true}]}}