{"id":38228,"date":"2026-06-05T17:22:26","date_gmt":"2026-06-05T23:22:26","guid":{"rendered":"https:\/\/thepueblatimes.mx\/?p=38228"},"modified":"2026-06-05T17:22:26","modified_gmt":"2026-06-05T23:22:26","slug":"derrapa-tractocamion-sobre-periferico-ecologico","status":"publish","type":"post","link":"https:\/\/thepueblatimes.mx\/index.php\/2026\/06\/05\/derrapa-tractocamion-sobre-periferico-ecologico\/","title":{"rendered":"Derrapa tractocami\u00f3n sobre Perif\u00e9rico Ecol\u00f3gico"},"content":{"rendered":"<p>Como consecuencia del pavimento mojado, un tractocami\u00f3n sufri\u00f3 un percance vial en el Perif\u00e9rico Ecol\u00f3gico, a la altura del distribuidor del Bulevar Forjadores.<\/p>\n<p>La informaci\u00f3n disponible refiere que el conductor de la unidad de carga perdi\u00f3 el control de la trayectoria del veh\u00edculo.<\/p>\n<p>El contenedor acoplado se desprendi\u00f3 del tractocami\u00f3n, contra una luminaria y derrib\u00f3 sistemas de videovigilancia de la zona.<\/p>\n<p>Tras ser alertados, arribaron al sitio elementos de emergencia y autoridades viales para resguardar el per\u00edmetro.<\/p>\n<p>Como parte de los trabajos se procedi\u00f3 al retiro de los restos de la unidad y se evaluaron los da\u00f1os a la infraestructura p\u00fablica.<br \/>\nEl conductor del veh\u00edculo result\u00f3 ileso y permaneci\u00f3 en el sitio.<\/p>\n","protected":false},"excerpt":{"rendered":"<p>Como consecuencia del pavimento mojado, un tractocami\u00f3n sufri\u00f3 un percance vial en el Perif\u00e9rico Ecol\u00f3gico, a la altura del distribuidor del Bulevar Forjadores. La informaci\u00f3n disponible refiere que el conductor de la unidad de carga perdi\u00f3 el control de la trayectoria del veh\u00edculo. El contenedor acoplado se desprendi\u00f3 del tractocami\u00f3n, contra una luminaria y derrib\u00f3&#8230;<\/p>\n","protected":false},"author":16,"featured_media":38234,"comment_status":"closed","ping_status":"closed","sticky":false,"template":"","format":"standard","meta":[],"categories":[121],"tags":[5039,2635,5040],"yoast_head":"<!-- This site is optimized with the Yoast SEO plugin v20.8 - https:\/\/yoast.com\/wordpress\/plugins\/seo\/ -->\n<title>Derrapa tractocami\u00f3n sobre Perif\u00e9rico Ecol\u00f3gico - The Puebla Times<\/title>\n<meta name=\"robots\" content=\"index, follow, max-snippet:-1, max-image-preview:large, max-video-preview:-1\" \/>\n<link rel=\"canonical\" href=\"https:\/\/thepueblatimes.mx\/index.php\/2026\/06\/05\/derrapa-tractocamion-sobre-periferico-ecologico\/\" \/>\n<meta property=\"og:locale\" content=\"es_ES\" \/>\n<meta property=\"og:type\" content=\"article\" \/>\n<meta property=\"og:title\" content=\"Derrapa tractocami\u00f3n sobre Perif\u00e9rico Ecol\u00f3gico - The Puebla Times\" \/>\n<meta property=\"og:description\" content=\"Como consecuencia del pavimento mojado, un tractocami\u00f3n sufri\u00f3 un percance vial en el Perif\u00e9rico Ecol\u00f3gico, a la altura del distribuidor del Bulevar Forjadores. La informaci\u00f3n disponible refiere que el conductor de la unidad de carga perdi\u00f3 el control de la trayectoria del veh\u00edculo. El contenedor acoplado se desprendi\u00f3 del tractocami\u00f3n, contra una luminaria y derrib\u00f3...\" \/>\n<meta property=\"og:url\" content=\"https:\/\/thepueblatimes.mx\/index.php\/2026\/06\/05\/derrapa-tractocamion-sobre-periferico-ecologico\/\" \/>\n<meta property=\"og:site_name\" content=\"The Puebla Times\" \/>\n<meta property=\"article:published_time\" content=\"2026-06-05T23:22:26+00:00\" \/>\n<meta property=\"og:image\" content=\"https:\/\/thepueblatimes.mx\/wp-content\/uploads\/2026\/06\/hdhd.png\" \/>\n\t<meta property=\"og:image:width\" content=\"598\" \/>\n\t<meta property=\"og:image:height\" content=\"301\" \/>\n\t<meta property=\"og:image:type\" content=\"image\/png\" \/>\n<meta name=\"author\" content=\"Sa\u00fal Hern\u00e1ndez\" \/>\n<meta name=\"twitter:card\" content=\"summary_large_image\" \/>\n<meta name=\"twitter:label1\" content=\"Escrito por\" \/>\n\t<meta name=\"twitter:data1\" content=\"Sa\u00fal Hern\u00e1ndez\" \/>\n\t<meta name=\"twitter:label2\" content=\"Tiempo de lectura\" \/>\n\t<meta name=\"twitter:data2\" content=\"1 minuto\" \/>\n<script type=\"application\/ld+json\" class=\"yoast-schema-graph\">{\"@context\":\"https:\/\/schema.org\",\"@graph\":[{\"@type\":\"WebPage\",\"@id\":\"https:\/\/thepueblatimes.mx\/index.php\/2026\/06\/05\/derrapa-tractocamion-sobre-periferico-ecologico\/\",\"url\":\"https:\/\/thepueblatimes.mx\/index.php\/2026\/06\/05\/derrapa-tractocamion-sobre-periferico-ecologico\/\",\"name\":\"Derrapa tractocami\u00f3n sobre Perif\u00e9rico Ecol\u00f3gico - The Puebla Times\",\"isPartOf\":{\"@id\":\"https:\/\/thepueblatimes.mx\/#website\"},\"datePublished\":\"2026-06-05T23:22:26+00:00\",\"dateModified\":\"2026-06-05T23:22:26+00:00\",\"author\":{\"@id\":\"https:\/\/thepueblatimes.mx\/#\/schema\/person\/1664894c2f65ce2c7a08d8f5f905c13c\"},\"breadcrumb\":{\"@id\":\"https:\/\/thepueblatimes.mx\/index.php\/2026\/06\/05\/derrapa-tractocamion-sobre-periferico-ecologico\/#breadcrumb\"},\"inLanguage\":\"es\",\"potentialAction\":[{\"@type\":\"ReadAction\",\"target\":[\"https:\/\/thepueblatimes.mx\/index.php\/2026\/06\/05\/derrapa-tractocamion-sobre-periferico-ecologico\/\"]}]},{\"@type\":\"BreadcrumbList\",\"@id\":\"https:\/\/thepueblatimes.mx\/index.php\/2026\/06\/05\/derrapa-tractocamion-sobre-periferico-ecologico\/#breadcrumb\",\"itemListElement\":[{\"@type\":\"ListItem\",\"position\":1,\"name\":\"Portada\",\"item\":\"https:\/\/thepueblatimes.mx\/\"},{\"@type\":\"ListItem\",\"position\":2,\"name\":\"Derrapa tractocami\u00f3n sobre Perif\u00e9rico Ecol\u00f3gico\"}]},{\"@type\":\"WebSite\",\"@id\":\"https:\/\/thepueblatimes.mx\/#website\",\"url\":\"https:\/\/thepueblatimes.mx\/\",\"name\":\"The Puebla Times\",\"description\":\"Noticias del Estado de Puebla\",\"potentialAction\":[{\"@type\":\"SearchAction\",\"target\":{\"@type\":\"EntryPoint\",\"urlTemplate\":\"https:\/\/thepueblatimes.mx\/?s={search_term_string}\"},\"query-input\":\"required name=search_term_string\"}],\"inLanguage\":\"es\"},{\"@type\":\"Person\",\"@id\":\"https:\/\/thepueblatimes.mx\/#\/schema\/person\/1664894c2f65ce2c7a08d8f5f905c13c\",\"name\":\"Sa\u00fal Hern\u00e1ndez\",\"image\":{\"@type\":\"ImageObject\",\"inLanguage\":\"es\",\"@id\":\"https:\/\/thepueblatimes.mx\/#\/schema\/person\/image\/\",\"url\":\"https:\/\/secure.gravatar.com\/avatar\/11be338693f243309532caad8f10c930?s=96&d=mm&r=g\",\"contentUrl\":\"https:\/\/secure.gravatar.com\/avatar\/11be338693f243309532caad8f10c930?s=96&d=mm&r=g\",\"caption\":\"Sa\u00fal Hern\u00e1ndez\"},\"url\":\"https:\/\/thepueblatimes.mx\/index.php\/author\/saulhernandez\/\"}]}<\/script>\n<!-- \/ Yoast SEO plugin. -->","yoast_head_json":{"title":"Derrapa tractocami\u00f3n sobre Perif\u00e9rico Ecol\u00f3gico - The Puebla Times","robots":{"index":"index","follow":"follow","max-snippet":"max-snippet:-1","max-image-preview":"max-image-preview:large","max-video-preview":"max-video-preview:-1"},"canonical":"https:\/\/thepueblatimes.mx\/index.php\/2026\/06\/05\/derrapa-tractocamion-sobre-periferico-ecologico\/","og_locale":"es_ES","og_type":"article","og_title":"Derrapa tractocami\u00f3n sobre Perif\u00e9rico Ecol\u00f3gico - The Puebla Times","og_description":"Como consecuencia del pavimento mojado, un tractocami\u00f3n sufri\u00f3 un percance vial en el Perif\u00e9rico Ecol\u00f3gico, a la altura del distribuidor del Bulevar Forjadores. La informaci\u00f3n disponible refiere que el conductor de la unidad de carga perdi\u00f3 el control de la trayectoria del veh\u00edculo. El contenedor acoplado se desprendi\u00f3 del tractocami\u00f3n, contra una luminaria y derrib\u00f3...","og_url":"https:\/\/thepueblatimes.mx\/index.php\/2026\/06\/05\/derrapa-tractocamion-sobre-periferico-ecologico\/","og_site_name":"The Puebla Times","article_published_time":"2026-06-05T23:22:26+00:00","og_image":[{"url":"https:\/\/thepueblatimes.mx\/wp-content\/uploads\/2026\/06\/hdhd.png","width":598,"height":301,"type":"image\/png"}],"author":"Sa\u00fal Hern\u00e1ndez","twitter_card":"summary_large_image","twitter_misc":{"Escrito por":"Sa\u00fal Hern\u00e1ndez","Tiempo de lectura":"1 minuto"},"schema":{"@context":"https:\/\/schema.org","@graph":[{"@type":"WebPage","@id":"https:\/\/thepueblatimes.mx\/index.php\/2026\/06\/05\/derrapa-tractocamion-sobre-periferico-ecologico\/","url":"https:\/\/thepueblatimes.mx\/index.php\/2026\/06\/05\/derrapa-tractocamion-sobre-periferico-ecologico\/","name":"Derrapa tractocami\u00f3n sobre Perif\u00e9rico Ecol\u00f3gico - The Puebla Times","isPartOf":{"@id":"https:\/\/thepueblatimes.mx\/#website"},"datePublished":"2026-06-05T23:22:26+00:00","dateModified":"2026-06-05T23:22:26+00:00","author":{"@id":"https:\/\/thepueblatimes.mx\/#\/schema\/person\/1664894c2f65ce2c7a08d8f5f905c13c"},"breadcrumb":{"@id":"https:\/\/thepueblatimes.mx\/index.php\/2026\/06\/05\/derrapa-tractocamion-sobre-periferico-ecologico\/#breadcrumb"},"inLanguage":"es","potentialAction":[{"@type":"ReadAction","target":["https:\/\/thepueblatimes.mx\/index.php\/2026\/06\/05\/derrapa-tractocamion-sobre-periferico-ecologico\/"]}]},{"@type":"BreadcrumbList","@id":"https:\/\/thepueblatimes.mx\/index.php\/2026\/06\/05\/derrapa-tractocamion-sobre-periferico-ecologico\/#breadcrumb","itemListElement":[{"@type":"ListItem","position":1,"name":"Portada","item":"https:\/\/thepueblatimes.mx\/"},{"@type":"ListItem","position":2,"name":"Derrapa tractocami\u00f3n sobre Perif\u00e9rico Ecol\u00f3gico"}]},{"@type":"WebSite","@id":"https:\/\/thepueblatimes.mx\/#website","url":"https:\/\/thepueblatimes.mx\/","name":"The Puebla Times","description":"Noticias del Estado de Puebla","potentialAction":[{"@type":"SearchAction","target":{"@type":"EntryPoint","urlTemplate":"https:\/\/thepueblatimes.mx\/?s={search_term_string}"},"query-input":"required name=search_term_string"}],"inLanguage":"es"},{"@type":"Person","@id":"https:\/\/thepueblatimes.mx\/#\/schema\/person\/1664894c2f65ce2c7a08d8f5f905c13c","name":"Sa\u00fal Hern\u00e1ndez","image":{"@type":"ImageObject","inLanguage":"es","@id":"https:\/\/thepueblatimes.mx\/#\/schema\/person\/image\/","url":"https:\/\/secure.gravatar.com\/avatar\/11be338693f243309532caad8f10c930?s=96&d=mm&r=g","contentUrl":"https:\/\/secure.gravatar.com\/avatar\/11be338693f243309532caad8f10c930?s=96&d=mm&r=g","caption":"Sa\u00fal Hern\u00e1ndez"},"url":"https:\/\/thepueblatimes.mx\/index.php\/author\/saulhernandez\/"}]}},"jetpack_featured_media_url":"https:\/\/thepueblatimes.mx\/wp-content\/uploads\/2026\/06\/hdhd.png","_links":{"self":[{"href":"https:\/\/thepueblatimes.mx\/index.php\/wp-json\/wp\/v2\/posts\/38228"}],"collection":[{"href":"https:\/\/thepueblatimes.mx\/index.php\/wp-json\/wp\/v2\/posts"}],"about":[{"href":"https:\/\/thepueblatimes.mx\/index.php\/wp-json\/wp\/v2\/types\/post"}],"author":[{"embeddable":true,"href":"https:\/\/thepueblatimes.mx\/index.php\/wp-json\/wp\/v2\/users\/16"}],"replies":[{"embeddable":true,"href":"https:\/\/thepueblatimes.mx\/index.php\/wp-json\/wp\/v2\/comments?post=38228"}],"version-history":[{"count":1,"href":"https:\/\/thepueblatimes.mx\/index.php\/wp-json\/wp\/v2\/posts\/38228\/revisions"}],"predecessor-version":[{"id":38235,"href":"https:\/\/thepueblatimes.mx\/index.php\/wp-json\/wp\/v2\/posts\/38228\/revisions\/38235"}],"wp:featuredmedia":[{"embeddable":true,"href":"https:\/\/thepueblatimes.mx\/index.php\/wp-json\/wp\/v2\/media\/38234"}],"wp:attachment":[{"href":"https:\/\/thepueblatimes.mx\/index.php\/wp-json\/wp\/v2\/media?parent=38228"}],"wp:term":[{"taxonomy":"category","embeddable":true,"href":"https:\/\/thepueblatimes.mx\/index.php\/wp-json\/wp\/v2\/categories?post=38228"},{"taxonomy":"post_tag","embeddable":true,"href":"https:\/\/thepueblatimes.mx\/index.php\/wp-json\/wp\/v2\/tags?post=38228"}],"curies":[{"name":"wp","href":"https:\/\/api.w.org\/{rel}","templated":true}]}}