{"id":38112,"date":"2026-05-27T16:12:34","date_gmt":"2026-05-27T22:12:34","guid":{"rendered":"https:\/\/thepueblatimes.mx\/?p=38112"},"modified":"2026-05-27T16:12:34","modified_gmt":"2026-05-27T22:12:34","slug":"garcia-parra-anticipa-envio-de-paquete-de-iniciativas-al-congreso-poblano","status":"publish","type":"post","link":"https:\/\/thepueblatimes.mx\/index.php\/2026\/05\/27\/garcia-parra-anticipa-envio-de-paquete-de-iniciativas-al-congreso-poblano\/","title":{"rendered":"Garc\u00eda Parra anticipa env\u00edo de paquete de iniciativas al Congreso poblano"},"content":{"rendered":"<p>El Ejecutivo Estatal enviar\u00e1 un paquete de iniciativas al Congreso poblano, en las que se incluye una reforma constitucional para limitar a 15 el n\u00famero m\u00e1ximo de regidur\u00edas en los municipios.<\/p>\n<p>El coordinador de Gabinete, Jos\u00e9 Luis Garc\u00eda Parra, as\u00ed lo anticip\u00f3, y refiri\u00f3 que las propuestas normativas buscan actualizar el marco legal de la entidad para atender las necesidades comunitarias m\u00e1s urgentes.<\/p>\n<p>Precis\u00f3 que las iniciativas ya se encuentran en su etapa final de redacci\u00f3n.<\/p>\n<p>Entre las iniciativas, destac\u00f3 una reforma constitucional integral que tiene como objetivo principal establecer un l\u00edmite en la integraci\u00f3n de los ayuntamientos, fijando en 15 el n\u00famero m\u00e1ximo de regidur\u00edas para las demarcaciones de la entidad.<\/p>\n<p>Adem\u00e1s, se incluir\u00e1n reformas a la Ley de Ordenamiento Territorial y Desarrollo Urbano, as\u00ed como a la Ley Org\u00e1nica Municipal.<\/p>\n<p>Expres\u00f3, \u201cpara este periodo enviaremos distintas iniciativas en este sentido. Les puedo adelantar algunas de las reformas: ser\u00e1 a la Ley de Ordenamiento Territorial y Desarrollo Urbano, la Ley Org\u00e1nica Municipal y, desde luego, una reforma constitucional que buscar\u00e1 generar una condici\u00f3n limitante para el m\u00e1ximo de regidur\u00edas, que ser\u00e1 de 15\u201d.<\/p>\n<p>\u201cAcaba de iniciar el periodo ordinario de sesiones el 15 de mayo. Es una nueva oportunidad para las legisladoras y los legisladores de mantener un di\u00e1logo abierto, respetuoso, constructivo y propositivo, en funci\u00f3n de las necesidades de la poblaci\u00f3n; que se enfoquen en temas comunitarios para el pueblo de Puebla\u201d.<\/p>\n<p>El paquete de iniciativas ser\u00e1 remitido a la Mesa Directiva del Poder Legislativo en los pr\u00f3ximos d\u00edas, apunt\u00f3 Garc\u00eda Parra.<\/p>\n","protected":false},"excerpt":{"rendered":"<p>El Ejecutivo Estatal enviar\u00e1 un paquete de iniciativas al Congreso poblano, en las que se incluye una reforma constitucional para limitar a 15 el n\u00famero m\u00e1ximo de regidur\u00edas en los municipios. El coordinador de Gabinete, Jos\u00e9 Luis Garc\u00eda Parra, as\u00ed lo anticip\u00f3, y refiri\u00f3 que las propuestas normativas buscan actualizar el marco legal de la&#8230;<\/p>\n","protected":false},"author":16,"featured_media":38113,"comment_status":"closed","ping_status":"closed","sticky":false,"template":"","format":"standard","meta":[],"categories":[542],"tags":[2323,2960,3475],"yoast_head":"<!-- This site is optimized with the Yoast SEO plugin v20.8 - https:\/\/yoast.com\/wordpress\/plugins\/seo\/ -->\n<title>Garc\u00eda Parra anticipa env\u00edo de paquete de iniciativas al Congreso poblano - The Puebla Times<\/title>\n<meta name=\"robots\" content=\"index, follow, max-snippet:-1, max-image-preview:large, max-video-preview:-1\" \/>\n<link rel=\"canonical\" href=\"https:\/\/thepueblatimes.mx\/index.php\/2026\/05\/27\/garcia-parra-anticipa-envio-de-paquete-de-iniciativas-al-congreso-poblano\/\" \/>\n<meta property=\"og:locale\" content=\"es_ES\" \/>\n<meta property=\"og:type\" content=\"article\" \/>\n<meta property=\"og:title\" content=\"Garc\u00eda Parra anticipa env\u00edo de paquete de iniciativas al Congreso poblano - The Puebla Times\" \/>\n<meta property=\"og:description\" content=\"El Ejecutivo Estatal enviar\u00e1 un paquete de iniciativas al Congreso poblano, en las que se incluye una reforma constitucional para limitar a 15 el n\u00famero m\u00e1ximo de regidur\u00edas en los municipios. El coordinador de Gabinete, Jos\u00e9 Luis Garc\u00eda Parra, as\u00ed lo anticip\u00f3, y refiri\u00f3 que las propuestas normativas buscan actualizar el marco legal de la...\" \/>\n<meta property=\"og:url\" content=\"https:\/\/thepueblatimes.mx\/index.php\/2026\/05\/27\/garcia-parra-anticipa-envio-de-paquete-de-iniciativas-al-congreso-poblano\/\" \/>\n<meta property=\"og:site_name\" content=\"The Puebla Times\" \/>\n<meta property=\"article:published_time\" content=\"2026-05-27T22:12:34+00:00\" \/>\n<meta property=\"og:image\" content=\"https:\/\/thepueblatimes.mx\/wp-content\/uploads\/2026\/05\/HItbapPWYAAxgLK.jpg\" \/>\n\t<meta property=\"og:image:width\" content=\"1907\" \/>\n\t<meta property=\"og:image:height\" content=\"2048\" \/>\n\t<meta property=\"og:image:type\" content=\"image\/jpeg\" \/>\n<meta name=\"author\" content=\"Sa\u00fal Hern\u00e1ndez\" \/>\n<meta name=\"twitter:card\" content=\"summary_large_image\" \/>\n<meta name=\"twitter:label1\" content=\"Escrito por\" \/>\n\t<meta name=\"twitter:data1\" content=\"Sa\u00fal Hern\u00e1ndez\" \/>\n\t<meta name=\"twitter:label2\" content=\"Tiempo de lectura\" \/>\n\t<meta name=\"twitter:data2\" content=\"2 minutos\" \/>\n<script type=\"application\/ld+json\" class=\"yoast-schema-graph\">{\"@context\":\"https:\/\/schema.org\",\"@graph\":[{\"@type\":\"WebPage\",\"@id\":\"https:\/\/thepueblatimes.mx\/index.php\/2026\/05\/27\/garcia-parra-anticipa-envio-de-paquete-de-iniciativas-al-congreso-poblano\/\",\"url\":\"https:\/\/thepueblatimes.mx\/index.php\/2026\/05\/27\/garcia-parra-anticipa-envio-de-paquete-de-iniciativas-al-congreso-poblano\/\",\"name\":\"Garc\u00eda Parra anticipa env\u00edo de paquete de iniciativas al Congreso poblano - The Puebla Times\",\"isPartOf\":{\"@id\":\"https:\/\/thepueblatimes.mx\/#website\"},\"datePublished\":\"2026-05-27T22:12:34+00:00\",\"dateModified\":\"2026-05-27T22:12:34+00:00\",\"author\":{\"@id\":\"https:\/\/thepueblatimes.mx\/#\/schema\/person\/1664894c2f65ce2c7a08d8f5f905c13c\"},\"breadcrumb\":{\"@id\":\"https:\/\/thepueblatimes.mx\/index.php\/2026\/05\/27\/garcia-parra-anticipa-envio-de-paquete-de-iniciativas-al-congreso-poblano\/#breadcrumb\"},\"inLanguage\":\"es\",\"potentialAction\":[{\"@type\":\"ReadAction\",\"target\":[\"https:\/\/thepueblatimes.mx\/index.php\/2026\/05\/27\/garcia-parra-anticipa-envio-de-paquete-de-iniciativas-al-congreso-poblano\/\"]}]},{\"@type\":\"BreadcrumbList\",\"@id\":\"https:\/\/thepueblatimes.mx\/index.php\/2026\/05\/27\/garcia-parra-anticipa-envio-de-paquete-de-iniciativas-al-congreso-poblano\/#breadcrumb\",\"itemListElement\":[{\"@type\":\"ListItem\",\"position\":1,\"name\":\"Portada\",\"item\":\"https:\/\/thepueblatimes.mx\/\"},{\"@type\":\"ListItem\",\"position\":2,\"name\":\"Garc\u00eda Parra anticipa env\u00edo de paquete de iniciativas al Congreso poblano\"}]},{\"@type\":\"WebSite\",\"@id\":\"https:\/\/thepueblatimes.mx\/#website\",\"url\":\"https:\/\/thepueblatimes.mx\/\",\"name\":\"The Puebla Times\",\"description\":\"Noticias del Estado de Puebla\",\"potentialAction\":[{\"@type\":\"SearchAction\",\"target\":{\"@type\":\"EntryPoint\",\"urlTemplate\":\"https:\/\/thepueblatimes.mx\/?s={search_term_string}\"},\"query-input\":\"required name=search_term_string\"}],\"inLanguage\":\"es\"},{\"@type\":\"Person\",\"@id\":\"https:\/\/thepueblatimes.mx\/#\/schema\/person\/1664894c2f65ce2c7a08d8f5f905c13c\",\"name\":\"Sa\u00fal Hern\u00e1ndez\",\"image\":{\"@type\":\"ImageObject\",\"inLanguage\":\"es\",\"@id\":\"https:\/\/thepueblatimes.mx\/#\/schema\/person\/image\/\",\"url\":\"https:\/\/secure.gravatar.com\/avatar\/11be338693f243309532caad8f10c930?s=96&d=mm&r=g\",\"contentUrl\":\"https:\/\/secure.gravatar.com\/avatar\/11be338693f243309532caad8f10c930?s=96&d=mm&r=g\",\"caption\":\"Sa\u00fal Hern\u00e1ndez\"},\"url\":\"https:\/\/thepueblatimes.mx\/index.php\/author\/saulhernandez\/\"}]}<\/script>\n<!-- \/ Yoast SEO plugin. -->","yoast_head_json":{"title":"Garc\u00eda Parra anticipa env\u00edo de paquete de iniciativas al Congreso poblano - The Puebla Times","robots":{"index":"index","follow":"follow","max-snippet":"max-snippet:-1","max-image-preview":"max-image-preview:large","max-video-preview":"max-video-preview:-1"},"canonical":"https:\/\/thepueblatimes.mx\/index.php\/2026\/05\/27\/garcia-parra-anticipa-envio-de-paquete-de-iniciativas-al-congreso-poblano\/","og_locale":"es_ES","og_type":"article","og_title":"Garc\u00eda Parra anticipa env\u00edo de paquete de iniciativas al Congreso poblano - The Puebla Times","og_description":"El Ejecutivo Estatal enviar\u00e1 un paquete de iniciativas al Congreso poblano, en las que se incluye una reforma constitucional para limitar a 15 el n\u00famero m\u00e1ximo de regidur\u00edas en los municipios. El coordinador de Gabinete, Jos\u00e9 Luis Garc\u00eda Parra, as\u00ed lo anticip\u00f3, y refiri\u00f3 que las propuestas normativas buscan actualizar el marco legal de la...","og_url":"https:\/\/thepueblatimes.mx\/index.php\/2026\/05\/27\/garcia-parra-anticipa-envio-de-paquete-de-iniciativas-al-congreso-poblano\/","og_site_name":"The Puebla Times","article_published_time":"2026-05-27T22:12:34+00:00","og_image":[{"width":1907,"height":2048,"url":"https:\/\/thepueblatimes.mx\/wp-content\/uploads\/2026\/05\/HItbapPWYAAxgLK.jpg","type":"image\/jpeg"}],"author":"Sa\u00fal Hern\u00e1ndez","twitter_card":"summary_large_image","twitter_misc":{"Escrito por":"Sa\u00fal Hern\u00e1ndez","Tiempo de lectura":"2 minutos"},"schema":{"@context":"https:\/\/schema.org","@graph":[{"@type":"WebPage","@id":"https:\/\/thepueblatimes.mx\/index.php\/2026\/05\/27\/garcia-parra-anticipa-envio-de-paquete-de-iniciativas-al-congreso-poblano\/","url":"https:\/\/thepueblatimes.mx\/index.php\/2026\/05\/27\/garcia-parra-anticipa-envio-de-paquete-de-iniciativas-al-congreso-poblano\/","name":"Garc\u00eda Parra anticipa env\u00edo de paquete de iniciativas al Congreso poblano - The Puebla Times","isPartOf":{"@id":"https:\/\/thepueblatimes.mx\/#website"},"datePublished":"2026-05-27T22:12:34+00:00","dateModified":"2026-05-27T22:12:34+00:00","author":{"@id":"https:\/\/thepueblatimes.mx\/#\/schema\/person\/1664894c2f65ce2c7a08d8f5f905c13c"},"breadcrumb":{"@id":"https:\/\/thepueblatimes.mx\/index.php\/2026\/05\/27\/garcia-parra-anticipa-envio-de-paquete-de-iniciativas-al-congreso-poblano\/#breadcrumb"},"inLanguage":"es","potentialAction":[{"@type":"ReadAction","target":["https:\/\/thepueblatimes.mx\/index.php\/2026\/05\/27\/garcia-parra-anticipa-envio-de-paquete-de-iniciativas-al-congreso-poblano\/"]}]},{"@type":"BreadcrumbList","@id":"https:\/\/thepueblatimes.mx\/index.php\/2026\/05\/27\/garcia-parra-anticipa-envio-de-paquete-de-iniciativas-al-congreso-poblano\/#breadcrumb","itemListElement":[{"@type":"ListItem","position":1,"name":"Portada","item":"https:\/\/thepueblatimes.mx\/"},{"@type":"ListItem","position":2,"name":"Garc\u00eda Parra anticipa env\u00edo de paquete de iniciativas al Congreso poblano"}]},{"@type":"WebSite","@id":"https:\/\/thepueblatimes.mx\/#website","url":"https:\/\/thepueblatimes.mx\/","name":"The Puebla Times","description":"Noticias del Estado de Puebla","potentialAction":[{"@type":"SearchAction","target":{"@type":"EntryPoint","urlTemplate":"https:\/\/thepueblatimes.mx\/?s={search_term_string}"},"query-input":"required name=search_term_string"}],"inLanguage":"es"},{"@type":"Person","@id":"https:\/\/thepueblatimes.mx\/#\/schema\/person\/1664894c2f65ce2c7a08d8f5f905c13c","name":"Sa\u00fal Hern\u00e1ndez","image":{"@type":"ImageObject","inLanguage":"es","@id":"https:\/\/thepueblatimes.mx\/#\/schema\/person\/image\/","url":"https:\/\/secure.gravatar.com\/avatar\/11be338693f243309532caad8f10c930?s=96&d=mm&r=g","contentUrl":"https:\/\/secure.gravatar.com\/avatar\/11be338693f243309532caad8f10c930?s=96&d=mm&r=g","caption":"Sa\u00fal Hern\u00e1ndez"},"url":"https:\/\/thepueblatimes.mx\/index.php\/author\/saulhernandez\/"}]}},"jetpack_featured_media_url":"https:\/\/thepueblatimes.mx\/wp-content\/uploads\/2026\/05\/HItbapPWYAAxgLK.jpg","_links":{"self":[{"href":"https:\/\/thepueblatimes.mx\/index.php\/wp-json\/wp\/v2\/posts\/38112"}],"collection":[{"href":"https:\/\/thepueblatimes.mx\/index.php\/wp-json\/wp\/v2\/posts"}],"about":[{"href":"https:\/\/thepueblatimes.mx\/index.php\/wp-json\/wp\/v2\/types\/post"}],"author":[{"embeddable":true,"href":"https:\/\/thepueblatimes.mx\/index.php\/wp-json\/wp\/v2\/users\/16"}],"replies":[{"embeddable":true,"href":"https:\/\/thepueblatimes.mx\/index.php\/wp-json\/wp\/v2\/comments?post=38112"}],"version-history":[{"count":1,"href":"https:\/\/thepueblatimes.mx\/index.php\/wp-json\/wp\/v2\/posts\/38112\/revisions"}],"predecessor-version":[{"id":38114,"href":"https:\/\/thepueblatimes.mx\/index.php\/wp-json\/wp\/v2\/posts\/38112\/revisions\/38114"}],"wp:featuredmedia":[{"embeddable":true,"href":"https:\/\/thepueblatimes.mx\/index.php\/wp-json\/wp\/v2\/media\/38113"}],"wp:attachment":[{"href":"https:\/\/thepueblatimes.mx\/index.php\/wp-json\/wp\/v2\/media?parent=38112"}],"wp:term":[{"taxonomy":"category","embeddable":true,"href":"https:\/\/thepueblatimes.mx\/index.php\/wp-json\/wp\/v2\/categories?post=38112"},{"taxonomy":"post_tag","embeddable":true,"href":"https:\/\/thepueblatimes.mx\/index.php\/wp-json\/wp\/v2\/tags?post=38112"}],"curies":[{"name":"wp","href":"https:\/\/api.w.org\/{rel}","templated":true}]}}