{"id":38066,"date":"2026-05-25T15:40:44","date_gmt":"2026-05-25T21:40:44","guid":{"rendered":"https:\/\/thepueblatimes.mx\/?p=38066"},"modified":"2026-05-25T16:17:14","modified_gmt":"2026-05-25T22:17:14","slug":"garcia-parra-destaca-beneficios-del-cablebus","status":"publish","type":"post","link":"https:\/\/thepueblatimes.mx\/index.php\/2026\/05\/25\/garcia-parra-destaca-beneficios-del-cablebus\/","title":{"rendered":"Garc\u00eda Parra destaca beneficios del Cableb\u00fas"},"content":{"rendered":"<p>El coordinador del Gabinete, Jos\u00e9 Luis Garc\u00eda Parra manifest\u00f3 que el Sistema de Transporte por Cable (Cableb\u00fas) contempla nodos de transferencia ubicados en zonas de alta concentraci\u00f3n de empleos y establecimientos comerciales, como parte del modelo integral de movilidad para la ciudad de Puebla.<\/p>\n<p>Refiri\u00f3 que en el \u00e1rea del Centro Integral de Servicios (CIS) se contabilizan 717 establecimientos con m\u00e1s de 7 mil 900 trabajadores; en Parque Ju\u00e1rez, mil 118 negocios con m\u00e1s de 8 mil 400 empleados; en el entorno del CENHCH, 939 establecimientos y cerca de 6 mil trabajadores; en Parque Ecol\u00f3gico, 413 con cerca de 2 mil 500 trabajadores; en Xonaca, 594 con m\u00e1s de 3 mil 840; en la Unidad Deportiva, 139 con 4 mil 971; y en Amalucan, 363 con aproximadamente mil 741 trabajadores.<\/p>\n<p>Precis\u00f3 que en general esas zonas concentran cerca de 43 mil trabajadores ubicados a menos de 500 metros de los nodos de transferencia contemplados.<\/p>\n<p>Adem\u00e1s, apunt\u00f3 que el proyecto forma parte de una estrategia de movilidad articulada con otros medios de transporte.<\/p>\n<p>Por ello, dijo que el Cableb\u00fas permitir\u00e1 generar ahorros en los traslados y contempla viajes gratuitos para estudiantes de primaria, personas adultas mayores y personas con discapacidad.<\/p>\n","protected":false},"excerpt":{"rendered":"<p>El coordinador del Gabinete, Jos\u00e9 Luis Garc\u00eda Parra manifest\u00f3 que el Sistema de Transporte por Cable (Cableb\u00fas) contempla nodos de transferencia ubicados en zonas de alta concentraci\u00f3n de empleos y establecimientos comerciales, como parte del modelo integral de movilidad para la ciudad de Puebla. Refiri\u00f3 que en el \u00e1rea del Centro Integral de Servicios (CIS)&#8230;<\/p>\n","protected":false},"author":16,"featured_media":38048,"comment_status":"closed","ping_status":"closed","sticky":false,"template":"","format":"standard","meta":[],"categories":[3],"tags":[5004,3791,3475],"yoast_head":"<!-- This site is optimized with the Yoast SEO plugin v20.8 - https:\/\/yoast.com\/wordpress\/plugins\/seo\/ -->\n<title>Garc\u00eda Parra destaca beneficios del Cableb\u00fas - The Puebla Times<\/title>\n<meta name=\"robots\" content=\"index, follow, max-snippet:-1, max-image-preview:large, max-video-preview:-1\" \/>\n<link rel=\"canonical\" href=\"https:\/\/thepueblatimes.mx\/index.php\/2026\/05\/25\/garcia-parra-destaca-beneficios-del-cablebus\/\" \/>\n<meta property=\"og:locale\" content=\"es_ES\" \/>\n<meta property=\"og:type\" content=\"article\" \/>\n<meta property=\"og:title\" content=\"Garc\u00eda Parra destaca beneficios del Cableb\u00fas - The Puebla Times\" \/>\n<meta property=\"og:description\" content=\"El coordinador del Gabinete, Jos\u00e9 Luis Garc\u00eda Parra manifest\u00f3 que el Sistema de Transporte por Cable (Cableb\u00fas) contempla nodos de transferencia ubicados en zonas de alta concentraci\u00f3n de empleos y establecimientos comerciales, como parte del modelo integral de movilidad para la ciudad de Puebla. Refiri\u00f3 que en el \u00e1rea del Centro Integral de Servicios (CIS)...\" \/>\n<meta property=\"og:url\" content=\"https:\/\/thepueblatimes.mx\/index.php\/2026\/05\/25\/garcia-parra-destaca-beneficios-del-cablebus\/\" \/>\n<meta property=\"og:site_name\" content=\"The Puebla Times\" \/>\n<meta property=\"article:published_time\" content=\"2026-05-25T21:40:44+00:00\" \/>\n<meta property=\"article:modified_time\" content=\"2026-05-25T22:17:14+00:00\" \/>\n<meta property=\"og:image\" content=\"https:\/\/thepueblatimes.mx\/wp-content\/uploads\/2026\/05\/parra-2.jpg\" \/>\n\t<meta property=\"og:image:width\" content=\"1280\" \/>\n\t<meta property=\"og:image:height\" content=\"900\" \/>\n\t<meta property=\"og:image:type\" content=\"image\/jpeg\" \/>\n<meta name=\"author\" content=\"Sa\u00fal Hern\u00e1ndez\" \/>\n<meta name=\"twitter:card\" content=\"summary_large_image\" \/>\n<meta name=\"twitter:label1\" content=\"Escrito por\" \/>\n\t<meta name=\"twitter:data1\" content=\"Sa\u00fal Hern\u00e1ndez\" \/>\n\t<meta name=\"twitter:label2\" content=\"Tiempo de lectura\" \/>\n\t<meta name=\"twitter:data2\" content=\"1 minuto\" \/>\n<script type=\"application\/ld+json\" class=\"yoast-schema-graph\">{\"@context\":\"https:\/\/schema.org\",\"@graph\":[{\"@type\":\"WebPage\",\"@id\":\"https:\/\/thepueblatimes.mx\/index.php\/2026\/05\/25\/garcia-parra-destaca-beneficios-del-cablebus\/\",\"url\":\"https:\/\/thepueblatimes.mx\/index.php\/2026\/05\/25\/garcia-parra-destaca-beneficios-del-cablebus\/\",\"name\":\"Garc\u00eda Parra destaca beneficios del Cableb\u00fas - The Puebla Times\",\"isPartOf\":{\"@id\":\"https:\/\/thepueblatimes.mx\/#website\"},\"datePublished\":\"2026-05-25T21:40:44+00:00\",\"dateModified\":\"2026-05-25T22:17:14+00:00\",\"author\":{\"@id\":\"https:\/\/thepueblatimes.mx\/#\/schema\/person\/1664894c2f65ce2c7a08d8f5f905c13c\"},\"breadcrumb\":{\"@id\":\"https:\/\/thepueblatimes.mx\/index.php\/2026\/05\/25\/garcia-parra-destaca-beneficios-del-cablebus\/#breadcrumb\"},\"inLanguage\":\"es\",\"potentialAction\":[{\"@type\":\"ReadAction\",\"target\":[\"https:\/\/thepueblatimes.mx\/index.php\/2026\/05\/25\/garcia-parra-destaca-beneficios-del-cablebus\/\"]}]},{\"@type\":\"BreadcrumbList\",\"@id\":\"https:\/\/thepueblatimes.mx\/index.php\/2026\/05\/25\/garcia-parra-destaca-beneficios-del-cablebus\/#breadcrumb\",\"itemListElement\":[{\"@type\":\"ListItem\",\"position\":1,\"name\":\"Portada\",\"item\":\"https:\/\/thepueblatimes.mx\/\"},{\"@type\":\"ListItem\",\"position\":2,\"name\":\"Garc\u00eda Parra destaca beneficios del Cableb\u00fas\"}]},{\"@type\":\"WebSite\",\"@id\":\"https:\/\/thepueblatimes.mx\/#website\",\"url\":\"https:\/\/thepueblatimes.mx\/\",\"name\":\"The Puebla Times\",\"description\":\"Noticias del Estado de Puebla\",\"potentialAction\":[{\"@type\":\"SearchAction\",\"target\":{\"@type\":\"EntryPoint\",\"urlTemplate\":\"https:\/\/thepueblatimes.mx\/?s={search_term_string}\"},\"query-input\":\"required name=search_term_string\"}],\"inLanguage\":\"es\"},{\"@type\":\"Person\",\"@id\":\"https:\/\/thepueblatimes.mx\/#\/schema\/person\/1664894c2f65ce2c7a08d8f5f905c13c\",\"name\":\"Sa\u00fal Hern\u00e1ndez\",\"image\":{\"@type\":\"ImageObject\",\"inLanguage\":\"es\",\"@id\":\"https:\/\/thepueblatimes.mx\/#\/schema\/person\/image\/\",\"url\":\"https:\/\/secure.gravatar.com\/avatar\/11be338693f243309532caad8f10c930?s=96&d=mm&r=g\",\"contentUrl\":\"https:\/\/secure.gravatar.com\/avatar\/11be338693f243309532caad8f10c930?s=96&d=mm&r=g\",\"caption\":\"Sa\u00fal Hern\u00e1ndez\"},\"url\":\"https:\/\/thepueblatimes.mx\/index.php\/author\/saulhernandez\/\"}]}<\/script>\n<!-- \/ Yoast SEO plugin. -->","yoast_head_json":{"title":"Garc\u00eda Parra destaca beneficios del Cableb\u00fas - The Puebla Times","robots":{"index":"index","follow":"follow","max-snippet":"max-snippet:-1","max-image-preview":"max-image-preview:large","max-video-preview":"max-video-preview:-1"},"canonical":"https:\/\/thepueblatimes.mx\/index.php\/2026\/05\/25\/garcia-parra-destaca-beneficios-del-cablebus\/","og_locale":"es_ES","og_type":"article","og_title":"Garc\u00eda Parra destaca beneficios del Cableb\u00fas - The Puebla Times","og_description":"El coordinador del Gabinete, Jos\u00e9 Luis Garc\u00eda Parra manifest\u00f3 que el Sistema de Transporte por Cable (Cableb\u00fas) contempla nodos de transferencia ubicados en zonas de alta concentraci\u00f3n de empleos y establecimientos comerciales, como parte del modelo integral de movilidad para la ciudad de Puebla. Refiri\u00f3 que en el \u00e1rea del Centro Integral de Servicios (CIS)...","og_url":"https:\/\/thepueblatimes.mx\/index.php\/2026\/05\/25\/garcia-parra-destaca-beneficios-del-cablebus\/","og_site_name":"The Puebla Times","article_published_time":"2026-05-25T21:40:44+00:00","article_modified_time":"2026-05-25T22:17:14+00:00","og_image":[{"width":1280,"height":900,"url":"https:\/\/thepueblatimes.mx\/wp-content\/uploads\/2026\/05\/parra-2.jpg","type":"image\/jpeg"}],"author":"Sa\u00fal Hern\u00e1ndez","twitter_card":"summary_large_image","twitter_misc":{"Escrito por":"Sa\u00fal Hern\u00e1ndez","Tiempo de lectura":"1 minuto"},"schema":{"@context":"https:\/\/schema.org","@graph":[{"@type":"WebPage","@id":"https:\/\/thepueblatimes.mx\/index.php\/2026\/05\/25\/garcia-parra-destaca-beneficios-del-cablebus\/","url":"https:\/\/thepueblatimes.mx\/index.php\/2026\/05\/25\/garcia-parra-destaca-beneficios-del-cablebus\/","name":"Garc\u00eda Parra destaca beneficios del Cableb\u00fas - The Puebla Times","isPartOf":{"@id":"https:\/\/thepueblatimes.mx\/#website"},"datePublished":"2026-05-25T21:40:44+00:00","dateModified":"2026-05-25T22:17:14+00:00","author":{"@id":"https:\/\/thepueblatimes.mx\/#\/schema\/person\/1664894c2f65ce2c7a08d8f5f905c13c"},"breadcrumb":{"@id":"https:\/\/thepueblatimes.mx\/index.php\/2026\/05\/25\/garcia-parra-destaca-beneficios-del-cablebus\/#breadcrumb"},"inLanguage":"es","potentialAction":[{"@type":"ReadAction","target":["https:\/\/thepueblatimes.mx\/index.php\/2026\/05\/25\/garcia-parra-destaca-beneficios-del-cablebus\/"]}]},{"@type":"BreadcrumbList","@id":"https:\/\/thepueblatimes.mx\/index.php\/2026\/05\/25\/garcia-parra-destaca-beneficios-del-cablebus\/#breadcrumb","itemListElement":[{"@type":"ListItem","position":1,"name":"Portada","item":"https:\/\/thepueblatimes.mx\/"},{"@type":"ListItem","position":2,"name":"Garc\u00eda Parra destaca beneficios del Cableb\u00fas"}]},{"@type":"WebSite","@id":"https:\/\/thepueblatimes.mx\/#website","url":"https:\/\/thepueblatimes.mx\/","name":"The Puebla Times","description":"Noticias del Estado de Puebla","potentialAction":[{"@type":"SearchAction","target":{"@type":"EntryPoint","urlTemplate":"https:\/\/thepueblatimes.mx\/?s={search_term_string}"},"query-input":"required name=search_term_string"}],"inLanguage":"es"},{"@type":"Person","@id":"https:\/\/thepueblatimes.mx\/#\/schema\/person\/1664894c2f65ce2c7a08d8f5f905c13c","name":"Sa\u00fal Hern\u00e1ndez","image":{"@type":"ImageObject","inLanguage":"es","@id":"https:\/\/thepueblatimes.mx\/#\/schema\/person\/image\/","url":"https:\/\/secure.gravatar.com\/avatar\/11be338693f243309532caad8f10c930?s=96&d=mm&r=g","contentUrl":"https:\/\/secure.gravatar.com\/avatar\/11be338693f243309532caad8f10c930?s=96&d=mm&r=g","caption":"Sa\u00fal Hern\u00e1ndez"},"url":"https:\/\/thepueblatimes.mx\/index.php\/author\/saulhernandez\/"}]}},"jetpack_featured_media_url":"https:\/\/thepueblatimes.mx\/wp-content\/uploads\/2026\/05\/parra-2.jpg","_links":{"self":[{"href":"https:\/\/thepueblatimes.mx\/index.php\/wp-json\/wp\/v2\/posts\/38066"}],"collection":[{"href":"https:\/\/thepueblatimes.mx\/index.php\/wp-json\/wp\/v2\/posts"}],"about":[{"href":"https:\/\/thepueblatimes.mx\/index.php\/wp-json\/wp\/v2\/types\/post"}],"author":[{"embeddable":true,"href":"https:\/\/thepueblatimes.mx\/index.php\/wp-json\/wp\/v2\/users\/16"}],"replies":[{"embeddable":true,"href":"https:\/\/thepueblatimes.mx\/index.php\/wp-json\/wp\/v2\/comments?post=38066"}],"version-history":[{"count":1,"href":"https:\/\/thepueblatimes.mx\/index.php\/wp-json\/wp\/v2\/posts\/38066\/revisions"}],"predecessor-version":[{"id":38073,"href":"https:\/\/thepueblatimes.mx\/index.php\/wp-json\/wp\/v2\/posts\/38066\/revisions\/38073"}],"wp:featuredmedia":[{"embeddable":true,"href":"https:\/\/thepueblatimes.mx\/index.php\/wp-json\/wp\/v2\/media\/38048"}],"wp:attachment":[{"href":"https:\/\/thepueblatimes.mx\/index.php\/wp-json\/wp\/v2\/media?parent=38066"}],"wp:term":[{"taxonomy":"category","embeddable":true,"href":"https:\/\/thepueblatimes.mx\/index.php\/wp-json\/wp\/v2\/categories?post=38066"},{"taxonomy":"post_tag","embeddable":true,"href":"https:\/\/thepueblatimes.mx\/index.php\/wp-json\/wp\/v2\/tags?post=38066"}],"curies":[{"name":"wp","href":"https:\/\/api.w.org\/{rel}","templated":true}]}}