{"id":37779,"date":"2026-05-01T14:11:24","date_gmt":"2026-05-01T20:11:24","guid":{"rendered":"https:\/\/thepueblatimes.mx\/?p=37779"},"modified":"2026-05-01T14:11:46","modified_gmt":"2026-05-01T20:11:46","slug":"en-el-marco-de-la-marcha-por-el-dia-internacional-del-trabajo-respaldan-el-proyecto-del-cablebus","status":"publish","type":"post","link":"https:\/\/thepueblatimes.mx\/index.php\/2026\/05\/01\/en-el-marco-de-la-marcha-por-el-dia-internacional-del-trabajo-respaldan-el-proyecto-del-cablebus\/","title":{"rendered":"En el marco de la marcha por el D\u00eda del Trabajo, respaldan el proyecto del Cableb\u00fas"},"content":{"rendered":"<p>En el marco de la marcha conmemorativa por el D\u00eda Internacional del Trabajo, encabezada por el gobernador Alejandro Armenta Mier, representantes de sindicato respaldaron el proyecto del Cableb\u00fas.<\/p>\n<p>Durante el desplazamiento del contingente, en repetidas ocasiones se escucharon expresiones de respaldo al Cableb\u00fas.<\/p>\n<p>En paralelo, junto con el respaldo al proyecto de movilidad, los trabajadores demandaron mejoras laborales.<\/p>\n<p>Las expresiones de apoyo al proyecto del Cableb\u00fas exhiben que hay sectores sociales que no est\u00e1n de acuerdo con los cr\u00edticos del mismo.<\/p>\n","protected":false},"excerpt":{"rendered":"<p>En el marco de la marcha conmemorativa por el D\u00eda Internacional del Trabajo, encabezada por el gobernador Alejandro Armenta Mier, representantes de sindicato respaldaron el proyecto del Cableb\u00fas. Durante el desplazamiento del contingente, en repetidas ocasiones se escucharon expresiones de respaldo al Cableb\u00fas. En paralelo, junto con el respaldo al proyecto de movilidad, los trabajadores&#8230;<\/p>\n","protected":false},"author":16,"featured_media":37780,"comment_status":"closed","ping_status":"closed","sticky":false,"template":"","format":"standard","meta":[],"categories":[542],"tags":[3791,4945,96,3143],"yoast_head":"<!-- This site is optimized with the Yoast SEO plugin v20.8 - https:\/\/yoast.com\/wordpress\/plugins\/seo\/ -->\n<title>En el marco de la marcha por el D\u00eda del Trabajo, respaldan el proyecto del Cableb\u00fas - The Puebla Times<\/title>\n<meta name=\"robots\" content=\"index, follow, max-snippet:-1, max-image-preview:large, max-video-preview:-1\" \/>\n<link rel=\"canonical\" href=\"https:\/\/thepueblatimes.mx\/index.php\/2026\/05\/01\/en-el-marco-de-la-marcha-por-el-dia-internacional-del-trabajo-respaldan-el-proyecto-del-cablebus\/\" \/>\n<meta property=\"og:locale\" content=\"es_ES\" \/>\n<meta property=\"og:type\" content=\"article\" \/>\n<meta property=\"og:title\" content=\"En el marco de la marcha por el D\u00eda del Trabajo, respaldan el proyecto del Cableb\u00fas - The Puebla Times\" \/>\n<meta property=\"og:description\" content=\"En el marco de la marcha conmemorativa por el D\u00eda Internacional del Trabajo, encabezada por el gobernador Alejandro Armenta Mier, representantes de sindicato respaldaron el proyecto del Cableb\u00fas. Durante el desplazamiento del contingente, en repetidas ocasiones se escucharon expresiones de respaldo al Cableb\u00fas. En paralelo, junto con el respaldo al proyecto de movilidad, los trabajadores...\" \/>\n<meta property=\"og:url\" content=\"https:\/\/thepueblatimes.mx\/index.php\/2026\/05\/01\/en-el-marco-de-la-marcha-por-el-dia-internacional-del-trabajo-respaldan-el-proyecto-del-cablebus\/\" \/>\n<meta property=\"og:site_name\" content=\"The Puebla Times\" \/>\n<meta property=\"article:published_time\" content=\"2026-05-01T20:11:24+00:00\" \/>\n<meta property=\"article:modified_time\" content=\"2026-05-01T20:11:46+00:00\" \/>\n<meta property=\"og:image\" content=\"https:\/\/thepueblatimes.mx\/wp-content\/uploads\/2026\/05\/686355204_1514250203382332_7651322648405253700_n.jpg\" \/>\n\t<meta property=\"og:image:width\" content=\"2048\" \/>\n\t<meta property=\"og:image:height\" content=\"1366\" \/>\n\t<meta property=\"og:image:type\" content=\"image\/jpeg\" \/>\n<meta name=\"author\" content=\"Sa\u00fal Hern\u00e1ndez\" \/>\n<meta name=\"twitter:card\" content=\"summary_large_image\" \/>\n<meta name=\"twitter:label1\" content=\"Escrito por\" \/>\n\t<meta name=\"twitter:data1\" content=\"Sa\u00fal Hern\u00e1ndez\" \/>\n\t<meta name=\"twitter:label2\" content=\"Tiempo de lectura\" \/>\n\t<meta name=\"twitter:data2\" content=\"1 minuto\" \/>\n<script type=\"application\/ld+json\" class=\"yoast-schema-graph\">{\"@context\":\"https:\/\/schema.org\",\"@graph\":[{\"@type\":\"WebPage\",\"@id\":\"https:\/\/thepueblatimes.mx\/index.php\/2026\/05\/01\/en-el-marco-de-la-marcha-por-el-dia-internacional-del-trabajo-respaldan-el-proyecto-del-cablebus\/\",\"url\":\"https:\/\/thepueblatimes.mx\/index.php\/2026\/05\/01\/en-el-marco-de-la-marcha-por-el-dia-internacional-del-trabajo-respaldan-el-proyecto-del-cablebus\/\",\"name\":\"En el marco de la marcha por el D\u00eda del Trabajo, respaldan el proyecto del Cableb\u00fas - The Puebla Times\",\"isPartOf\":{\"@id\":\"https:\/\/thepueblatimes.mx\/#website\"},\"datePublished\":\"2026-05-01T20:11:24+00:00\",\"dateModified\":\"2026-05-01T20:11:46+00:00\",\"author\":{\"@id\":\"https:\/\/thepueblatimes.mx\/#\/schema\/person\/1664894c2f65ce2c7a08d8f5f905c13c\"},\"breadcrumb\":{\"@id\":\"https:\/\/thepueblatimes.mx\/index.php\/2026\/05\/01\/en-el-marco-de-la-marcha-por-el-dia-internacional-del-trabajo-respaldan-el-proyecto-del-cablebus\/#breadcrumb\"},\"inLanguage\":\"es\",\"potentialAction\":[{\"@type\":\"ReadAction\",\"target\":[\"https:\/\/thepueblatimes.mx\/index.php\/2026\/05\/01\/en-el-marco-de-la-marcha-por-el-dia-internacional-del-trabajo-respaldan-el-proyecto-del-cablebus\/\"]}]},{\"@type\":\"BreadcrumbList\",\"@id\":\"https:\/\/thepueblatimes.mx\/index.php\/2026\/05\/01\/en-el-marco-de-la-marcha-por-el-dia-internacional-del-trabajo-respaldan-el-proyecto-del-cablebus\/#breadcrumb\",\"itemListElement\":[{\"@type\":\"ListItem\",\"position\":1,\"name\":\"Portada\",\"item\":\"https:\/\/thepueblatimes.mx\/\"},{\"@type\":\"ListItem\",\"position\":2,\"name\":\"En el marco de la marcha por el D\u00eda del Trabajo, respaldan el proyecto del Cableb\u00fas\"}]},{\"@type\":\"WebSite\",\"@id\":\"https:\/\/thepueblatimes.mx\/#website\",\"url\":\"https:\/\/thepueblatimes.mx\/\",\"name\":\"The Puebla Times\",\"description\":\"Noticias del Estado de Puebla\",\"potentialAction\":[{\"@type\":\"SearchAction\",\"target\":{\"@type\":\"EntryPoint\",\"urlTemplate\":\"https:\/\/thepueblatimes.mx\/?s={search_term_string}\"},\"query-input\":\"required name=search_term_string\"}],\"inLanguage\":\"es\"},{\"@type\":\"Person\",\"@id\":\"https:\/\/thepueblatimes.mx\/#\/schema\/person\/1664894c2f65ce2c7a08d8f5f905c13c\",\"name\":\"Sa\u00fal Hern\u00e1ndez\",\"image\":{\"@type\":\"ImageObject\",\"inLanguage\":\"es\",\"@id\":\"https:\/\/thepueblatimes.mx\/#\/schema\/person\/image\/\",\"url\":\"https:\/\/secure.gravatar.com\/avatar\/11be338693f243309532caad8f10c930?s=96&d=mm&r=g\",\"contentUrl\":\"https:\/\/secure.gravatar.com\/avatar\/11be338693f243309532caad8f10c930?s=96&d=mm&r=g\",\"caption\":\"Sa\u00fal Hern\u00e1ndez\"},\"url\":\"https:\/\/thepueblatimes.mx\/index.php\/author\/saulhernandez\/\"}]}<\/script>\n<!-- \/ Yoast SEO plugin. -->","yoast_head_json":{"title":"En el marco de la marcha por el D\u00eda del Trabajo, respaldan el proyecto del Cableb\u00fas - The Puebla Times","robots":{"index":"index","follow":"follow","max-snippet":"max-snippet:-1","max-image-preview":"max-image-preview:large","max-video-preview":"max-video-preview:-1"},"canonical":"https:\/\/thepueblatimes.mx\/index.php\/2026\/05\/01\/en-el-marco-de-la-marcha-por-el-dia-internacional-del-trabajo-respaldan-el-proyecto-del-cablebus\/","og_locale":"es_ES","og_type":"article","og_title":"En el marco de la marcha por el D\u00eda del Trabajo, respaldan el proyecto del Cableb\u00fas - The Puebla Times","og_description":"En el marco de la marcha conmemorativa por el D\u00eda Internacional del Trabajo, encabezada por el gobernador Alejandro Armenta Mier, representantes de sindicato respaldaron el proyecto del Cableb\u00fas. Durante el desplazamiento del contingente, en repetidas ocasiones se escucharon expresiones de respaldo al Cableb\u00fas. En paralelo, junto con el respaldo al proyecto de movilidad, los trabajadores...","og_url":"https:\/\/thepueblatimes.mx\/index.php\/2026\/05\/01\/en-el-marco-de-la-marcha-por-el-dia-internacional-del-trabajo-respaldan-el-proyecto-del-cablebus\/","og_site_name":"The Puebla Times","article_published_time":"2026-05-01T20:11:24+00:00","article_modified_time":"2026-05-01T20:11:46+00:00","og_image":[{"width":2048,"height":1366,"url":"https:\/\/thepueblatimes.mx\/wp-content\/uploads\/2026\/05\/686355204_1514250203382332_7651322648405253700_n.jpg","type":"image\/jpeg"}],"author":"Sa\u00fal Hern\u00e1ndez","twitter_card":"summary_large_image","twitter_misc":{"Escrito por":"Sa\u00fal Hern\u00e1ndez","Tiempo de lectura":"1 minuto"},"schema":{"@context":"https:\/\/schema.org","@graph":[{"@type":"WebPage","@id":"https:\/\/thepueblatimes.mx\/index.php\/2026\/05\/01\/en-el-marco-de-la-marcha-por-el-dia-internacional-del-trabajo-respaldan-el-proyecto-del-cablebus\/","url":"https:\/\/thepueblatimes.mx\/index.php\/2026\/05\/01\/en-el-marco-de-la-marcha-por-el-dia-internacional-del-trabajo-respaldan-el-proyecto-del-cablebus\/","name":"En el marco de la marcha por el D\u00eda del Trabajo, respaldan el proyecto del Cableb\u00fas - The Puebla Times","isPartOf":{"@id":"https:\/\/thepueblatimes.mx\/#website"},"datePublished":"2026-05-01T20:11:24+00:00","dateModified":"2026-05-01T20:11:46+00:00","author":{"@id":"https:\/\/thepueblatimes.mx\/#\/schema\/person\/1664894c2f65ce2c7a08d8f5f905c13c"},"breadcrumb":{"@id":"https:\/\/thepueblatimes.mx\/index.php\/2026\/05\/01\/en-el-marco-de-la-marcha-por-el-dia-internacional-del-trabajo-respaldan-el-proyecto-del-cablebus\/#breadcrumb"},"inLanguage":"es","potentialAction":[{"@type":"ReadAction","target":["https:\/\/thepueblatimes.mx\/index.php\/2026\/05\/01\/en-el-marco-de-la-marcha-por-el-dia-internacional-del-trabajo-respaldan-el-proyecto-del-cablebus\/"]}]},{"@type":"BreadcrumbList","@id":"https:\/\/thepueblatimes.mx\/index.php\/2026\/05\/01\/en-el-marco-de-la-marcha-por-el-dia-internacional-del-trabajo-respaldan-el-proyecto-del-cablebus\/#breadcrumb","itemListElement":[{"@type":"ListItem","position":1,"name":"Portada","item":"https:\/\/thepueblatimes.mx\/"},{"@type":"ListItem","position":2,"name":"En el marco de la marcha por el D\u00eda del Trabajo, respaldan el proyecto del Cableb\u00fas"}]},{"@type":"WebSite","@id":"https:\/\/thepueblatimes.mx\/#website","url":"https:\/\/thepueblatimes.mx\/","name":"The Puebla Times","description":"Noticias del Estado de Puebla","potentialAction":[{"@type":"SearchAction","target":{"@type":"EntryPoint","urlTemplate":"https:\/\/thepueblatimes.mx\/?s={search_term_string}"},"query-input":"required name=search_term_string"}],"inLanguage":"es"},{"@type":"Person","@id":"https:\/\/thepueblatimes.mx\/#\/schema\/person\/1664894c2f65ce2c7a08d8f5f905c13c","name":"Sa\u00fal Hern\u00e1ndez","image":{"@type":"ImageObject","inLanguage":"es","@id":"https:\/\/thepueblatimes.mx\/#\/schema\/person\/image\/","url":"https:\/\/secure.gravatar.com\/avatar\/11be338693f243309532caad8f10c930?s=96&d=mm&r=g","contentUrl":"https:\/\/secure.gravatar.com\/avatar\/11be338693f243309532caad8f10c930?s=96&d=mm&r=g","caption":"Sa\u00fal Hern\u00e1ndez"},"url":"https:\/\/thepueblatimes.mx\/index.php\/author\/saulhernandez\/"}]}},"jetpack_featured_media_url":"https:\/\/thepueblatimes.mx\/wp-content\/uploads\/2026\/05\/686355204_1514250203382332_7651322648405253700_n.jpg","_links":{"self":[{"href":"https:\/\/thepueblatimes.mx\/index.php\/wp-json\/wp\/v2\/posts\/37779"}],"collection":[{"href":"https:\/\/thepueblatimes.mx\/index.php\/wp-json\/wp\/v2\/posts"}],"about":[{"href":"https:\/\/thepueblatimes.mx\/index.php\/wp-json\/wp\/v2\/types\/post"}],"author":[{"embeddable":true,"href":"https:\/\/thepueblatimes.mx\/index.php\/wp-json\/wp\/v2\/users\/16"}],"replies":[{"embeddable":true,"href":"https:\/\/thepueblatimes.mx\/index.php\/wp-json\/wp\/v2\/comments?post=37779"}],"version-history":[{"count":2,"href":"https:\/\/thepueblatimes.mx\/index.php\/wp-json\/wp\/v2\/posts\/37779\/revisions"}],"predecessor-version":[{"id":37782,"href":"https:\/\/thepueblatimes.mx\/index.php\/wp-json\/wp\/v2\/posts\/37779\/revisions\/37782"}],"wp:featuredmedia":[{"embeddable":true,"href":"https:\/\/thepueblatimes.mx\/index.php\/wp-json\/wp\/v2\/media\/37780"}],"wp:attachment":[{"href":"https:\/\/thepueblatimes.mx\/index.php\/wp-json\/wp\/v2\/media?parent=37779"}],"wp:term":[{"taxonomy":"category","embeddable":true,"href":"https:\/\/thepueblatimes.mx\/index.php\/wp-json\/wp\/v2\/categories?post=37779"},{"taxonomy":"post_tag","embeddable":true,"href":"https:\/\/thepueblatimes.mx\/index.php\/wp-json\/wp\/v2\/tags?post=37779"}],"curies":[{"name":"wp","href":"https:\/\/api.w.org\/{rel}","templated":true}]}}