{"id":37776,"date":"2026-05-01T14:01:23","date_gmt":"2026-05-01T20:01:23","guid":{"rendered":"https:\/\/thepueblatimes.mx\/?p=37776"},"modified":"2026-05-01T14:01:23","modified_gmt":"2026-05-01T20:01:23","slug":"tras-presunta-persecucion-conductor-vuelca-su-vehiculo-sobre-la-via-atlixcayotl","status":"publish","type":"post","link":"https:\/\/thepueblatimes.mx\/index.php\/2026\/05\/01\/tras-presunta-persecucion-conductor-vuelca-su-vehiculo-sobre-la-via-atlixcayotl\/","title":{"rendered":"Tras presunta persecuci\u00f3n, conductor vuelca su veh\u00edculo sobre la V\u00eda Atlixc\u00e1yotl"},"content":{"rendered":"<p>Un veh\u00edculo termin\u00f3 volcado en la zona de Angel\u00f3polis, en inmediaciones de la parte posterior del Centro Integral de Servicios (CIS) como consecuencia de una presunta persecuci\u00f3n.<\/p>\n<p>Como consecuencia, el conductor de la unidad result\u00f3 lesionado.<\/p>\n<p>Tras el reporte, se gener\u00f3 una movilizaci\u00f3n de los cuerpos de emergencia.<\/p>\n<p>Trascendi\u00f3 que el conductor intent\u00f3 evadir a sujetos armados que lo segu\u00edan desde la intersecci\u00f3n de Osa Mayor y V\u00eda Atlixc\u00e1yotl, pero perdi\u00f3 el control de la unidad y se produjo la volcadura en las inmediaciones del CIS.<\/p>\n<p>El lesionado fue atendido por param\u00e9dicos del Sistema de Urgencias M\u00e9dicas Avanzadas (SUMA), finalmente fue trasladado a un hospital con diagn\u00f3stico de contusi\u00f3n en el t\u00f3rax y probable fractura.<\/p>\n<p>Por su parte, elementos de seguridad implementaron un operativo en la zona para recabar informaci\u00f3n y ubicar a los presuntos responsables.<\/p>\n","protected":false},"excerpt":{"rendered":"<p>Un veh\u00edculo termin\u00f3 volcado en la zona de Angel\u00f3polis, en inmediaciones de la parte posterior del Centro Integral de Servicios (CIS) como consecuencia de una presunta persecuci\u00f3n. Como consecuencia, el conductor de la unidad result\u00f3 lesionado. Tras el reporte, se gener\u00f3 una movilizaci\u00f3n de los cuerpos de emergencia. Trascendi\u00f3 que el conductor intent\u00f3 evadir a&#8230;<\/p>\n","protected":false},"author":16,"featured_media":37777,"comment_status":"closed","ping_status":"closed","sticky":false,"template":"","format":"standard","meta":[],"categories":[121],"tags":[430,31,1680,4422],"yoast_head":"<!-- This site is optimized with the Yoast SEO plugin v20.8 - https:\/\/yoast.com\/wordpress\/plugins\/seo\/ -->\n<title>Tras presunta persecuci\u00f3n, conductor vuelca su veh\u00edculo sobre la V\u00eda Atlixc\u00e1yotl - The Puebla Times<\/title>\n<meta name=\"robots\" content=\"index, follow, max-snippet:-1, max-image-preview:large, max-video-preview:-1\" \/>\n<link rel=\"canonical\" href=\"https:\/\/thepueblatimes.mx\/index.php\/2026\/05\/01\/tras-presunta-persecucion-conductor-vuelca-su-vehiculo-sobre-la-via-atlixcayotl\/\" \/>\n<meta property=\"og:locale\" content=\"es_ES\" \/>\n<meta property=\"og:type\" content=\"article\" \/>\n<meta property=\"og:title\" content=\"Tras presunta persecuci\u00f3n, conductor vuelca su veh\u00edculo sobre la V\u00eda Atlixc\u00e1yotl - The Puebla Times\" \/>\n<meta property=\"og:description\" content=\"Un veh\u00edculo termin\u00f3 volcado en la zona de Angel\u00f3polis, en inmediaciones de la parte posterior del Centro Integral de Servicios (CIS) como consecuencia de una presunta persecuci\u00f3n. Como consecuencia, el conductor de la unidad result\u00f3 lesionado. Tras el reporte, se gener\u00f3 una movilizaci\u00f3n de los cuerpos de emergencia. Trascendi\u00f3 que el conductor intent\u00f3 evadir a...\" \/>\n<meta property=\"og:url\" content=\"https:\/\/thepueblatimes.mx\/index.php\/2026\/05\/01\/tras-presunta-persecucion-conductor-vuelca-su-vehiculo-sobre-la-via-atlixcayotl\/\" \/>\n<meta property=\"og:site_name\" content=\"The Puebla Times\" \/>\n<meta property=\"article:published_time\" content=\"2026-05-01T20:01:23+00:00\" \/>\n<meta property=\"og:image\" content=\"https:\/\/thepueblatimes.mx\/wp-content\/uploads\/2026\/05\/WhatsApp-Image-2026-05-01-at-10.28.13-1.jpeg\" \/>\n\t<meta property=\"og:image:width\" content=\"800\" \/>\n\t<meta property=\"og:image:height\" content=\"600\" \/>\n\t<meta property=\"og:image:type\" content=\"image\/jpeg\" \/>\n<meta name=\"author\" content=\"Sa\u00fal Hern\u00e1ndez\" \/>\n<meta name=\"twitter:card\" content=\"summary_large_image\" \/>\n<meta name=\"twitter:label1\" content=\"Escrito por\" \/>\n\t<meta name=\"twitter:data1\" content=\"Sa\u00fal Hern\u00e1ndez\" \/>\n\t<meta name=\"twitter:label2\" content=\"Tiempo de lectura\" \/>\n\t<meta name=\"twitter:data2\" content=\"1 minuto\" \/>\n<script type=\"application\/ld+json\" class=\"yoast-schema-graph\">{\"@context\":\"https:\/\/schema.org\",\"@graph\":[{\"@type\":\"WebPage\",\"@id\":\"https:\/\/thepueblatimes.mx\/index.php\/2026\/05\/01\/tras-presunta-persecucion-conductor-vuelca-su-vehiculo-sobre-la-via-atlixcayotl\/\",\"url\":\"https:\/\/thepueblatimes.mx\/index.php\/2026\/05\/01\/tras-presunta-persecucion-conductor-vuelca-su-vehiculo-sobre-la-via-atlixcayotl\/\",\"name\":\"Tras presunta persecuci\u00f3n, conductor vuelca su veh\u00edculo sobre la V\u00eda Atlixc\u00e1yotl - The Puebla Times\",\"isPartOf\":{\"@id\":\"https:\/\/thepueblatimes.mx\/#website\"},\"datePublished\":\"2026-05-01T20:01:23+00:00\",\"dateModified\":\"2026-05-01T20:01:23+00:00\",\"author\":{\"@id\":\"https:\/\/thepueblatimes.mx\/#\/schema\/person\/1664894c2f65ce2c7a08d8f5f905c13c\"},\"breadcrumb\":{\"@id\":\"https:\/\/thepueblatimes.mx\/index.php\/2026\/05\/01\/tras-presunta-persecucion-conductor-vuelca-su-vehiculo-sobre-la-via-atlixcayotl\/#breadcrumb\"},\"inLanguage\":\"es\",\"potentialAction\":[{\"@type\":\"ReadAction\",\"target\":[\"https:\/\/thepueblatimes.mx\/index.php\/2026\/05\/01\/tras-presunta-persecucion-conductor-vuelca-su-vehiculo-sobre-la-via-atlixcayotl\/\"]}]},{\"@type\":\"BreadcrumbList\",\"@id\":\"https:\/\/thepueblatimes.mx\/index.php\/2026\/05\/01\/tras-presunta-persecucion-conductor-vuelca-su-vehiculo-sobre-la-via-atlixcayotl\/#breadcrumb\",\"itemListElement\":[{\"@type\":\"ListItem\",\"position\":1,\"name\":\"Portada\",\"item\":\"https:\/\/thepueblatimes.mx\/\"},{\"@type\":\"ListItem\",\"position\":2,\"name\":\"Tras presunta persecuci\u00f3n, conductor vuelca su veh\u00edculo sobre la V\u00eda Atlixc\u00e1yotl\"}]},{\"@type\":\"WebSite\",\"@id\":\"https:\/\/thepueblatimes.mx\/#website\",\"url\":\"https:\/\/thepueblatimes.mx\/\",\"name\":\"The Puebla Times\",\"description\":\"Noticias del Estado de Puebla\",\"potentialAction\":[{\"@type\":\"SearchAction\",\"target\":{\"@type\":\"EntryPoint\",\"urlTemplate\":\"https:\/\/thepueblatimes.mx\/?s={search_term_string}\"},\"query-input\":\"required name=search_term_string\"}],\"inLanguage\":\"es\"},{\"@type\":\"Person\",\"@id\":\"https:\/\/thepueblatimes.mx\/#\/schema\/person\/1664894c2f65ce2c7a08d8f5f905c13c\",\"name\":\"Sa\u00fal Hern\u00e1ndez\",\"image\":{\"@type\":\"ImageObject\",\"inLanguage\":\"es\",\"@id\":\"https:\/\/thepueblatimes.mx\/#\/schema\/person\/image\/\",\"url\":\"https:\/\/secure.gravatar.com\/avatar\/11be338693f243309532caad8f10c930?s=96&d=mm&r=g\",\"contentUrl\":\"https:\/\/secure.gravatar.com\/avatar\/11be338693f243309532caad8f10c930?s=96&d=mm&r=g\",\"caption\":\"Sa\u00fal Hern\u00e1ndez\"},\"url\":\"https:\/\/thepueblatimes.mx\/index.php\/author\/saulhernandez\/\"}]}<\/script>\n<!-- \/ Yoast SEO plugin. -->","yoast_head_json":{"title":"Tras presunta persecuci\u00f3n, conductor vuelca su veh\u00edculo sobre la V\u00eda Atlixc\u00e1yotl - The Puebla Times","robots":{"index":"index","follow":"follow","max-snippet":"max-snippet:-1","max-image-preview":"max-image-preview:large","max-video-preview":"max-video-preview:-1"},"canonical":"https:\/\/thepueblatimes.mx\/index.php\/2026\/05\/01\/tras-presunta-persecucion-conductor-vuelca-su-vehiculo-sobre-la-via-atlixcayotl\/","og_locale":"es_ES","og_type":"article","og_title":"Tras presunta persecuci\u00f3n, conductor vuelca su veh\u00edculo sobre la V\u00eda Atlixc\u00e1yotl - The Puebla Times","og_description":"Un veh\u00edculo termin\u00f3 volcado en la zona de Angel\u00f3polis, en inmediaciones de la parte posterior del Centro Integral de Servicios (CIS) como consecuencia de una presunta persecuci\u00f3n. Como consecuencia, el conductor de la unidad result\u00f3 lesionado. Tras el reporte, se gener\u00f3 una movilizaci\u00f3n de los cuerpos de emergencia. Trascendi\u00f3 que el conductor intent\u00f3 evadir a...","og_url":"https:\/\/thepueblatimes.mx\/index.php\/2026\/05\/01\/tras-presunta-persecucion-conductor-vuelca-su-vehiculo-sobre-la-via-atlixcayotl\/","og_site_name":"The Puebla Times","article_published_time":"2026-05-01T20:01:23+00:00","og_image":[{"width":800,"height":600,"url":"https:\/\/thepueblatimes.mx\/wp-content\/uploads\/2026\/05\/WhatsApp-Image-2026-05-01-at-10.28.13-1.jpeg","type":"image\/jpeg"}],"author":"Sa\u00fal Hern\u00e1ndez","twitter_card":"summary_large_image","twitter_misc":{"Escrito por":"Sa\u00fal Hern\u00e1ndez","Tiempo de lectura":"1 minuto"},"schema":{"@context":"https:\/\/schema.org","@graph":[{"@type":"WebPage","@id":"https:\/\/thepueblatimes.mx\/index.php\/2026\/05\/01\/tras-presunta-persecucion-conductor-vuelca-su-vehiculo-sobre-la-via-atlixcayotl\/","url":"https:\/\/thepueblatimes.mx\/index.php\/2026\/05\/01\/tras-presunta-persecucion-conductor-vuelca-su-vehiculo-sobre-la-via-atlixcayotl\/","name":"Tras presunta persecuci\u00f3n, conductor vuelca su veh\u00edculo sobre la V\u00eda Atlixc\u00e1yotl - The Puebla Times","isPartOf":{"@id":"https:\/\/thepueblatimes.mx\/#website"},"datePublished":"2026-05-01T20:01:23+00:00","dateModified":"2026-05-01T20:01:23+00:00","author":{"@id":"https:\/\/thepueblatimes.mx\/#\/schema\/person\/1664894c2f65ce2c7a08d8f5f905c13c"},"breadcrumb":{"@id":"https:\/\/thepueblatimes.mx\/index.php\/2026\/05\/01\/tras-presunta-persecucion-conductor-vuelca-su-vehiculo-sobre-la-via-atlixcayotl\/#breadcrumb"},"inLanguage":"es","potentialAction":[{"@type":"ReadAction","target":["https:\/\/thepueblatimes.mx\/index.php\/2026\/05\/01\/tras-presunta-persecucion-conductor-vuelca-su-vehiculo-sobre-la-via-atlixcayotl\/"]}]},{"@type":"BreadcrumbList","@id":"https:\/\/thepueblatimes.mx\/index.php\/2026\/05\/01\/tras-presunta-persecucion-conductor-vuelca-su-vehiculo-sobre-la-via-atlixcayotl\/#breadcrumb","itemListElement":[{"@type":"ListItem","position":1,"name":"Portada","item":"https:\/\/thepueblatimes.mx\/"},{"@type":"ListItem","position":2,"name":"Tras presunta persecuci\u00f3n, conductor vuelca su veh\u00edculo sobre la V\u00eda Atlixc\u00e1yotl"}]},{"@type":"WebSite","@id":"https:\/\/thepueblatimes.mx\/#website","url":"https:\/\/thepueblatimes.mx\/","name":"The Puebla Times","description":"Noticias del Estado de Puebla","potentialAction":[{"@type":"SearchAction","target":{"@type":"EntryPoint","urlTemplate":"https:\/\/thepueblatimes.mx\/?s={search_term_string}"},"query-input":"required name=search_term_string"}],"inLanguage":"es"},{"@type":"Person","@id":"https:\/\/thepueblatimes.mx\/#\/schema\/person\/1664894c2f65ce2c7a08d8f5f905c13c","name":"Sa\u00fal Hern\u00e1ndez","image":{"@type":"ImageObject","inLanguage":"es","@id":"https:\/\/thepueblatimes.mx\/#\/schema\/person\/image\/","url":"https:\/\/secure.gravatar.com\/avatar\/11be338693f243309532caad8f10c930?s=96&d=mm&r=g","contentUrl":"https:\/\/secure.gravatar.com\/avatar\/11be338693f243309532caad8f10c930?s=96&d=mm&r=g","caption":"Sa\u00fal Hern\u00e1ndez"},"url":"https:\/\/thepueblatimes.mx\/index.php\/author\/saulhernandez\/"}]}},"jetpack_featured_media_url":"https:\/\/thepueblatimes.mx\/wp-content\/uploads\/2026\/05\/WhatsApp-Image-2026-05-01-at-10.28.13-1.jpeg","_links":{"self":[{"href":"https:\/\/thepueblatimes.mx\/index.php\/wp-json\/wp\/v2\/posts\/37776"}],"collection":[{"href":"https:\/\/thepueblatimes.mx\/index.php\/wp-json\/wp\/v2\/posts"}],"about":[{"href":"https:\/\/thepueblatimes.mx\/index.php\/wp-json\/wp\/v2\/types\/post"}],"author":[{"embeddable":true,"href":"https:\/\/thepueblatimes.mx\/index.php\/wp-json\/wp\/v2\/users\/16"}],"replies":[{"embeddable":true,"href":"https:\/\/thepueblatimes.mx\/index.php\/wp-json\/wp\/v2\/comments?post=37776"}],"version-history":[{"count":1,"href":"https:\/\/thepueblatimes.mx\/index.php\/wp-json\/wp\/v2\/posts\/37776\/revisions"}],"predecessor-version":[{"id":37778,"href":"https:\/\/thepueblatimes.mx\/index.php\/wp-json\/wp\/v2\/posts\/37776\/revisions\/37778"}],"wp:featuredmedia":[{"embeddable":true,"href":"https:\/\/thepueblatimes.mx\/index.php\/wp-json\/wp\/v2\/media\/37777"}],"wp:attachment":[{"href":"https:\/\/thepueblatimes.mx\/index.php\/wp-json\/wp\/v2\/media?parent=37776"}],"wp:term":[{"taxonomy":"category","embeddable":true,"href":"https:\/\/thepueblatimes.mx\/index.php\/wp-json\/wp\/v2\/categories?post=37776"},{"taxonomy":"post_tag","embeddable":true,"href":"https:\/\/thepueblatimes.mx\/index.php\/wp-json\/wp\/v2\/tags?post=37776"}],"curies":[{"name":"wp","href":"https:\/\/api.w.org\/{rel}","templated":true}]}}