{"id":37770,"date":"2026-04-30T15:26:35","date_gmt":"2026-04-30T21:26:35","guid":{"rendered":"https:\/\/thepueblatimes.mx\/?p=37770"},"modified":"2026-04-30T15:26:35","modified_gmt":"2026-04-30T21:26:35","slug":"agreden-a-elementos-ministeriales-en-la-colonia-la-paz-de-puebla","status":"publish","type":"post","link":"https:\/\/thepueblatimes.mx\/index.php\/2026\/04\/30\/agreden-a-elementos-ministeriales-en-la-colonia-la-paz-de-puebla\/","title":{"rendered":"Agreden a elementos ministeriales en la colonia La Paz de Puebla"},"content":{"rendered":"<p>Elementos de la Fiscal\u00eda General del Estado (FGE) fueron atacados a balazos en la colonia La Paz, ciudad de Puebla, durante la tarde de hoy, jueves 30 de abril, con saldo de un ministerial lesionado.<\/p>\n<p>Los primeros reportes indican que los elementos ministeriales realizaban actos de investigaci\u00f3n.<\/p>\n<p>La agresi\u00f3n, presuntamente, fue cometida por sujetos armados quienes se desplazaban en un veh\u00edculo, lo que orill\u00f3 a los elemento ministeriales a responder el fuego.<\/p>\n<p>En concreto, el ataque se produjo, en la avenida Teziutl\u00e1n Norte, esquina con Teziutl\u00e1n Sur.<\/p>\n<p>Algunas ojivas impactaron autom\u00f3viles estacionados afuera de la sucursal del banco HSBC que se ubica en el \u00e1rea.<\/p>\n<p>Finalmente, los delincuentes huyeron y calles adelante abandonaron el veh\u00edculo en el que se desplazaban. Se presume que uno de los agresores fue lesionado a partir de que al revisar la unidad se ubicaron rastros de sangre.<\/p>\n","protected":false},"excerpt":{"rendered":"<p>Elementos de la Fiscal\u00eda General del Estado (FGE) fueron atacados a balazos en la colonia La Paz, ciudad de Puebla, durante la tarde de hoy, jueves 30 de abril, con saldo de un ministerial lesionado. Los primeros reportes indican que los elementos ministeriales realizaban actos de investigaci\u00f3n. La agresi\u00f3n, presuntamente, fue cometida por sujetos armados&#8230;<\/p>\n","protected":false},"author":16,"featured_media":37771,"comment_status":"closed","ping_status":"closed","sticky":false,"template":"","format":"standard","meta":[],"categories":[121],"tags":[407,3503,3671,1307],"yoast_head":"<!-- This site is optimized with the Yoast SEO plugin v20.8 - https:\/\/yoast.com\/wordpress\/plugins\/seo\/ -->\n<title>Agreden a elementos ministeriales en la colonia La Paz de Puebla - The Puebla Times<\/title>\n<meta name=\"robots\" content=\"index, follow, max-snippet:-1, max-image-preview:large, max-video-preview:-1\" \/>\n<link rel=\"canonical\" href=\"https:\/\/thepueblatimes.mx\/index.php\/2026\/04\/30\/agreden-a-elementos-ministeriales-en-la-colonia-la-paz-de-puebla\/\" \/>\n<meta property=\"og:locale\" content=\"es_ES\" \/>\n<meta property=\"og:type\" content=\"article\" \/>\n<meta property=\"og:title\" content=\"Agreden a elementos ministeriales en la colonia La Paz de Puebla - The Puebla Times\" \/>\n<meta property=\"og:description\" content=\"Elementos de la Fiscal\u00eda General del Estado (FGE) fueron atacados a balazos en la colonia La Paz, ciudad de Puebla, durante la tarde de hoy, jueves 30 de abril, con saldo de un ministerial lesionado. Los primeros reportes indican que los elementos ministeriales realizaban actos de investigaci\u00f3n. La agresi\u00f3n, presuntamente, fue cometida por sujetos armados...\" \/>\n<meta property=\"og:url\" content=\"https:\/\/thepueblatimes.mx\/index.php\/2026\/04\/30\/agreden-a-elementos-ministeriales-en-la-colonia-la-paz-de-puebla\/\" \/>\n<meta property=\"og:site_name\" content=\"The Puebla Times\" \/>\n<meta property=\"article:published_time\" content=\"2026-04-30T21:26:35+00:00\" \/>\n<meta property=\"og:image\" content=\"https:\/\/thepueblatimes.mx\/wp-content\/uploads\/2026\/04\/c8405afd-balacera-colonia_la_paz_01-ss.jpeg\" \/>\n\t<meta property=\"og:image:width\" content=\"918\" \/>\n\t<meta property=\"og:image:height\" content=\"612\" \/>\n\t<meta property=\"og:image:type\" content=\"image\/jpeg\" \/>\n<meta name=\"author\" content=\"Sa\u00fal Hern\u00e1ndez\" \/>\n<meta name=\"twitter:card\" content=\"summary_large_image\" \/>\n<meta name=\"twitter:label1\" content=\"Escrito por\" \/>\n\t<meta name=\"twitter:data1\" content=\"Sa\u00fal Hern\u00e1ndez\" \/>\n\t<meta name=\"twitter:label2\" content=\"Tiempo de lectura\" \/>\n\t<meta name=\"twitter:data2\" content=\"1 minuto\" \/>\n<script type=\"application\/ld+json\" class=\"yoast-schema-graph\">{\"@context\":\"https:\/\/schema.org\",\"@graph\":[{\"@type\":\"WebPage\",\"@id\":\"https:\/\/thepueblatimes.mx\/index.php\/2026\/04\/30\/agreden-a-elementos-ministeriales-en-la-colonia-la-paz-de-puebla\/\",\"url\":\"https:\/\/thepueblatimes.mx\/index.php\/2026\/04\/30\/agreden-a-elementos-ministeriales-en-la-colonia-la-paz-de-puebla\/\",\"name\":\"Agreden a elementos ministeriales en la colonia La Paz de Puebla - The Puebla Times\",\"isPartOf\":{\"@id\":\"https:\/\/thepueblatimes.mx\/#website\"},\"datePublished\":\"2026-04-30T21:26:35+00:00\",\"dateModified\":\"2026-04-30T21:26:35+00:00\",\"author\":{\"@id\":\"https:\/\/thepueblatimes.mx\/#\/schema\/person\/1664894c2f65ce2c7a08d8f5f905c13c\"},\"breadcrumb\":{\"@id\":\"https:\/\/thepueblatimes.mx\/index.php\/2026\/04\/30\/agreden-a-elementos-ministeriales-en-la-colonia-la-paz-de-puebla\/#breadcrumb\"},\"inLanguage\":\"es\",\"potentialAction\":[{\"@type\":\"ReadAction\",\"target\":[\"https:\/\/thepueblatimes.mx\/index.php\/2026\/04\/30\/agreden-a-elementos-ministeriales-en-la-colonia-la-paz-de-puebla\/\"]}]},{\"@type\":\"BreadcrumbList\",\"@id\":\"https:\/\/thepueblatimes.mx\/index.php\/2026\/04\/30\/agreden-a-elementos-ministeriales-en-la-colonia-la-paz-de-puebla\/#breadcrumb\",\"itemListElement\":[{\"@type\":\"ListItem\",\"position\":1,\"name\":\"Portada\",\"item\":\"https:\/\/thepueblatimes.mx\/\"},{\"@type\":\"ListItem\",\"position\":2,\"name\":\"Agreden a elementos ministeriales en la colonia La Paz de Puebla\"}]},{\"@type\":\"WebSite\",\"@id\":\"https:\/\/thepueblatimes.mx\/#website\",\"url\":\"https:\/\/thepueblatimes.mx\/\",\"name\":\"The Puebla Times\",\"description\":\"Noticias del Estado de Puebla\",\"potentialAction\":[{\"@type\":\"SearchAction\",\"target\":{\"@type\":\"EntryPoint\",\"urlTemplate\":\"https:\/\/thepueblatimes.mx\/?s={search_term_string}\"},\"query-input\":\"required name=search_term_string\"}],\"inLanguage\":\"es\"},{\"@type\":\"Person\",\"@id\":\"https:\/\/thepueblatimes.mx\/#\/schema\/person\/1664894c2f65ce2c7a08d8f5f905c13c\",\"name\":\"Sa\u00fal Hern\u00e1ndez\",\"image\":{\"@type\":\"ImageObject\",\"inLanguage\":\"es\",\"@id\":\"https:\/\/thepueblatimes.mx\/#\/schema\/person\/image\/\",\"url\":\"https:\/\/secure.gravatar.com\/avatar\/11be338693f243309532caad8f10c930?s=96&d=mm&r=g\",\"contentUrl\":\"https:\/\/secure.gravatar.com\/avatar\/11be338693f243309532caad8f10c930?s=96&d=mm&r=g\",\"caption\":\"Sa\u00fal Hern\u00e1ndez\"},\"url\":\"https:\/\/thepueblatimes.mx\/index.php\/author\/saulhernandez\/\"}]}<\/script>\n<!-- \/ Yoast SEO plugin. -->","yoast_head_json":{"title":"Agreden a elementos ministeriales en la colonia La Paz de Puebla - The Puebla Times","robots":{"index":"index","follow":"follow","max-snippet":"max-snippet:-1","max-image-preview":"max-image-preview:large","max-video-preview":"max-video-preview:-1"},"canonical":"https:\/\/thepueblatimes.mx\/index.php\/2026\/04\/30\/agreden-a-elementos-ministeriales-en-la-colonia-la-paz-de-puebla\/","og_locale":"es_ES","og_type":"article","og_title":"Agreden a elementos ministeriales en la colonia La Paz de Puebla - The Puebla Times","og_description":"Elementos de la Fiscal\u00eda General del Estado (FGE) fueron atacados a balazos en la colonia La Paz, ciudad de Puebla, durante la tarde de hoy, jueves 30 de abril, con saldo de un ministerial lesionado. Los primeros reportes indican que los elementos ministeriales realizaban actos de investigaci\u00f3n. La agresi\u00f3n, presuntamente, fue cometida por sujetos armados...","og_url":"https:\/\/thepueblatimes.mx\/index.php\/2026\/04\/30\/agreden-a-elementos-ministeriales-en-la-colonia-la-paz-de-puebla\/","og_site_name":"The Puebla Times","article_published_time":"2026-04-30T21:26:35+00:00","og_image":[{"width":918,"height":612,"url":"https:\/\/thepueblatimes.mx\/wp-content\/uploads\/2026\/04\/c8405afd-balacera-colonia_la_paz_01-ss.jpeg","type":"image\/jpeg"}],"author":"Sa\u00fal Hern\u00e1ndez","twitter_card":"summary_large_image","twitter_misc":{"Escrito por":"Sa\u00fal Hern\u00e1ndez","Tiempo de lectura":"1 minuto"},"schema":{"@context":"https:\/\/schema.org","@graph":[{"@type":"WebPage","@id":"https:\/\/thepueblatimes.mx\/index.php\/2026\/04\/30\/agreden-a-elementos-ministeriales-en-la-colonia-la-paz-de-puebla\/","url":"https:\/\/thepueblatimes.mx\/index.php\/2026\/04\/30\/agreden-a-elementos-ministeriales-en-la-colonia-la-paz-de-puebla\/","name":"Agreden a elementos ministeriales en la colonia La Paz de Puebla - The Puebla Times","isPartOf":{"@id":"https:\/\/thepueblatimes.mx\/#website"},"datePublished":"2026-04-30T21:26:35+00:00","dateModified":"2026-04-30T21:26:35+00:00","author":{"@id":"https:\/\/thepueblatimes.mx\/#\/schema\/person\/1664894c2f65ce2c7a08d8f5f905c13c"},"breadcrumb":{"@id":"https:\/\/thepueblatimes.mx\/index.php\/2026\/04\/30\/agreden-a-elementos-ministeriales-en-la-colonia-la-paz-de-puebla\/#breadcrumb"},"inLanguage":"es","potentialAction":[{"@type":"ReadAction","target":["https:\/\/thepueblatimes.mx\/index.php\/2026\/04\/30\/agreden-a-elementos-ministeriales-en-la-colonia-la-paz-de-puebla\/"]}]},{"@type":"BreadcrumbList","@id":"https:\/\/thepueblatimes.mx\/index.php\/2026\/04\/30\/agreden-a-elementos-ministeriales-en-la-colonia-la-paz-de-puebla\/#breadcrumb","itemListElement":[{"@type":"ListItem","position":1,"name":"Portada","item":"https:\/\/thepueblatimes.mx\/"},{"@type":"ListItem","position":2,"name":"Agreden a elementos ministeriales en la colonia La Paz de Puebla"}]},{"@type":"WebSite","@id":"https:\/\/thepueblatimes.mx\/#website","url":"https:\/\/thepueblatimes.mx\/","name":"The Puebla Times","description":"Noticias del Estado de Puebla","potentialAction":[{"@type":"SearchAction","target":{"@type":"EntryPoint","urlTemplate":"https:\/\/thepueblatimes.mx\/?s={search_term_string}"},"query-input":"required name=search_term_string"}],"inLanguage":"es"},{"@type":"Person","@id":"https:\/\/thepueblatimes.mx\/#\/schema\/person\/1664894c2f65ce2c7a08d8f5f905c13c","name":"Sa\u00fal Hern\u00e1ndez","image":{"@type":"ImageObject","inLanguage":"es","@id":"https:\/\/thepueblatimes.mx\/#\/schema\/person\/image\/","url":"https:\/\/secure.gravatar.com\/avatar\/11be338693f243309532caad8f10c930?s=96&d=mm&r=g","contentUrl":"https:\/\/secure.gravatar.com\/avatar\/11be338693f243309532caad8f10c930?s=96&d=mm&r=g","caption":"Sa\u00fal Hern\u00e1ndez"},"url":"https:\/\/thepueblatimes.mx\/index.php\/author\/saulhernandez\/"}]}},"jetpack_featured_media_url":"https:\/\/thepueblatimes.mx\/wp-content\/uploads\/2026\/04\/c8405afd-balacera-colonia_la_paz_01-ss.jpeg","_links":{"self":[{"href":"https:\/\/thepueblatimes.mx\/index.php\/wp-json\/wp\/v2\/posts\/37770"}],"collection":[{"href":"https:\/\/thepueblatimes.mx\/index.php\/wp-json\/wp\/v2\/posts"}],"about":[{"href":"https:\/\/thepueblatimes.mx\/index.php\/wp-json\/wp\/v2\/types\/post"}],"author":[{"embeddable":true,"href":"https:\/\/thepueblatimes.mx\/index.php\/wp-json\/wp\/v2\/users\/16"}],"replies":[{"embeddable":true,"href":"https:\/\/thepueblatimes.mx\/index.php\/wp-json\/wp\/v2\/comments?post=37770"}],"version-history":[{"count":1,"href":"https:\/\/thepueblatimes.mx\/index.php\/wp-json\/wp\/v2\/posts\/37770\/revisions"}],"predecessor-version":[{"id":37772,"href":"https:\/\/thepueblatimes.mx\/index.php\/wp-json\/wp\/v2\/posts\/37770\/revisions\/37772"}],"wp:featuredmedia":[{"embeddable":true,"href":"https:\/\/thepueblatimes.mx\/index.php\/wp-json\/wp\/v2\/media\/37771"}],"wp:attachment":[{"href":"https:\/\/thepueblatimes.mx\/index.php\/wp-json\/wp\/v2\/media?parent=37770"}],"wp:term":[{"taxonomy":"category","embeddable":true,"href":"https:\/\/thepueblatimes.mx\/index.php\/wp-json\/wp\/v2\/categories?post=37770"},{"taxonomy":"post_tag","embeddable":true,"href":"https:\/\/thepueblatimes.mx\/index.php\/wp-json\/wp\/v2\/tags?post=37770"}],"curies":[{"name":"wp","href":"https:\/\/api.w.org\/{rel}","templated":true}]}}