{"id":37763,"date":"2026-04-30T10:02:56","date_gmt":"2026-04-30T16:02:56","guid":{"rendered":"https:\/\/thepueblatimes.mx\/?p=37763"},"modified":"2026-04-30T10:04:35","modified_gmt":"2026-04-30T16:04:35","slug":"plan-b-o-verde-la-puerta-abierta","status":"publish","type":"post","link":"https:\/\/thepueblatimes.mx\/index.php\/2026\/04\/30\/plan-b-o-verde-la-puerta-abierta\/","title":{"rendered":"Plan B o Verde: la puerta abierta"},"content":{"rendered":"<p>LA PASARELA \/ POR JORGE CASTILLO<\/p>\n<p>El gobernador Alejandro Armenta Mier decidi\u00f3 cerrar la puerta en su partido el Movimiento Regeneraci\u00f3n Nacional (Morena) a familiares rumbo a 2027, bajo la pauta que ha marcado la presidenta Claudia Sheinbaum.<\/p>\n<p>Un mensaje claro contra el nepotismo, alineado con la narrativa nacional.<\/p>\n<p>Nadie hereda el poder, nadie se sirve del cargo, simple.<\/p>\n<p>Porque en el mismo mensaje donde se clausura Morena, se abre \u2014sin rodeos\u2014 la posibilidad de que esos mismos perfiles busquen refugio en otros partidos.<\/p>\n<p>Es decir, no aqu\u00ed, pero s\u00ed all\u00e1.<\/p>\n<p>Es el Plan B al que algunos podr\u00e1n recurrir .<\/p>\n<p>Su sobrino, Alejandro Armenta Rosas, entre l\u00edneas ha dejado ver su inter\u00e9s por la alcald\u00eda de Iz\u00facar de Matamoros, con mensajes y presencia en territorio.<\/p>\n<p>Pero Morena le queda vetado por regla interna.<\/p>\n<p>Y ah\u00ed es donde entra el Partido Verde Ecologista de M\u00e9xico.<\/p>\n<p>Incluso su dirigente en Puebla, Jaime Natale, dej\u00f3 abierta una posibilidad que no pas\u00f3 desapercibida.<\/p>\n<p>En sus palabras, dijo que el Verde se rige por la ley electoral, donde las restricciones al nepotismo no aplican a\u00fan para 2027.<\/p>\n<p>Aunque dice que no ser\u00e1n refugio y primero ser\u00e1n sus cuadros, ya se ver\u00e1 en la inercia.<\/p>\n<p>Y eso no contradice la decisi\u00f3n del gobernador; al contrario, la refuerza. Armenta est\u00e1 delimitando su proyecto pol\u00edtico dentro de Morena, marcando distancia de pr\u00e1cticas que durante a\u00f1os fueron cuestionadas.<\/p>\n<p>Lo que ocurra fuera de ese partido responde a otras din\u00e1micas, no a su l\u00ednea.<\/p>\n<p>En ese escenario, nombres como el de su sobrino, entran en una l\u00f3gica distinta que es la de quienes tendr\u00e1n que construir su camino sin el cobijo directo del partido en el poder.<\/p>\n<p>Ah\u00ed est\u00e1 el fondo del asunto.<\/p>\n<p>No se trata de cerrar oportunidades, sino de evitar ventajas o poner piso parejo.<\/p>\n<p>\u00bfTomar\u00e1n ese camino?<\/p>\n<p>Tiempo al tiempo.<\/p>\n<p>El 18 de junio de 2004, el periodista experto de nota roja Alfonso Ponce de Le\u00f3n (QEPD), dej\u00f3 documentado en p\u00e1ginas de Intolerancia Diario, un caso que hoy vuelve a cobrar relevancia en el terreno pol\u00edtico local.<\/p>\n<p>En su columna public\u00f3: \u201clos elementos\u2026 Alfredo Romero Totolva\u2026 fueron cesados luego de que privaron de la libertad a un presunto roba coches para despojarlo de 40 mil pesos y un veh\u00edculo Jetta 2004, para no detenerlo\u201d.<\/p>\n<p>El se\u00f1alamiento incluy\u00f3 a varios agentes de la entonces Polic\u00eda Judicial del Estado, entre ellos Germ\u00e1n Atanasio Romero Totolva, hermano de Alfredo, adem\u00e1s de otros elementos adscritos a la Subdirecci\u00f3n Operativa Metropolitana.<\/p>\n<p>De acuerdo con lo documentado, todos fueron cesados y posteriormente boletinados a procuradur\u00edas del pa\u00eds, lo que les imped\u00eda reincorporarse a corporaciones policiacas.<\/p>\n<p>Dos d\u00e9cadas despu\u00e9s, el nombre de Alfredo Romero reaparece, pero ahora como empresario y aspirante a una candidatura de Morena en Cuautlancingo.<\/p>\n<p>\u00a1Uf, vaya antecedente!<\/p>\n<p>Habr\u00eda que investigarse.<\/p>\n","protected":false},"excerpt":{"rendered":"<p>LA PASARELA \/ POR JORGE CASTILLO El gobernador Alejandro Armenta Mier decidi\u00f3 cerrar la puerta en su partido el Movimiento Regeneraci\u00f3n Nacional (Morena) a familiares rumbo a 2027, bajo la pauta que ha marcado la presidenta Claudia Sheinbaum. Un mensaje claro contra el nepotismo, alineado con la narrativa nacional. Nadie hereda el poder, nadie se&#8230;<\/p>\n","protected":false},"author":16,"featured_media":37764,"comment_status":"closed","ping_status":"closed","sticky":false,"template":"","format":"standard","meta":[],"categories":[10],"tags":[66,1506],"yoast_head":"<!-- This site is optimized with the Yoast SEO plugin v20.8 - https:\/\/yoast.com\/wordpress\/plugins\/seo\/ -->\n<title>Plan B o Verde: la puerta abierta - The Puebla Times<\/title>\n<meta name=\"robots\" content=\"index, follow, max-snippet:-1, max-image-preview:large, max-video-preview:-1\" \/>\n<link rel=\"canonical\" href=\"https:\/\/thepueblatimes.mx\/index.php\/2026\/04\/30\/plan-b-o-verde-la-puerta-abierta\/\" \/>\n<meta property=\"og:locale\" content=\"es_ES\" \/>\n<meta property=\"og:type\" content=\"article\" \/>\n<meta property=\"og:title\" content=\"Plan B o Verde: la puerta abierta - The Puebla Times\" \/>\n<meta property=\"og:description\" content=\"LA PASARELA \/ POR JORGE CASTILLO El gobernador Alejandro Armenta Mier decidi\u00f3 cerrar la puerta en su partido el Movimiento Regeneraci\u00f3n Nacional (Morena) a familiares rumbo a 2027, bajo la pauta que ha marcado la presidenta Claudia Sheinbaum. Un mensaje claro contra el nepotismo, alineado con la narrativa nacional. Nadie hereda el poder, nadie se...\" \/>\n<meta property=\"og:url\" content=\"https:\/\/thepueblatimes.mx\/index.php\/2026\/04\/30\/plan-b-o-verde-la-puerta-abierta\/\" \/>\n<meta property=\"og:site_name\" content=\"The Puebla Times\" \/>\n<meta property=\"article:published_time\" content=\"2026-04-30T16:02:56+00:00\" \/>\n<meta property=\"article:modified_time\" content=\"2026-04-30T16:04:35+00:00\" \/>\n<meta property=\"og:image\" content=\"https:\/\/thepueblatimes.mx\/wp-content\/uploads\/2026\/04\/EBSF5L2GSRAFXIZ6Q5XL5QVQQA.jpg\" \/>\n\t<meta property=\"og:image:width\" content=\"640\" \/>\n\t<meta property=\"og:image:height\" content=\"360\" \/>\n\t<meta property=\"og:image:type\" content=\"image\/jpeg\" \/>\n<meta name=\"author\" content=\"Sa\u00fal Hern\u00e1ndez\" \/>\n<meta name=\"twitter:card\" content=\"summary_large_image\" \/>\n<meta name=\"twitter:label1\" content=\"Escrito por\" \/>\n\t<meta name=\"twitter:data1\" content=\"Sa\u00fal Hern\u00e1ndez\" \/>\n\t<meta name=\"twitter:label2\" content=\"Tiempo de lectura\" \/>\n\t<meta name=\"twitter:data2\" content=\"3 minutos\" \/>\n<script type=\"application\/ld+json\" class=\"yoast-schema-graph\">{\"@context\":\"https:\/\/schema.org\",\"@graph\":[{\"@type\":\"WebPage\",\"@id\":\"https:\/\/thepueblatimes.mx\/index.php\/2026\/04\/30\/plan-b-o-verde-la-puerta-abierta\/\",\"url\":\"https:\/\/thepueblatimes.mx\/index.php\/2026\/04\/30\/plan-b-o-verde-la-puerta-abierta\/\",\"name\":\"Plan B o Verde: la puerta abierta - The Puebla Times\",\"isPartOf\":{\"@id\":\"https:\/\/thepueblatimes.mx\/#website\"},\"datePublished\":\"2026-04-30T16:02:56+00:00\",\"dateModified\":\"2026-04-30T16:04:35+00:00\",\"author\":{\"@id\":\"https:\/\/thepueblatimes.mx\/#\/schema\/person\/1664894c2f65ce2c7a08d8f5f905c13c\"},\"breadcrumb\":{\"@id\":\"https:\/\/thepueblatimes.mx\/index.php\/2026\/04\/30\/plan-b-o-verde-la-puerta-abierta\/#breadcrumb\"},\"inLanguage\":\"es\",\"potentialAction\":[{\"@type\":\"ReadAction\",\"target\":[\"https:\/\/thepueblatimes.mx\/index.php\/2026\/04\/30\/plan-b-o-verde-la-puerta-abierta\/\"]}]},{\"@type\":\"BreadcrumbList\",\"@id\":\"https:\/\/thepueblatimes.mx\/index.php\/2026\/04\/30\/plan-b-o-verde-la-puerta-abierta\/#breadcrumb\",\"itemListElement\":[{\"@type\":\"ListItem\",\"position\":1,\"name\":\"Portada\",\"item\":\"https:\/\/thepueblatimes.mx\/\"},{\"@type\":\"ListItem\",\"position\":2,\"name\":\"Plan B o Verde: la puerta abierta\"}]},{\"@type\":\"WebSite\",\"@id\":\"https:\/\/thepueblatimes.mx\/#website\",\"url\":\"https:\/\/thepueblatimes.mx\/\",\"name\":\"The Puebla Times\",\"description\":\"Noticias del Estado de Puebla\",\"potentialAction\":[{\"@type\":\"SearchAction\",\"target\":{\"@type\":\"EntryPoint\",\"urlTemplate\":\"https:\/\/thepueblatimes.mx\/?s={search_term_string}\"},\"query-input\":\"required name=search_term_string\"}],\"inLanguage\":\"es\"},{\"@type\":\"Person\",\"@id\":\"https:\/\/thepueblatimes.mx\/#\/schema\/person\/1664894c2f65ce2c7a08d8f5f905c13c\",\"name\":\"Sa\u00fal Hern\u00e1ndez\",\"image\":{\"@type\":\"ImageObject\",\"inLanguage\":\"es\",\"@id\":\"https:\/\/thepueblatimes.mx\/#\/schema\/person\/image\/\",\"url\":\"https:\/\/secure.gravatar.com\/avatar\/11be338693f243309532caad8f10c930?s=96&d=mm&r=g\",\"contentUrl\":\"https:\/\/secure.gravatar.com\/avatar\/11be338693f243309532caad8f10c930?s=96&d=mm&r=g\",\"caption\":\"Sa\u00fal Hern\u00e1ndez\"},\"url\":\"https:\/\/thepueblatimes.mx\/index.php\/author\/saulhernandez\/\"}]}<\/script>\n<!-- \/ Yoast SEO plugin. -->","yoast_head_json":{"title":"Plan B o Verde: la puerta abierta - The Puebla Times","robots":{"index":"index","follow":"follow","max-snippet":"max-snippet:-1","max-image-preview":"max-image-preview:large","max-video-preview":"max-video-preview:-1"},"canonical":"https:\/\/thepueblatimes.mx\/index.php\/2026\/04\/30\/plan-b-o-verde-la-puerta-abierta\/","og_locale":"es_ES","og_type":"article","og_title":"Plan B o Verde: la puerta abierta - The Puebla Times","og_description":"LA PASARELA \/ POR JORGE CASTILLO El gobernador Alejandro Armenta Mier decidi\u00f3 cerrar la puerta en su partido el Movimiento Regeneraci\u00f3n Nacional (Morena) a familiares rumbo a 2027, bajo la pauta que ha marcado la presidenta Claudia Sheinbaum. Un mensaje claro contra el nepotismo, alineado con la narrativa nacional. Nadie hereda el poder, nadie se...","og_url":"https:\/\/thepueblatimes.mx\/index.php\/2026\/04\/30\/plan-b-o-verde-la-puerta-abierta\/","og_site_name":"The Puebla Times","article_published_time":"2026-04-30T16:02:56+00:00","article_modified_time":"2026-04-30T16:04:35+00:00","og_image":[{"width":640,"height":360,"url":"https:\/\/thepueblatimes.mx\/wp-content\/uploads\/2026\/04\/EBSF5L2GSRAFXIZ6Q5XL5QVQQA.jpg","type":"image\/jpeg"}],"author":"Sa\u00fal Hern\u00e1ndez","twitter_card":"summary_large_image","twitter_misc":{"Escrito por":"Sa\u00fal Hern\u00e1ndez","Tiempo de lectura":"3 minutos"},"schema":{"@context":"https:\/\/schema.org","@graph":[{"@type":"WebPage","@id":"https:\/\/thepueblatimes.mx\/index.php\/2026\/04\/30\/plan-b-o-verde-la-puerta-abierta\/","url":"https:\/\/thepueblatimes.mx\/index.php\/2026\/04\/30\/plan-b-o-verde-la-puerta-abierta\/","name":"Plan B o Verde: la puerta abierta - The Puebla Times","isPartOf":{"@id":"https:\/\/thepueblatimes.mx\/#website"},"datePublished":"2026-04-30T16:02:56+00:00","dateModified":"2026-04-30T16:04:35+00:00","author":{"@id":"https:\/\/thepueblatimes.mx\/#\/schema\/person\/1664894c2f65ce2c7a08d8f5f905c13c"},"breadcrumb":{"@id":"https:\/\/thepueblatimes.mx\/index.php\/2026\/04\/30\/plan-b-o-verde-la-puerta-abierta\/#breadcrumb"},"inLanguage":"es","potentialAction":[{"@type":"ReadAction","target":["https:\/\/thepueblatimes.mx\/index.php\/2026\/04\/30\/plan-b-o-verde-la-puerta-abierta\/"]}]},{"@type":"BreadcrumbList","@id":"https:\/\/thepueblatimes.mx\/index.php\/2026\/04\/30\/plan-b-o-verde-la-puerta-abierta\/#breadcrumb","itemListElement":[{"@type":"ListItem","position":1,"name":"Portada","item":"https:\/\/thepueblatimes.mx\/"},{"@type":"ListItem","position":2,"name":"Plan B o Verde: la puerta abierta"}]},{"@type":"WebSite","@id":"https:\/\/thepueblatimes.mx\/#website","url":"https:\/\/thepueblatimes.mx\/","name":"The Puebla Times","description":"Noticias del Estado de Puebla","potentialAction":[{"@type":"SearchAction","target":{"@type":"EntryPoint","urlTemplate":"https:\/\/thepueblatimes.mx\/?s={search_term_string}"},"query-input":"required name=search_term_string"}],"inLanguage":"es"},{"@type":"Person","@id":"https:\/\/thepueblatimes.mx\/#\/schema\/person\/1664894c2f65ce2c7a08d8f5f905c13c","name":"Sa\u00fal Hern\u00e1ndez","image":{"@type":"ImageObject","inLanguage":"es","@id":"https:\/\/thepueblatimes.mx\/#\/schema\/person\/image\/","url":"https:\/\/secure.gravatar.com\/avatar\/11be338693f243309532caad8f10c930?s=96&d=mm&r=g","contentUrl":"https:\/\/secure.gravatar.com\/avatar\/11be338693f243309532caad8f10c930?s=96&d=mm&r=g","caption":"Sa\u00fal Hern\u00e1ndez"},"url":"https:\/\/thepueblatimes.mx\/index.php\/author\/saulhernandez\/"}]}},"jetpack_featured_media_url":"https:\/\/thepueblatimes.mx\/wp-content\/uploads\/2026\/04\/EBSF5L2GSRAFXIZ6Q5XL5QVQQA.jpg","_links":{"self":[{"href":"https:\/\/thepueblatimes.mx\/index.php\/wp-json\/wp\/v2\/posts\/37763"}],"collection":[{"href":"https:\/\/thepueblatimes.mx\/index.php\/wp-json\/wp\/v2\/posts"}],"about":[{"href":"https:\/\/thepueblatimes.mx\/index.php\/wp-json\/wp\/v2\/types\/post"}],"author":[{"embeddable":true,"href":"https:\/\/thepueblatimes.mx\/index.php\/wp-json\/wp\/v2\/users\/16"}],"replies":[{"embeddable":true,"href":"https:\/\/thepueblatimes.mx\/index.php\/wp-json\/wp\/v2\/comments?post=37763"}],"version-history":[{"count":2,"href":"https:\/\/thepueblatimes.mx\/index.php\/wp-json\/wp\/v2\/posts\/37763\/revisions"}],"predecessor-version":[{"id":37766,"href":"https:\/\/thepueblatimes.mx\/index.php\/wp-json\/wp\/v2\/posts\/37763\/revisions\/37766"}],"wp:featuredmedia":[{"embeddable":true,"href":"https:\/\/thepueblatimes.mx\/index.php\/wp-json\/wp\/v2\/media\/37764"}],"wp:attachment":[{"href":"https:\/\/thepueblatimes.mx\/index.php\/wp-json\/wp\/v2\/media?parent=37763"}],"wp:term":[{"taxonomy":"category","embeddable":true,"href":"https:\/\/thepueblatimes.mx\/index.php\/wp-json\/wp\/v2\/categories?post=37763"},{"taxonomy":"post_tag","embeddable":true,"href":"https:\/\/thepueblatimes.mx\/index.php\/wp-json\/wp\/v2\/tags?post=37763"}],"curies":[{"name":"wp","href":"https:\/\/api.w.org\/{rel}","templated":true}]}}