{"id":37759,"date":"2026-04-30T09:53:55","date_gmt":"2026-04-30T15:53:55","guid":{"rendered":"https:\/\/thepueblatimes.mx\/?p=37759"},"modified":"2026-04-30T09:53:55","modified_gmt":"2026-04-30T15:53:55","slug":"marielise-budib-brinda-continuidad-al-proyecto-inclusivo-lumina","status":"publish","type":"post","link":"https:\/\/thepueblatimes.mx\/index.php\/2026\/04\/30\/marielise-budib-brinda-continuidad-al-proyecto-inclusivo-lumina\/","title":{"rendered":"MariElise Budib brinda continuidad al proyecto inclusivo LUMINA"},"content":{"rendered":"<h3><em>&#8211; El Gobierno de la Ciudad que encabeza el presidente municipal, Pepe Chedraui, reafirma su compromiso a favor de las y los poblanos, impulsando este plan de construcci\u00f3n y equipamiento de una escuela para personas con discapacidad<\/em><\/h3>\n<h3><em>&#8211; La pasarela con causa busca recaudar fondos para el equipamiento del centro educativo LUMINA<\/em><\/h3>\n<p>Puebla, Pue., 29 de abril de 2026. &#8211; Como parte de las causas sociales que impulsa la presidenta del Patronato, MariElise Budib, desde el DIF Puebla Capital, se llev\u00f3 a cabo la segunda edici\u00f3n de la pasarela con causa \u201cLUMINA\u201d, evento que reafirma el compromiso del Gobierno de la Ciudad que encabeza el alcalde Pepe Chedraui, de dar continuidad al proyecto de construcci\u00f3n y equipamiento de una escuela para personas con discapacidad en la capital poblana.<\/p>\n<p>\u00abEl a\u00f1o pasado cuando hablamos de LUMINA, hablamos de una propuesta, hablamos de una necesidad real, hablamos de algo que val\u00eda la pena empezar a construir con compromiso y con todo el coraz\u00f3n. Hoy, un a\u00f1o despu\u00e9s, podemos decir que esta iniciativa ha avanzado, que hemos dado pasos firmes y que lo que comenz\u00f3 como una idea, hoy es una realidad\u00bb, detall\u00f3 MariElise Budib.<\/p>\n<p>MariElise Budib destac\u00f3 el impacto positivo que este proyecto tendr\u00e1 en las familias, especialmente en aquellas con ni\u00f1as y ni\u00f1os con discapacidad, quienes encontrar\u00e1n en esta instituci\u00f3n un espacio seguro, emp\u00e1tico y lleno de oportunidades para su desarrollo.<\/p>\n<p>\u201cPor eso LUMINA es tan importante. Porque no se trata solo de construir una escuela, se trata de responder a una necesidad real, humana y urgente. De abrir oportunidades donde por mucho tiempo hicieron falta. Cada boleto comprado, cada marca que se sum\u00f3, cada persona que decidi\u00f3 estar aqu\u00ed esta noche, est\u00e1 ayudando a lograrlo. Lo digo una vez m\u00e1s, porque vale la pena repetirlo: cuando existen espacios como esta escuela, descubres todo lo que una persona con discapacidad puede lograr cuando recibe la oportunidad correcta\u201d, se\u00f1al\u00f3.<\/p>\n<p>La pasarela con causa \u201cLUMINA\u201d reuni\u00f3 a marcas, dise\u00f1adores y modelos en torno a un mismo objetivo, demostrando que la moda y la solidaridad pueden unirse para impulsar un proyecto de transformaci\u00f3n social en beneficio de la ni\u00f1ez poblana.<\/p>\n<p>Entre los patrocinadores que hicieron posible este evento se encuentran: Bert Heil Eventos, Trozmer, El Recuerdo, Drap Concept Store, Mayoral Boutique, Maximiliano Rivera, Sabl\u00f3, Vivanco Swimwear, Hygge, ISU Universidad y S\u00f3tano.<\/p>\n<p>\u00abGracias tambi\u00e9n a todas las marcas que hicieron posible esta pasarela. A mi voluntariado, por su entrega y dedicaci\u00f3n. A mi patronato, gracias por estar siempre, por su apoyo incondicional y por todo lo que han aportado a este proyecto. Pepe, gracias por acompa\u00f1arme, por creer en lo que estamos construyendo y por ser, todos los d\u00edas, mi mejor equipo. Porque al final, LUMINA no es solo una escuela. Es la oportunidad para muchas ni\u00f1as y ni\u00f1os de crecer mejor\u00bb, puntualiz\u00f3.<\/p>\n<p>Gracias a la suma de esfuerzos el proyecto \u201cLUMINA\u201d contin\u00faa consolid\u00e1ndose, permitiendo avanzar en la materializaci\u00f3n de este espacio que transformar\u00e1 la vida de muchas familias poblanas. Dicho centro educativo se ubicar\u00e1 en un predio de m\u00e1s de 3 mil 200 metros cuadrados, en la colonia San Juan Bosco.<\/p>\n<p>Con acciones como esta, el Gobierno de la Ciudad, a trav\u00e9s del DIF Puebla Capital, refrenda su compromiso de seguir impulsando iniciativas que generen un impacto positivo y duradero en la sociedad, dando continuidad a proyectos que promueven la inclusi\u00f3n y el bienestar de quienes m\u00e1s lo necesitan.<\/p>\n","protected":false},"excerpt":{"rendered":"<p>&#8211; El Gobierno de la Ciudad que encabeza el presidente municipal, Pepe Chedraui, reafirma su compromiso a favor de las y los poblanos, impulsando este plan de construcci\u00f3n y equipamiento de una escuela para personas con discapacidad &#8211; La pasarela con causa busca recaudar fondos para el equipamiento del centro educativo LUMINA Puebla, Pue., 29&#8230;<\/p>\n","protected":false},"author":16,"featured_media":37760,"comment_status":"closed","ping_status":"closed","sticky":false,"template":"","format":"standard","meta":[],"categories":[20],"tags":[1287,3074],"yoast_head":"<!-- This site is optimized with the Yoast SEO plugin v20.8 - https:\/\/yoast.com\/wordpress\/plugins\/seo\/ -->\n<title>MariElise Budib brinda continuidad al proyecto inclusivo LUMINA - The Puebla Times<\/title>\n<meta name=\"robots\" content=\"index, follow, max-snippet:-1, max-image-preview:large, max-video-preview:-1\" \/>\n<link rel=\"canonical\" href=\"https:\/\/thepueblatimes.mx\/index.php\/2026\/04\/30\/marielise-budib-brinda-continuidad-al-proyecto-inclusivo-lumina\/\" \/>\n<meta property=\"og:locale\" content=\"es_ES\" \/>\n<meta property=\"og:type\" content=\"article\" \/>\n<meta property=\"og:title\" content=\"MariElise Budib brinda continuidad al proyecto inclusivo LUMINA - The Puebla Times\" \/>\n<meta property=\"og:description\" content=\"&#8211; El Gobierno de la Ciudad que encabeza el presidente municipal, Pepe Chedraui, reafirma su compromiso a favor de las y los poblanos, impulsando este plan de construcci\u00f3n y equipamiento de una escuela para personas con discapacidad &#8211; La pasarela con causa busca recaudar fondos para el equipamiento del centro educativo LUMINA Puebla, Pue., 29...\" \/>\n<meta property=\"og:url\" content=\"https:\/\/thepueblatimes.mx\/index.php\/2026\/04\/30\/marielise-budib-brinda-continuidad-al-proyecto-inclusivo-lumina\/\" \/>\n<meta property=\"og:site_name\" content=\"The Puebla Times\" \/>\n<meta property=\"article:published_time\" content=\"2026-04-30T15:53:55+00:00\" \/>\n<meta property=\"og:image\" content=\"https:\/\/thepueblatimes.mx\/wp-content\/uploads\/2026\/04\/WhatsApp-Image-2026-04-30-at-07.59.54-3.jpeg\" \/>\n\t<meta property=\"og:image:width\" content=\"1280\" \/>\n\t<meta property=\"og:image:height\" content=\"853\" \/>\n\t<meta property=\"og:image:type\" content=\"image\/jpeg\" \/>\n<meta name=\"author\" content=\"Sa\u00fal Hern\u00e1ndez\" \/>\n<meta name=\"twitter:card\" content=\"summary_large_image\" \/>\n<meta name=\"twitter:label1\" content=\"Escrito por\" \/>\n\t<meta name=\"twitter:data1\" content=\"Sa\u00fal Hern\u00e1ndez\" \/>\n\t<meta name=\"twitter:label2\" content=\"Tiempo de lectura\" \/>\n\t<meta name=\"twitter:data2\" content=\"3 minutos\" \/>\n<script type=\"application\/ld+json\" class=\"yoast-schema-graph\">{\"@context\":\"https:\/\/schema.org\",\"@graph\":[{\"@type\":\"WebPage\",\"@id\":\"https:\/\/thepueblatimes.mx\/index.php\/2026\/04\/30\/marielise-budib-brinda-continuidad-al-proyecto-inclusivo-lumina\/\",\"url\":\"https:\/\/thepueblatimes.mx\/index.php\/2026\/04\/30\/marielise-budib-brinda-continuidad-al-proyecto-inclusivo-lumina\/\",\"name\":\"MariElise Budib brinda continuidad al proyecto inclusivo LUMINA - The Puebla Times\",\"isPartOf\":{\"@id\":\"https:\/\/thepueblatimes.mx\/#website\"},\"datePublished\":\"2026-04-30T15:53:55+00:00\",\"dateModified\":\"2026-04-30T15:53:55+00:00\",\"author\":{\"@id\":\"https:\/\/thepueblatimes.mx\/#\/schema\/person\/1664894c2f65ce2c7a08d8f5f905c13c\"},\"breadcrumb\":{\"@id\":\"https:\/\/thepueblatimes.mx\/index.php\/2026\/04\/30\/marielise-budib-brinda-continuidad-al-proyecto-inclusivo-lumina\/#breadcrumb\"},\"inLanguage\":\"es\",\"potentialAction\":[{\"@type\":\"ReadAction\",\"target\":[\"https:\/\/thepueblatimes.mx\/index.php\/2026\/04\/30\/marielise-budib-brinda-continuidad-al-proyecto-inclusivo-lumina\/\"]}]},{\"@type\":\"BreadcrumbList\",\"@id\":\"https:\/\/thepueblatimes.mx\/index.php\/2026\/04\/30\/marielise-budib-brinda-continuidad-al-proyecto-inclusivo-lumina\/#breadcrumb\",\"itemListElement\":[{\"@type\":\"ListItem\",\"position\":1,\"name\":\"Portada\",\"item\":\"https:\/\/thepueblatimes.mx\/\"},{\"@type\":\"ListItem\",\"position\":2,\"name\":\"MariElise Budib brinda continuidad al proyecto inclusivo LUMINA\"}]},{\"@type\":\"WebSite\",\"@id\":\"https:\/\/thepueblatimes.mx\/#website\",\"url\":\"https:\/\/thepueblatimes.mx\/\",\"name\":\"The Puebla Times\",\"description\":\"Noticias del Estado de Puebla\",\"potentialAction\":[{\"@type\":\"SearchAction\",\"target\":{\"@type\":\"EntryPoint\",\"urlTemplate\":\"https:\/\/thepueblatimes.mx\/?s={search_term_string}\"},\"query-input\":\"required name=search_term_string\"}],\"inLanguage\":\"es\"},{\"@type\":\"Person\",\"@id\":\"https:\/\/thepueblatimes.mx\/#\/schema\/person\/1664894c2f65ce2c7a08d8f5f905c13c\",\"name\":\"Sa\u00fal Hern\u00e1ndez\",\"image\":{\"@type\":\"ImageObject\",\"inLanguage\":\"es\",\"@id\":\"https:\/\/thepueblatimes.mx\/#\/schema\/person\/image\/\",\"url\":\"https:\/\/secure.gravatar.com\/avatar\/11be338693f243309532caad8f10c930?s=96&d=mm&r=g\",\"contentUrl\":\"https:\/\/secure.gravatar.com\/avatar\/11be338693f243309532caad8f10c930?s=96&d=mm&r=g\",\"caption\":\"Sa\u00fal Hern\u00e1ndez\"},\"url\":\"https:\/\/thepueblatimes.mx\/index.php\/author\/saulhernandez\/\"}]}<\/script>\n<!-- \/ Yoast SEO plugin. -->","yoast_head_json":{"title":"MariElise Budib brinda continuidad al proyecto inclusivo LUMINA - The Puebla Times","robots":{"index":"index","follow":"follow","max-snippet":"max-snippet:-1","max-image-preview":"max-image-preview:large","max-video-preview":"max-video-preview:-1"},"canonical":"https:\/\/thepueblatimes.mx\/index.php\/2026\/04\/30\/marielise-budib-brinda-continuidad-al-proyecto-inclusivo-lumina\/","og_locale":"es_ES","og_type":"article","og_title":"MariElise Budib brinda continuidad al proyecto inclusivo LUMINA - The Puebla Times","og_description":"&#8211; El Gobierno de la Ciudad que encabeza el presidente municipal, Pepe Chedraui, reafirma su compromiso a favor de las y los poblanos, impulsando este plan de construcci\u00f3n y equipamiento de una escuela para personas con discapacidad &#8211; La pasarela con causa busca recaudar fondos para el equipamiento del centro educativo LUMINA Puebla, Pue., 29...","og_url":"https:\/\/thepueblatimes.mx\/index.php\/2026\/04\/30\/marielise-budib-brinda-continuidad-al-proyecto-inclusivo-lumina\/","og_site_name":"The Puebla Times","article_published_time":"2026-04-30T15:53:55+00:00","og_image":[{"width":1280,"height":853,"url":"https:\/\/thepueblatimes.mx\/wp-content\/uploads\/2026\/04\/WhatsApp-Image-2026-04-30-at-07.59.54-3.jpeg","type":"image\/jpeg"}],"author":"Sa\u00fal Hern\u00e1ndez","twitter_card":"summary_large_image","twitter_misc":{"Escrito por":"Sa\u00fal Hern\u00e1ndez","Tiempo de lectura":"3 minutos"},"schema":{"@context":"https:\/\/schema.org","@graph":[{"@type":"WebPage","@id":"https:\/\/thepueblatimes.mx\/index.php\/2026\/04\/30\/marielise-budib-brinda-continuidad-al-proyecto-inclusivo-lumina\/","url":"https:\/\/thepueblatimes.mx\/index.php\/2026\/04\/30\/marielise-budib-brinda-continuidad-al-proyecto-inclusivo-lumina\/","name":"MariElise Budib brinda continuidad al proyecto inclusivo LUMINA - The Puebla Times","isPartOf":{"@id":"https:\/\/thepueblatimes.mx\/#website"},"datePublished":"2026-04-30T15:53:55+00:00","dateModified":"2026-04-30T15:53:55+00:00","author":{"@id":"https:\/\/thepueblatimes.mx\/#\/schema\/person\/1664894c2f65ce2c7a08d8f5f905c13c"},"breadcrumb":{"@id":"https:\/\/thepueblatimes.mx\/index.php\/2026\/04\/30\/marielise-budib-brinda-continuidad-al-proyecto-inclusivo-lumina\/#breadcrumb"},"inLanguage":"es","potentialAction":[{"@type":"ReadAction","target":["https:\/\/thepueblatimes.mx\/index.php\/2026\/04\/30\/marielise-budib-brinda-continuidad-al-proyecto-inclusivo-lumina\/"]}]},{"@type":"BreadcrumbList","@id":"https:\/\/thepueblatimes.mx\/index.php\/2026\/04\/30\/marielise-budib-brinda-continuidad-al-proyecto-inclusivo-lumina\/#breadcrumb","itemListElement":[{"@type":"ListItem","position":1,"name":"Portada","item":"https:\/\/thepueblatimes.mx\/"},{"@type":"ListItem","position":2,"name":"MariElise Budib brinda continuidad al proyecto inclusivo LUMINA"}]},{"@type":"WebSite","@id":"https:\/\/thepueblatimes.mx\/#website","url":"https:\/\/thepueblatimes.mx\/","name":"The Puebla Times","description":"Noticias del Estado de Puebla","potentialAction":[{"@type":"SearchAction","target":{"@type":"EntryPoint","urlTemplate":"https:\/\/thepueblatimes.mx\/?s={search_term_string}"},"query-input":"required name=search_term_string"}],"inLanguage":"es"},{"@type":"Person","@id":"https:\/\/thepueblatimes.mx\/#\/schema\/person\/1664894c2f65ce2c7a08d8f5f905c13c","name":"Sa\u00fal Hern\u00e1ndez","image":{"@type":"ImageObject","inLanguage":"es","@id":"https:\/\/thepueblatimes.mx\/#\/schema\/person\/image\/","url":"https:\/\/secure.gravatar.com\/avatar\/11be338693f243309532caad8f10c930?s=96&d=mm&r=g","contentUrl":"https:\/\/secure.gravatar.com\/avatar\/11be338693f243309532caad8f10c930?s=96&d=mm&r=g","caption":"Sa\u00fal Hern\u00e1ndez"},"url":"https:\/\/thepueblatimes.mx\/index.php\/author\/saulhernandez\/"}]}},"jetpack_featured_media_url":"https:\/\/thepueblatimes.mx\/wp-content\/uploads\/2026\/04\/WhatsApp-Image-2026-04-30-at-07.59.54-3.jpeg","_links":{"self":[{"href":"https:\/\/thepueblatimes.mx\/index.php\/wp-json\/wp\/v2\/posts\/37759"}],"collection":[{"href":"https:\/\/thepueblatimes.mx\/index.php\/wp-json\/wp\/v2\/posts"}],"about":[{"href":"https:\/\/thepueblatimes.mx\/index.php\/wp-json\/wp\/v2\/types\/post"}],"author":[{"embeddable":true,"href":"https:\/\/thepueblatimes.mx\/index.php\/wp-json\/wp\/v2\/users\/16"}],"replies":[{"embeddable":true,"href":"https:\/\/thepueblatimes.mx\/index.php\/wp-json\/wp\/v2\/comments?post=37759"}],"version-history":[{"count":1,"href":"https:\/\/thepueblatimes.mx\/index.php\/wp-json\/wp\/v2\/posts\/37759\/revisions"}],"predecessor-version":[{"id":37762,"href":"https:\/\/thepueblatimes.mx\/index.php\/wp-json\/wp\/v2\/posts\/37759\/revisions\/37762"}],"wp:featuredmedia":[{"embeddable":true,"href":"https:\/\/thepueblatimes.mx\/index.php\/wp-json\/wp\/v2\/media\/37760"}],"wp:attachment":[{"href":"https:\/\/thepueblatimes.mx\/index.php\/wp-json\/wp\/v2\/media?parent=37759"}],"wp:term":[{"taxonomy":"category","embeddable":true,"href":"https:\/\/thepueblatimes.mx\/index.php\/wp-json\/wp\/v2\/categories?post=37759"},{"taxonomy":"post_tag","embeddable":true,"href":"https:\/\/thepueblatimes.mx\/index.php\/wp-json\/wp\/v2\/tags?post=37759"}],"curies":[{"name":"wp","href":"https:\/\/api.w.org\/{rel}","templated":true}]}}