{"id":37756,"date":"2026-04-30T09:23:28","date_gmt":"2026-04-30T15:23:28","guid":{"rendered":"https:\/\/thepueblatimes.mx\/?p=37756"},"modified":"2026-04-30T09:23:28","modified_gmt":"2026-04-30T15:23:28","slug":"localizan-area-de-disparos-que-ha-dejado-heridos-en-periferico","status":"publish","type":"post","link":"https:\/\/thepueblatimes.mx\/index.php\/2026\/04\/30\/localizan-area-de-disparos-que-ha-dejado-heridos-en-periferico\/","title":{"rendered":"Localizan \u00e1rea de disparos que ha dejado heridos en Perif\u00e9rico"},"content":{"rendered":"<p>La Secretar\u00eda de Seguridad P\u00fablica (SSP) inform\u00f3 que cuenta con una ubicaci\u00f3n aproximada del lugar desde donde se habr\u00edan realizado los disparos registrados en la zona de la V\u00eda Atlixc\u00e1yotl y el Perif\u00e9rico Ecol\u00f3gico.<\/p>\n<p>Sin embargo, apunt\u00f3 que el o los responsables a\u00fan no han sido identificados.<\/p>\n<p>Se refiere que el an\u00e1lisis preliminar apunta que las detonaciones pudieron originarse desde un edificio ubicado en las inmediaciones del Perif\u00e9rico.<\/p>\n<p>La ubicaci\u00f3n es resultado de estudios de \u00e1ngulos y trayectorias.<\/p>\n<p>La dependencia refiri\u00f3 que la alta concentraci\u00f3n de inmuebles en la zona complica la localizaci\u00f3n precisa del responsable.<\/p>\n<p>Indic\u00f3 los trabajos coordinados con la Fiscal\u00eda contin\u00faan, al tiempo que se mantienen acciones para prevenir m\u00e1s casos y dar con los responsables.<\/p>\n","protected":false},"excerpt":{"rendered":"<p>La Secretar\u00eda de Seguridad P\u00fablica (SSP) inform\u00f3 que cuenta con una ubicaci\u00f3n aproximada del lugar desde donde se habr\u00edan realizado los disparos registrados en la zona de la V\u00eda Atlixc\u00e1yotl y el Perif\u00e9rico Ecol\u00f3gico. Sin embargo, apunt\u00f3 que el o los responsables a\u00fan no han sido identificados. Se refiere que el an\u00e1lisis preliminar apunta que&#8230;<\/p>\n","protected":false},"author":16,"featured_media":37757,"comment_status":"closed","ping_status":"closed","sticky":false,"template":"","format":"standard","meta":[],"categories":[121],"tags":[4941,3822,2635,4943,4942],"yoast_head":"<!-- This site is optimized with the Yoast SEO plugin v20.8 - https:\/\/yoast.com\/wordpress\/plugins\/seo\/ -->\n<title>Localizan \u00e1rea de disparos que ha dejado heridos en Perif\u00e9rico - The Puebla Times<\/title>\n<meta name=\"robots\" content=\"index, follow, max-snippet:-1, max-image-preview:large, max-video-preview:-1\" \/>\n<link rel=\"canonical\" href=\"https:\/\/thepueblatimes.mx\/index.php\/2026\/04\/30\/localizan-area-de-disparos-que-ha-dejado-heridos-en-periferico\/\" \/>\n<meta property=\"og:locale\" content=\"es_ES\" \/>\n<meta property=\"og:type\" content=\"article\" \/>\n<meta property=\"og:title\" content=\"Localizan \u00e1rea de disparos que ha dejado heridos en Perif\u00e9rico - The Puebla Times\" \/>\n<meta property=\"og:description\" content=\"La Secretar\u00eda de Seguridad P\u00fablica (SSP) inform\u00f3 que cuenta con una ubicaci\u00f3n aproximada del lugar desde donde se habr\u00edan realizado los disparos registrados en la zona de la V\u00eda Atlixc\u00e1yotl y el Perif\u00e9rico Ecol\u00f3gico. Sin embargo, apunt\u00f3 que el o los responsables a\u00fan no han sido identificados. Se refiere que el an\u00e1lisis preliminar apunta que...\" \/>\n<meta property=\"og:url\" content=\"https:\/\/thepueblatimes.mx\/index.php\/2026\/04\/30\/localizan-area-de-disparos-que-ha-dejado-heridos-en-periferico\/\" \/>\n<meta property=\"og:site_name\" content=\"The Puebla Times\" \/>\n<meta property=\"article:published_time\" content=\"2026-04-30T15:23:28+00:00\" \/>\n<meta property=\"og:image\" content=\"https:\/\/thepueblatimes.mx\/wp-content\/uploads\/2026\/04\/AK2IQWMGRRBWVJDMOMPFVCZHP4.jpeg\" \/>\n\t<meta property=\"og:image:width\" content=\"1280\" \/>\n\t<meta property=\"og:image:height\" content=\"719\" \/>\n\t<meta property=\"og:image:type\" content=\"image\/jpeg\" \/>\n<meta name=\"author\" content=\"Sa\u00fal Hern\u00e1ndez\" \/>\n<meta name=\"twitter:card\" content=\"summary_large_image\" \/>\n<meta name=\"twitter:label1\" content=\"Escrito por\" \/>\n\t<meta name=\"twitter:data1\" content=\"Sa\u00fal Hern\u00e1ndez\" \/>\n\t<meta name=\"twitter:label2\" content=\"Tiempo de lectura\" \/>\n\t<meta name=\"twitter:data2\" content=\"1 minuto\" \/>\n<script type=\"application\/ld+json\" class=\"yoast-schema-graph\">{\"@context\":\"https:\/\/schema.org\",\"@graph\":[{\"@type\":\"WebPage\",\"@id\":\"https:\/\/thepueblatimes.mx\/index.php\/2026\/04\/30\/localizan-area-de-disparos-que-ha-dejado-heridos-en-periferico\/\",\"url\":\"https:\/\/thepueblatimes.mx\/index.php\/2026\/04\/30\/localizan-area-de-disparos-que-ha-dejado-heridos-en-periferico\/\",\"name\":\"Localizan \u00e1rea de disparos que ha dejado heridos en Perif\u00e9rico - The Puebla Times\",\"isPartOf\":{\"@id\":\"https:\/\/thepueblatimes.mx\/#website\"},\"datePublished\":\"2026-04-30T15:23:28+00:00\",\"dateModified\":\"2026-04-30T15:23:28+00:00\",\"author\":{\"@id\":\"https:\/\/thepueblatimes.mx\/#\/schema\/person\/1664894c2f65ce2c7a08d8f5f905c13c\"},\"breadcrumb\":{\"@id\":\"https:\/\/thepueblatimes.mx\/index.php\/2026\/04\/30\/localizan-area-de-disparos-que-ha-dejado-heridos-en-periferico\/#breadcrumb\"},\"inLanguage\":\"es\",\"potentialAction\":[{\"@type\":\"ReadAction\",\"target\":[\"https:\/\/thepueblatimes.mx\/index.php\/2026\/04\/30\/localizan-area-de-disparos-que-ha-dejado-heridos-en-periferico\/\"]}]},{\"@type\":\"BreadcrumbList\",\"@id\":\"https:\/\/thepueblatimes.mx\/index.php\/2026\/04\/30\/localizan-area-de-disparos-que-ha-dejado-heridos-en-periferico\/#breadcrumb\",\"itemListElement\":[{\"@type\":\"ListItem\",\"position\":1,\"name\":\"Portada\",\"item\":\"https:\/\/thepueblatimes.mx\/\"},{\"@type\":\"ListItem\",\"position\":2,\"name\":\"Localizan \u00e1rea de disparos que ha dejado heridos en Perif\u00e9rico\"}]},{\"@type\":\"WebSite\",\"@id\":\"https:\/\/thepueblatimes.mx\/#website\",\"url\":\"https:\/\/thepueblatimes.mx\/\",\"name\":\"The Puebla Times\",\"description\":\"Noticias del Estado de Puebla\",\"potentialAction\":[{\"@type\":\"SearchAction\",\"target\":{\"@type\":\"EntryPoint\",\"urlTemplate\":\"https:\/\/thepueblatimes.mx\/?s={search_term_string}\"},\"query-input\":\"required name=search_term_string\"}],\"inLanguage\":\"es\"},{\"@type\":\"Person\",\"@id\":\"https:\/\/thepueblatimes.mx\/#\/schema\/person\/1664894c2f65ce2c7a08d8f5f905c13c\",\"name\":\"Sa\u00fal Hern\u00e1ndez\",\"image\":{\"@type\":\"ImageObject\",\"inLanguage\":\"es\",\"@id\":\"https:\/\/thepueblatimes.mx\/#\/schema\/person\/image\/\",\"url\":\"https:\/\/secure.gravatar.com\/avatar\/11be338693f243309532caad8f10c930?s=96&d=mm&r=g\",\"contentUrl\":\"https:\/\/secure.gravatar.com\/avatar\/11be338693f243309532caad8f10c930?s=96&d=mm&r=g\",\"caption\":\"Sa\u00fal Hern\u00e1ndez\"},\"url\":\"https:\/\/thepueblatimes.mx\/index.php\/author\/saulhernandez\/\"}]}<\/script>\n<!-- \/ Yoast SEO plugin. -->","yoast_head_json":{"title":"Localizan \u00e1rea de disparos que ha dejado heridos en Perif\u00e9rico - The Puebla Times","robots":{"index":"index","follow":"follow","max-snippet":"max-snippet:-1","max-image-preview":"max-image-preview:large","max-video-preview":"max-video-preview:-1"},"canonical":"https:\/\/thepueblatimes.mx\/index.php\/2026\/04\/30\/localizan-area-de-disparos-que-ha-dejado-heridos-en-periferico\/","og_locale":"es_ES","og_type":"article","og_title":"Localizan \u00e1rea de disparos que ha dejado heridos en Perif\u00e9rico - The Puebla Times","og_description":"La Secretar\u00eda de Seguridad P\u00fablica (SSP) inform\u00f3 que cuenta con una ubicaci\u00f3n aproximada del lugar desde donde se habr\u00edan realizado los disparos registrados en la zona de la V\u00eda Atlixc\u00e1yotl y el Perif\u00e9rico Ecol\u00f3gico. Sin embargo, apunt\u00f3 que el o los responsables a\u00fan no han sido identificados. Se refiere que el an\u00e1lisis preliminar apunta que...","og_url":"https:\/\/thepueblatimes.mx\/index.php\/2026\/04\/30\/localizan-area-de-disparos-que-ha-dejado-heridos-en-periferico\/","og_site_name":"The Puebla Times","article_published_time":"2026-04-30T15:23:28+00:00","og_image":[{"width":1280,"height":719,"url":"https:\/\/thepueblatimes.mx\/wp-content\/uploads\/2026\/04\/AK2IQWMGRRBWVJDMOMPFVCZHP4.jpeg","type":"image\/jpeg"}],"author":"Sa\u00fal Hern\u00e1ndez","twitter_card":"summary_large_image","twitter_misc":{"Escrito por":"Sa\u00fal Hern\u00e1ndez","Tiempo de lectura":"1 minuto"},"schema":{"@context":"https:\/\/schema.org","@graph":[{"@type":"WebPage","@id":"https:\/\/thepueblatimes.mx\/index.php\/2026\/04\/30\/localizan-area-de-disparos-que-ha-dejado-heridos-en-periferico\/","url":"https:\/\/thepueblatimes.mx\/index.php\/2026\/04\/30\/localizan-area-de-disparos-que-ha-dejado-heridos-en-periferico\/","name":"Localizan \u00e1rea de disparos que ha dejado heridos en Perif\u00e9rico - The Puebla Times","isPartOf":{"@id":"https:\/\/thepueblatimes.mx\/#website"},"datePublished":"2026-04-30T15:23:28+00:00","dateModified":"2026-04-30T15:23:28+00:00","author":{"@id":"https:\/\/thepueblatimes.mx\/#\/schema\/person\/1664894c2f65ce2c7a08d8f5f905c13c"},"breadcrumb":{"@id":"https:\/\/thepueblatimes.mx\/index.php\/2026\/04\/30\/localizan-area-de-disparos-que-ha-dejado-heridos-en-periferico\/#breadcrumb"},"inLanguage":"es","potentialAction":[{"@type":"ReadAction","target":["https:\/\/thepueblatimes.mx\/index.php\/2026\/04\/30\/localizan-area-de-disparos-que-ha-dejado-heridos-en-periferico\/"]}]},{"@type":"BreadcrumbList","@id":"https:\/\/thepueblatimes.mx\/index.php\/2026\/04\/30\/localizan-area-de-disparos-que-ha-dejado-heridos-en-periferico\/#breadcrumb","itemListElement":[{"@type":"ListItem","position":1,"name":"Portada","item":"https:\/\/thepueblatimes.mx\/"},{"@type":"ListItem","position":2,"name":"Localizan \u00e1rea de disparos que ha dejado heridos en Perif\u00e9rico"}]},{"@type":"WebSite","@id":"https:\/\/thepueblatimes.mx\/#website","url":"https:\/\/thepueblatimes.mx\/","name":"The Puebla Times","description":"Noticias del Estado de Puebla","potentialAction":[{"@type":"SearchAction","target":{"@type":"EntryPoint","urlTemplate":"https:\/\/thepueblatimes.mx\/?s={search_term_string}"},"query-input":"required name=search_term_string"}],"inLanguage":"es"},{"@type":"Person","@id":"https:\/\/thepueblatimes.mx\/#\/schema\/person\/1664894c2f65ce2c7a08d8f5f905c13c","name":"Sa\u00fal Hern\u00e1ndez","image":{"@type":"ImageObject","inLanguage":"es","@id":"https:\/\/thepueblatimes.mx\/#\/schema\/person\/image\/","url":"https:\/\/secure.gravatar.com\/avatar\/11be338693f243309532caad8f10c930?s=96&d=mm&r=g","contentUrl":"https:\/\/secure.gravatar.com\/avatar\/11be338693f243309532caad8f10c930?s=96&d=mm&r=g","caption":"Sa\u00fal Hern\u00e1ndez"},"url":"https:\/\/thepueblatimes.mx\/index.php\/author\/saulhernandez\/"}]}},"jetpack_featured_media_url":"https:\/\/thepueblatimes.mx\/wp-content\/uploads\/2026\/04\/AK2IQWMGRRBWVJDMOMPFVCZHP4.jpeg","_links":{"self":[{"href":"https:\/\/thepueblatimes.mx\/index.php\/wp-json\/wp\/v2\/posts\/37756"}],"collection":[{"href":"https:\/\/thepueblatimes.mx\/index.php\/wp-json\/wp\/v2\/posts"}],"about":[{"href":"https:\/\/thepueblatimes.mx\/index.php\/wp-json\/wp\/v2\/types\/post"}],"author":[{"embeddable":true,"href":"https:\/\/thepueblatimes.mx\/index.php\/wp-json\/wp\/v2\/users\/16"}],"replies":[{"embeddable":true,"href":"https:\/\/thepueblatimes.mx\/index.php\/wp-json\/wp\/v2\/comments?post=37756"}],"version-history":[{"count":1,"href":"https:\/\/thepueblatimes.mx\/index.php\/wp-json\/wp\/v2\/posts\/37756\/revisions"}],"predecessor-version":[{"id":37758,"href":"https:\/\/thepueblatimes.mx\/index.php\/wp-json\/wp\/v2\/posts\/37756\/revisions\/37758"}],"wp:featuredmedia":[{"embeddable":true,"href":"https:\/\/thepueblatimes.mx\/index.php\/wp-json\/wp\/v2\/media\/37757"}],"wp:attachment":[{"href":"https:\/\/thepueblatimes.mx\/index.php\/wp-json\/wp\/v2\/media?parent=37756"}],"wp:term":[{"taxonomy":"category","embeddable":true,"href":"https:\/\/thepueblatimes.mx\/index.php\/wp-json\/wp\/v2\/categories?post=37756"},{"taxonomy":"post_tag","embeddable":true,"href":"https:\/\/thepueblatimes.mx\/index.php\/wp-json\/wp\/v2\/tags?post=37756"}],"curies":[{"name":"wp","href":"https:\/\/api.w.org\/{rel}","templated":true}]}}