{"id":37753,"date":"2026-04-30T08:50:03","date_gmt":"2026-04-30T14:50:03","guid":{"rendered":"https:\/\/thepueblatimes.mx\/?p=37753"},"modified":"2026-04-30T08:50:03","modified_gmt":"2026-04-30T14:50:03","slug":"presenta-gobierno-de-pepe-chedraui-atractivos-de-puebla-capital-a-turoperadores-de-asia-y-eu","status":"publish","type":"post","link":"https:\/\/thepueblatimes.mx\/index.php\/2026\/04\/30\/presenta-gobierno-de-pepe-chedraui-atractivos-de-puebla-capital-a-turoperadores-de-asia-y-eu\/","title":{"rendered":"Presenta gobierno de Pepe Chedraui, atractivos de Puebla capital a turoperadores de Asia y EU"},"content":{"rendered":"<h3><em>&#8211; Empresarios del mercado internacional asistieron a la exposici\u00f3n de los atractivos de la ciudad de Puebla<\/em><\/h3>\n<p>M\u00e1s de 60 turoperadores, agentes de viajes y prestadores de servicios tur\u00edsticos con operaciones en Asia, Estados Unidos y M\u00e9xico, conocieron la oferta cultural, gastron\u00f3mica y de servicios que tiene la ciudad de Puebla para los viajantes m\u00e1s exigentes, durante la presentaci\u00f3n del destino en el C\u00edrculo de Compradores, en el primer d\u00eda de trabajo del Tianguis Tur\u00edstico M\u00e9xico 2026, por el secretario de Econom\u00eda y Turismo, Jaime Oropeza Casas.<\/p>\n<p>Como parte de la agenda estrat\u00e9gica de promoci\u00f3n, encomendada por el alcalde Pepe Chedraui, la secretaria de Desarrollo Tur\u00edstico del Gobierno del Estado, Carla L\u00f3pez-Malo Villal\u00f3n dio la bienvenida a todos, y posteriormente, en conjunto con el director Carlos Huerta Ram\u00edrez, expusieron a cerca de 60 potenciales compradores, cualidades del municipio, como seguridad, conectividad, cercan\u00eda con la Ciudad de M\u00e9xico y los diversos servicios que tiene disponibles para los viajeros por recreaci\u00f3n, as\u00ed como para la industria del turismo de reuniones.<\/p>\n<p>Oropeza Casas tambi\u00e9n destac\u00f3 los probados atractivos de Puebla capital, como su deliciosa gastronom\u00eda como el mole y la antojer\u00eda, de la misma manera, platillos de temporada, adem\u00e1s de la cultura y patrimonio, como el nombramiento de Patrimonio Cultural al Centro Hist\u00f3rico, entre otras denominaciones a la riqueza de la ciudad, y desde luego, la hospitalidad de las y los poblanos.<\/p>\n<p>Tras la presentaci\u00f3n, el secretario atendi\u00f3 a las y los invitados, les entreg\u00f3 algunos art\u00edculos promocionales como obsequios y tambi\u00e9n concedi\u00f3 entrevistas para medios de alcance nacional y especializados, que se interesaron por la oferta de la ciudad.<\/p>\n","protected":false},"excerpt":{"rendered":"<p>&#8211; Empresarios del mercado internacional asistieron a la exposici\u00f3n de los atractivos de la ciudad de Puebla M\u00e1s de 60 turoperadores, agentes de viajes y prestadores de servicios tur\u00edsticos con operaciones en Asia, Estados Unidos y M\u00e9xico, conocieron la oferta cultural, gastron\u00f3mica y de servicios que tiene la ciudad de Puebla para los viajantes m\u00e1s&#8230;<\/p>\n","protected":false},"author":16,"featured_media":37754,"comment_status":"closed","ping_status":"closed","sticky":false,"template":"","format":"standard","meta":[],"categories":[20],"tags":[1287,3074],"yoast_head":"<!-- This site is optimized with the Yoast SEO plugin v20.8 - https:\/\/yoast.com\/wordpress\/plugins\/seo\/ -->\n<title>Presenta gobierno de Pepe Chedraui, atractivos de Puebla capital a turoperadores de Asia y EU - The Puebla Times<\/title>\n<meta name=\"robots\" content=\"index, follow, max-snippet:-1, max-image-preview:large, max-video-preview:-1\" \/>\n<link rel=\"canonical\" href=\"https:\/\/thepueblatimes.mx\/index.php\/2026\/04\/30\/presenta-gobierno-de-pepe-chedraui-atractivos-de-puebla-capital-a-turoperadores-de-asia-y-eu\/\" \/>\n<meta property=\"og:locale\" content=\"es_ES\" \/>\n<meta property=\"og:type\" content=\"article\" \/>\n<meta property=\"og:title\" content=\"Presenta gobierno de Pepe Chedraui, atractivos de Puebla capital a turoperadores de Asia y EU - The Puebla Times\" \/>\n<meta property=\"og:description\" content=\"&#8211; Empresarios del mercado internacional asistieron a la exposici\u00f3n de los atractivos de la ciudad de Puebla M\u00e1s de 60 turoperadores, agentes de viajes y prestadores de servicios tur\u00edsticos con operaciones en Asia, Estados Unidos y M\u00e9xico, conocieron la oferta cultural, gastron\u00f3mica y de servicios que tiene la ciudad de Puebla para los viajantes m\u00e1s...\" \/>\n<meta property=\"og:url\" content=\"https:\/\/thepueblatimes.mx\/index.php\/2026\/04\/30\/presenta-gobierno-de-pepe-chedraui-atractivos-de-puebla-capital-a-turoperadores-de-asia-y-eu\/\" \/>\n<meta property=\"og:site_name\" content=\"The Puebla Times\" \/>\n<meta property=\"article:published_time\" content=\"2026-04-30T14:50:03+00:00\" \/>\n<meta property=\"og:image\" content=\"https:\/\/thepueblatimes.mx\/wp-content\/uploads\/2026\/04\/WhatsApp-Image-2026-04-29-at-07.24.00-scaled.jpeg\" \/>\n\t<meta property=\"og:image:width\" content=\"2560\" \/>\n\t<meta property=\"og:image:height\" content=\"1706\" \/>\n\t<meta property=\"og:image:type\" content=\"image\/jpeg\" \/>\n<meta name=\"author\" content=\"Sa\u00fal Hern\u00e1ndez\" \/>\n<meta name=\"twitter:card\" content=\"summary_large_image\" \/>\n<meta name=\"twitter:label1\" content=\"Escrito por\" \/>\n\t<meta name=\"twitter:data1\" content=\"Sa\u00fal Hern\u00e1ndez\" \/>\n\t<meta name=\"twitter:label2\" content=\"Tiempo de lectura\" \/>\n\t<meta name=\"twitter:data2\" content=\"2 minutos\" \/>\n<script type=\"application\/ld+json\" class=\"yoast-schema-graph\">{\"@context\":\"https:\/\/schema.org\",\"@graph\":[{\"@type\":\"WebPage\",\"@id\":\"https:\/\/thepueblatimes.mx\/index.php\/2026\/04\/30\/presenta-gobierno-de-pepe-chedraui-atractivos-de-puebla-capital-a-turoperadores-de-asia-y-eu\/\",\"url\":\"https:\/\/thepueblatimes.mx\/index.php\/2026\/04\/30\/presenta-gobierno-de-pepe-chedraui-atractivos-de-puebla-capital-a-turoperadores-de-asia-y-eu\/\",\"name\":\"Presenta gobierno de Pepe Chedraui, atractivos de Puebla capital a turoperadores de Asia y EU - The Puebla Times\",\"isPartOf\":{\"@id\":\"https:\/\/thepueblatimes.mx\/#website\"},\"datePublished\":\"2026-04-30T14:50:03+00:00\",\"dateModified\":\"2026-04-30T14:50:03+00:00\",\"author\":{\"@id\":\"https:\/\/thepueblatimes.mx\/#\/schema\/person\/1664894c2f65ce2c7a08d8f5f905c13c\"},\"breadcrumb\":{\"@id\":\"https:\/\/thepueblatimes.mx\/index.php\/2026\/04\/30\/presenta-gobierno-de-pepe-chedraui-atractivos-de-puebla-capital-a-turoperadores-de-asia-y-eu\/#breadcrumb\"},\"inLanguage\":\"es\",\"potentialAction\":[{\"@type\":\"ReadAction\",\"target\":[\"https:\/\/thepueblatimes.mx\/index.php\/2026\/04\/30\/presenta-gobierno-de-pepe-chedraui-atractivos-de-puebla-capital-a-turoperadores-de-asia-y-eu\/\"]}]},{\"@type\":\"BreadcrumbList\",\"@id\":\"https:\/\/thepueblatimes.mx\/index.php\/2026\/04\/30\/presenta-gobierno-de-pepe-chedraui-atractivos-de-puebla-capital-a-turoperadores-de-asia-y-eu\/#breadcrumb\",\"itemListElement\":[{\"@type\":\"ListItem\",\"position\":1,\"name\":\"Portada\",\"item\":\"https:\/\/thepueblatimes.mx\/\"},{\"@type\":\"ListItem\",\"position\":2,\"name\":\"Presenta gobierno de Pepe Chedraui, atractivos de Puebla capital a turoperadores de Asia y EU\"}]},{\"@type\":\"WebSite\",\"@id\":\"https:\/\/thepueblatimes.mx\/#website\",\"url\":\"https:\/\/thepueblatimes.mx\/\",\"name\":\"The Puebla Times\",\"description\":\"Noticias del Estado de Puebla\",\"potentialAction\":[{\"@type\":\"SearchAction\",\"target\":{\"@type\":\"EntryPoint\",\"urlTemplate\":\"https:\/\/thepueblatimes.mx\/?s={search_term_string}\"},\"query-input\":\"required name=search_term_string\"}],\"inLanguage\":\"es\"},{\"@type\":\"Person\",\"@id\":\"https:\/\/thepueblatimes.mx\/#\/schema\/person\/1664894c2f65ce2c7a08d8f5f905c13c\",\"name\":\"Sa\u00fal Hern\u00e1ndez\",\"image\":{\"@type\":\"ImageObject\",\"inLanguage\":\"es\",\"@id\":\"https:\/\/thepueblatimes.mx\/#\/schema\/person\/image\/\",\"url\":\"https:\/\/secure.gravatar.com\/avatar\/11be338693f243309532caad8f10c930?s=96&d=mm&r=g\",\"contentUrl\":\"https:\/\/secure.gravatar.com\/avatar\/11be338693f243309532caad8f10c930?s=96&d=mm&r=g\",\"caption\":\"Sa\u00fal Hern\u00e1ndez\"},\"url\":\"https:\/\/thepueblatimes.mx\/index.php\/author\/saulhernandez\/\"}]}<\/script>\n<!-- \/ Yoast SEO plugin. -->","yoast_head_json":{"title":"Presenta gobierno de Pepe Chedraui, atractivos de Puebla capital a turoperadores de Asia y EU - The Puebla Times","robots":{"index":"index","follow":"follow","max-snippet":"max-snippet:-1","max-image-preview":"max-image-preview:large","max-video-preview":"max-video-preview:-1"},"canonical":"https:\/\/thepueblatimes.mx\/index.php\/2026\/04\/30\/presenta-gobierno-de-pepe-chedraui-atractivos-de-puebla-capital-a-turoperadores-de-asia-y-eu\/","og_locale":"es_ES","og_type":"article","og_title":"Presenta gobierno de Pepe Chedraui, atractivos de Puebla capital a turoperadores de Asia y EU - The Puebla Times","og_description":"&#8211; Empresarios del mercado internacional asistieron a la exposici\u00f3n de los atractivos de la ciudad de Puebla M\u00e1s de 60 turoperadores, agentes de viajes y prestadores de servicios tur\u00edsticos con operaciones en Asia, Estados Unidos y M\u00e9xico, conocieron la oferta cultural, gastron\u00f3mica y de servicios que tiene la ciudad de Puebla para los viajantes m\u00e1s...","og_url":"https:\/\/thepueblatimes.mx\/index.php\/2026\/04\/30\/presenta-gobierno-de-pepe-chedraui-atractivos-de-puebla-capital-a-turoperadores-de-asia-y-eu\/","og_site_name":"The Puebla Times","article_published_time":"2026-04-30T14:50:03+00:00","og_image":[{"width":2560,"height":1706,"url":"https:\/\/thepueblatimes.mx\/wp-content\/uploads\/2026\/04\/WhatsApp-Image-2026-04-29-at-07.24.00-scaled.jpeg","type":"image\/jpeg"}],"author":"Sa\u00fal Hern\u00e1ndez","twitter_card":"summary_large_image","twitter_misc":{"Escrito por":"Sa\u00fal Hern\u00e1ndez","Tiempo de lectura":"2 minutos"},"schema":{"@context":"https:\/\/schema.org","@graph":[{"@type":"WebPage","@id":"https:\/\/thepueblatimes.mx\/index.php\/2026\/04\/30\/presenta-gobierno-de-pepe-chedraui-atractivos-de-puebla-capital-a-turoperadores-de-asia-y-eu\/","url":"https:\/\/thepueblatimes.mx\/index.php\/2026\/04\/30\/presenta-gobierno-de-pepe-chedraui-atractivos-de-puebla-capital-a-turoperadores-de-asia-y-eu\/","name":"Presenta gobierno de Pepe Chedraui, atractivos de Puebla capital a turoperadores de Asia y EU - The Puebla Times","isPartOf":{"@id":"https:\/\/thepueblatimes.mx\/#website"},"datePublished":"2026-04-30T14:50:03+00:00","dateModified":"2026-04-30T14:50:03+00:00","author":{"@id":"https:\/\/thepueblatimes.mx\/#\/schema\/person\/1664894c2f65ce2c7a08d8f5f905c13c"},"breadcrumb":{"@id":"https:\/\/thepueblatimes.mx\/index.php\/2026\/04\/30\/presenta-gobierno-de-pepe-chedraui-atractivos-de-puebla-capital-a-turoperadores-de-asia-y-eu\/#breadcrumb"},"inLanguage":"es","potentialAction":[{"@type":"ReadAction","target":["https:\/\/thepueblatimes.mx\/index.php\/2026\/04\/30\/presenta-gobierno-de-pepe-chedraui-atractivos-de-puebla-capital-a-turoperadores-de-asia-y-eu\/"]}]},{"@type":"BreadcrumbList","@id":"https:\/\/thepueblatimes.mx\/index.php\/2026\/04\/30\/presenta-gobierno-de-pepe-chedraui-atractivos-de-puebla-capital-a-turoperadores-de-asia-y-eu\/#breadcrumb","itemListElement":[{"@type":"ListItem","position":1,"name":"Portada","item":"https:\/\/thepueblatimes.mx\/"},{"@type":"ListItem","position":2,"name":"Presenta gobierno de Pepe Chedraui, atractivos de Puebla capital a turoperadores de Asia y EU"}]},{"@type":"WebSite","@id":"https:\/\/thepueblatimes.mx\/#website","url":"https:\/\/thepueblatimes.mx\/","name":"The Puebla Times","description":"Noticias del Estado de Puebla","potentialAction":[{"@type":"SearchAction","target":{"@type":"EntryPoint","urlTemplate":"https:\/\/thepueblatimes.mx\/?s={search_term_string}"},"query-input":"required name=search_term_string"}],"inLanguage":"es"},{"@type":"Person","@id":"https:\/\/thepueblatimes.mx\/#\/schema\/person\/1664894c2f65ce2c7a08d8f5f905c13c","name":"Sa\u00fal Hern\u00e1ndez","image":{"@type":"ImageObject","inLanguage":"es","@id":"https:\/\/thepueblatimes.mx\/#\/schema\/person\/image\/","url":"https:\/\/secure.gravatar.com\/avatar\/11be338693f243309532caad8f10c930?s=96&d=mm&r=g","contentUrl":"https:\/\/secure.gravatar.com\/avatar\/11be338693f243309532caad8f10c930?s=96&d=mm&r=g","caption":"Sa\u00fal Hern\u00e1ndez"},"url":"https:\/\/thepueblatimes.mx\/index.php\/author\/saulhernandez\/"}]}},"jetpack_featured_media_url":"https:\/\/thepueblatimes.mx\/wp-content\/uploads\/2026\/04\/WhatsApp-Image-2026-04-29-at-07.24.00-scaled.jpeg","_links":{"self":[{"href":"https:\/\/thepueblatimes.mx\/index.php\/wp-json\/wp\/v2\/posts\/37753"}],"collection":[{"href":"https:\/\/thepueblatimes.mx\/index.php\/wp-json\/wp\/v2\/posts"}],"about":[{"href":"https:\/\/thepueblatimes.mx\/index.php\/wp-json\/wp\/v2\/types\/post"}],"author":[{"embeddable":true,"href":"https:\/\/thepueblatimes.mx\/index.php\/wp-json\/wp\/v2\/users\/16"}],"replies":[{"embeddable":true,"href":"https:\/\/thepueblatimes.mx\/index.php\/wp-json\/wp\/v2\/comments?post=37753"}],"version-history":[{"count":1,"href":"https:\/\/thepueblatimes.mx\/index.php\/wp-json\/wp\/v2\/posts\/37753\/revisions"}],"predecessor-version":[{"id":37755,"href":"https:\/\/thepueblatimes.mx\/index.php\/wp-json\/wp\/v2\/posts\/37753\/revisions\/37755"}],"wp:featuredmedia":[{"embeddable":true,"href":"https:\/\/thepueblatimes.mx\/index.php\/wp-json\/wp\/v2\/media\/37754"}],"wp:attachment":[{"href":"https:\/\/thepueblatimes.mx\/index.php\/wp-json\/wp\/v2\/media?parent=37753"}],"wp:term":[{"taxonomy":"category","embeddable":true,"href":"https:\/\/thepueblatimes.mx\/index.php\/wp-json\/wp\/v2\/categories?post=37753"},{"taxonomy":"post_tag","embeddable":true,"href":"https:\/\/thepueblatimes.mx\/index.php\/wp-json\/wp\/v2\/tags?post=37753"}],"curies":[{"name":"wp","href":"https:\/\/api.w.org\/{rel}","templated":true}]}}