{"id":37749,"date":"2026-04-30T08:42:13","date_gmt":"2026-04-30T14:42:13","guid":{"rendered":"https:\/\/thepueblatimes.mx\/?p=37749"},"modified":"2026-04-30T08:42:13","modified_gmt":"2026-04-30T14:42:13","slug":"promueve-gobierno-de-pepe-chedraui-puebla-capital-en-tianguis-turistico-mexico-2026","status":"publish","type":"post","link":"https:\/\/thepueblatimes.mx\/index.php\/2026\/04\/30\/promueve-gobierno-de-pepe-chedraui-puebla-capital-en-tianguis-turistico-mexico-2026\/","title":{"rendered":"Promueve gobierno de Pepe Chedraui, Puebla capital en Tianguis Tur\u00edstico M\u00e9xico 2026"},"content":{"rendered":"<p>ACAPULCO, Gro.- Los atractivos, patrimonio y modernidad que caracaterizan a la ciudad de Puebla y que la posicionan como un destino de referencia en el mundo, ser\u00e1n expuestos en el Tianguis Tur\u00edstico M\u00e9xico 2026, el encuentro m\u00e1s importante del sector en M\u00e9xico y con proyecci\u00f3n internacional.<\/p>\n<p>El secretario de Econom\u00eda y Turismo, Jaime Oropeza Casas; el director de Turismo, Carlos Huerta Ram\u00edrez,<br \/>\nparticiparon a invitaci\u00f3n de la titular de la secretaria de Desarrollo Tur\u00edstico del Gobierno del Estado, Carla L\u00f3pez Malo Villal\u00f3n, as\u00ed como con presidentes municipales de Pueblos M\u00e1gicos, turoperadores y prestadores de servicios, en la inauguraci\u00f3n del pabell\u00f3n de Puebla, en el que a partir de este 28 de abril, se presentar\u00e1n todas las cualidades de Puebla capital y la entidad.<\/p>\n","protected":false},"excerpt":{"rendered":"<p>ACAPULCO, Gro.- Los atractivos, patrimonio y modernidad que caracaterizan a la ciudad de Puebla y que la posicionan como un destino de referencia en el mundo, ser\u00e1n expuestos en el Tianguis Tur\u00edstico M\u00e9xico 2026, el encuentro m\u00e1s importante del sector en M\u00e9xico y con proyecci\u00f3n internacional. El secretario de Econom\u00eda y Turismo, Jaime Oropeza Casas;&#8230;<\/p>\n","protected":false},"author":16,"featured_media":37750,"comment_status":"closed","ping_status":"closed","sticky":false,"template":"","format":"standard","meta":[],"categories":[20],"tags":[1287,3074],"yoast_head":"<!-- This site is optimized with the Yoast SEO plugin v20.8 - https:\/\/yoast.com\/wordpress\/plugins\/seo\/ -->\n<title>Promueve gobierno de Pepe Chedraui, Puebla capital en Tianguis Tur\u00edstico M\u00e9xico 2026 - The Puebla Times<\/title>\n<meta name=\"robots\" content=\"index, follow, max-snippet:-1, max-image-preview:large, max-video-preview:-1\" \/>\n<link rel=\"canonical\" href=\"https:\/\/thepueblatimes.mx\/index.php\/2026\/04\/30\/promueve-gobierno-de-pepe-chedraui-puebla-capital-en-tianguis-turistico-mexico-2026\/\" \/>\n<meta property=\"og:locale\" content=\"es_ES\" \/>\n<meta property=\"og:type\" content=\"article\" \/>\n<meta property=\"og:title\" content=\"Promueve gobierno de Pepe Chedraui, Puebla capital en Tianguis Tur\u00edstico M\u00e9xico 2026 - The Puebla Times\" \/>\n<meta property=\"og:description\" content=\"ACAPULCO, Gro.- Los atractivos, patrimonio y modernidad que caracaterizan a la ciudad de Puebla y que la posicionan como un destino de referencia en el mundo, ser\u00e1n expuestos en el Tianguis Tur\u00edstico M\u00e9xico 2026, el encuentro m\u00e1s importante del sector en M\u00e9xico y con proyecci\u00f3n internacional. El secretario de Econom\u00eda y Turismo, Jaime Oropeza Casas;...\" \/>\n<meta property=\"og:url\" content=\"https:\/\/thepueblatimes.mx\/index.php\/2026\/04\/30\/promueve-gobierno-de-pepe-chedraui-puebla-capital-en-tianguis-turistico-mexico-2026\/\" \/>\n<meta property=\"og:site_name\" content=\"The Puebla Times\" \/>\n<meta property=\"article:published_time\" content=\"2026-04-30T14:42:13+00:00\" \/>\n<meta property=\"og:image\" content=\"https:\/\/thepueblatimes.mx\/wp-content\/uploads\/2026\/04\/WhatsApp-Image-2026-04-28-at-18.52.10.jpeg\" \/>\n\t<meta property=\"og:image:width\" content=\"1599\" \/>\n\t<meta property=\"og:image:height\" content=\"899\" \/>\n\t<meta property=\"og:image:type\" content=\"image\/jpeg\" \/>\n<meta name=\"author\" content=\"Sa\u00fal Hern\u00e1ndez\" \/>\n<meta name=\"twitter:card\" content=\"summary_large_image\" \/>\n<meta name=\"twitter:label1\" content=\"Escrito por\" \/>\n\t<meta name=\"twitter:data1\" content=\"Sa\u00fal Hern\u00e1ndez\" \/>\n\t<meta name=\"twitter:label2\" content=\"Tiempo de lectura\" \/>\n\t<meta name=\"twitter:data2\" content=\"1 minuto\" \/>\n<script type=\"application\/ld+json\" class=\"yoast-schema-graph\">{\"@context\":\"https:\/\/schema.org\",\"@graph\":[{\"@type\":\"WebPage\",\"@id\":\"https:\/\/thepueblatimes.mx\/index.php\/2026\/04\/30\/promueve-gobierno-de-pepe-chedraui-puebla-capital-en-tianguis-turistico-mexico-2026\/\",\"url\":\"https:\/\/thepueblatimes.mx\/index.php\/2026\/04\/30\/promueve-gobierno-de-pepe-chedraui-puebla-capital-en-tianguis-turistico-mexico-2026\/\",\"name\":\"Promueve gobierno de Pepe Chedraui, Puebla capital en Tianguis Tur\u00edstico M\u00e9xico 2026 - The Puebla Times\",\"isPartOf\":{\"@id\":\"https:\/\/thepueblatimes.mx\/#website\"},\"datePublished\":\"2026-04-30T14:42:13+00:00\",\"dateModified\":\"2026-04-30T14:42:13+00:00\",\"author\":{\"@id\":\"https:\/\/thepueblatimes.mx\/#\/schema\/person\/1664894c2f65ce2c7a08d8f5f905c13c\"},\"breadcrumb\":{\"@id\":\"https:\/\/thepueblatimes.mx\/index.php\/2026\/04\/30\/promueve-gobierno-de-pepe-chedraui-puebla-capital-en-tianguis-turistico-mexico-2026\/#breadcrumb\"},\"inLanguage\":\"es\",\"potentialAction\":[{\"@type\":\"ReadAction\",\"target\":[\"https:\/\/thepueblatimes.mx\/index.php\/2026\/04\/30\/promueve-gobierno-de-pepe-chedraui-puebla-capital-en-tianguis-turistico-mexico-2026\/\"]}]},{\"@type\":\"BreadcrumbList\",\"@id\":\"https:\/\/thepueblatimes.mx\/index.php\/2026\/04\/30\/promueve-gobierno-de-pepe-chedraui-puebla-capital-en-tianguis-turistico-mexico-2026\/#breadcrumb\",\"itemListElement\":[{\"@type\":\"ListItem\",\"position\":1,\"name\":\"Portada\",\"item\":\"https:\/\/thepueblatimes.mx\/\"},{\"@type\":\"ListItem\",\"position\":2,\"name\":\"Promueve gobierno de Pepe Chedraui, Puebla capital en Tianguis Tur\u00edstico M\u00e9xico 2026\"}]},{\"@type\":\"WebSite\",\"@id\":\"https:\/\/thepueblatimes.mx\/#website\",\"url\":\"https:\/\/thepueblatimes.mx\/\",\"name\":\"The Puebla Times\",\"description\":\"Noticias del Estado de Puebla\",\"potentialAction\":[{\"@type\":\"SearchAction\",\"target\":{\"@type\":\"EntryPoint\",\"urlTemplate\":\"https:\/\/thepueblatimes.mx\/?s={search_term_string}\"},\"query-input\":\"required name=search_term_string\"}],\"inLanguage\":\"es\"},{\"@type\":\"Person\",\"@id\":\"https:\/\/thepueblatimes.mx\/#\/schema\/person\/1664894c2f65ce2c7a08d8f5f905c13c\",\"name\":\"Sa\u00fal Hern\u00e1ndez\",\"image\":{\"@type\":\"ImageObject\",\"inLanguage\":\"es\",\"@id\":\"https:\/\/thepueblatimes.mx\/#\/schema\/person\/image\/\",\"url\":\"https:\/\/secure.gravatar.com\/avatar\/11be338693f243309532caad8f10c930?s=96&d=mm&r=g\",\"contentUrl\":\"https:\/\/secure.gravatar.com\/avatar\/11be338693f243309532caad8f10c930?s=96&d=mm&r=g\",\"caption\":\"Sa\u00fal Hern\u00e1ndez\"},\"url\":\"https:\/\/thepueblatimes.mx\/index.php\/author\/saulhernandez\/\"}]}<\/script>\n<!-- \/ Yoast SEO plugin. -->","yoast_head_json":{"title":"Promueve gobierno de Pepe Chedraui, Puebla capital en Tianguis Tur\u00edstico M\u00e9xico 2026 - The Puebla Times","robots":{"index":"index","follow":"follow","max-snippet":"max-snippet:-1","max-image-preview":"max-image-preview:large","max-video-preview":"max-video-preview:-1"},"canonical":"https:\/\/thepueblatimes.mx\/index.php\/2026\/04\/30\/promueve-gobierno-de-pepe-chedraui-puebla-capital-en-tianguis-turistico-mexico-2026\/","og_locale":"es_ES","og_type":"article","og_title":"Promueve gobierno de Pepe Chedraui, Puebla capital en Tianguis Tur\u00edstico M\u00e9xico 2026 - The Puebla Times","og_description":"ACAPULCO, Gro.- Los atractivos, patrimonio y modernidad que caracaterizan a la ciudad de Puebla y que la posicionan como un destino de referencia en el mundo, ser\u00e1n expuestos en el Tianguis Tur\u00edstico M\u00e9xico 2026, el encuentro m\u00e1s importante del sector en M\u00e9xico y con proyecci\u00f3n internacional. El secretario de Econom\u00eda y Turismo, Jaime Oropeza Casas;...","og_url":"https:\/\/thepueblatimes.mx\/index.php\/2026\/04\/30\/promueve-gobierno-de-pepe-chedraui-puebla-capital-en-tianguis-turistico-mexico-2026\/","og_site_name":"The Puebla Times","article_published_time":"2026-04-30T14:42:13+00:00","og_image":[{"width":1599,"height":899,"url":"https:\/\/thepueblatimes.mx\/wp-content\/uploads\/2026\/04\/WhatsApp-Image-2026-04-28-at-18.52.10.jpeg","type":"image\/jpeg"}],"author":"Sa\u00fal Hern\u00e1ndez","twitter_card":"summary_large_image","twitter_misc":{"Escrito por":"Sa\u00fal Hern\u00e1ndez","Tiempo de lectura":"1 minuto"},"schema":{"@context":"https:\/\/schema.org","@graph":[{"@type":"WebPage","@id":"https:\/\/thepueblatimes.mx\/index.php\/2026\/04\/30\/promueve-gobierno-de-pepe-chedraui-puebla-capital-en-tianguis-turistico-mexico-2026\/","url":"https:\/\/thepueblatimes.mx\/index.php\/2026\/04\/30\/promueve-gobierno-de-pepe-chedraui-puebla-capital-en-tianguis-turistico-mexico-2026\/","name":"Promueve gobierno de Pepe Chedraui, Puebla capital en Tianguis Tur\u00edstico M\u00e9xico 2026 - The Puebla Times","isPartOf":{"@id":"https:\/\/thepueblatimes.mx\/#website"},"datePublished":"2026-04-30T14:42:13+00:00","dateModified":"2026-04-30T14:42:13+00:00","author":{"@id":"https:\/\/thepueblatimes.mx\/#\/schema\/person\/1664894c2f65ce2c7a08d8f5f905c13c"},"breadcrumb":{"@id":"https:\/\/thepueblatimes.mx\/index.php\/2026\/04\/30\/promueve-gobierno-de-pepe-chedraui-puebla-capital-en-tianguis-turistico-mexico-2026\/#breadcrumb"},"inLanguage":"es","potentialAction":[{"@type":"ReadAction","target":["https:\/\/thepueblatimes.mx\/index.php\/2026\/04\/30\/promueve-gobierno-de-pepe-chedraui-puebla-capital-en-tianguis-turistico-mexico-2026\/"]}]},{"@type":"BreadcrumbList","@id":"https:\/\/thepueblatimes.mx\/index.php\/2026\/04\/30\/promueve-gobierno-de-pepe-chedraui-puebla-capital-en-tianguis-turistico-mexico-2026\/#breadcrumb","itemListElement":[{"@type":"ListItem","position":1,"name":"Portada","item":"https:\/\/thepueblatimes.mx\/"},{"@type":"ListItem","position":2,"name":"Promueve gobierno de Pepe Chedraui, Puebla capital en Tianguis Tur\u00edstico M\u00e9xico 2026"}]},{"@type":"WebSite","@id":"https:\/\/thepueblatimes.mx\/#website","url":"https:\/\/thepueblatimes.mx\/","name":"The Puebla Times","description":"Noticias del Estado de Puebla","potentialAction":[{"@type":"SearchAction","target":{"@type":"EntryPoint","urlTemplate":"https:\/\/thepueblatimes.mx\/?s={search_term_string}"},"query-input":"required name=search_term_string"}],"inLanguage":"es"},{"@type":"Person","@id":"https:\/\/thepueblatimes.mx\/#\/schema\/person\/1664894c2f65ce2c7a08d8f5f905c13c","name":"Sa\u00fal Hern\u00e1ndez","image":{"@type":"ImageObject","inLanguage":"es","@id":"https:\/\/thepueblatimes.mx\/#\/schema\/person\/image\/","url":"https:\/\/secure.gravatar.com\/avatar\/11be338693f243309532caad8f10c930?s=96&d=mm&r=g","contentUrl":"https:\/\/secure.gravatar.com\/avatar\/11be338693f243309532caad8f10c930?s=96&d=mm&r=g","caption":"Sa\u00fal Hern\u00e1ndez"},"url":"https:\/\/thepueblatimes.mx\/index.php\/author\/saulhernandez\/"}]}},"jetpack_featured_media_url":"https:\/\/thepueblatimes.mx\/wp-content\/uploads\/2026\/04\/WhatsApp-Image-2026-04-28-at-18.52.10.jpeg","_links":{"self":[{"href":"https:\/\/thepueblatimes.mx\/index.php\/wp-json\/wp\/v2\/posts\/37749"}],"collection":[{"href":"https:\/\/thepueblatimes.mx\/index.php\/wp-json\/wp\/v2\/posts"}],"about":[{"href":"https:\/\/thepueblatimes.mx\/index.php\/wp-json\/wp\/v2\/types\/post"}],"author":[{"embeddable":true,"href":"https:\/\/thepueblatimes.mx\/index.php\/wp-json\/wp\/v2\/users\/16"}],"replies":[{"embeddable":true,"href":"https:\/\/thepueblatimes.mx\/index.php\/wp-json\/wp\/v2\/comments?post=37749"}],"version-history":[{"count":1,"href":"https:\/\/thepueblatimes.mx\/index.php\/wp-json\/wp\/v2\/posts\/37749\/revisions"}],"predecessor-version":[{"id":37751,"href":"https:\/\/thepueblatimes.mx\/index.php\/wp-json\/wp\/v2\/posts\/37749\/revisions\/37751"}],"wp:featuredmedia":[{"embeddable":true,"href":"https:\/\/thepueblatimes.mx\/index.php\/wp-json\/wp\/v2\/media\/37750"}],"wp:attachment":[{"href":"https:\/\/thepueblatimes.mx\/index.php\/wp-json\/wp\/v2\/media?parent=37749"}],"wp:term":[{"taxonomy":"category","embeddable":true,"href":"https:\/\/thepueblatimes.mx\/index.php\/wp-json\/wp\/v2\/categories?post=37749"},{"taxonomy":"post_tag","embeddable":true,"href":"https:\/\/thepueblatimes.mx\/index.php\/wp-json\/wp\/v2\/tags?post=37749"}],"curies":[{"name":"wp","href":"https:\/\/api.w.org\/{rel}","templated":true}]}}