{"id":37745,"date":"2026-04-29T17:06:42","date_gmt":"2026-04-29T23:06:42","guid":{"rendered":"https:\/\/thepueblatimes.mx\/?p=37745"},"modified":"2026-04-29T17:06:42","modified_gmt":"2026-04-29T23:06:42","slug":"abandonan-cadaver-emplayado-en-texmelucan","status":"publish","type":"post","link":"https:\/\/thepueblatimes.mx\/index.php\/2026\/04\/29\/abandonan-cadaver-emplayado-en-texmelucan\/","title":{"rendered":"Abandonan cad\u00e1ver emplayado en Texmelucan"},"content":{"rendered":"<p>El cad\u00e1ver de un hombre emplayado y con un mensaje intimidatorio fue abandonado, al pie de un \u00e1rbol en el Camino Real en San Baltazar Temaxcalac, San Mart\u00edn Texmelucan, cerca de los l\u00edmites con Tepetitla de Lardiz\u00e1bal, Tlaxcala.<\/p>\n<p>Los datos iniciales refieren que es el cad\u00e1ver de un hombre de aproximadamente 30 a\u00f1os de edad, de complexi\u00f3n robusta, que vest\u00eda pantal\u00f3n de mezclilla de color azul, calzado tipo bot\u00edn de color beige gris\u00e1ceo.<\/p>\n<p>En general, estaba cubierto de telas y chamarras negras, y forrado de cinta adhesiva de color transparente.<\/p>\n<p>Junto al cad\u00e1ver se localiz\u00f3 un mensaje intimidatorio.<\/p>\n<p>Residentes de Tlaxcala habr\u00edan dado aviso a la autoridad, pero por el sitio en el que fue ubicado, la Fiscal\u00eda poblana se encargar\u00e1 de las investigaciones.<\/p>\n<p>De manera extraoficial se presume que el hombre habr\u00eda sido ultimado en otro sitio, y posteriormente fue trasladado y abandonado.<\/p>\n","protected":false},"excerpt":{"rendered":"<p>El cad\u00e1ver de un hombre emplayado y con un mensaje intimidatorio fue abandonado, al pie de un \u00e1rbol en el Camino Real en San Baltazar Temaxcalac, San Mart\u00edn Texmelucan, cerca de los l\u00edmites con Tepetitla de Lardiz\u00e1bal, Tlaxcala. Los datos iniciales refieren que es el cad\u00e1ver de un hombre de aproximadamente 30 a\u00f1os de edad,&#8230;<\/p>\n","protected":false},"author":16,"featured_media":37746,"comment_status":"closed","ping_status":"closed","sticky":false,"template":"","format":"standard","meta":[],"categories":[121],"tags":[4940,229,3498,1263],"yoast_head":"<!-- This site is optimized with the Yoast SEO plugin v20.8 - https:\/\/yoast.com\/wordpress\/plugins\/seo\/ -->\n<title>Abandonan cad\u00e1ver emplayado en Texmelucan - The Puebla Times<\/title>\n<meta name=\"robots\" content=\"index, follow, max-snippet:-1, max-image-preview:large, max-video-preview:-1\" \/>\n<link rel=\"canonical\" href=\"https:\/\/thepueblatimes.mx\/index.php\/2026\/04\/29\/abandonan-cadaver-emplayado-en-texmelucan\/\" \/>\n<meta property=\"og:locale\" content=\"es_ES\" \/>\n<meta property=\"og:type\" content=\"article\" \/>\n<meta property=\"og:title\" content=\"Abandonan cad\u00e1ver emplayado en Texmelucan - The Puebla Times\" \/>\n<meta property=\"og:description\" content=\"El cad\u00e1ver de un hombre emplayado y con un mensaje intimidatorio fue abandonado, al pie de un \u00e1rbol en el Camino Real en San Baltazar Temaxcalac, San Mart\u00edn Texmelucan, cerca de los l\u00edmites con Tepetitla de Lardiz\u00e1bal, Tlaxcala. Los datos iniciales refieren que es el cad\u00e1ver de un hombre de aproximadamente 30 a\u00f1os de edad,...\" \/>\n<meta property=\"og:url\" content=\"https:\/\/thepueblatimes.mx\/index.php\/2026\/04\/29\/abandonan-cadaver-emplayado-en-texmelucan\/\" \/>\n<meta property=\"og:site_name\" content=\"The Puebla Times\" \/>\n<meta property=\"article:published_time\" content=\"2026-04-29T23:06:42+00:00\" \/>\n<meta property=\"og:image\" content=\"https:\/\/thepueblatimes.mx\/wp-content\/uploads\/2026\/04\/muerto-cuerpo-canal-texmelucan-puebla.webp\" \/>\n\t<meta property=\"og:image:width\" content=\"1024\" \/>\n\t<meta property=\"og:image:height\" content=\"576\" \/>\n\t<meta property=\"og:image:type\" content=\"image\/webp\" \/>\n<meta name=\"author\" content=\"Sa\u00fal Hern\u00e1ndez\" \/>\n<meta name=\"twitter:card\" content=\"summary_large_image\" \/>\n<meta name=\"twitter:label1\" content=\"Escrito por\" \/>\n\t<meta name=\"twitter:data1\" content=\"Sa\u00fal Hern\u00e1ndez\" \/>\n\t<meta name=\"twitter:label2\" content=\"Tiempo de lectura\" \/>\n\t<meta name=\"twitter:data2\" content=\"1 minuto\" \/>\n<script type=\"application\/ld+json\" class=\"yoast-schema-graph\">{\"@context\":\"https:\/\/schema.org\",\"@graph\":[{\"@type\":\"WebPage\",\"@id\":\"https:\/\/thepueblatimes.mx\/index.php\/2026\/04\/29\/abandonan-cadaver-emplayado-en-texmelucan\/\",\"url\":\"https:\/\/thepueblatimes.mx\/index.php\/2026\/04\/29\/abandonan-cadaver-emplayado-en-texmelucan\/\",\"name\":\"Abandonan cad\u00e1ver emplayado en Texmelucan - The Puebla Times\",\"isPartOf\":{\"@id\":\"https:\/\/thepueblatimes.mx\/#website\"},\"datePublished\":\"2026-04-29T23:06:42+00:00\",\"dateModified\":\"2026-04-29T23:06:42+00:00\",\"author\":{\"@id\":\"https:\/\/thepueblatimes.mx\/#\/schema\/person\/1664894c2f65ce2c7a08d8f5f905c13c\"},\"breadcrumb\":{\"@id\":\"https:\/\/thepueblatimes.mx\/index.php\/2026\/04\/29\/abandonan-cadaver-emplayado-en-texmelucan\/#breadcrumb\"},\"inLanguage\":\"es\",\"potentialAction\":[{\"@type\":\"ReadAction\",\"target\":[\"https:\/\/thepueblatimes.mx\/index.php\/2026\/04\/29\/abandonan-cadaver-emplayado-en-texmelucan\/\"]}]},{\"@type\":\"BreadcrumbList\",\"@id\":\"https:\/\/thepueblatimes.mx\/index.php\/2026\/04\/29\/abandonan-cadaver-emplayado-en-texmelucan\/#breadcrumb\",\"itemListElement\":[{\"@type\":\"ListItem\",\"position\":1,\"name\":\"Portada\",\"item\":\"https:\/\/thepueblatimes.mx\/\"},{\"@type\":\"ListItem\",\"position\":2,\"name\":\"Abandonan cad\u00e1ver emplayado en Texmelucan\"}]},{\"@type\":\"WebSite\",\"@id\":\"https:\/\/thepueblatimes.mx\/#website\",\"url\":\"https:\/\/thepueblatimes.mx\/\",\"name\":\"The Puebla Times\",\"description\":\"Noticias del Estado de Puebla\",\"potentialAction\":[{\"@type\":\"SearchAction\",\"target\":{\"@type\":\"EntryPoint\",\"urlTemplate\":\"https:\/\/thepueblatimes.mx\/?s={search_term_string}\"},\"query-input\":\"required name=search_term_string\"}],\"inLanguage\":\"es\"},{\"@type\":\"Person\",\"@id\":\"https:\/\/thepueblatimes.mx\/#\/schema\/person\/1664894c2f65ce2c7a08d8f5f905c13c\",\"name\":\"Sa\u00fal Hern\u00e1ndez\",\"image\":{\"@type\":\"ImageObject\",\"inLanguage\":\"es\",\"@id\":\"https:\/\/thepueblatimes.mx\/#\/schema\/person\/image\/\",\"url\":\"https:\/\/secure.gravatar.com\/avatar\/11be338693f243309532caad8f10c930?s=96&d=mm&r=g\",\"contentUrl\":\"https:\/\/secure.gravatar.com\/avatar\/11be338693f243309532caad8f10c930?s=96&d=mm&r=g\",\"caption\":\"Sa\u00fal Hern\u00e1ndez\"},\"url\":\"https:\/\/thepueblatimes.mx\/index.php\/author\/saulhernandez\/\"}]}<\/script>\n<!-- \/ Yoast SEO plugin. -->","yoast_head_json":{"title":"Abandonan cad\u00e1ver emplayado en Texmelucan - The Puebla Times","robots":{"index":"index","follow":"follow","max-snippet":"max-snippet:-1","max-image-preview":"max-image-preview:large","max-video-preview":"max-video-preview:-1"},"canonical":"https:\/\/thepueblatimes.mx\/index.php\/2026\/04\/29\/abandonan-cadaver-emplayado-en-texmelucan\/","og_locale":"es_ES","og_type":"article","og_title":"Abandonan cad\u00e1ver emplayado en Texmelucan - The Puebla Times","og_description":"El cad\u00e1ver de un hombre emplayado y con un mensaje intimidatorio fue abandonado, al pie de un \u00e1rbol en el Camino Real en San Baltazar Temaxcalac, San Mart\u00edn Texmelucan, cerca de los l\u00edmites con Tepetitla de Lardiz\u00e1bal, Tlaxcala. Los datos iniciales refieren que es el cad\u00e1ver de un hombre de aproximadamente 30 a\u00f1os de edad,...","og_url":"https:\/\/thepueblatimes.mx\/index.php\/2026\/04\/29\/abandonan-cadaver-emplayado-en-texmelucan\/","og_site_name":"The Puebla Times","article_published_time":"2026-04-29T23:06:42+00:00","og_image":[{"width":1024,"height":576,"url":"https:\/\/thepueblatimes.mx\/wp-content\/uploads\/2026\/04\/muerto-cuerpo-canal-texmelucan-puebla.webp","type":"image\/webp"}],"author":"Sa\u00fal Hern\u00e1ndez","twitter_card":"summary_large_image","twitter_misc":{"Escrito por":"Sa\u00fal Hern\u00e1ndez","Tiempo de lectura":"1 minuto"},"schema":{"@context":"https:\/\/schema.org","@graph":[{"@type":"WebPage","@id":"https:\/\/thepueblatimes.mx\/index.php\/2026\/04\/29\/abandonan-cadaver-emplayado-en-texmelucan\/","url":"https:\/\/thepueblatimes.mx\/index.php\/2026\/04\/29\/abandonan-cadaver-emplayado-en-texmelucan\/","name":"Abandonan cad\u00e1ver emplayado en Texmelucan - The Puebla Times","isPartOf":{"@id":"https:\/\/thepueblatimes.mx\/#website"},"datePublished":"2026-04-29T23:06:42+00:00","dateModified":"2026-04-29T23:06:42+00:00","author":{"@id":"https:\/\/thepueblatimes.mx\/#\/schema\/person\/1664894c2f65ce2c7a08d8f5f905c13c"},"breadcrumb":{"@id":"https:\/\/thepueblatimes.mx\/index.php\/2026\/04\/29\/abandonan-cadaver-emplayado-en-texmelucan\/#breadcrumb"},"inLanguage":"es","potentialAction":[{"@type":"ReadAction","target":["https:\/\/thepueblatimes.mx\/index.php\/2026\/04\/29\/abandonan-cadaver-emplayado-en-texmelucan\/"]}]},{"@type":"BreadcrumbList","@id":"https:\/\/thepueblatimes.mx\/index.php\/2026\/04\/29\/abandonan-cadaver-emplayado-en-texmelucan\/#breadcrumb","itemListElement":[{"@type":"ListItem","position":1,"name":"Portada","item":"https:\/\/thepueblatimes.mx\/"},{"@type":"ListItem","position":2,"name":"Abandonan cad\u00e1ver emplayado en Texmelucan"}]},{"@type":"WebSite","@id":"https:\/\/thepueblatimes.mx\/#website","url":"https:\/\/thepueblatimes.mx\/","name":"The Puebla Times","description":"Noticias del Estado de Puebla","potentialAction":[{"@type":"SearchAction","target":{"@type":"EntryPoint","urlTemplate":"https:\/\/thepueblatimes.mx\/?s={search_term_string}"},"query-input":"required name=search_term_string"}],"inLanguage":"es"},{"@type":"Person","@id":"https:\/\/thepueblatimes.mx\/#\/schema\/person\/1664894c2f65ce2c7a08d8f5f905c13c","name":"Sa\u00fal Hern\u00e1ndez","image":{"@type":"ImageObject","inLanguage":"es","@id":"https:\/\/thepueblatimes.mx\/#\/schema\/person\/image\/","url":"https:\/\/secure.gravatar.com\/avatar\/11be338693f243309532caad8f10c930?s=96&d=mm&r=g","contentUrl":"https:\/\/secure.gravatar.com\/avatar\/11be338693f243309532caad8f10c930?s=96&d=mm&r=g","caption":"Sa\u00fal Hern\u00e1ndez"},"url":"https:\/\/thepueblatimes.mx\/index.php\/author\/saulhernandez\/"}]}},"jetpack_featured_media_url":"https:\/\/thepueblatimes.mx\/wp-content\/uploads\/2026\/04\/muerto-cuerpo-canal-texmelucan-puebla.webp","_links":{"self":[{"href":"https:\/\/thepueblatimes.mx\/index.php\/wp-json\/wp\/v2\/posts\/37745"}],"collection":[{"href":"https:\/\/thepueblatimes.mx\/index.php\/wp-json\/wp\/v2\/posts"}],"about":[{"href":"https:\/\/thepueblatimes.mx\/index.php\/wp-json\/wp\/v2\/types\/post"}],"author":[{"embeddable":true,"href":"https:\/\/thepueblatimes.mx\/index.php\/wp-json\/wp\/v2\/users\/16"}],"replies":[{"embeddable":true,"href":"https:\/\/thepueblatimes.mx\/index.php\/wp-json\/wp\/v2\/comments?post=37745"}],"version-history":[{"count":1,"href":"https:\/\/thepueblatimes.mx\/index.php\/wp-json\/wp\/v2\/posts\/37745\/revisions"}],"predecessor-version":[{"id":37747,"href":"https:\/\/thepueblatimes.mx\/index.php\/wp-json\/wp\/v2\/posts\/37745\/revisions\/37747"}],"wp:featuredmedia":[{"embeddable":true,"href":"https:\/\/thepueblatimes.mx\/index.php\/wp-json\/wp\/v2\/media\/37746"}],"wp:attachment":[{"href":"https:\/\/thepueblatimes.mx\/index.php\/wp-json\/wp\/v2\/media?parent=37745"}],"wp:term":[{"taxonomy":"category","embeddable":true,"href":"https:\/\/thepueblatimes.mx\/index.php\/wp-json\/wp\/v2\/categories?post=37745"},{"taxonomy":"post_tag","embeddable":true,"href":"https:\/\/thepueblatimes.mx\/index.php\/wp-json\/wp\/v2\/tags?post=37745"}],"curies":[{"name":"wp","href":"https:\/\/api.w.org\/{rel}","templated":true}]}}