{"id":37731,"date":"2026-04-29T11:36:06","date_gmt":"2026-04-29T17:36:06","guid":{"rendered":"https:\/\/thepueblatimes.mx\/?p=37731"},"modified":"2026-04-29T11:36:06","modified_gmt":"2026-04-29T17:36:06","slug":"feminicida-y-autoviudo-en-colonia-la-libertad","status":"publish","type":"post","link":"https:\/\/thepueblatimes.mx\/index.php\/2026\/04\/29\/feminicida-y-autoviudo-en-colonia-la-libertad\/","title":{"rendered":"Feminicida y autoviudo en colonia La Libertad"},"content":{"rendered":"<p>Un adulto mayor agredi\u00f3 a su esposa, identificada como Dolores, y le provoc\u00f3 la muerte, en la junta auxiliar de La Libertad.<\/p>\n<p>El crimen tuvo lugar en el domicilio de ambos adultos mayores, durante la noche del martes 28 de abril.<\/p>\n<p>De acuerdo a trascendidos la agresi\u00f3n se origin\u00f3 por una discusi\u00f3n sobre la propiedad de la casa que habitan.<\/p>\n<p>Cuando la discusi\u00f3n escal\u00f3, el hombre presuntamente agredi\u00f3 a la mujer con un desarmador y le infringi\u00f3 lesiones en el pecho y la espalda.<\/p>\n<p>Tras ser lesionada la mujer fue trasladada por su hija, al Hospital Carmen Serd\u00e1n, donde ingres\u00f3 de emergencia y recibi\u00f3 atenci\u00f3n m\u00e9dica, pero falleci\u00f3 como consecuencia de las heridas. En tanto el agresor de dio a la fuga.<\/p>\n<p>Finalmente, la autoridad ministerial fue notificado y un agente del Ministerio P\u00fablico inici\u00f3 la investigaci\u00f3n de caso.<\/p>\n","protected":false},"excerpt":{"rendered":"<p>Un adulto mayor agredi\u00f3 a su esposa, identificada como Dolores, y le provoc\u00f3 la muerte, en la junta auxiliar de La Libertad. El crimen tuvo lugar en el domicilio de ambos adultos mayores, durante la noche del martes 28 de abril. De acuerdo a trascendidos la agresi\u00f3n se origin\u00f3 por una discusi\u00f3n sobre la propiedad&#8230;<\/p>\n","protected":false},"author":16,"featured_media":37734,"comment_status":"closed","ping_status":"closed","sticky":false,"template":"","format":"standard","meta":[],"categories":[121],"tags":[250,2377,4937,2892,180],"yoast_head":"<!-- This site is optimized with the Yoast SEO plugin v20.8 - https:\/\/yoast.com\/wordpress\/plugins\/seo\/ -->\n<title>Feminicida y autoviudo en colonia La Libertad - The Puebla Times<\/title>\n<meta name=\"robots\" content=\"index, follow, max-snippet:-1, max-image-preview:large, max-video-preview:-1\" \/>\n<link rel=\"canonical\" href=\"https:\/\/thepueblatimes.mx\/index.php\/2026\/04\/29\/feminicida-y-autoviudo-en-colonia-la-libertad\/\" \/>\n<meta property=\"og:locale\" content=\"es_ES\" \/>\n<meta property=\"og:type\" content=\"article\" \/>\n<meta property=\"og:title\" content=\"Feminicida y autoviudo en colonia La Libertad - The Puebla Times\" \/>\n<meta property=\"og:description\" content=\"Un adulto mayor agredi\u00f3 a su esposa, identificada como Dolores, y le provoc\u00f3 la muerte, en la junta auxiliar de La Libertad. El crimen tuvo lugar en el domicilio de ambos adultos mayores, durante la noche del martes 28 de abril. De acuerdo a trascendidos la agresi\u00f3n se origin\u00f3 por una discusi\u00f3n sobre la propiedad...\" \/>\n<meta property=\"og:url\" content=\"https:\/\/thepueblatimes.mx\/index.php\/2026\/04\/29\/feminicida-y-autoviudo-en-colonia-la-libertad\/\" \/>\n<meta property=\"og:site_name\" content=\"The Puebla Times\" \/>\n<meta property=\"article:published_time\" content=\"2026-04-29T17:36:06+00:00\" \/>\n<meta property=\"og:image\" content=\"https:\/\/thepueblatimes.mx\/wp-content\/uploads\/2026\/04\/muerta-asesinada-libertad-puebla-feminicidio.webp\" \/>\n\t<meta property=\"og:image:width\" content=\"1024\" \/>\n\t<meta property=\"og:image:height\" content=\"576\" \/>\n\t<meta property=\"og:image:type\" content=\"image\/webp\" \/>\n<meta name=\"author\" content=\"Sa\u00fal Hern\u00e1ndez\" \/>\n<meta name=\"twitter:card\" content=\"summary_large_image\" \/>\n<meta name=\"twitter:label1\" content=\"Escrito por\" \/>\n\t<meta name=\"twitter:data1\" content=\"Sa\u00fal Hern\u00e1ndez\" \/>\n\t<meta name=\"twitter:label2\" content=\"Tiempo de lectura\" \/>\n\t<meta name=\"twitter:data2\" content=\"1 minuto\" \/>\n<script type=\"application\/ld+json\" class=\"yoast-schema-graph\">{\"@context\":\"https:\/\/schema.org\",\"@graph\":[{\"@type\":\"WebPage\",\"@id\":\"https:\/\/thepueblatimes.mx\/index.php\/2026\/04\/29\/feminicida-y-autoviudo-en-colonia-la-libertad\/\",\"url\":\"https:\/\/thepueblatimes.mx\/index.php\/2026\/04\/29\/feminicida-y-autoviudo-en-colonia-la-libertad\/\",\"name\":\"Feminicida y autoviudo en colonia La Libertad - The Puebla Times\",\"isPartOf\":{\"@id\":\"https:\/\/thepueblatimes.mx\/#website\"},\"datePublished\":\"2026-04-29T17:36:06+00:00\",\"dateModified\":\"2026-04-29T17:36:06+00:00\",\"author\":{\"@id\":\"https:\/\/thepueblatimes.mx\/#\/schema\/person\/1664894c2f65ce2c7a08d8f5f905c13c\"},\"breadcrumb\":{\"@id\":\"https:\/\/thepueblatimes.mx\/index.php\/2026\/04\/29\/feminicida-y-autoviudo-en-colonia-la-libertad\/#breadcrumb\"},\"inLanguage\":\"es\",\"potentialAction\":[{\"@type\":\"ReadAction\",\"target\":[\"https:\/\/thepueblatimes.mx\/index.php\/2026\/04\/29\/feminicida-y-autoviudo-en-colonia-la-libertad\/\"]}]},{\"@type\":\"BreadcrumbList\",\"@id\":\"https:\/\/thepueblatimes.mx\/index.php\/2026\/04\/29\/feminicida-y-autoviudo-en-colonia-la-libertad\/#breadcrumb\",\"itemListElement\":[{\"@type\":\"ListItem\",\"position\":1,\"name\":\"Portada\",\"item\":\"https:\/\/thepueblatimes.mx\/\"},{\"@type\":\"ListItem\",\"position\":2,\"name\":\"Feminicida y autoviudo en colonia La Libertad\"}]},{\"@type\":\"WebSite\",\"@id\":\"https:\/\/thepueblatimes.mx\/#website\",\"url\":\"https:\/\/thepueblatimes.mx\/\",\"name\":\"The Puebla Times\",\"description\":\"Noticias del Estado de Puebla\",\"potentialAction\":[{\"@type\":\"SearchAction\",\"target\":{\"@type\":\"EntryPoint\",\"urlTemplate\":\"https:\/\/thepueblatimes.mx\/?s={search_term_string}\"},\"query-input\":\"required name=search_term_string\"}],\"inLanguage\":\"es\"},{\"@type\":\"Person\",\"@id\":\"https:\/\/thepueblatimes.mx\/#\/schema\/person\/1664894c2f65ce2c7a08d8f5f905c13c\",\"name\":\"Sa\u00fal Hern\u00e1ndez\",\"image\":{\"@type\":\"ImageObject\",\"inLanguage\":\"es\",\"@id\":\"https:\/\/thepueblatimes.mx\/#\/schema\/person\/image\/\",\"url\":\"https:\/\/secure.gravatar.com\/avatar\/11be338693f243309532caad8f10c930?s=96&d=mm&r=g\",\"contentUrl\":\"https:\/\/secure.gravatar.com\/avatar\/11be338693f243309532caad8f10c930?s=96&d=mm&r=g\",\"caption\":\"Sa\u00fal Hern\u00e1ndez\"},\"url\":\"https:\/\/thepueblatimes.mx\/index.php\/author\/saulhernandez\/\"}]}<\/script>\n<!-- \/ Yoast SEO plugin. -->","yoast_head_json":{"title":"Feminicida y autoviudo en colonia La Libertad - The Puebla Times","robots":{"index":"index","follow":"follow","max-snippet":"max-snippet:-1","max-image-preview":"max-image-preview:large","max-video-preview":"max-video-preview:-1"},"canonical":"https:\/\/thepueblatimes.mx\/index.php\/2026\/04\/29\/feminicida-y-autoviudo-en-colonia-la-libertad\/","og_locale":"es_ES","og_type":"article","og_title":"Feminicida y autoviudo en colonia La Libertad - The Puebla Times","og_description":"Un adulto mayor agredi\u00f3 a su esposa, identificada como Dolores, y le provoc\u00f3 la muerte, en la junta auxiliar de La Libertad. El crimen tuvo lugar en el domicilio de ambos adultos mayores, durante la noche del martes 28 de abril. De acuerdo a trascendidos la agresi\u00f3n se origin\u00f3 por una discusi\u00f3n sobre la propiedad...","og_url":"https:\/\/thepueblatimes.mx\/index.php\/2026\/04\/29\/feminicida-y-autoviudo-en-colonia-la-libertad\/","og_site_name":"The Puebla Times","article_published_time":"2026-04-29T17:36:06+00:00","og_image":[{"width":1024,"height":576,"url":"https:\/\/thepueblatimes.mx\/wp-content\/uploads\/2026\/04\/muerta-asesinada-libertad-puebla-feminicidio.webp","type":"image\/webp"}],"author":"Sa\u00fal Hern\u00e1ndez","twitter_card":"summary_large_image","twitter_misc":{"Escrito por":"Sa\u00fal Hern\u00e1ndez","Tiempo de lectura":"1 minuto"},"schema":{"@context":"https:\/\/schema.org","@graph":[{"@type":"WebPage","@id":"https:\/\/thepueblatimes.mx\/index.php\/2026\/04\/29\/feminicida-y-autoviudo-en-colonia-la-libertad\/","url":"https:\/\/thepueblatimes.mx\/index.php\/2026\/04\/29\/feminicida-y-autoviudo-en-colonia-la-libertad\/","name":"Feminicida y autoviudo en colonia La Libertad - The Puebla Times","isPartOf":{"@id":"https:\/\/thepueblatimes.mx\/#website"},"datePublished":"2026-04-29T17:36:06+00:00","dateModified":"2026-04-29T17:36:06+00:00","author":{"@id":"https:\/\/thepueblatimes.mx\/#\/schema\/person\/1664894c2f65ce2c7a08d8f5f905c13c"},"breadcrumb":{"@id":"https:\/\/thepueblatimes.mx\/index.php\/2026\/04\/29\/feminicida-y-autoviudo-en-colonia-la-libertad\/#breadcrumb"},"inLanguage":"es","potentialAction":[{"@type":"ReadAction","target":["https:\/\/thepueblatimes.mx\/index.php\/2026\/04\/29\/feminicida-y-autoviudo-en-colonia-la-libertad\/"]}]},{"@type":"BreadcrumbList","@id":"https:\/\/thepueblatimes.mx\/index.php\/2026\/04\/29\/feminicida-y-autoviudo-en-colonia-la-libertad\/#breadcrumb","itemListElement":[{"@type":"ListItem","position":1,"name":"Portada","item":"https:\/\/thepueblatimes.mx\/"},{"@type":"ListItem","position":2,"name":"Feminicida y autoviudo en colonia La Libertad"}]},{"@type":"WebSite","@id":"https:\/\/thepueblatimes.mx\/#website","url":"https:\/\/thepueblatimes.mx\/","name":"The Puebla Times","description":"Noticias del Estado de Puebla","potentialAction":[{"@type":"SearchAction","target":{"@type":"EntryPoint","urlTemplate":"https:\/\/thepueblatimes.mx\/?s={search_term_string}"},"query-input":"required name=search_term_string"}],"inLanguage":"es"},{"@type":"Person","@id":"https:\/\/thepueblatimes.mx\/#\/schema\/person\/1664894c2f65ce2c7a08d8f5f905c13c","name":"Sa\u00fal Hern\u00e1ndez","image":{"@type":"ImageObject","inLanguage":"es","@id":"https:\/\/thepueblatimes.mx\/#\/schema\/person\/image\/","url":"https:\/\/secure.gravatar.com\/avatar\/11be338693f243309532caad8f10c930?s=96&d=mm&r=g","contentUrl":"https:\/\/secure.gravatar.com\/avatar\/11be338693f243309532caad8f10c930?s=96&d=mm&r=g","caption":"Sa\u00fal Hern\u00e1ndez"},"url":"https:\/\/thepueblatimes.mx\/index.php\/author\/saulhernandez\/"}]}},"jetpack_featured_media_url":"https:\/\/thepueblatimes.mx\/wp-content\/uploads\/2026\/04\/muerta-asesinada-libertad-puebla-feminicidio.webp","_links":{"self":[{"href":"https:\/\/thepueblatimes.mx\/index.php\/wp-json\/wp\/v2\/posts\/37731"}],"collection":[{"href":"https:\/\/thepueblatimes.mx\/index.php\/wp-json\/wp\/v2\/posts"}],"about":[{"href":"https:\/\/thepueblatimes.mx\/index.php\/wp-json\/wp\/v2\/types\/post"}],"author":[{"embeddable":true,"href":"https:\/\/thepueblatimes.mx\/index.php\/wp-json\/wp\/v2\/users\/16"}],"replies":[{"embeddable":true,"href":"https:\/\/thepueblatimes.mx\/index.php\/wp-json\/wp\/v2\/comments?post=37731"}],"version-history":[{"count":1,"href":"https:\/\/thepueblatimes.mx\/index.php\/wp-json\/wp\/v2\/posts\/37731\/revisions"}],"predecessor-version":[{"id":37735,"href":"https:\/\/thepueblatimes.mx\/index.php\/wp-json\/wp\/v2\/posts\/37731\/revisions\/37735"}],"wp:featuredmedia":[{"embeddable":true,"href":"https:\/\/thepueblatimes.mx\/index.php\/wp-json\/wp\/v2\/media\/37734"}],"wp:attachment":[{"href":"https:\/\/thepueblatimes.mx\/index.php\/wp-json\/wp\/v2\/media?parent=37731"}],"wp:term":[{"taxonomy":"category","embeddable":true,"href":"https:\/\/thepueblatimes.mx\/index.php\/wp-json\/wp\/v2\/categories?post=37731"},{"taxonomy":"post_tag","embeddable":true,"href":"https:\/\/thepueblatimes.mx\/index.php\/wp-json\/wp\/v2\/tags?post=37731"}],"curies":[{"name":"wp","href":"https:\/\/api.w.org\/{rel}","templated":true}]}}