{"id":37730,"date":"2026-04-29T11:18:43","date_gmt":"2026-04-29T17:18:43","guid":{"rendered":"https:\/\/thepueblatimes.mx\/?p=37730"},"modified":"2026-04-29T11:18:43","modified_gmt":"2026-04-29T17:18:43","slug":"balean-a-repartidor-sobre-la-via-atlixcayotl-en-puebla","status":"publish","type":"post","link":"https:\/\/thepueblatimes.mx\/index.php\/2026\/04\/29\/balean-a-repartidor-sobre-la-via-atlixcayotl-en-puebla\/","title":{"rendered":"Balean a repartidor sobre la V\u00eda Atlixc\u00e1yotl en Puebla"},"content":{"rendered":"<p>Un repartidor, de 24 a\u00f1os de edad, fue herido con arma de fuego mientras circulaba en su motocicleta sobre la V\u00eda Atlixc\u00e1yotl.<\/p>\n<p>El il\u00edcito tuvo lugar en la zona donde anteriormente se han registrado otros ataques similares.<\/p>\n<p>Informaci\u00f3n de Imagen Televisi\u00f3n Puebla, refiere que tuvo lugar la tarde del 16 de abril, cuando el repartidor regresaba a su casa luego de terminar su jornada laboral.<\/p>\n<p>El lesionado refiri\u00f3 que antes de llegar al puente del Bulevar del Ni\u00f1o Poblano, sinti\u00f3 un golpe fuerte en la pierna derecha, pero pens\u00f3 que se trataba de una piedra, pero finalmente se percat\u00f3 de que sangraba.<\/p>\n<p>Avanz\u00f3 unos metros hasta que se detuvo para pedir ayuda y personas que transitaban por la zona lo auxiliaron, hasta que fue valorado por param\u00e9dicos quienes lo trasladaron al Hospital de Traumatolog\u00eda y Ortopedia del Instituto Mexicano del Seguro Social.<\/p>\n<p>Indico que en los pr\u00f3ximos d\u00edas acudir\u00e1 a presentar la denuncia correspondiente ante la Fiscal\u00eda General del Estado.<\/p>\n","protected":false},"excerpt":{"rendered":"<p>Un repartidor, de 24 a\u00f1os de edad, fue herido con arma de fuego mientras circulaba en su motocicleta sobre la V\u00eda Atlixc\u00e1yotl. El il\u00edcito tuvo lugar en la zona donde anteriormente se han registrado otros ataques similares. Informaci\u00f3n de Imagen Televisi\u00f3n Puebla, refiere que tuvo lugar la tarde del 16 de abril, cuando el repartidor&#8230;<\/p>\n","protected":false},"author":16,"featured_media":37732,"comment_status":"closed","ping_status":"closed","sticky":false,"template":"","format":"standard","meta":[],"categories":[121],"tags":[589,3337,591,4936,1680],"yoast_head":"<!-- This site is optimized with the Yoast SEO plugin v20.8 - https:\/\/yoast.com\/wordpress\/plugins\/seo\/ -->\n<title>Balean a repartidor sobre la V\u00eda Atlixc\u00e1yotl en Puebla - The Puebla Times<\/title>\n<meta name=\"robots\" content=\"index, follow, max-snippet:-1, max-image-preview:large, max-video-preview:-1\" \/>\n<link rel=\"canonical\" href=\"https:\/\/thepueblatimes.mx\/index.php\/2026\/04\/29\/balean-a-repartidor-sobre-la-via-atlixcayotl-en-puebla\/\" \/>\n<meta property=\"og:locale\" content=\"es_ES\" \/>\n<meta property=\"og:type\" content=\"article\" \/>\n<meta property=\"og:title\" content=\"Balean a repartidor sobre la V\u00eda Atlixc\u00e1yotl en Puebla - The Puebla Times\" \/>\n<meta property=\"og:description\" content=\"Un repartidor, de 24 a\u00f1os de edad, fue herido con arma de fuego mientras circulaba en su motocicleta sobre la V\u00eda Atlixc\u00e1yotl. El il\u00edcito tuvo lugar en la zona donde anteriormente se han registrado otros ataques similares. Informaci\u00f3n de Imagen Televisi\u00f3n Puebla, refiere que tuvo lugar la tarde del 16 de abril, cuando el repartidor...\" \/>\n<meta property=\"og:url\" content=\"https:\/\/thepueblatimes.mx\/index.php\/2026\/04\/29\/balean-a-repartidor-sobre-la-via-atlixcayotl-en-puebla\/\" \/>\n<meta property=\"og:site_name\" content=\"The Puebla Times\" \/>\n<meta property=\"article:published_time\" content=\"2026-04-29T17:18:43+00:00\" \/>\n<meta property=\"og:image\" content=\"https:\/\/thepueblatimes.mx\/wp-content\/uploads\/2026\/04\/disparos-en-via-atlixcayotl-dejan-a-repartidor-herido-y-reavivan-temor-en-angelopolis-agresor-sigue-sin-identificarse-850x560-1.jpg\" \/>\n\t<meta property=\"og:image:width\" content=\"850\" \/>\n\t<meta property=\"og:image:height\" content=\"560\" \/>\n\t<meta property=\"og:image:type\" content=\"image\/jpeg\" \/>\n<meta name=\"author\" content=\"Sa\u00fal Hern\u00e1ndez\" \/>\n<meta name=\"twitter:card\" content=\"summary_large_image\" \/>\n<meta name=\"twitter:label1\" content=\"Escrito por\" \/>\n\t<meta name=\"twitter:data1\" content=\"Sa\u00fal Hern\u00e1ndez\" \/>\n\t<meta name=\"twitter:label2\" content=\"Tiempo de lectura\" \/>\n\t<meta name=\"twitter:data2\" content=\"1 minuto\" \/>\n<script type=\"application\/ld+json\" class=\"yoast-schema-graph\">{\"@context\":\"https:\/\/schema.org\",\"@graph\":[{\"@type\":\"WebPage\",\"@id\":\"https:\/\/thepueblatimes.mx\/index.php\/2026\/04\/29\/balean-a-repartidor-sobre-la-via-atlixcayotl-en-puebla\/\",\"url\":\"https:\/\/thepueblatimes.mx\/index.php\/2026\/04\/29\/balean-a-repartidor-sobre-la-via-atlixcayotl-en-puebla\/\",\"name\":\"Balean a repartidor sobre la V\u00eda Atlixc\u00e1yotl en Puebla - The Puebla Times\",\"isPartOf\":{\"@id\":\"https:\/\/thepueblatimes.mx\/#website\"},\"datePublished\":\"2026-04-29T17:18:43+00:00\",\"dateModified\":\"2026-04-29T17:18:43+00:00\",\"author\":{\"@id\":\"https:\/\/thepueblatimes.mx\/#\/schema\/person\/1664894c2f65ce2c7a08d8f5f905c13c\"},\"breadcrumb\":{\"@id\":\"https:\/\/thepueblatimes.mx\/index.php\/2026\/04\/29\/balean-a-repartidor-sobre-la-via-atlixcayotl-en-puebla\/#breadcrumb\"},\"inLanguage\":\"es\",\"potentialAction\":[{\"@type\":\"ReadAction\",\"target\":[\"https:\/\/thepueblatimes.mx\/index.php\/2026\/04\/29\/balean-a-repartidor-sobre-la-via-atlixcayotl-en-puebla\/\"]}]},{\"@type\":\"BreadcrumbList\",\"@id\":\"https:\/\/thepueblatimes.mx\/index.php\/2026\/04\/29\/balean-a-repartidor-sobre-la-via-atlixcayotl-en-puebla\/#breadcrumb\",\"itemListElement\":[{\"@type\":\"ListItem\",\"position\":1,\"name\":\"Portada\",\"item\":\"https:\/\/thepueblatimes.mx\/\"},{\"@type\":\"ListItem\",\"position\":2,\"name\":\"Balean a repartidor sobre la V\u00eda Atlixc\u00e1yotl en Puebla\"}]},{\"@type\":\"WebSite\",\"@id\":\"https:\/\/thepueblatimes.mx\/#website\",\"url\":\"https:\/\/thepueblatimes.mx\/\",\"name\":\"The Puebla Times\",\"description\":\"Noticias del Estado de Puebla\",\"potentialAction\":[{\"@type\":\"SearchAction\",\"target\":{\"@type\":\"EntryPoint\",\"urlTemplate\":\"https:\/\/thepueblatimes.mx\/?s={search_term_string}\"},\"query-input\":\"required name=search_term_string\"}],\"inLanguage\":\"es\"},{\"@type\":\"Person\",\"@id\":\"https:\/\/thepueblatimes.mx\/#\/schema\/person\/1664894c2f65ce2c7a08d8f5f905c13c\",\"name\":\"Sa\u00fal Hern\u00e1ndez\",\"image\":{\"@type\":\"ImageObject\",\"inLanguage\":\"es\",\"@id\":\"https:\/\/thepueblatimes.mx\/#\/schema\/person\/image\/\",\"url\":\"https:\/\/secure.gravatar.com\/avatar\/11be338693f243309532caad8f10c930?s=96&d=mm&r=g\",\"contentUrl\":\"https:\/\/secure.gravatar.com\/avatar\/11be338693f243309532caad8f10c930?s=96&d=mm&r=g\",\"caption\":\"Sa\u00fal Hern\u00e1ndez\"},\"url\":\"https:\/\/thepueblatimes.mx\/index.php\/author\/saulhernandez\/\"}]}<\/script>\n<!-- \/ Yoast SEO plugin. -->","yoast_head_json":{"title":"Balean a repartidor sobre la V\u00eda Atlixc\u00e1yotl en Puebla - The Puebla Times","robots":{"index":"index","follow":"follow","max-snippet":"max-snippet:-1","max-image-preview":"max-image-preview:large","max-video-preview":"max-video-preview:-1"},"canonical":"https:\/\/thepueblatimes.mx\/index.php\/2026\/04\/29\/balean-a-repartidor-sobre-la-via-atlixcayotl-en-puebla\/","og_locale":"es_ES","og_type":"article","og_title":"Balean a repartidor sobre la V\u00eda Atlixc\u00e1yotl en Puebla - The Puebla Times","og_description":"Un repartidor, de 24 a\u00f1os de edad, fue herido con arma de fuego mientras circulaba en su motocicleta sobre la V\u00eda Atlixc\u00e1yotl. El il\u00edcito tuvo lugar en la zona donde anteriormente se han registrado otros ataques similares. Informaci\u00f3n de Imagen Televisi\u00f3n Puebla, refiere que tuvo lugar la tarde del 16 de abril, cuando el repartidor...","og_url":"https:\/\/thepueblatimes.mx\/index.php\/2026\/04\/29\/balean-a-repartidor-sobre-la-via-atlixcayotl-en-puebla\/","og_site_name":"The Puebla Times","article_published_time":"2026-04-29T17:18:43+00:00","og_image":[{"width":850,"height":560,"url":"https:\/\/thepueblatimes.mx\/wp-content\/uploads\/2026\/04\/disparos-en-via-atlixcayotl-dejan-a-repartidor-herido-y-reavivan-temor-en-angelopolis-agresor-sigue-sin-identificarse-850x560-1.jpg","type":"image\/jpeg"}],"author":"Sa\u00fal Hern\u00e1ndez","twitter_card":"summary_large_image","twitter_misc":{"Escrito por":"Sa\u00fal Hern\u00e1ndez","Tiempo de lectura":"1 minuto"},"schema":{"@context":"https:\/\/schema.org","@graph":[{"@type":"WebPage","@id":"https:\/\/thepueblatimes.mx\/index.php\/2026\/04\/29\/balean-a-repartidor-sobre-la-via-atlixcayotl-en-puebla\/","url":"https:\/\/thepueblatimes.mx\/index.php\/2026\/04\/29\/balean-a-repartidor-sobre-la-via-atlixcayotl-en-puebla\/","name":"Balean a repartidor sobre la V\u00eda Atlixc\u00e1yotl en Puebla - The Puebla Times","isPartOf":{"@id":"https:\/\/thepueblatimes.mx\/#website"},"datePublished":"2026-04-29T17:18:43+00:00","dateModified":"2026-04-29T17:18:43+00:00","author":{"@id":"https:\/\/thepueblatimes.mx\/#\/schema\/person\/1664894c2f65ce2c7a08d8f5f905c13c"},"breadcrumb":{"@id":"https:\/\/thepueblatimes.mx\/index.php\/2026\/04\/29\/balean-a-repartidor-sobre-la-via-atlixcayotl-en-puebla\/#breadcrumb"},"inLanguage":"es","potentialAction":[{"@type":"ReadAction","target":["https:\/\/thepueblatimes.mx\/index.php\/2026\/04\/29\/balean-a-repartidor-sobre-la-via-atlixcayotl-en-puebla\/"]}]},{"@type":"BreadcrumbList","@id":"https:\/\/thepueblatimes.mx\/index.php\/2026\/04\/29\/balean-a-repartidor-sobre-la-via-atlixcayotl-en-puebla\/#breadcrumb","itemListElement":[{"@type":"ListItem","position":1,"name":"Portada","item":"https:\/\/thepueblatimes.mx\/"},{"@type":"ListItem","position":2,"name":"Balean a repartidor sobre la V\u00eda Atlixc\u00e1yotl en Puebla"}]},{"@type":"WebSite","@id":"https:\/\/thepueblatimes.mx\/#website","url":"https:\/\/thepueblatimes.mx\/","name":"The Puebla Times","description":"Noticias del Estado de Puebla","potentialAction":[{"@type":"SearchAction","target":{"@type":"EntryPoint","urlTemplate":"https:\/\/thepueblatimes.mx\/?s={search_term_string}"},"query-input":"required name=search_term_string"}],"inLanguage":"es"},{"@type":"Person","@id":"https:\/\/thepueblatimes.mx\/#\/schema\/person\/1664894c2f65ce2c7a08d8f5f905c13c","name":"Sa\u00fal Hern\u00e1ndez","image":{"@type":"ImageObject","inLanguage":"es","@id":"https:\/\/thepueblatimes.mx\/#\/schema\/person\/image\/","url":"https:\/\/secure.gravatar.com\/avatar\/11be338693f243309532caad8f10c930?s=96&d=mm&r=g","contentUrl":"https:\/\/secure.gravatar.com\/avatar\/11be338693f243309532caad8f10c930?s=96&d=mm&r=g","caption":"Sa\u00fal Hern\u00e1ndez"},"url":"https:\/\/thepueblatimes.mx\/index.php\/author\/saulhernandez\/"}]}},"jetpack_featured_media_url":"https:\/\/thepueblatimes.mx\/wp-content\/uploads\/2026\/04\/disparos-en-via-atlixcayotl-dejan-a-repartidor-herido-y-reavivan-temor-en-angelopolis-agresor-sigue-sin-identificarse-850x560-1.jpg","_links":{"self":[{"href":"https:\/\/thepueblatimes.mx\/index.php\/wp-json\/wp\/v2\/posts\/37730"}],"collection":[{"href":"https:\/\/thepueblatimes.mx\/index.php\/wp-json\/wp\/v2\/posts"}],"about":[{"href":"https:\/\/thepueblatimes.mx\/index.php\/wp-json\/wp\/v2\/types\/post"}],"author":[{"embeddable":true,"href":"https:\/\/thepueblatimes.mx\/index.php\/wp-json\/wp\/v2\/users\/16"}],"replies":[{"embeddable":true,"href":"https:\/\/thepueblatimes.mx\/index.php\/wp-json\/wp\/v2\/comments?post=37730"}],"version-history":[{"count":1,"href":"https:\/\/thepueblatimes.mx\/index.php\/wp-json\/wp\/v2\/posts\/37730\/revisions"}],"predecessor-version":[{"id":37733,"href":"https:\/\/thepueblatimes.mx\/index.php\/wp-json\/wp\/v2\/posts\/37730\/revisions\/37733"}],"wp:featuredmedia":[{"embeddable":true,"href":"https:\/\/thepueblatimes.mx\/index.php\/wp-json\/wp\/v2\/media\/37732"}],"wp:attachment":[{"href":"https:\/\/thepueblatimes.mx\/index.php\/wp-json\/wp\/v2\/media?parent=37730"}],"wp:term":[{"taxonomy":"category","embeddable":true,"href":"https:\/\/thepueblatimes.mx\/index.php\/wp-json\/wp\/v2\/categories?post=37730"},{"taxonomy":"post_tag","embeddable":true,"href":"https:\/\/thepueblatimes.mx\/index.php\/wp-json\/wp\/v2\/tags?post=37730"}],"curies":[{"name":"wp","href":"https:\/\/api.w.org\/{rel}","templated":true}]}}