{"id":37727,"date":"2026-04-28T16:35:39","date_gmt":"2026-04-28T22:35:39","guid":{"rendered":"https:\/\/thepueblatimes.mx\/?p=37727"},"modified":"2026-04-28T16:35:39","modified_gmt":"2026-04-28T22:35:39","slug":"dejan-sin-llantas-a-vehiculo-en-estacionamiento-de-plaza-crystal-en-puebla","status":"publish","type":"post","link":"https:\/\/thepueblatimes.mx\/index.php\/2026\/04\/28\/dejan-sin-llantas-a-vehiculo-en-estacionamiento-de-plaza-crystal-en-puebla\/","title":{"rendered":"Dejan sin llantas a veh\u00edculo en estacionamiento de Plaza Crystal en Puebla"},"content":{"rendered":"<p>En el estacionamiento de Plaza Crystal una camioneta fue dejada sin dos llantas, cuando el propietario se encontraba en el cine, durante la noche del lunes, 27 de abril.<\/p>\n<p>Al percatarse del robo el propietario del veh\u00edculo increp\u00f3 a los vigilantes, quienes no asumieron responsabilidad alguna.<\/p>\n<p>La camioneta fue dejada literalmente sobre tabiques, sin que de acuerdo a una narrativa general, alguien se haya percatado del momento en que se realiz\u00f3 el robo.<\/p>\n<p>El robo se suma a la larga lista de unidades delitos similares que se han registrado en estacionamientos de centros comerciales de la ciudad de Puebla y la zona conurbada.<\/p>\n","protected":false},"excerpt":{"rendered":"<p>En el estacionamiento de Plaza Crystal una camioneta fue dejada sin dos llantas, cuando el propietario se encontraba en el cine, durante la noche del lunes, 27 de abril. Al percatarse del robo el propietario del veh\u00edculo increp\u00f3 a los vigilantes, quienes no asumieron responsabilidad alguna. La camioneta fue dejada literalmente sobre tabiques, sin que&#8230;<\/p>\n","protected":false},"author":16,"featured_media":37728,"comment_status":"closed","ping_status":"closed","sticky":false,"template":"","format":"standard","meta":[],"categories":[121],"tags":[3707,3817,4935,32],"yoast_head":"<!-- This site is optimized with the Yoast SEO plugin v20.8 - https:\/\/yoast.com\/wordpress\/plugins\/seo\/ -->\n<title>Dejan sin llantas a veh\u00edculo en estacionamiento de Plaza Crystal en Puebla - The Puebla Times<\/title>\n<meta name=\"robots\" content=\"index, follow, max-snippet:-1, max-image-preview:large, max-video-preview:-1\" \/>\n<link rel=\"canonical\" href=\"https:\/\/thepueblatimes.mx\/index.php\/2026\/04\/28\/dejan-sin-llantas-a-vehiculo-en-estacionamiento-de-plaza-crystal-en-puebla\/\" \/>\n<meta property=\"og:locale\" content=\"es_ES\" \/>\n<meta property=\"og:type\" content=\"article\" \/>\n<meta property=\"og:title\" content=\"Dejan sin llantas a veh\u00edculo en estacionamiento de Plaza Crystal en Puebla - The Puebla Times\" \/>\n<meta property=\"og:description\" content=\"En el estacionamiento de Plaza Crystal una camioneta fue dejada sin dos llantas, cuando el propietario se encontraba en el cine, durante la noche del lunes, 27 de abril. Al percatarse del robo el propietario del veh\u00edculo increp\u00f3 a los vigilantes, quienes no asumieron responsabilidad alguna. La camioneta fue dejada literalmente sobre tabiques, sin que...\" \/>\n<meta property=\"og:url\" content=\"https:\/\/thepueblatimes.mx\/index.php\/2026\/04\/28\/dejan-sin-llantas-a-vehiculo-en-estacionamiento-de-plaza-crystal-en-puebla\/\" \/>\n<meta property=\"og:site_name\" content=\"The Puebla Times\" \/>\n<meta property=\"article:published_time\" content=\"2026-04-28T22:35:39+00:00\" \/>\n<meta property=\"og:image\" content=\"https:\/\/thepueblatimes.mx\/wp-content\/uploads\/2026\/04\/se-roban-dos-llantas-de-camioneta-mientras-conductor-veia-pelicula-en-Plaza-Crystal_11zon.jpeg\" \/>\n\t<meta property=\"og:image:width\" content=\"1200\" \/>\n\t<meta property=\"og:image:height\" content=\"675\" \/>\n\t<meta property=\"og:image:type\" content=\"image\/jpeg\" \/>\n<meta name=\"author\" content=\"Sa\u00fal Hern\u00e1ndez\" \/>\n<meta name=\"twitter:card\" content=\"summary_large_image\" \/>\n<meta name=\"twitter:label1\" content=\"Escrito por\" \/>\n\t<meta name=\"twitter:data1\" content=\"Sa\u00fal Hern\u00e1ndez\" \/>\n\t<meta name=\"twitter:label2\" content=\"Tiempo de lectura\" \/>\n\t<meta name=\"twitter:data2\" content=\"1 minuto\" \/>\n<script type=\"application\/ld+json\" class=\"yoast-schema-graph\">{\"@context\":\"https:\/\/schema.org\",\"@graph\":[{\"@type\":\"WebPage\",\"@id\":\"https:\/\/thepueblatimes.mx\/index.php\/2026\/04\/28\/dejan-sin-llantas-a-vehiculo-en-estacionamiento-de-plaza-crystal-en-puebla\/\",\"url\":\"https:\/\/thepueblatimes.mx\/index.php\/2026\/04\/28\/dejan-sin-llantas-a-vehiculo-en-estacionamiento-de-plaza-crystal-en-puebla\/\",\"name\":\"Dejan sin llantas a veh\u00edculo en estacionamiento de Plaza Crystal en Puebla - The Puebla Times\",\"isPartOf\":{\"@id\":\"https:\/\/thepueblatimes.mx\/#website\"},\"datePublished\":\"2026-04-28T22:35:39+00:00\",\"dateModified\":\"2026-04-28T22:35:39+00:00\",\"author\":{\"@id\":\"https:\/\/thepueblatimes.mx\/#\/schema\/person\/1664894c2f65ce2c7a08d8f5f905c13c\"},\"breadcrumb\":{\"@id\":\"https:\/\/thepueblatimes.mx\/index.php\/2026\/04\/28\/dejan-sin-llantas-a-vehiculo-en-estacionamiento-de-plaza-crystal-en-puebla\/#breadcrumb\"},\"inLanguage\":\"es\",\"potentialAction\":[{\"@type\":\"ReadAction\",\"target\":[\"https:\/\/thepueblatimes.mx\/index.php\/2026\/04\/28\/dejan-sin-llantas-a-vehiculo-en-estacionamiento-de-plaza-crystal-en-puebla\/\"]}]},{\"@type\":\"BreadcrumbList\",\"@id\":\"https:\/\/thepueblatimes.mx\/index.php\/2026\/04\/28\/dejan-sin-llantas-a-vehiculo-en-estacionamiento-de-plaza-crystal-en-puebla\/#breadcrumb\",\"itemListElement\":[{\"@type\":\"ListItem\",\"position\":1,\"name\":\"Portada\",\"item\":\"https:\/\/thepueblatimes.mx\/\"},{\"@type\":\"ListItem\",\"position\":2,\"name\":\"Dejan sin llantas a veh\u00edculo en estacionamiento de Plaza Crystal en Puebla\"}]},{\"@type\":\"WebSite\",\"@id\":\"https:\/\/thepueblatimes.mx\/#website\",\"url\":\"https:\/\/thepueblatimes.mx\/\",\"name\":\"The Puebla Times\",\"description\":\"Noticias del Estado de Puebla\",\"potentialAction\":[{\"@type\":\"SearchAction\",\"target\":{\"@type\":\"EntryPoint\",\"urlTemplate\":\"https:\/\/thepueblatimes.mx\/?s={search_term_string}\"},\"query-input\":\"required name=search_term_string\"}],\"inLanguage\":\"es\"},{\"@type\":\"Person\",\"@id\":\"https:\/\/thepueblatimes.mx\/#\/schema\/person\/1664894c2f65ce2c7a08d8f5f905c13c\",\"name\":\"Sa\u00fal Hern\u00e1ndez\",\"image\":{\"@type\":\"ImageObject\",\"inLanguage\":\"es\",\"@id\":\"https:\/\/thepueblatimes.mx\/#\/schema\/person\/image\/\",\"url\":\"https:\/\/secure.gravatar.com\/avatar\/11be338693f243309532caad8f10c930?s=96&d=mm&r=g\",\"contentUrl\":\"https:\/\/secure.gravatar.com\/avatar\/11be338693f243309532caad8f10c930?s=96&d=mm&r=g\",\"caption\":\"Sa\u00fal Hern\u00e1ndez\"},\"url\":\"https:\/\/thepueblatimes.mx\/index.php\/author\/saulhernandez\/\"}]}<\/script>\n<!-- \/ Yoast SEO plugin. -->","yoast_head_json":{"title":"Dejan sin llantas a veh\u00edculo en estacionamiento de Plaza Crystal en Puebla - The Puebla Times","robots":{"index":"index","follow":"follow","max-snippet":"max-snippet:-1","max-image-preview":"max-image-preview:large","max-video-preview":"max-video-preview:-1"},"canonical":"https:\/\/thepueblatimes.mx\/index.php\/2026\/04\/28\/dejan-sin-llantas-a-vehiculo-en-estacionamiento-de-plaza-crystal-en-puebla\/","og_locale":"es_ES","og_type":"article","og_title":"Dejan sin llantas a veh\u00edculo en estacionamiento de Plaza Crystal en Puebla - The Puebla Times","og_description":"En el estacionamiento de Plaza Crystal una camioneta fue dejada sin dos llantas, cuando el propietario se encontraba en el cine, durante la noche del lunes, 27 de abril. Al percatarse del robo el propietario del veh\u00edculo increp\u00f3 a los vigilantes, quienes no asumieron responsabilidad alguna. La camioneta fue dejada literalmente sobre tabiques, sin que...","og_url":"https:\/\/thepueblatimes.mx\/index.php\/2026\/04\/28\/dejan-sin-llantas-a-vehiculo-en-estacionamiento-de-plaza-crystal-en-puebla\/","og_site_name":"The Puebla Times","article_published_time":"2026-04-28T22:35:39+00:00","og_image":[{"width":1200,"height":675,"url":"https:\/\/thepueblatimes.mx\/wp-content\/uploads\/2026\/04\/se-roban-dos-llantas-de-camioneta-mientras-conductor-veia-pelicula-en-Plaza-Crystal_11zon.jpeg","type":"image\/jpeg"}],"author":"Sa\u00fal Hern\u00e1ndez","twitter_card":"summary_large_image","twitter_misc":{"Escrito por":"Sa\u00fal Hern\u00e1ndez","Tiempo de lectura":"1 minuto"},"schema":{"@context":"https:\/\/schema.org","@graph":[{"@type":"WebPage","@id":"https:\/\/thepueblatimes.mx\/index.php\/2026\/04\/28\/dejan-sin-llantas-a-vehiculo-en-estacionamiento-de-plaza-crystal-en-puebla\/","url":"https:\/\/thepueblatimes.mx\/index.php\/2026\/04\/28\/dejan-sin-llantas-a-vehiculo-en-estacionamiento-de-plaza-crystal-en-puebla\/","name":"Dejan sin llantas a veh\u00edculo en estacionamiento de Plaza Crystal en Puebla - The Puebla Times","isPartOf":{"@id":"https:\/\/thepueblatimes.mx\/#website"},"datePublished":"2026-04-28T22:35:39+00:00","dateModified":"2026-04-28T22:35:39+00:00","author":{"@id":"https:\/\/thepueblatimes.mx\/#\/schema\/person\/1664894c2f65ce2c7a08d8f5f905c13c"},"breadcrumb":{"@id":"https:\/\/thepueblatimes.mx\/index.php\/2026\/04\/28\/dejan-sin-llantas-a-vehiculo-en-estacionamiento-de-plaza-crystal-en-puebla\/#breadcrumb"},"inLanguage":"es","potentialAction":[{"@type":"ReadAction","target":["https:\/\/thepueblatimes.mx\/index.php\/2026\/04\/28\/dejan-sin-llantas-a-vehiculo-en-estacionamiento-de-plaza-crystal-en-puebla\/"]}]},{"@type":"BreadcrumbList","@id":"https:\/\/thepueblatimes.mx\/index.php\/2026\/04\/28\/dejan-sin-llantas-a-vehiculo-en-estacionamiento-de-plaza-crystal-en-puebla\/#breadcrumb","itemListElement":[{"@type":"ListItem","position":1,"name":"Portada","item":"https:\/\/thepueblatimes.mx\/"},{"@type":"ListItem","position":2,"name":"Dejan sin llantas a veh\u00edculo en estacionamiento de Plaza Crystal en Puebla"}]},{"@type":"WebSite","@id":"https:\/\/thepueblatimes.mx\/#website","url":"https:\/\/thepueblatimes.mx\/","name":"The Puebla Times","description":"Noticias del Estado de Puebla","potentialAction":[{"@type":"SearchAction","target":{"@type":"EntryPoint","urlTemplate":"https:\/\/thepueblatimes.mx\/?s={search_term_string}"},"query-input":"required name=search_term_string"}],"inLanguage":"es"},{"@type":"Person","@id":"https:\/\/thepueblatimes.mx\/#\/schema\/person\/1664894c2f65ce2c7a08d8f5f905c13c","name":"Sa\u00fal Hern\u00e1ndez","image":{"@type":"ImageObject","inLanguage":"es","@id":"https:\/\/thepueblatimes.mx\/#\/schema\/person\/image\/","url":"https:\/\/secure.gravatar.com\/avatar\/11be338693f243309532caad8f10c930?s=96&d=mm&r=g","contentUrl":"https:\/\/secure.gravatar.com\/avatar\/11be338693f243309532caad8f10c930?s=96&d=mm&r=g","caption":"Sa\u00fal Hern\u00e1ndez"},"url":"https:\/\/thepueblatimes.mx\/index.php\/author\/saulhernandez\/"}]}},"jetpack_featured_media_url":"https:\/\/thepueblatimes.mx\/wp-content\/uploads\/2026\/04\/se-roban-dos-llantas-de-camioneta-mientras-conductor-veia-pelicula-en-Plaza-Crystal_11zon.jpeg","_links":{"self":[{"href":"https:\/\/thepueblatimes.mx\/index.php\/wp-json\/wp\/v2\/posts\/37727"}],"collection":[{"href":"https:\/\/thepueblatimes.mx\/index.php\/wp-json\/wp\/v2\/posts"}],"about":[{"href":"https:\/\/thepueblatimes.mx\/index.php\/wp-json\/wp\/v2\/types\/post"}],"author":[{"embeddable":true,"href":"https:\/\/thepueblatimes.mx\/index.php\/wp-json\/wp\/v2\/users\/16"}],"replies":[{"embeddable":true,"href":"https:\/\/thepueblatimes.mx\/index.php\/wp-json\/wp\/v2\/comments?post=37727"}],"version-history":[{"count":1,"href":"https:\/\/thepueblatimes.mx\/index.php\/wp-json\/wp\/v2\/posts\/37727\/revisions"}],"predecessor-version":[{"id":37729,"href":"https:\/\/thepueblatimes.mx\/index.php\/wp-json\/wp\/v2\/posts\/37727\/revisions\/37729"}],"wp:featuredmedia":[{"embeddable":true,"href":"https:\/\/thepueblatimes.mx\/index.php\/wp-json\/wp\/v2\/media\/37728"}],"wp:attachment":[{"href":"https:\/\/thepueblatimes.mx\/index.php\/wp-json\/wp\/v2\/media?parent=37727"}],"wp:term":[{"taxonomy":"category","embeddable":true,"href":"https:\/\/thepueblatimes.mx\/index.php\/wp-json\/wp\/v2\/categories?post=37727"},{"taxonomy":"post_tag","embeddable":true,"href":"https:\/\/thepueblatimes.mx\/index.php\/wp-json\/wp\/v2\/tags?post=37727"}],"curies":[{"name":"wp","href":"https:\/\/api.w.org\/{rel}","templated":true}]}}