{"id":37724,"date":"2026-04-28T16:26:26","date_gmt":"2026-04-28T22:26:26","guid":{"rendered":"https:\/\/thepueblatimes.mx\/?p=37724"},"modified":"2026-04-28T16:31:14","modified_gmt":"2026-04-28T22:31:14","slug":"ex-edil-de-tlachichuca-es-vinculado-a-proceso-y-se-complica-su-situacion-legal","status":"publish","type":"post","link":"https:\/\/thepueblatimes.mx\/index.php\/2026\/04\/28\/ex-edil-de-tlachichuca-es-vinculado-a-proceso-y-se-complica-su-situacion-legal\/","title":{"rendered":"Ex edil de Tlachichuca es vinculado a proceso y se complica su situaci\u00f3n legal"},"content":{"rendered":"<p>Un juez vincul\u00f3 a proceso a Uruviel N., ex presidente municipal de Tlachichuca, por el delito de ejercicio indebido de funciones p\u00fablicas, con lo que se complica su situaci\u00f3n legal.<\/p>\n<p>La resoluci\u00f3n se dio el 27 de abril de 2026 y de acuerdo con la Fiscal\u00eda General del Estado (FGE), los hechos por los que lo vincularon a proceso tuvieron lugar el 31 de marzo de 2018.<\/p>\n<p>En esa fecha, el exalcalde habr\u00eda designado a una persona como encargada de despacho del Ayuntamiento de Tlachichuca sin contar con facultades legales para hacerlo.<\/p>\n<p>En los hechos, habr\u00eda designado a Concepci\u00f3n Florentino Valencia para asumir funciones administrativas durante su ausencia, pasando por encima de la norma que establece que esa decisi\u00f3n correspond\u00eda al suplente o deb\u00eda ser definida por el Congreso del estado.<\/p>\n<p>Como parte del proceso, el 9 de octubre de 2024 se ejerci\u00f3 acci\u00f3n penal en su contra por falsificaci\u00f3n de documentos y ejercicio indebido de funciones.<\/p>\n<p>Uruviel fue detenido inicialmente en marzo de 2025, en un operativo en el que tambi\u00e9n fueron asegurados sus hermanos. Giovanni Gonz\u00e1lez Vieyra, exedil de Tlachichuca, y Ramiro Gonz\u00e1lez Vieyra, expresidente de San Nicol\u00e1s Buenos Aires.<\/p>\n","protected":false},"excerpt":{"rendered":"<p>Un juez vincul\u00f3 a proceso a Uruviel N., ex presidente municipal de Tlachichuca, por el delito de ejercicio indebido de funciones p\u00fablicas, con lo que se complica su situaci\u00f3n legal. La resoluci\u00f3n se dio el 27 de abril de 2026 y de acuerdo con la Fiscal\u00eda General del Estado (FGE), los hechos por los que&#8230;<\/p>\n","protected":false},"author":16,"featured_media":37725,"comment_status":"closed","ping_status":"closed","sticky":false,"template":"","format":"standard","meta":[],"categories":[121],"tags":[3562,3987,427,4934,4292],"yoast_head":"<!-- This site is optimized with the Yoast SEO plugin v20.8 - https:\/\/yoast.com\/wordpress\/plugins\/seo\/ -->\n<title>Ex edil de Tlachichuca es vinculado a proceso y se complica su situaci\u00f3n legal - The Puebla Times<\/title>\n<meta name=\"robots\" content=\"index, follow, max-snippet:-1, max-image-preview:large, max-video-preview:-1\" \/>\n<link rel=\"canonical\" href=\"https:\/\/thepueblatimes.mx\/index.php\/2026\/04\/28\/ex-edil-de-tlachichuca-es-vinculado-a-proceso-y-se-complica-su-situacion-legal\/\" \/>\n<meta property=\"og:locale\" content=\"es_ES\" \/>\n<meta property=\"og:type\" content=\"article\" \/>\n<meta property=\"og:title\" content=\"Ex edil de Tlachichuca es vinculado a proceso y se complica su situaci\u00f3n legal - The Puebla Times\" \/>\n<meta property=\"og:description\" content=\"Un juez vincul\u00f3 a proceso a Uruviel N., ex presidente municipal de Tlachichuca, por el delito de ejercicio indebido de funciones p\u00fablicas, con lo que se complica su situaci\u00f3n legal. La resoluci\u00f3n se dio el 27 de abril de 2026 y de acuerdo con la Fiscal\u00eda General del Estado (FGE), los hechos por los que...\" \/>\n<meta property=\"og:url\" content=\"https:\/\/thepueblatimes.mx\/index.php\/2026\/04\/28\/ex-edil-de-tlachichuca-es-vinculado-a-proceso-y-se-complica-su-situacion-legal\/\" \/>\n<meta property=\"og:site_name\" content=\"The Puebla Times\" \/>\n<meta property=\"article:published_time\" content=\"2026-04-28T22:26:26+00:00\" \/>\n<meta property=\"article:modified_time\" content=\"2026-04-28T22:31:14+00:00\" \/>\n<meta property=\"og:image\" content=\"https:\/\/thepueblatimes.mx\/wp-content\/uploads\/2026\/04\/WhatsApp-Image-2026-04-28-at-2.04.26-PM.jpeg\" \/>\n\t<meta property=\"og:image:width\" content=\"719\" \/>\n\t<meta property=\"og:image:height\" content=\"1280\" \/>\n\t<meta property=\"og:image:type\" content=\"image\/jpeg\" \/>\n<meta name=\"author\" content=\"Sa\u00fal Hern\u00e1ndez\" \/>\n<meta name=\"twitter:card\" content=\"summary_large_image\" \/>\n<meta name=\"twitter:label1\" content=\"Escrito por\" \/>\n\t<meta name=\"twitter:data1\" content=\"Sa\u00fal Hern\u00e1ndez\" \/>\n\t<meta name=\"twitter:label2\" content=\"Tiempo de lectura\" \/>\n\t<meta name=\"twitter:data2\" content=\"1 minuto\" \/>\n<script type=\"application\/ld+json\" class=\"yoast-schema-graph\">{\"@context\":\"https:\/\/schema.org\",\"@graph\":[{\"@type\":\"WebPage\",\"@id\":\"https:\/\/thepueblatimes.mx\/index.php\/2026\/04\/28\/ex-edil-de-tlachichuca-es-vinculado-a-proceso-y-se-complica-su-situacion-legal\/\",\"url\":\"https:\/\/thepueblatimes.mx\/index.php\/2026\/04\/28\/ex-edil-de-tlachichuca-es-vinculado-a-proceso-y-se-complica-su-situacion-legal\/\",\"name\":\"Ex edil de Tlachichuca es vinculado a proceso y se complica su situaci\u00f3n legal - The Puebla Times\",\"isPartOf\":{\"@id\":\"https:\/\/thepueblatimes.mx\/#website\"},\"datePublished\":\"2026-04-28T22:26:26+00:00\",\"dateModified\":\"2026-04-28T22:31:14+00:00\",\"author\":{\"@id\":\"https:\/\/thepueblatimes.mx\/#\/schema\/person\/1664894c2f65ce2c7a08d8f5f905c13c\"},\"breadcrumb\":{\"@id\":\"https:\/\/thepueblatimes.mx\/index.php\/2026\/04\/28\/ex-edil-de-tlachichuca-es-vinculado-a-proceso-y-se-complica-su-situacion-legal\/#breadcrumb\"},\"inLanguage\":\"es\",\"potentialAction\":[{\"@type\":\"ReadAction\",\"target\":[\"https:\/\/thepueblatimes.mx\/index.php\/2026\/04\/28\/ex-edil-de-tlachichuca-es-vinculado-a-proceso-y-se-complica-su-situacion-legal\/\"]}]},{\"@type\":\"BreadcrumbList\",\"@id\":\"https:\/\/thepueblatimes.mx\/index.php\/2026\/04\/28\/ex-edil-de-tlachichuca-es-vinculado-a-proceso-y-se-complica-su-situacion-legal\/#breadcrumb\",\"itemListElement\":[{\"@type\":\"ListItem\",\"position\":1,\"name\":\"Portada\",\"item\":\"https:\/\/thepueblatimes.mx\/\"},{\"@type\":\"ListItem\",\"position\":2,\"name\":\"Ex edil de Tlachichuca es vinculado a proceso y se complica su situaci\u00f3n legal\"}]},{\"@type\":\"WebSite\",\"@id\":\"https:\/\/thepueblatimes.mx\/#website\",\"url\":\"https:\/\/thepueblatimes.mx\/\",\"name\":\"The Puebla Times\",\"description\":\"Noticias del Estado de Puebla\",\"potentialAction\":[{\"@type\":\"SearchAction\",\"target\":{\"@type\":\"EntryPoint\",\"urlTemplate\":\"https:\/\/thepueblatimes.mx\/?s={search_term_string}\"},\"query-input\":\"required name=search_term_string\"}],\"inLanguage\":\"es\"},{\"@type\":\"Person\",\"@id\":\"https:\/\/thepueblatimes.mx\/#\/schema\/person\/1664894c2f65ce2c7a08d8f5f905c13c\",\"name\":\"Sa\u00fal Hern\u00e1ndez\",\"image\":{\"@type\":\"ImageObject\",\"inLanguage\":\"es\",\"@id\":\"https:\/\/thepueblatimes.mx\/#\/schema\/person\/image\/\",\"url\":\"https:\/\/secure.gravatar.com\/avatar\/11be338693f243309532caad8f10c930?s=96&d=mm&r=g\",\"contentUrl\":\"https:\/\/secure.gravatar.com\/avatar\/11be338693f243309532caad8f10c930?s=96&d=mm&r=g\",\"caption\":\"Sa\u00fal Hern\u00e1ndez\"},\"url\":\"https:\/\/thepueblatimes.mx\/index.php\/author\/saulhernandez\/\"}]}<\/script>\n<!-- \/ Yoast SEO plugin. -->","yoast_head_json":{"title":"Ex edil de Tlachichuca es vinculado a proceso y se complica su situaci\u00f3n legal - The Puebla Times","robots":{"index":"index","follow":"follow","max-snippet":"max-snippet:-1","max-image-preview":"max-image-preview:large","max-video-preview":"max-video-preview:-1"},"canonical":"https:\/\/thepueblatimes.mx\/index.php\/2026\/04\/28\/ex-edil-de-tlachichuca-es-vinculado-a-proceso-y-se-complica-su-situacion-legal\/","og_locale":"es_ES","og_type":"article","og_title":"Ex edil de Tlachichuca es vinculado a proceso y se complica su situaci\u00f3n legal - The Puebla Times","og_description":"Un juez vincul\u00f3 a proceso a Uruviel N., ex presidente municipal de Tlachichuca, por el delito de ejercicio indebido de funciones p\u00fablicas, con lo que se complica su situaci\u00f3n legal. La resoluci\u00f3n se dio el 27 de abril de 2026 y de acuerdo con la Fiscal\u00eda General del Estado (FGE), los hechos por los que...","og_url":"https:\/\/thepueblatimes.mx\/index.php\/2026\/04\/28\/ex-edil-de-tlachichuca-es-vinculado-a-proceso-y-se-complica-su-situacion-legal\/","og_site_name":"The Puebla Times","article_published_time":"2026-04-28T22:26:26+00:00","article_modified_time":"2026-04-28T22:31:14+00:00","og_image":[{"width":719,"height":1280,"url":"https:\/\/thepueblatimes.mx\/wp-content\/uploads\/2026\/04\/WhatsApp-Image-2026-04-28-at-2.04.26-PM.jpeg","type":"image\/jpeg"}],"author":"Sa\u00fal Hern\u00e1ndez","twitter_card":"summary_large_image","twitter_misc":{"Escrito por":"Sa\u00fal Hern\u00e1ndez","Tiempo de lectura":"1 minuto"},"schema":{"@context":"https:\/\/schema.org","@graph":[{"@type":"WebPage","@id":"https:\/\/thepueblatimes.mx\/index.php\/2026\/04\/28\/ex-edil-de-tlachichuca-es-vinculado-a-proceso-y-se-complica-su-situacion-legal\/","url":"https:\/\/thepueblatimes.mx\/index.php\/2026\/04\/28\/ex-edil-de-tlachichuca-es-vinculado-a-proceso-y-se-complica-su-situacion-legal\/","name":"Ex edil de Tlachichuca es vinculado a proceso y se complica su situaci\u00f3n legal - The Puebla Times","isPartOf":{"@id":"https:\/\/thepueblatimes.mx\/#website"},"datePublished":"2026-04-28T22:26:26+00:00","dateModified":"2026-04-28T22:31:14+00:00","author":{"@id":"https:\/\/thepueblatimes.mx\/#\/schema\/person\/1664894c2f65ce2c7a08d8f5f905c13c"},"breadcrumb":{"@id":"https:\/\/thepueblatimes.mx\/index.php\/2026\/04\/28\/ex-edil-de-tlachichuca-es-vinculado-a-proceso-y-se-complica-su-situacion-legal\/#breadcrumb"},"inLanguage":"es","potentialAction":[{"@type":"ReadAction","target":["https:\/\/thepueblatimes.mx\/index.php\/2026\/04\/28\/ex-edil-de-tlachichuca-es-vinculado-a-proceso-y-se-complica-su-situacion-legal\/"]}]},{"@type":"BreadcrumbList","@id":"https:\/\/thepueblatimes.mx\/index.php\/2026\/04\/28\/ex-edil-de-tlachichuca-es-vinculado-a-proceso-y-se-complica-su-situacion-legal\/#breadcrumb","itemListElement":[{"@type":"ListItem","position":1,"name":"Portada","item":"https:\/\/thepueblatimes.mx\/"},{"@type":"ListItem","position":2,"name":"Ex edil de Tlachichuca es vinculado a proceso y se complica su situaci\u00f3n legal"}]},{"@type":"WebSite","@id":"https:\/\/thepueblatimes.mx\/#website","url":"https:\/\/thepueblatimes.mx\/","name":"The Puebla Times","description":"Noticias del Estado de Puebla","potentialAction":[{"@type":"SearchAction","target":{"@type":"EntryPoint","urlTemplate":"https:\/\/thepueblatimes.mx\/?s={search_term_string}"},"query-input":"required name=search_term_string"}],"inLanguage":"es"},{"@type":"Person","@id":"https:\/\/thepueblatimes.mx\/#\/schema\/person\/1664894c2f65ce2c7a08d8f5f905c13c","name":"Sa\u00fal Hern\u00e1ndez","image":{"@type":"ImageObject","inLanguage":"es","@id":"https:\/\/thepueblatimes.mx\/#\/schema\/person\/image\/","url":"https:\/\/secure.gravatar.com\/avatar\/11be338693f243309532caad8f10c930?s=96&d=mm&r=g","contentUrl":"https:\/\/secure.gravatar.com\/avatar\/11be338693f243309532caad8f10c930?s=96&d=mm&r=g","caption":"Sa\u00fal Hern\u00e1ndez"},"url":"https:\/\/thepueblatimes.mx\/index.php\/author\/saulhernandez\/"}]}},"jetpack_featured_media_url":"https:\/\/thepueblatimes.mx\/wp-content\/uploads\/2026\/04\/WhatsApp-Image-2026-04-28-at-2.04.26-PM.jpeg","_links":{"self":[{"href":"https:\/\/thepueblatimes.mx\/index.php\/wp-json\/wp\/v2\/posts\/37724"}],"collection":[{"href":"https:\/\/thepueblatimes.mx\/index.php\/wp-json\/wp\/v2\/posts"}],"about":[{"href":"https:\/\/thepueblatimes.mx\/index.php\/wp-json\/wp\/v2\/types\/post"}],"author":[{"embeddable":true,"href":"https:\/\/thepueblatimes.mx\/index.php\/wp-json\/wp\/v2\/users\/16"}],"replies":[{"embeddable":true,"href":"https:\/\/thepueblatimes.mx\/index.php\/wp-json\/wp\/v2\/comments?post=37724"}],"version-history":[{"count":1,"href":"https:\/\/thepueblatimes.mx\/index.php\/wp-json\/wp\/v2\/posts\/37724\/revisions"}],"predecessor-version":[{"id":37726,"href":"https:\/\/thepueblatimes.mx\/index.php\/wp-json\/wp\/v2\/posts\/37724\/revisions\/37726"}],"wp:featuredmedia":[{"embeddable":true,"href":"https:\/\/thepueblatimes.mx\/index.php\/wp-json\/wp\/v2\/media\/37725"}],"wp:attachment":[{"href":"https:\/\/thepueblatimes.mx\/index.php\/wp-json\/wp\/v2\/media?parent=37724"}],"wp:term":[{"taxonomy":"category","embeddable":true,"href":"https:\/\/thepueblatimes.mx\/index.php\/wp-json\/wp\/v2\/categories?post=37724"},{"taxonomy":"post_tag","embeddable":true,"href":"https:\/\/thepueblatimes.mx\/index.php\/wp-json\/wp\/v2\/tags?post=37724"}],"curies":[{"name":"wp","href":"https:\/\/api.w.org\/{rel}","templated":true}]}}