{"id":37718,"date":"2026-04-28T15:51:06","date_gmt":"2026-04-28T21:51:06","guid":{"rendered":"https:\/\/thepueblatimes.mx\/?p=37718"},"modified":"2026-04-28T15:51:06","modified_gmt":"2026-04-28T21:51:06","slug":"secretaria-de-deporte-y-juventud-niega-distribucion-de-munecas","status":"publish","type":"post","link":"https:\/\/thepueblatimes.mx\/index.php\/2026\/04\/28\/secretaria-de-deporte-y-juventud-niega-distribucion-de-munecas\/","title":{"rendered":"Secretaria de Deporte y Juventud niega distribuci\u00f3n de mu\u00f1ecas"},"content":{"rendered":"<p>La titular de Deporte y Juventud en Puebla, Gabriela S\u00e1nchez Saavedra, rechaz\u00f3 tener v\u00ednculo con la distribuci\u00f3n y entrega de mu\u00f1ecas presuntamente ligadas su mote como boxeador \u201cLa Bonita\u201d, en colonias de la capital poblana.<\/p>\n<p>Advirti\u00f3 que desconoc\u00eda la existencia de estos art\u00edculos hasta que fue cuestionada por medios de comunicaci\u00f3n.<\/p>\n<p>En paralelo, dijo que revisar\u00e1 su procedencia.<\/p>\n<p>Expres\u00f3, \u201cno estaba enterada, me acabo de enterar ahorita por tu pregunta, voy a revisar\u201d.<\/p>\n<p>Asimismo, apunt\u00f3 que no identifica las mu\u00f1ecas como una representaci\u00f3n de su imagen y descart\u00f3 cualquier relaci\u00f3n con posibles fines electorales.<\/p>\n<p>Por su parte, el gobernador Alejandro Armenta Mier se\u00f1al\u00f3 que no se deben establecer etiquetas y expres\u00f3 que todas las mujeres poblanas pueden ser representadas sin distinciones.<\/p>\n","protected":false},"excerpt":{"rendered":"<p>La titular de Deporte y Juventud en Puebla, Gabriela S\u00e1nchez Saavedra, rechaz\u00f3 tener v\u00ednculo con la distribuci\u00f3n y entrega de mu\u00f1ecas presuntamente ligadas su mote como boxeador \u201cLa Bonita\u201d, en colonias de la capital poblana. Advirti\u00f3 que desconoc\u00eda la existencia de estos art\u00edculos hasta que fue cuestionada por medios de comunicaci\u00f3n. En paralelo, dijo que&#8230;<\/p>\n","protected":false},"author":16,"featured_media":37722,"comment_status":"closed","ping_status":"closed","sticky":false,"template":"","format":"standard","meta":[],"categories":[542],"tags":[2736,4906,4933,3941],"yoast_head":"<!-- This site is optimized with the Yoast SEO plugin v20.8 - https:\/\/yoast.com\/wordpress\/plugins\/seo\/ -->\n<title>Secretaria de Deporte y Juventud niega distribuci\u00f3n de mu\u00f1ecas - The Puebla Times<\/title>\n<meta name=\"robots\" content=\"index, follow, max-snippet:-1, max-image-preview:large, max-video-preview:-1\" \/>\n<link rel=\"canonical\" href=\"https:\/\/thepueblatimes.mx\/index.php\/2026\/04\/28\/secretaria-de-deporte-y-juventud-niega-distribucion-de-munecas\/\" \/>\n<meta property=\"og:locale\" content=\"es_ES\" \/>\n<meta property=\"og:type\" content=\"article\" \/>\n<meta property=\"og:title\" content=\"Secretaria de Deporte y Juventud niega distribuci\u00f3n de mu\u00f1ecas - The Puebla Times\" \/>\n<meta property=\"og:description\" content=\"La titular de Deporte y Juventud en Puebla, Gabriela S\u00e1nchez Saavedra, rechaz\u00f3 tener v\u00ednculo con la distribuci\u00f3n y entrega de mu\u00f1ecas presuntamente ligadas su mote como boxeador \u201cLa Bonita\u201d, en colonias de la capital poblana. Advirti\u00f3 que desconoc\u00eda la existencia de estos art\u00edculos hasta que fue cuestionada por medios de comunicaci\u00f3n. En paralelo, dijo que...\" \/>\n<meta property=\"og:url\" content=\"https:\/\/thepueblatimes.mx\/index.php\/2026\/04\/28\/secretaria-de-deporte-y-juventud-niega-distribucion-de-munecas\/\" \/>\n<meta property=\"og:site_name\" content=\"The Puebla Times\" \/>\n<meta property=\"article:published_time\" content=\"2026-04-28T21:51:06+00:00\" \/>\n<meta property=\"og:image\" content=\"https:\/\/thepueblatimes.mx\/wp-content\/uploads\/2026\/04\/Gaby-La-Bonita-Sanchez-denunciaria-si-continuan-los-ataques-en-su-contra-1024x678-1.jpeg\" \/>\n\t<meta property=\"og:image:width\" content=\"1024\" \/>\n\t<meta property=\"og:image:height\" content=\"678\" \/>\n\t<meta property=\"og:image:type\" content=\"image\/jpeg\" \/>\n<meta name=\"author\" content=\"Sa\u00fal Hern\u00e1ndez\" \/>\n<meta name=\"twitter:card\" content=\"summary_large_image\" \/>\n<meta name=\"twitter:label1\" content=\"Escrito por\" \/>\n\t<meta name=\"twitter:data1\" content=\"Sa\u00fal Hern\u00e1ndez\" \/>\n\t<meta name=\"twitter:label2\" content=\"Tiempo de lectura\" \/>\n\t<meta name=\"twitter:data2\" content=\"1 minuto\" \/>\n<script type=\"application\/ld+json\" class=\"yoast-schema-graph\">{\"@context\":\"https:\/\/schema.org\",\"@graph\":[{\"@type\":\"WebPage\",\"@id\":\"https:\/\/thepueblatimes.mx\/index.php\/2026\/04\/28\/secretaria-de-deporte-y-juventud-niega-distribucion-de-munecas\/\",\"url\":\"https:\/\/thepueblatimes.mx\/index.php\/2026\/04\/28\/secretaria-de-deporte-y-juventud-niega-distribucion-de-munecas\/\",\"name\":\"Secretaria de Deporte y Juventud niega distribuci\u00f3n de mu\u00f1ecas - The Puebla Times\",\"isPartOf\":{\"@id\":\"https:\/\/thepueblatimes.mx\/#website\"},\"datePublished\":\"2026-04-28T21:51:06+00:00\",\"dateModified\":\"2026-04-28T21:51:06+00:00\",\"author\":{\"@id\":\"https:\/\/thepueblatimes.mx\/#\/schema\/person\/1664894c2f65ce2c7a08d8f5f905c13c\"},\"breadcrumb\":{\"@id\":\"https:\/\/thepueblatimes.mx\/index.php\/2026\/04\/28\/secretaria-de-deporte-y-juventud-niega-distribucion-de-munecas\/#breadcrumb\"},\"inLanguage\":\"es\",\"potentialAction\":[{\"@type\":\"ReadAction\",\"target\":[\"https:\/\/thepueblatimes.mx\/index.php\/2026\/04\/28\/secretaria-de-deporte-y-juventud-niega-distribucion-de-munecas\/\"]}]},{\"@type\":\"BreadcrumbList\",\"@id\":\"https:\/\/thepueblatimes.mx\/index.php\/2026\/04\/28\/secretaria-de-deporte-y-juventud-niega-distribucion-de-munecas\/#breadcrumb\",\"itemListElement\":[{\"@type\":\"ListItem\",\"position\":1,\"name\":\"Portada\",\"item\":\"https:\/\/thepueblatimes.mx\/\"},{\"@type\":\"ListItem\",\"position\":2,\"name\":\"Secretaria de Deporte y Juventud niega distribuci\u00f3n de mu\u00f1ecas\"}]},{\"@type\":\"WebSite\",\"@id\":\"https:\/\/thepueblatimes.mx\/#website\",\"url\":\"https:\/\/thepueblatimes.mx\/\",\"name\":\"The Puebla Times\",\"description\":\"Noticias del Estado de Puebla\",\"potentialAction\":[{\"@type\":\"SearchAction\",\"target\":{\"@type\":\"EntryPoint\",\"urlTemplate\":\"https:\/\/thepueblatimes.mx\/?s={search_term_string}\"},\"query-input\":\"required name=search_term_string\"}],\"inLanguage\":\"es\"},{\"@type\":\"Person\",\"@id\":\"https:\/\/thepueblatimes.mx\/#\/schema\/person\/1664894c2f65ce2c7a08d8f5f905c13c\",\"name\":\"Sa\u00fal Hern\u00e1ndez\",\"image\":{\"@type\":\"ImageObject\",\"inLanguage\":\"es\",\"@id\":\"https:\/\/thepueblatimes.mx\/#\/schema\/person\/image\/\",\"url\":\"https:\/\/secure.gravatar.com\/avatar\/11be338693f243309532caad8f10c930?s=96&d=mm&r=g\",\"contentUrl\":\"https:\/\/secure.gravatar.com\/avatar\/11be338693f243309532caad8f10c930?s=96&d=mm&r=g\",\"caption\":\"Sa\u00fal Hern\u00e1ndez\"},\"url\":\"https:\/\/thepueblatimes.mx\/index.php\/author\/saulhernandez\/\"}]}<\/script>\n<!-- \/ Yoast SEO plugin. -->","yoast_head_json":{"title":"Secretaria de Deporte y Juventud niega distribuci\u00f3n de mu\u00f1ecas - The Puebla Times","robots":{"index":"index","follow":"follow","max-snippet":"max-snippet:-1","max-image-preview":"max-image-preview:large","max-video-preview":"max-video-preview:-1"},"canonical":"https:\/\/thepueblatimes.mx\/index.php\/2026\/04\/28\/secretaria-de-deporte-y-juventud-niega-distribucion-de-munecas\/","og_locale":"es_ES","og_type":"article","og_title":"Secretaria de Deporte y Juventud niega distribuci\u00f3n de mu\u00f1ecas - The Puebla Times","og_description":"La titular de Deporte y Juventud en Puebla, Gabriela S\u00e1nchez Saavedra, rechaz\u00f3 tener v\u00ednculo con la distribuci\u00f3n y entrega de mu\u00f1ecas presuntamente ligadas su mote como boxeador \u201cLa Bonita\u201d, en colonias de la capital poblana. Advirti\u00f3 que desconoc\u00eda la existencia de estos art\u00edculos hasta que fue cuestionada por medios de comunicaci\u00f3n. En paralelo, dijo que...","og_url":"https:\/\/thepueblatimes.mx\/index.php\/2026\/04\/28\/secretaria-de-deporte-y-juventud-niega-distribucion-de-munecas\/","og_site_name":"The Puebla Times","article_published_time":"2026-04-28T21:51:06+00:00","og_image":[{"width":1024,"height":678,"url":"https:\/\/thepueblatimes.mx\/wp-content\/uploads\/2026\/04\/Gaby-La-Bonita-Sanchez-denunciaria-si-continuan-los-ataques-en-su-contra-1024x678-1.jpeg","type":"image\/jpeg"}],"author":"Sa\u00fal Hern\u00e1ndez","twitter_card":"summary_large_image","twitter_misc":{"Escrito por":"Sa\u00fal Hern\u00e1ndez","Tiempo de lectura":"1 minuto"},"schema":{"@context":"https:\/\/schema.org","@graph":[{"@type":"WebPage","@id":"https:\/\/thepueblatimes.mx\/index.php\/2026\/04\/28\/secretaria-de-deporte-y-juventud-niega-distribucion-de-munecas\/","url":"https:\/\/thepueblatimes.mx\/index.php\/2026\/04\/28\/secretaria-de-deporte-y-juventud-niega-distribucion-de-munecas\/","name":"Secretaria de Deporte y Juventud niega distribuci\u00f3n de mu\u00f1ecas - The Puebla Times","isPartOf":{"@id":"https:\/\/thepueblatimes.mx\/#website"},"datePublished":"2026-04-28T21:51:06+00:00","dateModified":"2026-04-28T21:51:06+00:00","author":{"@id":"https:\/\/thepueblatimes.mx\/#\/schema\/person\/1664894c2f65ce2c7a08d8f5f905c13c"},"breadcrumb":{"@id":"https:\/\/thepueblatimes.mx\/index.php\/2026\/04\/28\/secretaria-de-deporte-y-juventud-niega-distribucion-de-munecas\/#breadcrumb"},"inLanguage":"es","potentialAction":[{"@type":"ReadAction","target":["https:\/\/thepueblatimes.mx\/index.php\/2026\/04\/28\/secretaria-de-deporte-y-juventud-niega-distribucion-de-munecas\/"]}]},{"@type":"BreadcrumbList","@id":"https:\/\/thepueblatimes.mx\/index.php\/2026\/04\/28\/secretaria-de-deporte-y-juventud-niega-distribucion-de-munecas\/#breadcrumb","itemListElement":[{"@type":"ListItem","position":1,"name":"Portada","item":"https:\/\/thepueblatimes.mx\/"},{"@type":"ListItem","position":2,"name":"Secretaria de Deporte y Juventud niega distribuci\u00f3n de mu\u00f1ecas"}]},{"@type":"WebSite","@id":"https:\/\/thepueblatimes.mx\/#website","url":"https:\/\/thepueblatimes.mx\/","name":"The Puebla Times","description":"Noticias del Estado de Puebla","potentialAction":[{"@type":"SearchAction","target":{"@type":"EntryPoint","urlTemplate":"https:\/\/thepueblatimes.mx\/?s={search_term_string}"},"query-input":"required name=search_term_string"}],"inLanguage":"es"},{"@type":"Person","@id":"https:\/\/thepueblatimes.mx\/#\/schema\/person\/1664894c2f65ce2c7a08d8f5f905c13c","name":"Sa\u00fal Hern\u00e1ndez","image":{"@type":"ImageObject","inLanguage":"es","@id":"https:\/\/thepueblatimes.mx\/#\/schema\/person\/image\/","url":"https:\/\/secure.gravatar.com\/avatar\/11be338693f243309532caad8f10c930?s=96&d=mm&r=g","contentUrl":"https:\/\/secure.gravatar.com\/avatar\/11be338693f243309532caad8f10c930?s=96&d=mm&r=g","caption":"Sa\u00fal Hern\u00e1ndez"},"url":"https:\/\/thepueblatimes.mx\/index.php\/author\/saulhernandez\/"}]}},"jetpack_featured_media_url":"https:\/\/thepueblatimes.mx\/wp-content\/uploads\/2026\/04\/Gaby-La-Bonita-Sanchez-denunciaria-si-continuan-los-ataques-en-su-contra-1024x678-1.jpeg","_links":{"self":[{"href":"https:\/\/thepueblatimes.mx\/index.php\/wp-json\/wp\/v2\/posts\/37718"}],"collection":[{"href":"https:\/\/thepueblatimes.mx\/index.php\/wp-json\/wp\/v2\/posts"}],"about":[{"href":"https:\/\/thepueblatimes.mx\/index.php\/wp-json\/wp\/v2\/types\/post"}],"author":[{"embeddable":true,"href":"https:\/\/thepueblatimes.mx\/index.php\/wp-json\/wp\/v2\/users\/16"}],"replies":[{"embeddable":true,"href":"https:\/\/thepueblatimes.mx\/index.php\/wp-json\/wp\/v2\/comments?post=37718"}],"version-history":[{"count":1,"href":"https:\/\/thepueblatimes.mx\/index.php\/wp-json\/wp\/v2\/posts\/37718\/revisions"}],"predecessor-version":[{"id":37723,"href":"https:\/\/thepueblatimes.mx\/index.php\/wp-json\/wp\/v2\/posts\/37718\/revisions\/37723"}],"wp:featuredmedia":[{"embeddable":true,"href":"https:\/\/thepueblatimes.mx\/index.php\/wp-json\/wp\/v2\/media\/37722"}],"wp:attachment":[{"href":"https:\/\/thepueblatimes.mx\/index.php\/wp-json\/wp\/v2\/media?parent=37718"}],"wp:term":[{"taxonomy":"category","embeddable":true,"href":"https:\/\/thepueblatimes.mx\/index.php\/wp-json\/wp\/v2\/categories?post=37718"},{"taxonomy":"post_tag","embeddable":true,"href":"https:\/\/thepueblatimes.mx\/index.php\/wp-json\/wp\/v2\/tags?post=37718"}],"curies":[{"name":"wp","href":"https:\/\/api.w.org\/{rel}","templated":true}]}}