{"id":37717,"date":"2026-04-28T15:41:42","date_gmt":"2026-04-28T21:41:42","guid":{"rendered":"https:\/\/thepueblatimes.mx\/?p=37717"},"modified":"2026-04-28T15:41:42","modified_gmt":"2026-04-28T21:41:42","slug":"golpean-a-un-hombre-en-el-exterior-de-la-arena-puebla","status":"publish","type":"post","link":"https:\/\/thepueblatimes.mx\/index.php\/2026\/04\/28\/golpean-a-un-hombre-en-el-exterior-de-la-arena-puebla\/","title":{"rendered":"Golpean a un hombre en el exterior de la Arena Puebla"},"content":{"rendered":"<p>El exterior de la Arena Puebla fue escenario de una golpiza grupal a un hombre, durante la noche del lunes, 27 de abril, en el marco de la tradicional funci\u00f3n de inicio de semana.<\/p>\n<p>La trifulca fue captada en un video compartido en redes sociales y se viraliz\u00f3.<\/p>\n<p>En el video se aprecia como al filo de la medianoche, un grupo personas comenzaron a atacar a pu\u00f1etazos y patadas a un hombre, sobre la avenida 13 Oriente, frente a un establecimiento.<\/p>\n<p>De manera extraoficial se maneja la versi\u00f3n de que el agredido intent\u00f3 robar productos a un comerciante, lo que desat\u00f3 la ira social.<\/p>\n<p>Im\u00e1genes muestran al agredido tendido en el suelo, frente a la Arena Puebla tendido en el suelo, mientras algunos hombres lo golpean.<\/p>\n<p>Adem\u00e1s, se aprecia la presencia de un elemento policial, quien a pesar de la evidente agresi\u00f3n no interviene y se limita a dialogar con algunos de los participantes.<\/p>\n<p>Finalmente, los agresores se retiran del lugar.<\/p>\n<p>El video deriv\u00f3 en la reacci\u00f3n de los usuarios de redes sociales.<\/p>\n","protected":false},"excerpt":{"rendered":"<p>El exterior de la Arena Puebla fue escenario de una golpiza grupal a un hombre, durante la noche del lunes, 27 de abril, en el marco de la tradicional funci\u00f3n de inicio de semana. La trifulca fue captada en un video compartido en redes sociales y se viraliz\u00f3. En el video se aprecia como al&#8230;<\/p>\n","protected":false},"author":16,"featured_media":37720,"comment_status":"closed","ping_status":"closed","sticky":false,"template":"","format":"standard","meta":[],"categories":[121],"tags":[4932,3414,4004],"yoast_head":"<!-- This site is optimized with the Yoast SEO plugin v20.8 - https:\/\/yoast.com\/wordpress\/plugins\/seo\/ -->\n<title>Golpean a un hombre en el exterior de la Arena Puebla - The Puebla Times<\/title>\n<meta name=\"robots\" content=\"index, follow, max-snippet:-1, max-image-preview:large, max-video-preview:-1\" \/>\n<link rel=\"canonical\" href=\"https:\/\/thepueblatimes.mx\/index.php\/2026\/04\/28\/golpean-a-un-hombre-en-el-exterior-de-la-arena-puebla\/\" \/>\n<meta property=\"og:locale\" content=\"es_ES\" \/>\n<meta property=\"og:type\" content=\"article\" \/>\n<meta property=\"og:title\" content=\"Golpean a un hombre en el exterior de la Arena Puebla - The Puebla Times\" \/>\n<meta property=\"og:description\" content=\"El exterior de la Arena Puebla fue escenario de una golpiza grupal a un hombre, durante la noche del lunes, 27 de abril, en el marco de la tradicional funci\u00f3n de inicio de semana. La trifulca fue captada en un video compartido en redes sociales y se viraliz\u00f3. En el video se aprecia como al...\" \/>\n<meta property=\"og:url\" content=\"https:\/\/thepueblatimes.mx\/index.php\/2026\/04\/28\/golpean-a-un-hombre-en-el-exterior-de-la-arena-puebla\/\" \/>\n<meta property=\"og:site_name\" content=\"The Puebla Times\" \/>\n<meta property=\"article:published_time\" content=\"2026-04-28T21:41:42+00:00\" \/>\n<meta property=\"og:image\" content=\"https:\/\/thepueblatimes.mx\/wp-content\/uploads\/2026\/04\/hasta-silla-golpean-hombre-afuera-arena-puebla.jpeg\" \/>\n\t<meta property=\"og:image:width\" content=\"1200\" \/>\n\t<meta property=\"og:image:height\" content=\"675\" \/>\n\t<meta property=\"og:image:type\" content=\"image\/jpeg\" \/>\n<meta name=\"author\" content=\"Sa\u00fal Hern\u00e1ndez\" \/>\n<meta name=\"twitter:card\" content=\"summary_large_image\" \/>\n<meta name=\"twitter:label1\" content=\"Escrito por\" \/>\n\t<meta name=\"twitter:data1\" content=\"Sa\u00fal Hern\u00e1ndez\" \/>\n\t<meta name=\"twitter:label2\" content=\"Tiempo de lectura\" \/>\n\t<meta name=\"twitter:data2\" content=\"1 minuto\" \/>\n<script type=\"application\/ld+json\" class=\"yoast-schema-graph\">{\"@context\":\"https:\/\/schema.org\",\"@graph\":[{\"@type\":\"WebPage\",\"@id\":\"https:\/\/thepueblatimes.mx\/index.php\/2026\/04\/28\/golpean-a-un-hombre-en-el-exterior-de-la-arena-puebla\/\",\"url\":\"https:\/\/thepueblatimes.mx\/index.php\/2026\/04\/28\/golpean-a-un-hombre-en-el-exterior-de-la-arena-puebla\/\",\"name\":\"Golpean a un hombre en el exterior de la Arena Puebla - The Puebla Times\",\"isPartOf\":{\"@id\":\"https:\/\/thepueblatimes.mx\/#website\"},\"datePublished\":\"2026-04-28T21:41:42+00:00\",\"dateModified\":\"2026-04-28T21:41:42+00:00\",\"author\":{\"@id\":\"https:\/\/thepueblatimes.mx\/#\/schema\/person\/1664894c2f65ce2c7a08d8f5f905c13c\"},\"breadcrumb\":{\"@id\":\"https:\/\/thepueblatimes.mx\/index.php\/2026\/04\/28\/golpean-a-un-hombre-en-el-exterior-de-la-arena-puebla\/#breadcrumb\"},\"inLanguage\":\"es\",\"potentialAction\":[{\"@type\":\"ReadAction\",\"target\":[\"https:\/\/thepueblatimes.mx\/index.php\/2026\/04\/28\/golpean-a-un-hombre-en-el-exterior-de-la-arena-puebla\/\"]}]},{\"@type\":\"BreadcrumbList\",\"@id\":\"https:\/\/thepueblatimes.mx\/index.php\/2026\/04\/28\/golpean-a-un-hombre-en-el-exterior-de-la-arena-puebla\/#breadcrumb\",\"itemListElement\":[{\"@type\":\"ListItem\",\"position\":1,\"name\":\"Portada\",\"item\":\"https:\/\/thepueblatimes.mx\/\"},{\"@type\":\"ListItem\",\"position\":2,\"name\":\"Golpean a un hombre en el exterior de la Arena Puebla\"}]},{\"@type\":\"WebSite\",\"@id\":\"https:\/\/thepueblatimes.mx\/#website\",\"url\":\"https:\/\/thepueblatimes.mx\/\",\"name\":\"The Puebla Times\",\"description\":\"Noticias del Estado de Puebla\",\"potentialAction\":[{\"@type\":\"SearchAction\",\"target\":{\"@type\":\"EntryPoint\",\"urlTemplate\":\"https:\/\/thepueblatimes.mx\/?s={search_term_string}\"},\"query-input\":\"required name=search_term_string\"}],\"inLanguage\":\"es\"},{\"@type\":\"Person\",\"@id\":\"https:\/\/thepueblatimes.mx\/#\/schema\/person\/1664894c2f65ce2c7a08d8f5f905c13c\",\"name\":\"Sa\u00fal Hern\u00e1ndez\",\"image\":{\"@type\":\"ImageObject\",\"inLanguage\":\"es\",\"@id\":\"https:\/\/thepueblatimes.mx\/#\/schema\/person\/image\/\",\"url\":\"https:\/\/secure.gravatar.com\/avatar\/11be338693f243309532caad8f10c930?s=96&d=mm&r=g\",\"contentUrl\":\"https:\/\/secure.gravatar.com\/avatar\/11be338693f243309532caad8f10c930?s=96&d=mm&r=g\",\"caption\":\"Sa\u00fal Hern\u00e1ndez\"},\"url\":\"https:\/\/thepueblatimes.mx\/index.php\/author\/saulhernandez\/\"}]}<\/script>\n<!-- \/ Yoast SEO plugin. -->","yoast_head_json":{"title":"Golpean a un hombre en el exterior de la Arena Puebla - The Puebla Times","robots":{"index":"index","follow":"follow","max-snippet":"max-snippet:-1","max-image-preview":"max-image-preview:large","max-video-preview":"max-video-preview:-1"},"canonical":"https:\/\/thepueblatimes.mx\/index.php\/2026\/04\/28\/golpean-a-un-hombre-en-el-exterior-de-la-arena-puebla\/","og_locale":"es_ES","og_type":"article","og_title":"Golpean a un hombre en el exterior de la Arena Puebla - The Puebla Times","og_description":"El exterior de la Arena Puebla fue escenario de una golpiza grupal a un hombre, durante la noche del lunes, 27 de abril, en el marco de la tradicional funci\u00f3n de inicio de semana. La trifulca fue captada en un video compartido en redes sociales y se viraliz\u00f3. En el video se aprecia como al...","og_url":"https:\/\/thepueblatimes.mx\/index.php\/2026\/04\/28\/golpean-a-un-hombre-en-el-exterior-de-la-arena-puebla\/","og_site_name":"The Puebla Times","article_published_time":"2026-04-28T21:41:42+00:00","og_image":[{"width":1200,"height":675,"url":"https:\/\/thepueblatimes.mx\/wp-content\/uploads\/2026\/04\/hasta-silla-golpean-hombre-afuera-arena-puebla.jpeg","type":"image\/jpeg"}],"author":"Sa\u00fal Hern\u00e1ndez","twitter_card":"summary_large_image","twitter_misc":{"Escrito por":"Sa\u00fal Hern\u00e1ndez","Tiempo de lectura":"1 minuto"},"schema":{"@context":"https:\/\/schema.org","@graph":[{"@type":"WebPage","@id":"https:\/\/thepueblatimes.mx\/index.php\/2026\/04\/28\/golpean-a-un-hombre-en-el-exterior-de-la-arena-puebla\/","url":"https:\/\/thepueblatimes.mx\/index.php\/2026\/04\/28\/golpean-a-un-hombre-en-el-exterior-de-la-arena-puebla\/","name":"Golpean a un hombre en el exterior de la Arena Puebla - The Puebla Times","isPartOf":{"@id":"https:\/\/thepueblatimes.mx\/#website"},"datePublished":"2026-04-28T21:41:42+00:00","dateModified":"2026-04-28T21:41:42+00:00","author":{"@id":"https:\/\/thepueblatimes.mx\/#\/schema\/person\/1664894c2f65ce2c7a08d8f5f905c13c"},"breadcrumb":{"@id":"https:\/\/thepueblatimes.mx\/index.php\/2026\/04\/28\/golpean-a-un-hombre-en-el-exterior-de-la-arena-puebla\/#breadcrumb"},"inLanguage":"es","potentialAction":[{"@type":"ReadAction","target":["https:\/\/thepueblatimes.mx\/index.php\/2026\/04\/28\/golpean-a-un-hombre-en-el-exterior-de-la-arena-puebla\/"]}]},{"@type":"BreadcrumbList","@id":"https:\/\/thepueblatimes.mx\/index.php\/2026\/04\/28\/golpean-a-un-hombre-en-el-exterior-de-la-arena-puebla\/#breadcrumb","itemListElement":[{"@type":"ListItem","position":1,"name":"Portada","item":"https:\/\/thepueblatimes.mx\/"},{"@type":"ListItem","position":2,"name":"Golpean a un hombre en el exterior de la Arena Puebla"}]},{"@type":"WebSite","@id":"https:\/\/thepueblatimes.mx\/#website","url":"https:\/\/thepueblatimes.mx\/","name":"The Puebla Times","description":"Noticias del Estado de Puebla","potentialAction":[{"@type":"SearchAction","target":{"@type":"EntryPoint","urlTemplate":"https:\/\/thepueblatimes.mx\/?s={search_term_string}"},"query-input":"required name=search_term_string"}],"inLanguage":"es"},{"@type":"Person","@id":"https:\/\/thepueblatimes.mx\/#\/schema\/person\/1664894c2f65ce2c7a08d8f5f905c13c","name":"Sa\u00fal Hern\u00e1ndez","image":{"@type":"ImageObject","inLanguage":"es","@id":"https:\/\/thepueblatimes.mx\/#\/schema\/person\/image\/","url":"https:\/\/secure.gravatar.com\/avatar\/11be338693f243309532caad8f10c930?s=96&d=mm&r=g","contentUrl":"https:\/\/secure.gravatar.com\/avatar\/11be338693f243309532caad8f10c930?s=96&d=mm&r=g","caption":"Sa\u00fal Hern\u00e1ndez"},"url":"https:\/\/thepueblatimes.mx\/index.php\/author\/saulhernandez\/"}]}},"jetpack_featured_media_url":"https:\/\/thepueblatimes.mx\/wp-content\/uploads\/2026\/04\/hasta-silla-golpean-hombre-afuera-arena-puebla.jpeg","_links":{"self":[{"href":"https:\/\/thepueblatimes.mx\/index.php\/wp-json\/wp\/v2\/posts\/37717"}],"collection":[{"href":"https:\/\/thepueblatimes.mx\/index.php\/wp-json\/wp\/v2\/posts"}],"about":[{"href":"https:\/\/thepueblatimes.mx\/index.php\/wp-json\/wp\/v2\/types\/post"}],"author":[{"embeddable":true,"href":"https:\/\/thepueblatimes.mx\/index.php\/wp-json\/wp\/v2\/users\/16"}],"replies":[{"embeddable":true,"href":"https:\/\/thepueblatimes.mx\/index.php\/wp-json\/wp\/v2\/comments?post=37717"}],"version-history":[{"count":1,"href":"https:\/\/thepueblatimes.mx\/index.php\/wp-json\/wp\/v2\/posts\/37717\/revisions"}],"predecessor-version":[{"id":37721,"href":"https:\/\/thepueblatimes.mx\/index.php\/wp-json\/wp\/v2\/posts\/37717\/revisions\/37721"}],"wp:featuredmedia":[{"embeddable":true,"href":"https:\/\/thepueblatimes.mx\/index.php\/wp-json\/wp\/v2\/media\/37720"}],"wp:attachment":[{"href":"https:\/\/thepueblatimes.mx\/index.php\/wp-json\/wp\/v2\/media?parent=37717"}],"wp:term":[{"taxonomy":"category","embeddable":true,"href":"https:\/\/thepueblatimes.mx\/index.php\/wp-json\/wp\/v2\/categories?post=37717"},{"taxonomy":"post_tag","embeddable":true,"href":"https:\/\/thepueblatimes.mx\/index.php\/wp-json\/wp\/v2\/tags?post=37717"}],"curies":[{"name":"wp","href":"https:\/\/api.w.org\/{rel}","templated":true}]}}