{"id":37716,"date":"2026-04-28T15:38:30","date_gmt":"2026-04-28T21:38:30","guid":{"rendered":"https:\/\/thepueblatimes.mx\/?p=37716"},"modified":"2026-04-28T15:38:30","modified_gmt":"2026-04-28T21:38:30","slug":"edil-de-tepeaca-en-el-foco-de-atencion-del-gobierno-estatal-por-irregularidades","status":"publish","type":"post","link":"https:\/\/thepueblatimes.mx\/index.php\/2026\/04\/28\/edil-de-tepeaca-en-el-foco-de-atencion-del-gobierno-estatal-por-irregularidades\/","title":{"rendered":"Edil de Tepeaca en el foco de atenci\u00f3n del gobierno estatal por irregularidades"},"content":{"rendered":"<p>El alcalde de Tepeaca, Juli\u00e1n Alfredo Vel\u00e1zquez Romero solicit\u00f3 al gobierno del Estado, una ampliaci\u00f3n presupuestal.<\/p>\n<p>As\u00ed lo manifest\u00f3 el secretario estatal de Gobernaci\u00f3n, Samuel Aguilar Pala, quien calific\u00f3 como \u201cextra\u00f1o\u201d, el movimiento cuando el edil tiene un subejercicio presupuestal, por lo que apunt\u00f3 se realizar\u00e1 una revisi\u00f3n exhaustiva a las finanzas del municipio para detectar posibles anomal\u00edas.<\/p>\n<p>Ello, con el antecedente de un subejercicio de 74.8 millones de pesos, en su primer a\u00f1o al frente del municipio de Tepeaca.<\/p>\n<p>Aguilar Pala expres\u00f3, \u201cvamos a revisar c\u00f3mo est\u00e1 el tema, porque si fue eso se nos hace raro, porque al contrario, nos est\u00e1n solicitando m\u00e1s recursos y ah\u00ed hay un proyecto ecol\u00f3gico importante que se va a echar a andar por el gobernador\u201d.<\/p>\n<p>Record\u00f3 que el gobernador Alejandro Armenta Mier ha destinado recursos p\u00fablicos a diferentes proyectos ecol\u00f3gicos en la regi\u00f3n como la construcci\u00f3n de una nueva planta tratadora de aguas residuales en la comunidad de Santa Mar\u00eda Oxtotipan.<\/p>\n<p>Entre los elementos que podr\u00edan ser investigados se encuentra el hecho de que en el presupuesto de egresos para el ejercicio fiscal 2025 aprobado por Cabildo se program\u00f3 el gasto de 102 millones 643 mil 979.98 pesos, que fueron utilizados en gastos personales del Ayuntamiento.<\/p>\n<p>Al respecto, Mart\u00edn Alberto Mart\u00ednez S\u00e1nchez y su hija Erika Mart\u00ednez Ju\u00e1rez, cu\u00f1ado y sobrina del presidente municipal respectivamente, ejercieron un gasto superior a los 2 millones 155 mil 503.18 pesos al frente de las direcciones de Juventud y Comunicaci\u00f3n Social, que ambos encabezan.<\/p>\n","protected":false},"excerpt":{"rendered":"<p>El alcalde de Tepeaca, Juli\u00e1n Alfredo Vel\u00e1zquez Romero solicit\u00f3 al gobierno del Estado, una ampliaci\u00f3n presupuestal. As\u00ed lo manifest\u00f3 el secretario estatal de Gobernaci\u00f3n, Samuel Aguilar Pala, quien calific\u00f3 como \u201cextra\u00f1o\u201d, el movimiento cuando el edil tiene un subejercicio presupuestal, por lo que apunt\u00f3 se realizar\u00e1 una revisi\u00f3n exhaustiva a las finanzas del municipio para&#8230;<\/p>\n","protected":false},"author":16,"featured_media":37640,"comment_status":"closed","ping_status":"closed","sticky":false,"template":"","format":"standard","meta":[],"categories":[542],"tags":[1273,2084,4931,3581,181],"yoast_head":"<!-- This site is optimized with the Yoast SEO plugin v20.8 - https:\/\/yoast.com\/wordpress\/plugins\/seo\/ -->\n<title>Edil de Tepeaca en el foco de atenci\u00f3n del gobierno estatal por irregularidades - The Puebla Times<\/title>\n<meta name=\"robots\" content=\"index, follow, max-snippet:-1, max-image-preview:large, max-video-preview:-1\" \/>\n<link rel=\"canonical\" href=\"https:\/\/thepueblatimes.mx\/index.php\/2026\/04\/28\/edil-de-tepeaca-en-el-foco-de-atencion-del-gobierno-estatal-por-irregularidades\/\" \/>\n<meta property=\"og:locale\" content=\"es_ES\" \/>\n<meta property=\"og:type\" content=\"article\" \/>\n<meta property=\"og:title\" content=\"Edil de Tepeaca en el foco de atenci\u00f3n del gobierno estatal por irregularidades - The Puebla Times\" \/>\n<meta property=\"og:description\" content=\"El alcalde de Tepeaca, Juli\u00e1n Alfredo Vel\u00e1zquez Romero solicit\u00f3 al gobierno del Estado, una ampliaci\u00f3n presupuestal. As\u00ed lo manifest\u00f3 el secretario estatal de Gobernaci\u00f3n, Samuel Aguilar Pala, quien calific\u00f3 como \u201cextra\u00f1o\u201d, el movimiento cuando el edil tiene un subejercicio presupuestal, por lo que apunt\u00f3 se realizar\u00e1 una revisi\u00f3n exhaustiva a las finanzas del municipio para...\" \/>\n<meta property=\"og:url\" content=\"https:\/\/thepueblatimes.mx\/index.php\/2026\/04\/28\/edil-de-tepeaca-en-el-foco-de-atencion-del-gobierno-estatal-por-irregularidades\/\" \/>\n<meta property=\"og:site_name\" content=\"The Puebla Times\" \/>\n<meta property=\"article:published_time\" content=\"2026-04-28T21:38:30+00:00\" \/>\n<meta property=\"og:image\" content=\"https:\/\/thepueblatimes.mx\/wp-content\/uploads\/2026\/04\/471506278_122178659324247774_3344000100488371616_n.jpg\" \/>\n\t<meta property=\"og:image:width\" content=\"2048\" \/>\n\t<meta property=\"og:image:height\" content=\"2048\" \/>\n\t<meta property=\"og:image:type\" content=\"image\/jpeg\" \/>\n<meta name=\"author\" content=\"Sa\u00fal Hern\u00e1ndez\" \/>\n<meta name=\"twitter:card\" content=\"summary_large_image\" \/>\n<meta name=\"twitter:label1\" content=\"Escrito por\" \/>\n\t<meta name=\"twitter:data1\" content=\"Sa\u00fal Hern\u00e1ndez\" \/>\n\t<meta name=\"twitter:label2\" content=\"Tiempo de lectura\" \/>\n\t<meta name=\"twitter:data2\" content=\"2 minutos\" \/>\n<script type=\"application\/ld+json\" class=\"yoast-schema-graph\">{\"@context\":\"https:\/\/schema.org\",\"@graph\":[{\"@type\":\"WebPage\",\"@id\":\"https:\/\/thepueblatimes.mx\/index.php\/2026\/04\/28\/edil-de-tepeaca-en-el-foco-de-atencion-del-gobierno-estatal-por-irregularidades\/\",\"url\":\"https:\/\/thepueblatimes.mx\/index.php\/2026\/04\/28\/edil-de-tepeaca-en-el-foco-de-atencion-del-gobierno-estatal-por-irregularidades\/\",\"name\":\"Edil de Tepeaca en el foco de atenci\u00f3n del gobierno estatal por irregularidades - The Puebla Times\",\"isPartOf\":{\"@id\":\"https:\/\/thepueblatimes.mx\/#website\"},\"datePublished\":\"2026-04-28T21:38:30+00:00\",\"dateModified\":\"2026-04-28T21:38:30+00:00\",\"author\":{\"@id\":\"https:\/\/thepueblatimes.mx\/#\/schema\/person\/1664894c2f65ce2c7a08d8f5f905c13c\"},\"breadcrumb\":{\"@id\":\"https:\/\/thepueblatimes.mx\/index.php\/2026\/04\/28\/edil-de-tepeaca-en-el-foco-de-atencion-del-gobierno-estatal-por-irregularidades\/#breadcrumb\"},\"inLanguage\":\"es\",\"potentialAction\":[{\"@type\":\"ReadAction\",\"target\":[\"https:\/\/thepueblatimes.mx\/index.php\/2026\/04\/28\/edil-de-tepeaca-en-el-foco-de-atencion-del-gobierno-estatal-por-irregularidades\/\"]}]},{\"@type\":\"BreadcrumbList\",\"@id\":\"https:\/\/thepueblatimes.mx\/index.php\/2026\/04\/28\/edil-de-tepeaca-en-el-foco-de-atencion-del-gobierno-estatal-por-irregularidades\/#breadcrumb\",\"itemListElement\":[{\"@type\":\"ListItem\",\"position\":1,\"name\":\"Portada\",\"item\":\"https:\/\/thepueblatimes.mx\/\"},{\"@type\":\"ListItem\",\"position\":2,\"name\":\"Edil de Tepeaca en el foco de atenci\u00f3n del gobierno estatal por irregularidades\"}]},{\"@type\":\"WebSite\",\"@id\":\"https:\/\/thepueblatimes.mx\/#website\",\"url\":\"https:\/\/thepueblatimes.mx\/\",\"name\":\"The Puebla Times\",\"description\":\"Noticias del Estado de Puebla\",\"potentialAction\":[{\"@type\":\"SearchAction\",\"target\":{\"@type\":\"EntryPoint\",\"urlTemplate\":\"https:\/\/thepueblatimes.mx\/?s={search_term_string}\"},\"query-input\":\"required name=search_term_string\"}],\"inLanguage\":\"es\"},{\"@type\":\"Person\",\"@id\":\"https:\/\/thepueblatimes.mx\/#\/schema\/person\/1664894c2f65ce2c7a08d8f5f905c13c\",\"name\":\"Sa\u00fal Hern\u00e1ndez\",\"image\":{\"@type\":\"ImageObject\",\"inLanguage\":\"es\",\"@id\":\"https:\/\/thepueblatimes.mx\/#\/schema\/person\/image\/\",\"url\":\"https:\/\/secure.gravatar.com\/avatar\/11be338693f243309532caad8f10c930?s=96&d=mm&r=g\",\"contentUrl\":\"https:\/\/secure.gravatar.com\/avatar\/11be338693f243309532caad8f10c930?s=96&d=mm&r=g\",\"caption\":\"Sa\u00fal Hern\u00e1ndez\"},\"url\":\"https:\/\/thepueblatimes.mx\/index.php\/author\/saulhernandez\/\"}]}<\/script>\n<!-- \/ Yoast SEO plugin. -->","yoast_head_json":{"title":"Edil de Tepeaca en el foco de atenci\u00f3n del gobierno estatal por irregularidades - The Puebla Times","robots":{"index":"index","follow":"follow","max-snippet":"max-snippet:-1","max-image-preview":"max-image-preview:large","max-video-preview":"max-video-preview:-1"},"canonical":"https:\/\/thepueblatimes.mx\/index.php\/2026\/04\/28\/edil-de-tepeaca-en-el-foco-de-atencion-del-gobierno-estatal-por-irregularidades\/","og_locale":"es_ES","og_type":"article","og_title":"Edil de Tepeaca en el foco de atenci\u00f3n del gobierno estatal por irregularidades - The Puebla Times","og_description":"El alcalde de Tepeaca, Juli\u00e1n Alfredo Vel\u00e1zquez Romero solicit\u00f3 al gobierno del Estado, una ampliaci\u00f3n presupuestal. As\u00ed lo manifest\u00f3 el secretario estatal de Gobernaci\u00f3n, Samuel Aguilar Pala, quien calific\u00f3 como \u201cextra\u00f1o\u201d, el movimiento cuando el edil tiene un subejercicio presupuestal, por lo que apunt\u00f3 se realizar\u00e1 una revisi\u00f3n exhaustiva a las finanzas del municipio para...","og_url":"https:\/\/thepueblatimes.mx\/index.php\/2026\/04\/28\/edil-de-tepeaca-en-el-foco-de-atencion-del-gobierno-estatal-por-irregularidades\/","og_site_name":"The Puebla Times","article_published_time":"2026-04-28T21:38:30+00:00","og_image":[{"width":2048,"height":2048,"url":"https:\/\/thepueblatimes.mx\/wp-content\/uploads\/2026\/04\/471506278_122178659324247774_3344000100488371616_n.jpg","type":"image\/jpeg"}],"author":"Sa\u00fal Hern\u00e1ndez","twitter_card":"summary_large_image","twitter_misc":{"Escrito por":"Sa\u00fal Hern\u00e1ndez","Tiempo de lectura":"2 minutos"},"schema":{"@context":"https:\/\/schema.org","@graph":[{"@type":"WebPage","@id":"https:\/\/thepueblatimes.mx\/index.php\/2026\/04\/28\/edil-de-tepeaca-en-el-foco-de-atencion-del-gobierno-estatal-por-irregularidades\/","url":"https:\/\/thepueblatimes.mx\/index.php\/2026\/04\/28\/edil-de-tepeaca-en-el-foco-de-atencion-del-gobierno-estatal-por-irregularidades\/","name":"Edil de Tepeaca en el foco de atenci\u00f3n del gobierno estatal por irregularidades - The Puebla Times","isPartOf":{"@id":"https:\/\/thepueblatimes.mx\/#website"},"datePublished":"2026-04-28T21:38:30+00:00","dateModified":"2026-04-28T21:38:30+00:00","author":{"@id":"https:\/\/thepueblatimes.mx\/#\/schema\/person\/1664894c2f65ce2c7a08d8f5f905c13c"},"breadcrumb":{"@id":"https:\/\/thepueblatimes.mx\/index.php\/2026\/04\/28\/edil-de-tepeaca-en-el-foco-de-atencion-del-gobierno-estatal-por-irregularidades\/#breadcrumb"},"inLanguage":"es","potentialAction":[{"@type":"ReadAction","target":["https:\/\/thepueblatimes.mx\/index.php\/2026\/04\/28\/edil-de-tepeaca-en-el-foco-de-atencion-del-gobierno-estatal-por-irregularidades\/"]}]},{"@type":"BreadcrumbList","@id":"https:\/\/thepueblatimes.mx\/index.php\/2026\/04\/28\/edil-de-tepeaca-en-el-foco-de-atencion-del-gobierno-estatal-por-irregularidades\/#breadcrumb","itemListElement":[{"@type":"ListItem","position":1,"name":"Portada","item":"https:\/\/thepueblatimes.mx\/"},{"@type":"ListItem","position":2,"name":"Edil de Tepeaca en el foco de atenci\u00f3n del gobierno estatal por irregularidades"}]},{"@type":"WebSite","@id":"https:\/\/thepueblatimes.mx\/#website","url":"https:\/\/thepueblatimes.mx\/","name":"The Puebla Times","description":"Noticias del Estado de Puebla","potentialAction":[{"@type":"SearchAction","target":{"@type":"EntryPoint","urlTemplate":"https:\/\/thepueblatimes.mx\/?s={search_term_string}"},"query-input":"required name=search_term_string"}],"inLanguage":"es"},{"@type":"Person","@id":"https:\/\/thepueblatimes.mx\/#\/schema\/person\/1664894c2f65ce2c7a08d8f5f905c13c","name":"Sa\u00fal Hern\u00e1ndez","image":{"@type":"ImageObject","inLanguage":"es","@id":"https:\/\/thepueblatimes.mx\/#\/schema\/person\/image\/","url":"https:\/\/secure.gravatar.com\/avatar\/11be338693f243309532caad8f10c930?s=96&d=mm&r=g","contentUrl":"https:\/\/secure.gravatar.com\/avatar\/11be338693f243309532caad8f10c930?s=96&d=mm&r=g","caption":"Sa\u00fal Hern\u00e1ndez"},"url":"https:\/\/thepueblatimes.mx\/index.php\/author\/saulhernandez\/"}]}},"jetpack_featured_media_url":"https:\/\/thepueblatimes.mx\/wp-content\/uploads\/2026\/04\/471506278_122178659324247774_3344000100488371616_n.jpg","_links":{"self":[{"href":"https:\/\/thepueblatimes.mx\/index.php\/wp-json\/wp\/v2\/posts\/37716"}],"collection":[{"href":"https:\/\/thepueblatimes.mx\/index.php\/wp-json\/wp\/v2\/posts"}],"about":[{"href":"https:\/\/thepueblatimes.mx\/index.php\/wp-json\/wp\/v2\/types\/post"}],"author":[{"embeddable":true,"href":"https:\/\/thepueblatimes.mx\/index.php\/wp-json\/wp\/v2\/users\/16"}],"replies":[{"embeddable":true,"href":"https:\/\/thepueblatimes.mx\/index.php\/wp-json\/wp\/v2\/comments?post=37716"}],"version-history":[{"count":1,"href":"https:\/\/thepueblatimes.mx\/index.php\/wp-json\/wp\/v2\/posts\/37716\/revisions"}],"predecessor-version":[{"id":37719,"href":"https:\/\/thepueblatimes.mx\/index.php\/wp-json\/wp\/v2\/posts\/37716\/revisions\/37719"}],"wp:featuredmedia":[{"embeddable":true,"href":"https:\/\/thepueblatimes.mx\/index.php\/wp-json\/wp\/v2\/media\/37640"}],"wp:attachment":[{"href":"https:\/\/thepueblatimes.mx\/index.php\/wp-json\/wp\/v2\/media?parent=37716"}],"wp:term":[{"taxonomy":"category","embeddable":true,"href":"https:\/\/thepueblatimes.mx\/index.php\/wp-json\/wp\/v2\/categories?post=37716"},{"taxonomy":"post_tag","embeddable":true,"href":"https:\/\/thepueblatimes.mx\/index.php\/wp-json\/wp\/v2\/tags?post=37716"}],"curies":[{"name":"wp","href":"https:\/\/api.w.org\/{rel}","templated":true}]}}