{"id":37713,"date":"2026-04-27T16:37:50","date_gmt":"2026-04-27T22:37:50","guid":{"rendered":"https:\/\/thepueblatimes.mx\/?p=37713"},"modified":"2026-04-27T16:37:50","modified_gmt":"2026-04-27T22:37:50","slug":"designan-en-el-iee-a-presidenta-provisional","status":"publish","type":"post","link":"https:\/\/thepueblatimes.mx\/index.php\/2026\/04\/27\/designan-en-el-iee-a-presidenta-provisional\/","title":{"rendered":"Designan en el IEE a presidenta provisional"},"content":{"rendered":"<p>El Consejo General del Instituto Electoral del Estado (IEE) design\u00f3 a Christian Mariana Ceballos Gardu\u00f1o como presidenta provisional.<\/p>\n<p>Lo anterior, derivado de que Blanca Yassahara Cruz Garc\u00eda fue electa como consejera del Consejo General del Instituto Nacional Electoral (INE), en la C\u00e1mara de Diputados.<\/p>\n<p>Los integrantes del Consejo del IEE resolvieron por unanimidad la designaci\u00f3n de Ceballos Gardu\u00f1o para encabezar de manera temporal el instituto, en tanto el INE determina quien ocupar\u00e1 el cargo.<\/p>\n<p>Christian Mariana Ceballos ha desempe\u00f1ado diversos cargos dentro del \u00e1mbito electoral.<\/p>\n<p>Entre ellos, vocal secretaria en la Junta Local del INE en Veracruz, as\u00ed como en una Junta Distrital.<\/p>\n<p>Adem\u00e1s, jefa de departamento en el IEE y responsable de la Unidad de Docencia y Capacitaci\u00f3n Electoral en el Tribunal Electoral del Estado de Puebla (TEEP).<\/p>\n<p>En el plano acad\u00e9mico, es licenciada en Derecho por la Escuela Libre de Derecho de Puebla; maestr\u00eda en Derecho Civil y Mercantil por la Benem\u00e9rita Universidad Aut\u00f3noma de Puebla (BUAP) y una especialidad en Justicia Electoral en el Centro de Capacitaci\u00f3n del Tribunal Electoral del Poder Judicial de la Federaci\u00f3n (TEPJF).<\/p>\n<p>Asimismo, fue designada como consejera del IEE por el Consejo General del INE el pasado 31 de octubre de 2025.<\/p>\n","protected":false},"excerpt":{"rendered":"<p>El Consejo General del Instituto Electoral del Estado (IEE) design\u00f3 a Christian Mariana Ceballos Gardu\u00f1o como presidenta provisional. Lo anterior, derivado de que Blanca Yassahara Cruz Garc\u00eda fue electa como consejera del Consejo General del Instituto Nacional Electoral (INE), en la C\u00e1mara de Diputados. Los integrantes del Consejo del IEE resolvieron por unanimidad la designaci\u00f3n&#8230;<\/p>\n","protected":false},"author":16,"featured_media":37714,"comment_status":"closed","ping_status":"closed","sticky":false,"template":"","format":"standard","meta":[],"categories":[542],"tags":[4930,1652,4929],"yoast_head":"<!-- This site is optimized with the Yoast SEO plugin v20.8 - https:\/\/yoast.com\/wordpress\/plugins\/seo\/ -->\n<title>Designan en el IEE a presidenta provisional - The Puebla Times<\/title>\n<meta name=\"robots\" content=\"index, follow, max-snippet:-1, max-image-preview:large, max-video-preview:-1\" \/>\n<link rel=\"canonical\" href=\"https:\/\/thepueblatimes.mx\/index.php\/2026\/04\/27\/designan-en-el-iee-a-presidenta-provisional\/\" \/>\n<meta property=\"og:locale\" content=\"es_ES\" \/>\n<meta property=\"og:type\" content=\"article\" \/>\n<meta property=\"og:title\" content=\"Designan en el IEE a presidenta provisional - The Puebla Times\" \/>\n<meta property=\"og:description\" content=\"El Consejo General del Instituto Electoral del Estado (IEE) design\u00f3 a Christian Mariana Ceballos Gardu\u00f1o como presidenta provisional. Lo anterior, derivado de que Blanca Yassahara Cruz Garc\u00eda fue electa como consejera del Consejo General del Instituto Nacional Electoral (INE), en la C\u00e1mara de Diputados. Los integrantes del Consejo del IEE resolvieron por unanimidad la designaci\u00f3n...\" \/>\n<meta property=\"og:url\" content=\"https:\/\/thepueblatimes.mx\/index.php\/2026\/04\/27\/designan-en-el-iee-a-presidenta-provisional\/\" \/>\n<meta property=\"og:site_name\" content=\"The Puebla Times\" \/>\n<meta property=\"article:published_time\" content=\"2026-04-27T22:37:50+00:00\" \/>\n<meta property=\"og:image\" content=\"https:\/\/thepueblatimes.mx\/wp-content\/uploads\/2026\/04\/Christian-Mariana-Ceballos-Garduno-IEE.webp\" \/>\n\t<meta property=\"og:image:width\" content=\"1200\" \/>\n\t<meta property=\"og:image:height\" content=\"675\" \/>\n\t<meta property=\"og:image:type\" content=\"image\/webp\" \/>\n<meta name=\"author\" content=\"Sa\u00fal Hern\u00e1ndez\" \/>\n<meta name=\"twitter:card\" content=\"summary_large_image\" \/>\n<meta name=\"twitter:label1\" content=\"Escrito por\" \/>\n\t<meta name=\"twitter:data1\" content=\"Sa\u00fal Hern\u00e1ndez\" \/>\n\t<meta name=\"twitter:label2\" content=\"Tiempo de lectura\" \/>\n\t<meta name=\"twitter:data2\" content=\"1 minuto\" \/>\n<script type=\"application\/ld+json\" class=\"yoast-schema-graph\">{\"@context\":\"https:\/\/schema.org\",\"@graph\":[{\"@type\":\"WebPage\",\"@id\":\"https:\/\/thepueblatimes.mx\/index.php\/2026\/04\/27\/designan-en-el-iee-a-presidenta-provisional\/\",\"url\":\"https:\/\/thepueblatimes.mx\/index.php\/2026\/04\/27\/designan-en-el-iee-a-presidenta-provisional\/\",\"name\":\"Designan en el IEE a presidenta provisional - The Puebla Times\",\"isPartOf\":{\"@id\":\"https:\/\/thepueblatimes.mx\/#website\"},\"datePublished\":\"2026-04-27T22:37:50+00:00\",\"dateModified\":\"2026-04-27T22:37:50+00:00\",\"author\":{\"@id\":\"https:\/\/thepueblatimes.mx\/#\/schema\/person\/1664894c2f65ce2c7a08d8f5f905c13c\"},\"breadcrumb\":{\"@id\":\"https:\/\/thepueblatimes.mx\/index.php\/2026\/04\/27\/designan-en-el-iee-a-presidenta-provisional\/#breadcrumb\"},\"inLanguage\":\"es\",\"potentialAction\":[{\"@type\":\"ReadAction\",\"target\":[\"https:\/\/thepueblatimes.mx\/index.php\/2026\/04\/27\/designan-en-el-iee-a-presidenta-provisional\/\"]}]},{\"@type\":\"BreadcrumbList\",\"@id\":\"https:\/\/thepueblatimes.mx\/index.php\/2026\/04\/27\/designan-en-el-iee-a-presidenta-provisional\/#breadcrumb\",\"itemListElement\":[{\"@type\":\"ListItem\",\"position\":1,\"name\":\"Portada\",\"item\":\"https:\/\/thepueblatimes.mx\/\"},{\"@type\":\"ListItem\",\"position\":2,\"name\":\"Designan en el IEE a presidenta provisional\"}]},{\"@type\":\"WebSite\",\"@id\":\"https:\/\/thepueblatimes.mx\/#website\",\"url\":\"https:\/\/thepueblatimes.mx\/\",\"name\":\"The Puebla Times\",\"description\":\"Noticias del Estado de Puebla\",\"potentialAction\":[{\"@type\":\"SearchAction\",\"target\":{\"@type\":\"EntryPoint\",\"urlTemplate\":\"https:\/\/thepueblatimes.mx\/?s={search_term_string}\"},\"query-input\":\"required name=search_term_string\"}],\"inLanguage\":\"es\"},{\"@type\":\"Person\",\"@id\":\"https:\/\/thepueblatimes.mx\/#\/schema\/person\/1664894c2f65ce2c7a08d8f5f905c13c\",\"name\":\"Sa\u00fal Hern\u00e1ndez\",\"image\":{\"@type\":\"ImageObject\",\"inLanguage\":\"es\",\"@id\":\"https:\/\/thepueblatimes.mx\/#\/schema\/person\/image\/\",\"url\":\"https:\/\/secure.gravatar.com\/avatar\/11be338693f243309532caad8f10c930?s=96&d=mm&r=g\",\"contentUrl\":\"https:\/\/secure.gravatar.com\/avatar\/11be338693f243309532caad8f10c930?s=96&d=mm&r=g\",\"caption\":\"Sa\u00fal Hern\u00e1ndez\"},\"url\":\"https:\/\/thepueblatimes.mx\/index.php\/author\/saulhernandez\/\"}]}<\/script>\n<!-- \/ Yoast SEO plugin. -->","yoast_head_json":{"title":"Designan en el IEE a presidenta provisional - The Puebla Times","robots":{"index":"index","follow":"follow","max-snippet":"max-snippet:-1","max-image-preview":"max-image-preview:large","max-video-preview":"max-video-preview:-1"},"canonical":"https:\/\/thepueblatimes.mx\/index.php\/2026\/04\/27\/designan-en-el-iee-a-presidenta-provisional\/","og_locale":"es_ES","og_type":"article","og_title":"Designan en el IEE a presidenta provisional - The Puebla Times","og_description":"El Consejo General del Instituto Electoral del Estado (IEE) design\u00f3 a Christian Mariana Ceballos Gardu\u00f1o como presidenta provisional. Lo anterior, derivado de que Blanca Yassahara Cruz Garc\u00eda fue electa como consejera del Consejo General del Instituto Nacional Electoral (INE), en la C\u00e1mara de Diputados. Los integrantes del Consejo del IEE resolvieron por unanimidad la designaci\u00f3n...","og_url":"https:\/\/thepueblatimes.mx\/index.php\/2026\/04\/27\/designan-en-el-iee-a-presidenta-provisional\/","og_site_name":"The Puebla Times","article_published_time":"2026-04-27T22:37:50+00:00","og_image":[{"width":1200,"height":675,"url":"https:\/\/thepueblatimes.mx\/wp-content\/uploads\/2026\/04\/Christian-Mariana-Ceballos-Garduno-IEE.webp","type":"image\/webp"}],"author":"Sa\u00fal Hern\u00e1ndez","twitter_card":"summary_large_image","twitter_misc":{"Escrito por":"Sa\u00fal Hern\u00e1ndez","Tiempo de lectura":"1 minuto"},"schema":{"@context":"https:\/\/schema.org","@graph":[{"@type":"WebPage","@id":"https:\/\/thepueblatimes.mx\/index.php\/2026\/04\/27\/designan-en-el-iee-a-presidenta-provisional\/","url":"https:\/\/thepueblatimes.mx\/index.php\/2026\/04\/27\/designan-en-el-iee-a-presidenta-provisional\/","name":"Designan en el IEE a presidenta provisional - The Puebla Times","isPartOf":{"@id":"https:\/\/thepueblatimes.mx\/#website"},"datePublished":"2026-04-27T22:37:50+00:00","dateModified":"2026-04-27T22:37:50+00:00","author":{"@id":"https:\/\/thepueblatimes.mx\/#\/schema\/person\/1664894c2f65ce2c7a08d8f5f905c13c"},"breadcrumb":{"@id":"https:\/\/thepueblatimes.mx\/index.php\/2026\/04\/27\/designan-en-el-iee-a-presidenta-provisional\/#breadcrumb"},"inLanguage":"es","potentialAction":[{"@type":"ReadAction","target":["https:\/\/thepueblatimes.mx\/index.php\/2026\/04\/27\/designan-en-el-iee-a-presidenta-provisional\/"]}]},{"@type":"BreadcrumbList","@id":"https:\/\/thepueblatimes.mx\/index.php\/2026\/04\/27\/designan-en-el-iee-a-presidenta-provisional\/#breadcrumb","itemListElement":[{"@type":"ListItem","position":1,"name":"Portada","item":"https:\/\/thepueblatimes.mx\/"},{"@type":"ListItem","position":2,"name":"Designan en el IEE a presidenta provisional"}]},{"@type":"WebSite","@id":"https:\/\/thepueblatimes.mx\/#website","url":"https:\/\/thepueblatimes.mx\/","name":"The Puebla Times","description":"Noticias del Estado de Puebla","potentialAction":[{"@type":"SearchAction","target":{"@type":"EntryPoint","urlTemplate":"https:\/\/thepueblatimes.mx\/?s={search_term_string}"},"query-input":"required name=search_term_string"}],"inLanguage":"es"},{"@type":"Person","@id":"https:\/\/thepueblatimes.mx\/#\/schema\/person\/1664894c2f65ce2c7a08d8f5f905c13c","name":"Sa\u00fal Hern\u00e1ndez","image":{"@type":"ImageObject","inLanguage":"es","@id":"https:\/\/thepueblatimes.mx\/#\/schema\/person\/image\/","url":"https:\/\/secure.gravatar.com\/avatar\/11be338693f243309532caad8f10c930?s=96&d=mm&r=g","contentUrl":"https:\/\/secure.gravatar.com\/avatar\/11be338693f243309532caad8f10c930?s=96&d=mm&r=g","caption":"Sa\u00fal Hern\u00e1ndez"},"url":"https:\/\/thepueblatimes.mx\/index.php\/author\/saulhernandez\/"}]}},"jetpack_featured_media_url":"https:\/\/thepueblatimes.mx\/wp-content\/uploads\/2026\/04\/Christian-Mariana-Ceballos-Garduno-IEE.webp","_links":{"self":[{"href":"https:\/\/thepueblatimes.mx\/index.php\/wp-json\/wp\/v2\/posts\/37713"}],"collection":[{"href":"https:\/\/thepueblatimes.mx\/index.php\/wp-json\/wp\/v2\/posts"}],"about":[{"href":"https:\/\/thepueblatimes.mx\/index.php\/wp-json\/wp\/v2\/types\/post"}],"author":[{"embeddable":true,"href":"https:\/\/thepueblatimes.mx\/index.php\/wp-json\/wp\/v2\/users\/16"}],"replies":[{"embeddable":true,"href":"https:\/\/thepueblatimes.mx\/index.php\/wp-json\/wp\/v2\/comments?post=37713"}],"version-history":[{"count":1,"href":"https:\/\/thepueblatimes.mx\/index.php\/wp-json\/wp\/v2\/posts\/37713\/revisions"}],"predecessor-version":[{"id":37715,"href":"https:\/\/thepueblatimes.mx\/index.php\/wp-json\/wp\/v2\/posts\/37713\/revisions\/37715"}],"wp:featuredmedia":[{"embeddable":true,"href":"https:\/\/thepueblatimes.mx\/index.php\/wp-json\/wp\/v2\/media\/37714"}],"wp:attachment":[{"href":"https:\/\/thepueblatimes.mx\/index.php\/wp-json\/wp\/v2\/media?parent=37713"}],"wp:term":[{"taxonomy":"category","embeddable":true,"href":"https:\/\/thepueblatimes.mx\/index.php\/wp-json\/wp\/v2\/categories?post=37713"},{"taxonomy":"post_tag","embeddable":true,"href":"https:\/\/thepueblatimes.mx\/index.php\/wp-json\/wp\/v2\/tags?post=37713"}],"curies":[{"name":"wp","href":"https:\/\/api.w.org\/{rel}","templated":true}]}}