{"id":37706,"date":"2026-04-27T12:41:33","date_gmt":"2026-04-27T18:41:33","guid":{"rendered":"https:\/\/thepueblatimes.mx\/?p=37706"},"modified":"2026-04-27T12:41:33","modified_gmt":"2026-04-27T18:41:33","slug":"golpean-a-presunto-ladron-de-bicicleta-en-san-andres-cholula","status":"publish","type":"post","link":"https:\/\/thepueblatimes.mx\/index.php\/2026\/04\/27\/golpean-a-presunto-ladron-de-bicicleta-en-san-andres-cholula\/","title":{"rendered":"Golpean a presunto ladr\u00f3n de bicicleta en San Andr\u00e9s Cholula"},"content":{"rendered":"<p>Un presunto ladr\u00f3n de bicicleta, fue retenido y golpeado en San Andr\u00e9s Cholula.<\/p>\n<p>Los hechos se registraron durante el domingo, 26 de abril, luego de que el hombre fuera se\u00f1alado de presuntamente haber robado una bicicleta, tras lo que fue perseguido alcanzado y detenido, por residentes de la zona.<\/p>\n<p>Los residentes de San Andr\u00e9s Cholula, amarraron al presunto ladr\u00f3n y lo exhibieron en el atrio de una iglesia.<\/p>\n<p>De acuerdo a la narrativa general, el due\u00f1o de la bicicleta se percat\u00f3 de que un hombre trataba de apoderarse de su bicicleta por lo que solicit\u00f3 el apoyo social.<\/p>\n<p>Ante ello, un grupo de ciudadanos persiguieron y dieron alcance al presunto ladr\u00f3n.<\/p>\n<p>Posteriormente, los ciudadanos lo amarraron y llevaron al atrio de una iglesia de la zona, adem\u00e1s de dar aviso a las autoridades municipales.<\/p>\n<p>Elementos de la polic\u00eda municipal de San Andr\u00e9s Cholula arribaron, aseguraron al presunto responsable, y lo trasladaron al Complejo de Seguridad P\u00fablica para ponerlo a disposici\u00f3n del Ministerio P\u00fablico.<\/p>\n<p>Finalmente, el afectado decidi\u00f3 no presentar cargos, y el presunto ladr\u00f3n qued\u00f3 a disposici\u00f3n del Juez Calificador, quien determinar\u00e1 su situaci\u00f3n legal.<\/p>\n","protected":false},"excerpt":{"rendered":"<p>Un presunto ladr\u00f3n de bicicleta, fue retenido y golpeado en San Andr\u00e9s Cholula. Los hechos se registraron durante el domingo, 26 de abril, luego de que el hombre fuera se\u00f1alado de presuntamente haber robado una bicicleta, tras lo que fue perseguido alcanzado y detenido, por residentes de la zona. Los residentes de San Andr\u00e9s Cholula,&#8230;<\/p>\n","protected":false},"author":16,"featured_media":37711,"comment_status":"closed","ping_status":"closed","sticky":false,"template":"","format":"standard","meta":[],"categories":[121],"tags":[4928,284,295,4927],"yoast_head":"<!-- This site is optimized with the Yoast SEO plugin v20.8 - https:\/\/yoast.com\/wordpress\/plugins\/seo\/ -->\n<title>Golpean a presunto ladr\u00f3n de bicicleta en San Andr\u00e9s Cholula - The Puebla Times<\/title>\n<meta name=\"robots\" content=\"index, follow, max-snippet:-1, max-image-preview:large, max-video-preview:-1\" \/>\n<link rel=\"canonical\" href=\"https:\/\/thepueblatimes.mx\/index.php\/2026\/04\/27\/golpean-a-presunto-ladron-de-bicicleta-en-san-andres-cholula\/\" \/>\n<meta property=\"og:locale\" content=\"es_ES\" \/>\n<meta property=\"og:type\" content=\"article\" \/>\n<meta property=\"og:title\" content=\"Golpean a presunto ladr\u00f3n de bicicleta en San Andr\u00e9s Cholula - The Puebla Times\" \/>\n<meta property=\"og:description\" content=\"Un presunto ladr\u00f3n de bicicleta, fue retenido y golpeado en San Andr\u00e9s Cholula. Los hechos se registraron durante el domingo, 26 de abril, luego de que el hombre fuera se\u00f1alado de presuntamente haber robado una bicicleta, tras lo que fue perseguido alcanzado y detenido, por residentes de la zona. Los residentes de San Andr\u00e9s Cholula,...\" \/>\n<meta property=\"og:url\" content=\"https:\/\/thepueblatimes.mx\/index.php\/2026\/04\/27\/golpean-a-presunto-ladron-de-bicicleta-en-san-andres-cholula\/\" \/>\n<meta property=\"og:site_name\" content=\"The Puebla Times\" \/>\n<meta property=\"article:published_time\" content=\"2026-04-27T18:41:33+00:00\" \/>\n<meta property=\"og:image\" content=\"https:\/\/thepueblatimes.mx\/wp-content\/uploads\/2026\/04\/HG7iEwkbYAAzeGM.jpeg\" \/>\n\t<meta property=\"og:image:width\" content=\"1152\" \/>\n\t<meta property=\"og:image:height\" content=\"669\" \/>\n\t<meta property=\"og:image:type\" content=\"image\/jpeg\" \/>\n<meta name=\"author\" content=\"Sa\u00fal Hern\u00e1ndez\" \/>\n<meta name=\"twitter:card\" content=\"summary_large_image\" \/>\n<meta name=\"twitter:label1\" content=\"Escrito por\" \/>\n\t<meta name=\"twitter:data1\" content=\"Sa\u00fal Hern\u00e1ndez\" \/>\n\t<meta name=\"twitter:label2\" content=\"Tiempo de lectura\" \/>\n\t<meta name=\"twitter:data2\" content=\"1 minuto\" \/>\n<script type=\"application\/ld+json\" class=\"yoast-schema-graph\">{\"@context\":\"https:\/\/schema.org\",\"@graph\":[{\"@type\":\"WebPage\",\"@id\":\"https:\/\/thepueblatimes.mx\/index.php\/2026\/04\/27\/golpean-a-presunto-ladron-de-bicicleta-en-san-andres-cholula\/\",\"url\":\"https:\/\/thepueblatimes.mx\/index.php\/2026\/04\/27\/golpean-a-presunto-ladron-de-bicicleta-en-san-andres-cholula\/\",\"name\":\"Golpean a presunto ladr\u00f3n de bicicleta en San Andr\u00e9s Cholula - The Puebla Times\",\"isPartOf\":{\"@id\":\"https:\/\/thepueblatimes.mx\/#website\"},\"datePublished\":\"2026-04-27T18:41:33+00:00\",\"dateModified\":\"2026-04-27T18:41:33+00:00\",\"author\":{\"@id\":\"https:\/\/thepueblatimes.mx\/#\/schema\/person\/1664894c2f65ce2c7a08d8f5f905c13c\"},\"breadcrumb\":{\"@id\":\"https:\/\/thepueblatimes.mx\/index.php\/2026\/04\/27\/golpean-a-presunto-ladron-de-bicicleta-en-san-andres-cholula\/#breadcrumb\"},\"inLanguage\":\"es\",\"potentialAction\":[{\"@type\":\"ReadAction\",\"target\":[\"https:\/\/thepueblatimes.mx\/index.php\/2026\/04\/27\/golpean-a-presunto-ladron-de-bicicleta-en-san-andres-cholula\/\"]}]},{\"@type\":\"BreadcrumbList\",\"@id\":\"https:\/\/thepueblatimes.mx\/index.php\/2026\/04\/27\/golpean-a-presunto-ladron-de-bicicleta-en-san-andres-cholula\/#breadcrumb\",\"itemListElement\":[{\"@type\":\"ListItem\",\"position\":1,\"name\":\"Portada\",\"item\":\"https:\/\/thepueblatimes.mx\/\"},{\"@type\":\"ListItem\",\"position\":2,\"name\":\"Golpean a presunto ladr\u00f3n de bicicleta en San Andr\u00e9s Cholula\"}]},{\"@type\":\"WebSite\",\"@id\":\"https:\/\/thepueblatimes.mx\/#website\",\"url\":\"https:\/\/thepueblatimes.mx\/\",\"name\":\"The Puebla Times\",\"description\":\"Noticias del Estado de Puebla\",\"potentialAction\":[{\"@type\":\"SearchAction\",\"target\":{\"@type\":\"EntryPoint\",\"urlTemplate\":\"https:\/\/thepueblatimes.mx\/?s={search_term_string}\"},\"query-input\":\"required name=search_term_string\"}],\"inLanguage\":\"es\"},{\"@type\":\"Person\",\"@id\":\"https:\/\/thepueblatimes.mx\/#\/schema\/person\/1664894c2f65ce2c7a08d8f5f905c13c\",\"name\":\"Sa\u00fal Hern\u00e1ndez\",\"image\":{\"@type\":\"ImageObject\",\"inLanguage\":\"es\",\"@id\":\"https:\/\/thepueblatimes.mx\/#\/schema\/person\/image\/\",\"url\":\"https:\/\/secure.gravatar.com\/avatar\/11be338693f243309532caad8f10c930?s=96&d=mm&r=g\",\"contentUrl\":\"https:\/\/secure.gravatar.com\/avatar\/11be338693f243309532caad8f10c930?s=96&d=mm&r=g\",\"caption\":\"Sa\u00fal Hern\u00e1ndez\"},\"url\":\"https:\/\/thepueblatimes.mx\/index.php\/author\/saulhernandez\/\"}]}<\/script>\n<!-- \/ Yoast SEO plugin. -->","yoast_head_json":{"title":"Golpean a presunto ladr\u00f3n de bicicleta en San Andr\u00e9s Cholula - The Puebla Times","robots":{"index":"index","follow":"follow","max-snippet":"max-snippet:-1","max-image-preview":"max-image-preview:large","max-video-preview":"max-video-preview:-1"},"canonical":"https:\/\/thepueblatimes.mx\/index.php\/2026\/04\/27\/golpean-a-presunto-ladron-de-bicicleta-en-san-andres-cholula\/","og_locale":"es_ES","og_type":"article","og_title":"Golpean a presunto ladr\u00f3n de bicicleta en San Andr\u00e9s Cholula - The Puebla Times","og_description":"Un presunto ladr\u00f3n de bicicleta, fue retenido y golpeado en San Andr\u00e9s Cholula. Los hechos se registraron durante el domingo, 26 de abril, luego de que el hombre fuera se\u00f1alado de presuntamente haber robado una bicicleta, tras lo que fue perseguido alcanzado y detenido, por residentes de la zona. Los residentes de San Andr\u00e9s Cholula,...","og_url":"https:\/\/thepueblatimes.mx\/index.php\/2026\/04\/27\/golpean-a-presunto-ladron-de-bicicleta-en-san-andres-cholula\/","og_site_name":"The Puebla Times","article_published_time":"2026-04-27T18:41:33+00:00","og_image":[{"width":1152,"height":669,"url":"https:\/\/thepueblatimes.mx\/wp-content\/uploads\/2026\/04\/HG7iEwkbYAAzeGM.jpeg","type":"image\/jpeg"}],"author":"Sa\u00fal Hern\u00e1ndez","twitter_card":"summary_large_image","twitter_misc":{"Escrito por":"Sa\u00fal Hern\u00e1ndez","Tiempo de lectura":"1 minuto"},"schema":{"@context":"https:\/\/schema.org","@graph":[{"@type":"WebPage","@id":"https:\/\/thepueblatimes.mx\/index.php\/2026\/04\/27\/golpean-a-presunto-ladron-de-bicicleta-en-san-andres-cholula\/","url":"https:\/\/thepueblatimes.mx\/index.php\/2026\/04\/27\/golpean-a-presunto-ladron-de-bicicleta-en-san-andres-cholula\/","name":"Golpean a presunto ladr\u00f3n de bicicleta en San Andr\u00e9s Cholula - The Puebla Times","isPartOf":{"@id":"https:\/\/thepueblatimes.mx\/#website"},"datePublished":"2026-04-27T18:41:33+00:00","dateModified":"2026-04-27T18:41:33+00:00","author":{"@id":"https:\/\/thepueblatimes.mx\/#\/schema\/person\/1664894c2f65ce2c7a08d8f5f905c13c"},"breadcrumb":{"@id":"https:\/\/thepueblatimes.mx\/index.php\/2026\/04\/27\/golpean-a-presunto-ladron-de-bicicleta-en-san-andres-cholula\/#breadcrumb"},"inLanguage":"es","potentialAction":[{"@type":"ReadAction","target":["https:\/\/thepueblatimes.mx\/index.php\/2026\/04\/27\/golpean-a-presunto-ladron-de-bicicleta-en-san-andres-cholula\/"]}]},{"@type":"BreadcrumbList","@id":"https:\/\/thepueblatimes.mx\/index.php\/2026\/04\/27\/golpean-a-presunto-ladron-de-bicicleta-en-san-andres-cholula\/#breadcrumb","itemListElement":[{"@type":"ListItem","position":1,"name":"Portada","item":"https:\/\/thepueblatimes.mx\/"},{"@type":"ListItem","position":2,"name":"Golpean a presunto ladr\u00f3n de bicicleta en San Andr\u00e9s Cholula"}]},{"@type":"WebSite","@id":"https:\/\/thepueblatimes.mx\/#website","url":"https:\/\/thepueblatimes.mx\/","name":"The Puebla Times","description":"Noticias del Estado de Puebla","potentialAction":[{"@type":"SearchAction","target":{"@type":"EntryPoint","urlTemplate":"https:\/\/thepueblatimes.mx\/?s={search_term_string}"},"query-input":"required name=search_term_string"}],"inLanguage":"es"},{"@type":"Person","@id":"https:\/\/thepueblatimes.mx\/#\/schema\/person\/1664894c2f65ce2c7a08d8f5f905c13c","name":"Sa\u00fal Hern\u00e1ndez","image":{"@type":"ImageObject","inLanguage":"es","@id":"https:\/\/thepueblatimes.mx\/#\/schema\/person\/image\/","url":"https:\/\/secure.gravatar.com\/avatar\/11be338693f243309532caad8f10c930?s=96&d=mm&r=g","contentUrl":"https:\/\/secure.gravatar.com\/avatar\/11be338693f243309532caad8f10c930?s=96&d=mm&r=g","caption":"Sa\u00fal Hern\u00e1ndez"},"url":"https:\/\/thepueblatimes.mx\/index.php\/author\/saulhernandez\/"}]}},"jetpack_featured_media_url":"https:\/\/thepueblatimes.mx\/wp-content\/uploads\/2026\/04\/HG7iEwkbYAAzeGM.jpeg","_links":{"self":[{"href":"https:\/\/thepueblatimes.mx\/index.php\/wp-json\/wp\/v2\/posts\/37706"}],"collection":[{"href":"https:\/\/thepueblatimes.mx\/index.php\/wp-json\/wp\/v2\/posts"}],"about":[{"href":"https:\/\/thepueblatimes.mx\/index.php\/wp-json\/wp\/v2\/types\/post"}],"author":[{"embeddable":true,"href":"https:\/\/thepueblatimes.mx\/index.php\/wp-json\/wp\/v2\/users\/16"}],"replies":[{"embeddable":true,"href":"https:\/\/thepueblatimes.mx\/index.php\/wp-json\/wp\/v2\/comments?post=37706"}],"version-history":[{"count":1,"href":"https:\/\/thepueblatimes.mx\/index.php\/wp-json\/wp\/v2\/posts\/37706\/revisions"}],"predecessor-version":[{"id":37712,"href":"https:\/\/thepueblatimes.mx\/index.php\/wp-json\/wp\/v2\/posts\/37706\/revisions\/37712"}],"wp:featuredmedia":[{"embeddable":true,"href":"https:\/\/thepueblatimes.mx\/index.php\/wp-json\/wp\/v2\/media\/37711"}],"wp:attachment":[{"href":"https:\/\/thepueblatimes.mx\/index.php\/wp-json\/wp\/v2\/media?parent=37706"}],"wp:term":[{"taxonomy":"category","embeddable":true,"href":"https:\/\/thepueblatimes.mx\/index.php\/wp-json\/wp\/v2\/categories?post=37706"},{"taxonomy":"post_tag","embeddable":true,"href":"https:\/\/thepueblatimes.mx\/index.php\/wp-json\/wp\/v2\/tags?post=37706"}],"curies":[{"name":"wp","href":"https:\/\/api.w.org\/{rel}","templated":true}]}}