{"id":37705,"date":"2026-04-27T12:37:05","date_gmt":"2026-04-27T18:37:05","guid":{"rendered":"https:\/\/thepueblatimes.mx\/?p=37705"},"modified":"2026-04-27T12:37:05","modified_gmt":"2026-04-27T18:37:05","slug":"incendio-en-deposito-de-desechos-industriales-en-coronango","status":"publish","type":"post","link":"https:\/\/thepueblatimes.mx\/index.php\/2026\/04\/27\/incendio-en-deposito-de-desechos-industriales-en-coronango\/","title":{"rendered":"Incendio en dep\u00f3sito de desechos industriales en Coronango"},"content":{"rendered":"<p>Durante la madrugada de hoy, lunes 27 de abril, se registr\u00f3 un incendio en un predio ubicado en la prolongaci\u00f3n Jos\u00e9 Mar\u00eda Morelos, en el que se depositan desperdicios industriales, que alert\u00f3 a los residentes de San Francisco Ocotl\u00e1n, municipio de Coronango.<\/p>\n<p>En los hechos, de acuerdo a registros period\u00edsticos, en el pasado reciente se registr\u00f3 otro siniestro.<\/p>\n<p>Entre otros elementos, en el predio se almacenaban desechos textiles, industriales y pl\u00e1sticos.<\/p>\n<p>Residentes de la zona dieron la voz de alarma y comenzaron a organizarse para actuar antes del arribo de los cuerpos de emergencia.<\/p>\n<p>Derivado de las dimensiones del incendio fue necesaria la participaci\u00f3n de elementos del Gobierno del Estado y de municipios aleda\u00f1os, as\u00ed como de pipas particulares para combatir el incendio.<\/p>\n<p>Alrededor de las 6:00 de la ma\u00f1ana concluyeron las labores de control y mitigaci\u00f3n, sin reporte de personas lesionadas.<\/p>\n","protected":false},"excerpt":{"rendered":"<p>Durante la madrugada de hoy, lunes 27 de abril, se registr\u00f3 un incendio en un predio ubicado en la prolongaci\u00f3n Jos\u00e9 Mar\u00eda Morelos, en el que se depositan desperdicios industriales, que alert\u00f3 a los residentes de San Francisco Ocotl\u00e1n, municipio de Coronango. En los hechos, de acuerdo a registros period\u00edsticos, en el pasado reciente se&#8230;<\/p>\n","protected":false},"author":16,"featured_media":37709,"comment_status":"closed","ping_status":"closed","sticky":false,"template":"","format":"standard","meta":[],"categories":[542],"tags":[319,4925,4926,219],"yoast_head":"<!-- This site is optimized with the Yoast SEO plugin v20.8 - https:\/\/yoast.com\/wordpress\/plugins\/seo\/ -->\n<title>Incendio en dep\u00f3sito de desechos industriales en Coronango - The Puebla Times<\/title>\n<meta name=\"robots\" content=\"index, follow, max-snippet:-1, max-image-preview:large, max-video-preview:-1\" \/>\n<link rel=\"canonical\" href=\"https:\/\/thepueblatimes.mx\/index.php\/2026\/04\/27\/incendio-en-deposito-de-desechos-industriales-en-coronango\/\" \/>\n<meta property=\"og:locale\" content=\"es_ES\" \/>\n<meta property=\"og:type\" content=\"article\" \/>\n<meta property=\"og:title\" content=\"Incendio en dep\u00f3sito de desechos industriales en Coronango - The Puebla Times\" \/>\n<meta property=\"og:description\" content=\"Durante la madrugada de hoy, lunes 27 de abril, se registr\u00f3 un incendio en un predio ubicado en la prolongaci\u00f3n Jos\u00e9 Mar\u00eda Morelos, en el que se depositan desperdicios industriales, que alert\u00f3 a los residentes de San Francisco Ocotl\u00e1n, municipio de Coronango. En los hechos, de acuerdo a registros period\u00edsticos, en el pasado reciente se...\" \/>\n<meta property=\"og:url\" content=\"https:\/\/thepueblatimes.mx\/index.php\/2026\/04\/27\/incendio-en-deposito-de-desechos-industriales-en-coronango\/\" \/>\n<meta property=\"og:site_name\" content=\"The Puebla Times\" \/>\n<meta property=\"article:published_time\" content=\"2026-04-27T18:37:05+00:00\" \/>\n<meta property=\"og:image\" content=\"https:\/\/thepueblatimes.mx\/wp-content\/uploads\/2026\/04\/671635450_122158882532818318_7565972224832419382_n.jpg\" \/>\n\t<meta property=\"og:image:width\" content=\"1600\" \/>\n\t<meta property=\"og:image:height\" content=\"1200\" \/>\n\t<meta property=\"og:image:type\" content=\"image\/jpeg\" \/>\n<meta name=\"author\" content=\"Sa\u00fal Hern\u00e1ndez\" \/>\n<meta name=\"twitter:card\" content=\"summary_large_image\" \/>\n<meta name=\"twitter:label1\" content=\"Escrito por\" \/>\n\t<meta name=\"twitter:data1\" content=\"Sa\u00fal Hern\u00e1ndez\" \/>\n\t<meta name=\"twitter:label2\" content=\"Tiempo de lectura\" \/>\n\t<meta name=\"twitter:data2\" content=\"1 minuto\" \/>\n<script type=\"application\/ld+json\" class=\"yoast-schema-graph\">{\"@context\":\"https:\/\/schema.org\",\"@graph\":[{\"@type\":\"WebPage\",\"@id\":\"https:\/\/thepueblatimes.mx\/index.php\/2026\/04\/27\/incendio-en-deposito-de-desechos-industriales-en-coronango\/\",\"url\":\"https:\/\/thepueblatimes.mx\/index.php\/2026\/04\/27\/incendio-en-deposito-de-desechos-industriales-en-coronango\/\",\"name\":\"Incendio en dep\u00f3sito de desechos industriales en Coronango - The Puebla Times\",\"isPartOf\":{\"@id\":\"https:\/\/thepueblatimes.mx\/#website\"},\"datePublished\":\"2026-04-27T18:37:05+00:00\",\"dateModified\":\"2026-04-27T18:37:05+00:00\",\"author\":{\"@id\":\"https:\/\/thepueblatimes.mx\/#\/schema\/person\/1664894c2f65ce2c7a08d8f5f905c13c\"},\"breadcrumb\":{\"@id\":\"https:\/\/thepueblatimes.mx\/index.php\/2026\/04\/27\/incendio-en-deposito-de-desechos-industriales-en-coronango\/#breadcrumb\"},\"inLanguage\":\"es\",\"potentialAction\":[{\"@type\":\"ReadAction\",\"target\":[\"https:\/\/thepueblatimes.mx\/index.php\/2026\/04\/27\/incendio-en-deposito-de-desechos-industriales-en-coronango\/\"]}]},{\"@type\":\"BreadcrumbList\",\"@id\":\"https:\/\/thepueblatimes.mx\/index.php\/2026\/04\/27\/incendio-en-deposito-de-desechos-industriales-en-coronango\/#breadcrumb\",\"itemListElement\":[{\"@type\":\"ListItem\",\"position\":1,\"name\":\"Portada\",\"item\":\"https:\/\/thepueblatimes.mx\/\"},{\"@type\":\"ListItem\",\"position\":2,\"name\":\"Incendio en dep\u00f3sito de desechos industriales en Coronango\"}]},{\"@type\":\"WebSite\",\"@id\":\"https:\/\/thepueblatimes.mx\/#website\",\"url\":\"https:\/\/thepueblatimes.mx\/\",\"name\":\"The Puebla Times\",\"description\":\"Noticias del Estado de Puebla\",\"potentialAction\":[{\"@type\":\"SearchAction\",\"target\":{\"@type\":\"EntryPoint\",\"urlTemplate\":\"https:\/\/thepueblatimes.mx\/?s={search_term_string}\"},\"query-input\":\"required name=search_term_string\"}],\"inLanguage\":\"es\"},{\"@type\":\"Person\",\"@id\":\"https:\/\/thepueblatimes.mx\/#\/schema\/person\/1664894c2f65ce2c7a08d8f5f905c13c\",\"name\":\"Sa\u00fal Hern\u00e1ndez\",\"image\":{\"@type\":\"ImageObject\",\"inLanguage\":\"es\",\"@id\":\"https:\/\/thepueblatimes.mx\/#\/schema\/person\/image\/\",\"url\":\"https:\/\/secure.gravatar.com\/avatar\/11be338693f243309532caad8f10c930?s=96&d=mm&r=g\",\"contentUrl\":\"https:\/\/secure.gravatar.com\/avatar\/11be338693f243309532caad8f10c930?s=96&d=mm&r=g\",\"caption\":\"Sa\u00fal Hern\u00e1ndez\"},\"url\":\"https:\/\/thepueblatimes.mx\/index.php\/author\/saulhernandez\/\"}]}<\/script>\n<!-- \/ Yoast SEO plugin. -->","yoast_head_json":{"title":"Incendio en dep\u00f3sito de desechos industriales en Coronango - The Puebla Times","robots":{"index":"index","follow":"follow","max-snippet":"max-snippet:-1","max-image-preview":"max-image-preview:large","max-video-preview":"max-video-preview:-1"},"canonical":"https:\/\/thepueblatimes.mx\/index.php\/2026\/04\/27\/incendio-en-deposito-de-desechos-industriales-en-coronango\/","og_locale":"es_ES","og_type":"article","og_title":"Incendio en dep\u00f3sito de desechos industriales en Coronango - The Puebla Times","og_description":"Durante la madrugada de hoy, lunes 27 de abril, se registr\u00f3 un incendio en un predio ubicado en la prolongaci\u00f3n Jos\u00e9 Mar\u00eda Morelos, en el que se depositan desperdicios industriales, que alert\u00f3 a los residentes de San Francisco Ocotl\u00e1n, municipio de Coronango. En los hechos, de acuerdo a registros period\u00edsticos, en el pasado reciente se...","og_url":"https:\/\/thepueblatimes.mx\/index.php\/2026\/04\/27\/incendio-en-deposito-de-desechos-industriales-en-coronango\/","og_site_name":"The Puebla Times","article_published_time":"2026-04-27T18:37:05+00:00","og_image":[{"width":1600,"height":1200,"url":"https:\/\/thepueblatimes.mx\/wp-content\/uploads\/2026\/04\/671635450_122158882532818318_7565972224832419382_n.jpg","type":"image\/jpeg"}],"author":"Sa\u00fal Hern\u00e1ndez","twitter_card":"summary_large_image","twitter_misc":{"Escrito por":"Sa\u00fal Hern\u00e1ndez","Tiempo de lectura":"1 minuto"},"schema":{"@context":"https:\/\/schema.org","@graph":[{"@type":"WebPage","@id":"https:\/\/thepueblatimes.mx\/index.php\/2026\/04\/27\/incendio-en-deposito-de-desechos-industriales-en-coronango\/","url":"https:\/\/thepueblatimes.mx\/index.php\/2026\/04\/27\/incendio-en-deposito-de-desechos-industriales-en-coronango\/","name":"Incendio en dep\u00f3sito de desechos industriales en Coronango - The Puebla Times","isPartOf":{"@id":"https:\/\/thepueblatimes.mx\/#website"},"datePublished":"2026-04-27T18:37:05+00:00","dateModified":"2026-04-27T18:37:05+00:00","author":{"@id":"https:\/\/thepueblatimes.mx\/#\/schema\/person\/1664894c2f65ce2c7a08d8f5f905c13c"},"breadcrumb":{"@id":"https:\/\/thepueblatimes.mx\/index.php\/2026\/04\/27\/incendio-en-deposito-de-desechos-industriales-en-coronango\/#breadcrumb"},"inLanguage":"es","potentialAction":[{"@type":"ReadAction","target":["https:\/\/thepueblatimes.mx\/index.php\/2026\/04\/27\/incendio-en-deposito-de-desechos-industriales-en-coronango\/"]}]},{"@type":"BreadcrumbList","@id":"https:\/\/thepueblatimes.mx\/index.php\/2026\/04\/27\/incendio-en-deposito-de-desechos-industriales-en-coronango\/#breadcrumb","itemListElement":[{"@type":"ListItem","position":1,"name":"Portada","item":"https:\/\/thepueblatimes.mx\/"},{"@type":"ListItem","position":2,"name":"Incendio en dep\u00f3sito de desechos industriales en Coronango"}]},{"@type":"WebSite","@id":"https:\/\/thepueblatimes.mx\/#website","url":"https:\/\/thepueblatimes.mx\/","name":"The Puebla Times","description":"Noticias del Estado de Puebla","potentialAction":[{"@type":"SearchAction","target":{"@type":"EntryPoint","urlTemplate":"https:\/\/thepueblatimes.mx\/?s={search_term_string}"},"query-input":"required name=search_term_string"}],"inLanguage":"es"},{"@type":"Person","@id":"https:\/\/thepueblatimes.mx\/#\/schema\/person\/1664894c2f65ce2c7a08d8f5f905c13c","name":"Sa\u00fal Hern\u00e1ndez","image":{"@type":"ImageObject","inLanguage":"es","@id":"https:\/\/thepueblatimes.mx\/#\/schema\/person\/image\/","url":"https:\/\/secure.gravatar.com\/avatar\/11be338693f243309532caad8f10c930?s=96&d=mm&r=g","contentUrl":"https:\/\/secure.gravatar.com\/avatar\/11be338693f243309532caad8f10c930?s=96&d=mm&r=g","caption":"Sa\u00fal Hern\u00e1ndez"},"url":"https:\/\/thepueblatimes.mx\/index.php\/author\/saulhernandez\/"}]}},"jetpack_featured_media_url":"https:\/\/thepueblatimes.mx\/wp-content\/uploads\/2026\/04\/671635450_122158882532818318_7565972224832419382_n.jpg","_links":{"self":[{"href":"https:\/\/thepueblatimes.mx\/index.php\/wp-json\/wp\/v2\/posts\/37705"}],"collection":[{"href":"https:\/\/thepueblatimes.mx\/index.php\/wp-json\/wp\/v2\/posts"}],"about":[{"href":"https:\/\/thepueblatimes.mx\/index.php\/wp-json\/wp\/v2\/types\/post"}],"author":[{"embeddable":true,"href":"https:\/\/thepueblatimes.mx\/index.php\/wp-json\/wp\/v2\/users\/16"}],"replies":[{"embeddable":true,"href":"https:\/\/thepueblatimes.mx\/index.php\/wp-json\/wp\/v2\/comments?post=37705"}],"version-history":[{"count":1,"href":"https:\/\/thepueblatimes.mx\/index.php\/wp-json\/wp\/v2\/posts\/37705\/revisions"}],"predecessor-version":[{"id":37710,"href":"https:\/\/thepueblatimes.mx\/index.php\/wp-json\/wp\/v2\/posts\/37705\/revisions\/37710"}],"wp:featuredmedia":[{"embeddable":true,"href":"https:\/\/thepueblatimes.mx\/index.php\/wp-json\/wp\/v2\/media\/37709"}],"wp:attachment":[{"href":"https:\/\/thepueblatimes.mx\/index.php\/wp-json\/wp\/v2\/media?parent=37705"}],"wp:term":[{"taxonomy":"category","embeddable":true,"href":"https:\/\/thepueblatimes.mx\/index.php\/wp-json\/wp\/v2\/categories?post=37705"},{"taxonomy":"post_tag","embeddable":true,"href":"https:\/\/thepueblatimes.mx\/index.php\/wp-json\/wp\/v2\/tags?post=37705"}],"curies":[{"name":"wp","href":"https:\/\/api.w.org\/{rel}","templated":true}]}}