{"id":37069,"date":"2026-03-14T13:47:45","date_gmt":"2026-03-14T19:47:45","guid":{"rendered":"https:\/\/thepueblatimes.mx\/?p=37069"},"modified":"2026-03-14T13:47:45","modified_gmt":"2026-03-14T19:47:45","slug":"confirman-primer-caso-de-gusano-barrenador-en-humanos-en-vicente-guerrero","status":"publish","type":"post","link":"https:\/\/thepueblatimes.mx\/index.php\/2026\/03\/14\/confirman-primer-caso-de-gusano-barrenador-en-humanos-en-vicente-guerrero\/","title":{"rendered":"Confirman primer caso de gusano barrenador en humanos en Vicente Guerrero"},"content":{"rendered":"<p>La Secretar\u00eda de Salud federal confirm\u00f3 el primer caso de miasis por gusano barrenador en un habitante Vicente Guerrero, Puebla, espec\u00edficamente en el municipio de Vicente Guerrero.<\/p>\n<p>El paciente, un adulto mayor, permanece hospitalizado, es un hombre de 81 a\u00f1os que padece una neoplasia, condici\u00f3n que facilit\u00f3 la infestaci\u00f3n de larvas en su boca. El diagn\u00f3stico de tumores complica el tratamiento de la miasis.<\/p>\n<p>El caso se suma a la detecci\u00f3n de la plaga en el ganado poblano en septiembre de 2025, que deriv\u00f3 en el despliegue de brigadas de control en colaboraci\u00f3n con la Secretar\u00eda de Agricultura en la Sierra Norte y Molcaxac.<\/p>\n<p>Puebla se suma a las 10 entidades del pa\u00eds que reportan esta parasitosis en humanos durante el primer trimestre de 2026.<\/p>\n","protected":false},"excerpt":{"rendered":"<p>La Secretar\u00eda de Salud federal confirm\u00f3 el primer caso de miasis por gusano barrenador en un habitante Vicente Guerrero, Puebla, espec\u00edficamente en el municipio de Vicente Guerrero. El paciente, un adulto mayor, permanece hospitalizado, es un hombre de 81 a\u00f1os que padece una neoplasia, condici\u00f3n que facilit\u00f3 la infestaci\u00f3n de larvas en su boca. El&#8230;<\/p>\n","protected":false},"author":16,"featured_media":37070,"comment_status":"closed","ping_status":"closed","sticky":false,"template":"","format":"standard","meta":[],"categories":[542],"tags":[3643,4784,4785],"yoast_head":"<!-- This site is optimized with the Yoast SEO plugin v20.8 - https:\/\/yoast.com\/wordpress\/plugins\/seo\/ -->\n<title>Confirman primer caso de gusano barrenador en humanos en Vicente Guerrero - The Puebla Times<\/title>\n<meta name=\"robots\" content=\"index, follow, max-snippet:-1, max-image-preview:large, max-video-preview:-1\" \/>\n<link rel=\"canonical\" href=\"https:\/\/thepueblatimes.mx\/index.php\/2026\/03\/14\/confirman-primer-caso-de-gusano-barrenador-en-humanos-en-vicente-guerrero\/\" \/>\n<meta property=\"og:locale\" content=\"es_ES\" \/>\n<meta property=\"og:type\" content=\"article\" \/>\n<meta property=\"og:title\" content=\"Confirman primer caso de gusano barrenador en humanos en Vicente Guerrero - The Puebla Times\" \/>\n<meta property=\"og:description\" content=\"La Secretar\u00eda de Salud federal confirm\u00f3 el primer caso de miasis por gusano barrenador en un habitante Vicente Guerrero, Puebla, espec\u00edficamente en el municipio de Vicente Guerrero. El paciente, un adulto mayor, permanece hospitalizado, es un hombre de 81 a\u00f1os que padece una neoplasia, condici\u00f3n que facilit\u00f3 la infestaci\u00f3n de larvas en su boca. El...\" \/>\n<meta property=\"og:url\" content=\"https:\/\/thepueblatimes.mx\/index.php\/2026\/03\/14\/confirman-primer-caso-de-gusano-barrenador-en-humanos-en-vicente-guerrero\/\" \/>\n<meta property=\"og:site_name\" content=\"The Puebla Times\" \/>\n<meta property=\"article:published_time\" content=\"2026-03-14T19:47:45+00:00\" \/>\n<meta property=\"og:image\" content=\"https:\/\/thepueblatimes.mx\/wp-content\/uploads\/2026\/03\/Gusano_barrenador_del_ganado_3.jpg\" \/>\n\t<meta property=\"og:image:width\" content=\"1800\" \/>\n\t<meta property=\"og:image:height\" content=\"1200\" \/>\n\t<meta property=\"og:image:type\" content=\"image\/jpeg\" \/>\n<meta name=\"author\" content=\"Sa\u00fal Hern\u00e1ndez\" \/>\n<meta name=\"twitter:card\" content=\"summary_large_image\" \/>\n<meta name=\"twitter:label1\" content=\"Escrito por\" \/>\n\t<meta name=\"twitter:data1\" content=\"Sa\u00fal Hern\u00e1ndez\" \/>\n\t<meta name=\"twitter:label2\" content=\"Tiempo de lectura\" \/>\n\t<meta name=\"twitter:data2\" content=\"1 minuto\" \/>\n<script type=\"application\/ld+json\" class=\"yoast-schema-graph\">{\"@context\":\"https:\/\/schema.org\",\"@graph\":[{\"@type\":\"WebPage\",\"@id\":\"https:\/\/thepueblatimes.mx\/index.php\/2026\/03\/14\/confirman-primer-caso-de-gusano-barrenador-en-humanos-en-vicente-guerrero\/\",\"url\":\"https:\/\/thepueblatimes.mx\/index.php\/2026\/03\/14\/confirman-primer-caso-de-gusano-barrenador-en-humanos-en-vicente-guerrero\/\",\"name\":\"Confirman primer caso de gusano barrenador en humanos en Vicente Guerrero - The Puebla Times\",\"isPartOf\":{\"@id\":\"https:\/\/thepueblatimes.mx\/#website\"},\"datePublished\":\"2026-03-14T19:47:45+00:00\",\"dateModified\":\"2026-03-14T19:47:45+00:00\",\"author\":{\"@id\":\"https:\/\/thepueblatimes.mx\/#\/schema\/person\/1664894c2f65ce2c7a08d8f5f905c13c\"},\"breadcrumb\":{\"@id\":\"https:\/\/thepueblatimes.mx\/index.php\/2026\/03\/14\/confirman-primer-caso-de-gusano-barrenador-en-humanos-en-vicente-guerrero\/#breadcrumb\"},\"inLanguage\":\"es\",\"potentialAction\":[{\"@type\":\"ReadAction\",\"target\":[\"https:\/\/thepueblatimes.mx\/index.php\/2026\/03\/14\/confirman-primer-caso-de-gusano-barrenador-en-humanos-en-vicente-guerrero\/\"]}]},{\"@type\":\"BreadcrumbList\",\"@id\":\"https:\/\/thepueblatimes.mx\/index.php\/2026\/03\/14\/confirman-primer-caso-de-gusano-barrenador-en-humanos-en-vicente-guerrero\/#breadcrumb\",\"itemListElement\":[{\"@type\":\"ListItem\",\"position\":1,\"name\":\"Portada\",\"item\":\"https:\/\/thepueblatimes.mx\/\"},{\"@type\":\"ListItem\",\"position\":2,\"name\":\"Confirman primer caso de gusano barrenador en humanos en Vicente Guerrero\"}]},{\"@type\":\"WebSite\",\"@id\":\"https:\/\/thepueblatimes.mx\/#website\",\"url\":\"https:\/\/thepueblatimes.mx\/\",\"name\":\"The Puebla Times\",\"description\":\"Noticias del Estado de Puebla\",\"potentialAction\":[{\"@type\":\"SearchAction\",\"target\":{\"@type\":\"EntryPoint\",\"urlTemplate\":\"https:\/\/thepueblatimes.mx\/?s={search_term_string}\"},\"query-input\":\"required name=search_term_string\"}],\"inLanguage\":\"es\"},{\"@type\":\"Person\",\"@id\":\"https:\/\/thepueblatimes.mx\/#\/schema\/person\/1664894c2f65ce2c7a08d8f5f905c13c\",\"name\":\"Sa\u00fal Hern\u00e1ndez\",\"image\":{\"@type\":\"ImageObject\",\"inLanguage\":\"es\",\"@id\":\"https:\/\/thepueblatimes.mx\/#\/schema\/person\/image\/\",\"url\":\"https:\/\/secure.gravatar.com\/avatar\/11be338693f243309532caad8f10c930?s=96&d=mm&r=g\",\"contentUrl\":\"https:\/\/secure.gravatar.com\/avatar\/11be338693f243309532caad8f10c930?s=96&d=mm&r=g\",\"caption\":\"Sa\u00fal Hern\u00e1ndez\"},\"url\":\"https:\/\/thepueblatimes.mx\/index.php\/author\/saulhernandez\/\"}]}<\/script>\n<!-- \/ Yoast SEO plugin. -->","yoast_head_json":{"title":"Confirman primer caso de gusano barrenador en humanos en Vicente Guerrero - The Puebla Times","robots":{"index":"index","follow":"follow","max-snippet":"max-snippet:-1","max-image-preview":"max-image-preview:large","max-video-preview":"max-video-preview:-1"},"canonical":"https:\/\/thepueblatimes.mx\/index.php\/2026\/03\/14\/confirman-primer-caso-de-gusano-barrenador-en-humanos-en-vicente-guerrero\/","og_locale":"es_ES","og_type":"article","og_title":"Confirman primer caso de gusano barrenador en humanos en Vicente Guerrero - The Puebla Times","og_description":"La Secretar\u00eda de Salud federal confirm\u00f3 el primer caso de miasis por gusano barrenador en un habitante Vicente Guerrero, Puebla, espec\u00edficamente en el municipio de Vicente Guerrero. El paciente, un adulto mayor, permanece hospitalizado, es un hombre de 81 a\u00f1os que padece una neoplasia, condici\u00f3n que facilit\u00f3 la infestaci\u00f3n de larvas en su boca. El...","og_url":"https:\/\/thepueblatimes.mx\/index.php\/2026\/03\/14\/confirman-primer-caso-de-gusano-barrenador-en-humanos-en-vicente-guerrero\/","og_site_name":"The Puebla Times","article_published_time":"2026-03-14T19:47:45+00:00","og_image":[{"width":1800,"height":1200,"url":"https:\/\/thepueblatimes.mx\/wp-content\/uploads\/2026\/03\/Gusano_barrenador_del_ganado_3.jpg","type":"image\/jpeg"}],"author":"Sa\u00fal Hern\u00e1ndez","twitter_card":"summary_large_image","twitter_misc":{"Escrito por":"Sa\u00fal Hern\u00e1ndez","Tiempo de lectura":"1 minuto"},"schema":{"@context":"https:\/\/schema.org","@graph":[{"@type":"WebPage","@id":"https:\/\/thepueblatimes.mx\/index.php\/2026\/03\/14\/confirman-primer-caso-de-gusano-barrenador-en-humanos-en-vicente-guerrero\/","url":"https:\/\/thepueblatimes.mx\/index.php\/2026\/03\/14\/confirman-primer-caso-de-gusano-barrenador-en-humanos-en-vicente-guerrero\/","name":"Confirman primer caso de gusano barrenador en humanos en Vicente Guerrero - The Puebla Times","isPartOf":{"@id":"https:\/\/thepueblatimes.mx\/#website"},"datePublished":"2026-03-14T19:47:45+00:00","dateModified":"2026-03-14T19:47:45+00:00","author":{"@id":"https:\/\/thepueblatimes.mx\/#\/schema\/person\/1664894c2f65ce2c7a08d8f5f905c13c"},"breadcrumb":{"@id":"https:\/\/thepueblatimes.mx\/index.php\/2026\/03\/14\/confirman-primer-caso-de-gusano-barrenador-en-humanos-en-vicente-guerrero\/#breadcrumb"},"inLanguage":"es","potentialAction":[{"@type":"ReadAction","target":["https:\/\/thepueblatimes.mx\/index.php\/2026\/03\/14\/confirman-primer-caso-de-gusano-barrenador-en-humanos-en-vicente-guerrero\/"]}]},{"@type":"BreadcrumbList","@id":"https:\/\/thepueblatimes.mx\/index.php\/2026\/03\/14\/confirman-primer-caso-de-gusano-barrenador-en-humanos-en-vicente-guerrero\/#breadcrumb","itemListElement":[{"@type":"ListItem","position":1,"name":"Portada","item":"https:\/\/thepueblatimes.mx\/"},{"@type":"ListItem","position":2,"name":"Confirman primer caso de gusano barrenador en humanos en Vicente Guerrero"}]},{"@type":"WebSite","@id":"https:\/\/thepueblatimes.mx\/#website","url":"https:\/\/thepueblatimes.mx\/","name":"The Puebla Times","description":"Noticias del Estado de Puebla","potentialAction":[{"@type":"SearchAction","target":{"@type":"EntryPoint","urlTemplate":"https:\/\/thepueblatimes.mx\/?s={search_term_string}"},"query-input":"required name=search_term_string"}],"inLanguage":"es"},{"@type":"Person","@id":"https:\/\/thepueblatimes.mx\/#\/schema\/person\/1664894c2f65ce2c7a08d8f5f905c13c","name":"Sa\u00fal Hern\u00e1ndez","image":{"@type":"ImageObject","inLanguage":"es","@id":"https:\/\/thepueblatimes.mx\/#\/schema\/person\/image\/","url":"https:\/\/secure.gravatar.com\/avatar\/11be338693f243309532caad8f10c930?s=96&d=mm&r=g","contentUrl":"https:\/\/secure.gravatar.com\/avatar\/11be338693f243309532caad8f10c930?s=96&d=mm&r=g","caption":"Sa\u00fal Hern\u00e1ndez"},"url":"https:\/\/thepueblatimes.mx\/index.php\/author\/saulhernandez\/"}]}},"jetpack_featured_media_url":"https:\/\/thepueblatimes.mx\/wp-content\/uploads\/2026\/03\/Gusano_barrenador_del_ganado_3.jpg","_links":{"self":[{"href":"https:\/\/thepueblatimes.mx\/index.php\/wp-json\/wp\/v2\/posts\/37069"}],"collection":[{"href":"https:\/\/thepueblatimes.mx\/index.php\/wp-json\/wp\/v2\/posts"}],"about":[{"href":"https:\/\/thepueblatimes.mx\/index.php\/wp-json\/wp\/v2\/types\/post"}],"author":[{"embeddable":true,"href":"https:\/\/thepueblatimes.mx\/index.php\/wp-json\/wp\/v2\/users\/16"}],"replies":[{"embeddable":true,"href":"https:\/\/thepueblatimes.mx\/index.php\/wp-json\/wp\/v2\/comments?post=37069"}],"version-history":[{"count":1,"href":"https:\/\/thepueblatimes.mx\/index.php\/wp-json\/wp\/v2\/posts\/37069\/revisions"}],"predecessor-version":[{"id":37071,"href":"https:\/\/thepueblatimes.mx\/index.php\/wp-json\/wp\/v2\/posts\/37069\/revisions\/37071"}],"wp:featuredmedia":[{"embeddable":true,"href":"https:\/\/thepueblatimes.mx\/index.php\/wp-json\/wp\/v2\/media\/37070"}],"wp:attachment":[{"href":"https:\/\/thepueblatimes.mx\/index.php\/wp-json\/wp\/v2\/media?parent=37069"}],"wp:term":[{"taxonomy":"category","embeddable":true,"href":"https:\/\/thepueblatimes.mx\/index.php\/wp-json\/wp\/v2\/categories?post=37069"},{"taxonomy":"post_tag","embeddable":true,"href":"https:\/\/thepueblatimes.mx\/index.php\/wp-json\/wp\/v2\/tags?post=37069"}],"curies":[{"name":"wp","href":"https:\/\/api.w.org\/{rel}","templated":true}]}}