{"id":37065,"date":"2026-03-14T13:40:57","date_gmt":"2026-03-14T19:40:57","guid":{"rendered":"https:\/\/thepueblatimes.mx\/?p=37065"},"modified":"2026-03-14T13:40:57","modified_gmt":"2026-03-14T19:40:57","slug":"raymix-exhibe-incumplimiento-del-ayuntamiento-de-san-pedro-cholula","status":"publish","type":"post","link":"https:\/\/thepueblatimes.mx\/index.php\/2026\/03\/14\/raymix-exhibe-incumplimiento-del-ayuntamiento-de-san-pedro-cholula\/","title":{"rendered":"Raymix exhibe incumplimiento del Ayuntamiento de San Pedro Cholula"},"content":{"rendered":"<p>El Ayuntamiento de San Pedro Cholula, presidido por Tonantzin Fern\u00e1ndez asegur\u00f3 que Raymix no estuvo contemplado para participar en el Festival Equinoccio . sin embargo, el artista afirm\u00f3 que le entregaron un adelanto.<\/p>\n<p>En esencia Raymix exhibi\u00f3 que la administraci\u00f3n a cargo de Tonantzin Fern\u00e1ndez no gestion\u00f3 de manera adecuada su participaci\u00f3n en un concierto para el Festival Equinoccio por lo que se cancel\u00f3.<\/p>\n<p>V\u00eda redes sociales Raymix dijo que el Ayuntamiento de San Pedro Cholula le dio un anticipo para apartar la fecha de su presentaci\u00f3n, pero no complet\u00f3 el resto del pago.<\/p>\n<p>Ante ello, pidi\u00f3 a las autoridades municipales comunicarse con su equipo o con los organizadores del evento para regularizar la situaci\u00f3n.<br \/>\nSin embargo, derivado de la solicitud de Raymix, el Ayuntamiento de San Pedro Cholula emiti\u00f3 un comunicado, en el que afirm\u00f3 que nunca estuvo contemplado para el Festival Equinoccio 2026.<\/p>\n<p>Y en el extremo afirm\u00f3 que la informaci\u00f3n que dio el artista en sus redes sociales no es correcta porque nunca estuvo confirmada su participaci\u00f3n.<\/p>\n","protected":false},"excerpt":{"rendered":"<p>El Ayuntamiento de San Pedro Cholula, presidido por Tonantzin Fern\u00e1ndez asegur\u00f3 que Raymix no estuvo contemplado para participar en el Festival Equinoccio . sin embargo, el artista afirm\u00f3 que le entregaron un adelanto. En esencia Raymix exhibi\u00f3 que la administraci\u00f3n a cargo de Tonantzin Fern\u00e1ndez no gestion\u00f3 de manera adecuada su participaci\u00f3n en un concierto&#8230;<\/p>\n","protected":false},"author":16,"featured_media":37067,"comment_status":"closed","ping_status":"closed","sticky":false,"template":"","format":"standard","meta":[],"categories":[542],"tags":[4783,1304,3161],"yoast_head":"<!-- This site is optimized with the Yoast SEO plugin v20.8 - https:\/\/yoast.com\/wordpress\/plugins\/seo\/ -->\n<title>Raymix exhibe incumplimiento del Ayuntamiento de San Pedro Cholula - The Puebla Times<\/title>\n<meta name=\"robots\" content=\"index, follow, max-snippet:-1, max-image-preview:large, max-video-preview:-1\" \/>\n<link rel=\"canonical\" href=\"https:\/\/thepueblatimes.mx\/index.php\/2026\/03\/14\/raymix-exhibe-incumplimiento-del-ayuntamiento-de-san-pedro-cholula\/\" \/>\n<meta property=\"og:locale\" content=\"es_ES\" \/>\n<meta property=\"og:type\" content=\"article\" \/>\n<meta property=\"og:title\" content=\"Raymix exhibe incumplimiento del Ayuntamiento de San Pedro Cholula - The Puebla Times\" \/>\n<meta property=\"og:description\" content=\"El Ayuntamiento de San Pedro Cholula, presidido por Tonantzin Fern\u00e1ndez asegur\u00f3 que Raymix no estuvo contemplado para participar en el Festival Equinoccio . sin embargo, el artista afirm\u00f3 que le entregaron un adelanto. En esencia Raymix exhibi\u00f3 que la administraci\u00f3n a cargo de Tonantzin Fern\u00e1ndez no gestion\u00f3 de manera adecuada su participaci\u00f3n en un concierto...\" \/>\n<meta property=\"og:url\" content=\"https:\/\/thepueblatimes.mx\/index.php\/2026\/03\/14\/raymix-exhibe-incumplimiento-del-ayuntamiento-de-san-pedro-cholula\/\" \/>\n<meta property=\"og:site_name\" content=\"The Puebla Times\" \/>\n<meta property=\"article:published_time\" content=\"2026-03-14T19:40:57+00:00\" \/>\n<meta property=\"og:image\" content=\"https:\/\/thepueblatimes.mx\/wp-content\/uploads\/2026\/03\/ab6761610000e5eb77981c91d17a7986baab2c06.jpg\" \/>\n\t<meta property=\"og:image:width\" content=\"640\" \/>\n\t<meta property=\"og:image:height\" content=\"640\" \/>\n\t<meta property=\"og:image:type\" content=\"image\/jpeg\" \/>\n<meta name=\"author\" content=\"Sa\u00fal Hern\u00e1ndez\" \/>\n<meta name=\"twitter:card\" content=\"summary_large_image\" \/>\n<meta name=\"twitter:label1\" content=\"Escrito por\" \/>\n\t<meta name=\"twitter:data1\" content=\"Sa\u00fal Hern\u00e1ndez\" \/>\n\t<meta name=\"twitter:label2\" content=\"Tiempo de lectura\" \/>\n\t<meta name=\"twitter:data2\" content=\"1 minuto\" \/>\n<script type=\"application\/ld+json\" class=\"yoast-schema-graph\">{\"@context\":\"https:\/\/schema.org\",\"@graph\":[{\"@type\":\"WebPage\",\"@id\":\"https:\/\/thepueblatimes.mx\/index.php\/2026\/03\/14\/raymix-exhibe-incumplimiento-del-ayuntamiento-de-san-pedro-cholula\/\",\"url\":\"https:\/\/thepueblatimes.mx\/index.php\/2026\/03\/14\/raymix-exhibe-incumplimiento-del-ayuntamiento-de-san-pedro-cholula\/\",\"name\":\"Raymix exhibe incumplimiento del Ayuntamiento de San Pedro Cholula - The Puebla Times\",\"isPartOf\":{\"@id\":\"https:\/\/thepueblatimes.mx\/#website\"},\"datePublished\":\"2026-03-14T19:40:57+00:00\",\"dateModified\":\"2026-03-14T19:40:57+00:00\",\"author\":{\"@id\":\"https:\/\/thepueblatimes.mx\/#\/schema\/person\/1664894c2f65ce2c7a08d8f5f905c13c\"},\"breadcrumb\":{\"@id\":\"https:\/\/thepueblatimes.mx\/index.php\/2026\/03\/14\/raymix-exhibe-incumplimiento-del-ayuntamiento-de-san-pedro-cholula\/#breadcrumb\"},\"inLanguage\":\"es\",\"potentialAction\":[{\"@type\":\"ReadAction\",\"target\":[\"https:\/\/thepueblatimes.mx\/index.php\/2026\/03\/14\/raymix-exhibe-incumplimiento-del-ayuntamiento-de-san-pedro-cholula\/\"]}]},{\"@type\":\"BreadcrumbList\",\"@id\":\"https:\/\/thepueblatimes.mx\/index.php\/2026\/03\/14\/raymix-exhibe-incumplimiento-del-ayuntamiento-de-san-pedro-cholula\/#breadcrumb\",\"itemListElement\":[{\"@type\":\"ListItem\",\"position\":1,\"name\":\"Portada\",\"item\":\"https:\/\/thepueblatimes.mx\/\"},{\"@type\":\"ListItem\",\"position\":2,\"name\":\"Raymix exhibe incumplimiento del Ayuntamiento de San Pedro Cholula\"}]},{\"@type\":\"WebSite\",\"@id\":\"https:\/\/thepueblatimes.mx\/#website\",\"url\":\"https:\/\/thepueblatimes.mx\/\",\"name\":\"The Puebla Times\",\"description\":\"Noticias del Estado de Puebla\",\"potentialAction\":[{\"@type\":\"SearchAction\",\"target\":{\"@type\":\"EntryPoint\",\"urlTemplate\":\"https:\/\/thepueblatimes.mx\/?s={search_term_string}\"},\"query-input\":\"required name=search_term_string\"}],\"inLanguage\":\"es\"},{\"@type\":\"Person\",\"@id\":\"https:\/\/thepueblatimes.mx\/#\/schema\/person\/1664894c2f65ce2c7a08d8f5f905c13c\",\"name\":\"Sa\u00fal Hern\u00e1ndez\",\"image\":{\"@type\":\"ImageObject\",\"inLanguage\":\"es\",\"@id\":\"https:\/\/thepueblatimes.mx\/#\/schema\/person\/image\/\",\"url\":\"https:\/\/secure.gravatar.com\/avatar\/11be338693f243309532caad8f10c930?s=96&d=mm&r=g\",\"contentUrl\":\"https:\/\/secure.gravatar.com\/avatar\/11be338693f243309532caad8f10c930?s=96&d=mm&r=g\",\"caption\":\"Sa\u00fal Hern\u00e1ndez\"},\"url\":\"https:\/\/thepueblatimes.mx\/index.php\/author\/saulhernandez\/\"}]}<\/script>\n<!-- \/ Yoast SEO plugin. -->","yoast_head_json":{"title":"Raymix exhibe incumplimiento del Ayuntamiento de San Pedro Cholula - The Puebla Times","robots":{"index":"index","follow":"follow","max-snippet":"max-snippet:-1","max-image-preview":"max-image-preview:large","max-video-preview":"max-video-preview:-1"},"canonical":"https:\/\/thepueblatimes.mx\/index.php\/2026\/03\/14\/raymix-exhibe-incumplimiento-del-ayuntamiento-de-san-pedro-cholula\/","og_locale":"es_ES","og_type":"article","og_title":"Raymix exhibe incumplimiento del Ayuntamiento de San Pedro Cholula - The Puebla Times","og_description":"El Ayuntamiento de San Pedro Cholula, presidido por Tonantzin Fern\u00e1ndez asegur\u00f3 que Raymix no estuvo contemplado para participar en el Festival Equinoccio . sin embargo, el artista afirm\u00f3 que le entregaron un adelanto. En esencia Raymix exhibi\u00f3 que la administraci\u00f3n a cargo de Tonantzin Fern\u00e1ndez no gestion\u00f3 de manera adecuada su participaci\u00f3n en un concierto...","og_url":"https:\/\/thepueblatimes.mx\/index.php\/2026\/03\/14\/raymix-exhibe-incumplimiento-del-ayuntamiento-de-san-pedro-cholula\/","og_site_name":"The Puebla Times","article_published_time":"2026-03-14T19:40:57+00:00","og_image":[{"width":640,"height":640,"url":"https:\/\/thepueblatimes.mx\/wp-content\/uploads\/2026\/03\/ab6761610000e5eb77981c91d17a7986baab2c06.jpg","type":"image\/jpeg"}],"author":"Sa\u00fal Hern\u00e1ndez","twitter_card":"summary_large_image","twitter_misc":{"Escrito por":"Sa\u00fal Hern\u00e1ndez","Tiempo de lectura":"1 minuto"},"schema":{"@context":"https:\/\/schema.org","@graph":[{"@type":"WebPage","@id":"https:\/\/thepueblatimes.mx\/index.php\/2026\/03\/14\/raymix-exhibe-incumplimiento-del-ayuntamiento-de-san-pedro-cholula\/","url":"https:\/\/thepueblatimes.mx\/index.php\/2026\/03\/14\/raymix-exhibe-incumplimiento-del-ayuntamiento-de-san-pedro-cholula\/","name":"Raymix exhibe incumplimiento del Ayuntamiento de San Pedro Cholula - The Puebla Times","isPartOf":{"@id":"https:\/\/thepueblatimes.mx\/#website"},"datePublished":"2026-03-14T19:40:57+00:00","dateModified":"2026-03-14T19:40:57+00:00","author":{"@id":"https:\/\/thepueblatimes.mx\/#\/schema\/person\/1664894c2f65ce2c7a08d8f5f905c13c"},"breadcrumb":{"@id":"https:\/\/thepueblatimes.mx\/index.php\/2026\/03\/14\/raymix-exhibe-incumplimiento-del-ayuntamiento-de-san-pedro-cholula\/#breadcrumb"},"inLanguage":"es","potentialAction":[{"@type":"ReadAction","target":["https:\/\/thepueblatimes.mx\/index.php\/2026\/03\/14\/raymix-exhibe-incumplimiento-del-ayuntamiento-de-san-pedro-cholula\/"]}]},{"@type":"BreadcrumbList","@id":"https:\/\/thepueblatimes.mx\/index.php\/2026\/03\/14\/raymix-exhibe-incumplimiento-del-ayuntamiento-de-san-pedro-cholula\/#breadcrumb","itemListElement":[{"@type":"ListItem","position":1,"name":"Portada","item":"https:\/\/thepueblatimes.mx\/"},{"@type":"ListItem","position":2,"name":"Raymix exhibe incumplimiento del Ayuntamiento de San Pedro Cholula"}]},{"@type":"WebSite","@id":"https:\/\/thepueblatimes.mx\/#website","url":"https:\/\/thepueblatimes.mx\/","name":"The Puebla Times","description":"Noticias del Estado de Puebla","potentialAction":[{"@type":"SearchAction","target":{"@type":"EntryPoint","urlTemplate":"https:\/\/thepueblatimes.mx\/?s={search_term_string}"},"query-input":"required name=search_term_string"}],"inLanguage":"es"},{"@type":"Person","@id":"https:\/\/thepueblatimes.mx\/#\/schema\/person\/1664894c2f65ce2c7a08d8f5f905c13c","name":"Sa\u00fal Hern\u00e1ndez","image":{"@type":"ImageObject","inLanguage":"es","@id":"https:\/\/thepueblatimes.mx\/#\/schema\/person\/image\/","url":"https:\/\/secure.gravatar.com\/avatar\/11be338693f243309532caad8f10c930?s=96&d=mm&r=g","contentUrl":"https:\/\/secure.gravatar.com\/avatar\/11be338693f243309532caad8f10c930?s=96&d=mm&r=g","caption":"Sa\u00fal Hern\u00e1ndez"},"url":"https:\/\/thepueblatimes.mx\/index.php\/author\/saulhernandez\/"}]}},"jetpack_featured_media_url":"https:\/\/thepueblatimes.mx\/wp-content\/uploads\/2026\/03\/ab6761610000e5eb77981c91d17a7986baab2c06.jpg","_links":{"self":[{"href":"https:\/\/thepueblatimes.mx\/index.php\/wp-json\/wp\/v2\/posts\/37065"}],"collection":[{"href":"https:\/\/thepueblatimes.mx\/index.php\/wp-json\/wp\/v2\/posts"}],"about":[{"href":"https:\/\/thepueblatimes.mx\/index.php\/wp-json\/wp\/v2\/types\/post"}],"author":[{"embeddable":true,"href":"https:\/\/thepueblatimes.mx\/index.php\/wp-json\/wp\/v2\/users\/16"}],"replies":[{"embeddable":true,"href":"https:\/\/thepueblatimes.mx\/index.php\/wp-json\/wp\/v2\/comments?post=37065"}],"version-history":[{"count":1,"href":"https:\/\/thepueblatimes.mx\/index.php\/wp-json\/wp\/v2\/posts\/37065\/revisions"}],"predecessor-version":[{"id":37068,"href":"https:\/\/thepueblatimes.mx\/index.php\/wp-json\/wp\/v2\/posts\/37065\/revisions\/37068"}],"wp:featuredmedia":[{"embeddable":true,"href":"https:\/\/thepueblatimes.mx\/index.php\/wp-json\/wp\/v2\/media\/37067"}],"wp:attachment":[{"href":"https:\/\/thepueblatimes.mx\/index.php\/wp-json\/wp\/v2\/media?parent=37065"}],"wp:term":[{"taxonomy":"category","embeddable":true,"href":"https:\/\/thepueblatimes.mx\/index.php\/wp-json\/wp\/v2\/categories?post=37065"},{"taxonomy":"post_tag","embeddable":true,"href":"https:\/\/thepueblatimes.mx\/index.php\/wp-json\/wp\/v2\/tags?post=37065"}],"curies":[{"name":"wp","href":"https:\/\/api.w.org\/{rel}","templated":true}]}}