{"id":37062,"date":"2026-03-13T17:16:39","date_gmt":"2026-03-13T23:16:39","guid":{"rendered":"https:\/\/thepueblatimes.mx\/?p=37062"},"modified":"2026-03-13T17:16:39","modified_gmt":"2026-03-13T23:16:39","slug":"acuerda-gobierno-de-pepe-chedraui-promocion-turistica-y-comercial-en-parque-sendela","status":"publish","type":"post","link":"https:\/\/thepueblatimes.mx\/index.php\/2026\/03\/13\/acuerda-gobierno-de-pepe-chedraui-promocion-turistica-y-comercial-en-parque-sendela\/","title":{"rendered":"Acuerda gobierno de Pepe Chedraui promoci\u00f3n tur\u00edstica y comercial en Parque Sendela"},"content":{"rendered":"<p><em>&#8211; Turistas y visitantes que lleguen al parque podr\u00e1n encontrar contenido, productos y artesan\u00edas locales<\/em><\/p>\n<p>Con el objetivo de ampliar la promoci\u00f3n tur\u00edstica de la ciudad de Puebla con la presentaci\u00f3n de video y material estrat\u00e9gico, as\u00ed como impulsar el crecimiento de personas artesanas y productoras locales con la oferta de espacios de comercializaci\u00f3n en la zona, el secretario de Econom\u00eda y Turismo, Jaime Oropeza Casas, firm\u00f3 un convenio de colaboraci\u00f3n con Parque Sendela.<\/p>\n<p>El secretario agradeci\u00f3 la disposici\u00f3n del equipo de Parque Sendela, por sumarse al trabajo por proyectar los atractivos de la ciudad de Puebla que ha encargado el alcalde Pepe Chedraui, pues resalt\u00f3 que las im\u00e1genes e informaci\u00f3n sobre la gastronom\u00eda, cultura, patrimonio y entretenimiento de Puebla capital, podr\u00e1 ser apreciado por m\u00e1s de 800 mil turistas y visitantes que llegan a la Estrella de Puebla y el parque lineal.<\/p>\n<p>Asimismo, destac\u00f3 que, producto de este acuerdo, grupos de congresos y convenciones, podr\u00e1n ser vinculados por esta dependencia y gozar de precios con descuentos, en sus visitas al parque.<\/p>\n<p>Y tambi\u00e9n reconoci\u00f3 la solidaridad del equipo de Parque Sendela por recibir a hombres y mujeres de la ciudad de Puebla que producen art\u00edculos artesanales, para darles espacios de venta, por ejemplo, con el M\u00f3dulo Itinerante Yo Compro Poblano que ya est\u00e1 abierto en el and\u00e9n de la Estrella de Puebla.<\/p>\n<p>Oropeza Casas subray\u00f3, adem\u00e1s, que habilitar\u00e1n espacios a lo largo del parque para la instalaci\u00f3n de stands de venta de ellas y ellos, principalmente los fines de semana.<\/p>\n<p>Por su parte, Katia Alonso Garc\u00eda, directora comercial de Parque Sendela resalt\u00f3 que esta apertura demuestra el apoyo a las tradiciones y las historias de las mujeres y hombres que con su talento, contribuyen a la econom\u00eda local y generan oportunidades de crecimiento personal y comunitario.<\/p>\n<p>En el evento, en el que tambi\u00e9n encendieron las luces en color morado de la Estrella de Puebla, en alusi\u00f3n al D\u00eda Internacional de la Mujer, Sara Esther Ram\u00edrez, directora jur\u00eddica de la Secretar\u00eda de Mujeres, en representaci\u00f3n de su titular, Zaira Gonz\u00e1lez G\u00f3mez, celebr\u00f3 este gesto, al mencionar que es un acto de memoria y conciencia por las mujeres que a lo largo de la historia han luchado por la libertad y la igualdad de los derechos de las mujeres en la sociedad.<\/p>\n","protected":false},"excerpt":{"rendered":"<p>&#8211; Turistas y visitantes que lleguen al parque podr\u00e1n encontrar contenido, productos y artesan\u00edas locales Con el objetivo de ampliar la promoci\u00f3n tur\u00edstica de la ciudad de Puebla con la presentaci\u00f3n de video y material estrat\u00e9gico, as\u00ed como impulsar el crecimiento de personas artesanas y productoras locales con la oferta de espacios de comercializaci\u00f3n en&#8230;<\/p>\n","protected":false},"author":16,"featured_media":37063,"comment_status":"closed","ping_status":"closed","sticky":false,"template":"","format":"standard","meta":[],"categories":[20],"tags":[1287,2425,3074],"yoast_head":"<!-- This site is optimized with the Yoast SEO plugin v20.8 - https:\/\/yoast.com\/wordpress\/plugins\/seo\/ -->\n<title>Acuerda gobierno de Pepe Chedraui promoci\u00f3n tur\u00edstica y comercial en Parque Sendela - The Puebla Times<\/title>\n<meta name=\"robots\" content=\"index, follow, max-snippet:-1, max-image-preview:large, max-video-preview:-1\" \/>\n<link rel=\"canonical\" href=\"https:\/\/thepueblatimes.mx\/index.php\/2026\/03\/13\/acuerda-gobierno-de-pepe-chedraui-promocion-turistica-y-comercial-en-parque-sendela\/\" \/>\n<meta property=\"og:locale\" content=\"es_ES\" \/>\n<meta property=\"og:type\" content=\"article\" \/>\n<meta property=\"og:title\" content=\"Acuerda gobierno de Pepe Chedraui promoci\u00f3n tur\u00edstica y comercial en Parque Sendela - The Puebla Times\" \/>\n<meta property=\"og:description\" content=\"&#8211; Turistas y visitantes que lleguen al parque podr\u00e1n encontrar contenido, productos y artesan\u00edas locales Con el objetivo de ampliar la promoci\u00f3n tur\u00edstica de la ciudad de Puebla con la presentaci\u00f3n de video y material estrat\u00e9gico, as\u00ed como impulsar el crecimiento de personas artesanas y productoras locales con la oferta de espacios de comercializaci\u00f3n en...\" \/>\n<meta property=\"og:url\" content=\"https:\/\/thepueblatimes.mx\/index.php\/2026\/03\/13\/acuerda-gobierno-de-pepe-chedraui-promocion-turistica-y-comercial-en-parque-sendela\/\" \/>\n<meta property=\"og:site_name\" content=\"The Puebla Times\" \/>\n<meta property=\"article:published_time\" content=\"2026-03-13T23:16:39+00:00\" \/>\n<meta property=\"og:image\" content=\"https:\/\/thepueblatimes.mx\/wp-content\/uploads\/2026\/03\/WhatsApp-Image-2026-03-13-at-15.18.07.jpeg\" \/>\n\t<meta property=\"og:image:width\" content=\"1600\" \/>\n\t<meta property=\"og:image:height\" content=\"1066\" \/>\n\t<meta property=\"og:image:type\" content=\"image\/jpeg\" \/>\n<meta name=\"author\" content=\"Sa\u00fal Hern\u00e1ndez\" \/>\n<meta name=\"twitter:card\" content=\"summary_large_image\" \/>\n<meta name=\"twitter:label1\" content=\"Escrito por\" \/>\n\t<meta name=\"twitter:data1\" content=\"Sa\u00fal Hern\u00e1ndez\" \/>\n\t<meta name=\"twitter:label2\" content=\"Tiempo de lectura\" \/>\n\t<meta name=\"twitter:data2\" content=\"2 minutos\" \/>\n<script type=\"application\/ld+json\" class=\"yoast-schema-graph\">{\"@context\":\"https:\/\/schema.org\",\"@graph\":[{\"@type\":\"WebPage\",\"@id\":\"https:\/\/thepueblatimes.mx\/index.php\/2026\/03\/13\/acuerda-gobierno-de-pepe-chedraui-promocion-turistica-y-comercial-en-parque-sendela\/\",\"url\":\"https:\/\/thepueblatimes.mx\/index.php\/2026\/03\/13\/acuerda-gobierno-de-pepe-chedraui-promocion-turistica-y-comercial-en-parque-sendela\/\",\"name\":\"Acuerda gobierno de Pepe Chedraui promoci\u00f3n tur\u00edstica y comercial en Parque Sendela - The Puebla Times\",\"isPartOf\":{\"@id\":\"https:\/\/thepueblatimes.mx\/#website\"},\"datePublished\":\"2026-03-13T23:16:39+00:00\",\"dateModified\":\"2026-03-13T23:16:39+00:00\",\"author\":{\"@id\":\"https:\/\/thepueblatimes.mx\/#\/schema\/person\/1664894c2f65ce2c7a08d8f5f905c13c\"},\"breadcrumb\":{\"@id\":\"https:\/\/thepueblatimes.mx\/index.php\/2026\/03\/13\/acuerda-gobierno-de-pepe-chedraui-promocion-turistica-y-comercial-en-parque-sendela\/#breadcrumb\"},\"inLanguage\":\"es\",\"potentialAction\":[{\"@type\":\"ReadAction\",\"target\":[\"https:\/\/thepueblatimes.mx\/index.php\/2026\/03\/13\/acuerda-gobierno-de-pepe-chedraui-promocion-turistica-y-comercial-en-parque-sendela\/\"]}]},{\"@type\":\"BreadcrumbList\",\"@id\":\"https:\/\/thepueblatimes.mx\/index.php\/2026\/03\/13\/acuerda-gobierno-de-pepe-chedraui-promocion-turistica-y-comercial-en-parque-sendela\/#breadcrumb\",\"itemListElement\":[{\"@type\":\"ListItem\",\"position\":1,\"name\":\"Portada\",\"item\":\"https:\/\/thepueblatimes.mx\/\"},{\"@type\":\"ListItem\",\"position\":2,\"name\":\"Acuerda gobierno de Pepe Chedraui promoci\u00f3n tur\u00edstica y comercial en Parque Sendela\"}]},{\"@type\":\"WebSite\",\"@id\":\"https:\/\/thepueblatimes.mx\/#website\",\"url\":\"https:\/\/thepueblatimes.mx\/\",\"name\":\"The Puebla Times\",\"description\":\"Noticias del Estado de Puebla\",\"potentialAction\":[{\"@type\":\"SearchAction\",\"target\":{\"@type\":\"EntryPoint\",\"urlTemplate\":\"https:\/\/thepueblatimes.mx\/?s={search_term_string}\"},\"query-input\":\"required name=search_term_string\"}],\"inLanguage\":\"es\"},{\"@type\":\"Person\",\"@id\":\"https:\/\/thepueblatimes.mx\/#\/schema\/person\/1664894c2f65ce2c7a08d8f5f905c13c\",\"name\":\"Sa\u00fal Hern\u00e1ndez\",\"image\":{\"@type\":\"ImageObject\",\"inLanguage\":\"es\",\"@id\":\"https:\/\/thepueblatimes.mx\/#\/schema\/person\/image\/\",\"url\":\"https:\/\/secure.gravatar.com\/avatar\/11be338693f243309532caad8f10c930?s=96&d=mm&r=g\",\"contentUrl\":\"https:\/\/secure.gravatar.com\/avatar\/11be338693f243309532caad8f10c930?s=96&d=mm&r=g\",\"caption\":\"Sa\u00fal Hern\u00e1ndez\"},\"url\":\"https:\/\/thepueblatimes.mx\/index.php\/author\/saulhernandez\/\"}]}<\/script>\n<!-- \/ Yoast SEO plugin. -->","yoast_head_json":{"title":"Acuerda gobierno de Pepe Chedraui promoci\u00f3n tur\u00edstica y comercial en Parque Sendela - The Puebla Times","robots":{"index":"index","follow":"follow","max-snippet":"max-snippet:-1","max-image-preview":"max-image-preview:large","max-video-preview":"max-video-preview:-1"},"canonical":"https:\/\/thepueblatimes.mx\/index.php\/2026\/03\/13\/acuerda-gobierno-de-pepe-chedraui-promocion-turistica-y-comercial-en-parque-sendela\/","og_locale":"es_ES","og_type":"article","og_title":"Acuerda gobierno de Pepe Chedraui promoci\u00f3n tur\u00edstica y comercial en Parque Sendela - The Puebla Times","og_description":"&#8211; Turistas y visitantes que lleguen al parque podr\u00e1n encontrar contenido, productos y artesan\u00edas locales Con el objetivo de ampliar la promoci\u00f3n tur\u00edstica de la ciudad de Puebla con la presentaci\u00f3n de video y material estrat\u00e9gico, as\u00ed como impulsar el crecimiento de personas artesanas y productoras locales con la oferta de espacios de comercializaci\u00f3n en...","og_url":"https:\/\/thepueblatimes.mx\/index.php\/2026\/03\/13\/acuerda-gobierno-de-pepe-chedraui-promocion-turistica-y-comercial-en-parque-sendela\/","og_site_name":"The Puebla Times","article_published_time":"2026-03-13T23:16:39+00:00","og_image":[{"width":1600,"height":1066,"url":"https:\/\/thepueblatimes.mx\/wp-content\/uploads\/2026\/03\/WhatsApp-Image-2026-03-13-at-15.18.07.jpeg","type":"image\/jpeg"}],"author":"Sa\u00fal Hern\u00e1ndez","twitter_card":"summary_large_image","twitter_misc":{"Escrito por":"Sa\u00fal Hern\u00e1ndez","Tiempo de lectura":"2 minutos"},"schema":{"@context":"https:\/\/schema.org","@graph":[{"@type":"WebPage","@id":"https:\/\/thepueblatimes.mx\/index.php\/2026\/03\/13\/acuerda-gobierno-de-pepe-chedraui-promocion-turistica-y-comercial-en-parque-sendela\/","url":"https:\/\/thepueblatimes.mx\/index.php\/2026\/03\/13\/acuerda-gobierno-de-pepe-chedraui-promocion-turistica-y-comercial-en-parque-sendela\/","name":"Acuerda gobierno de Pepe Chedraui promoci\u00f3n tur\u00edstica y comercial en Parque Sendela - The Puebla Times","isPartOf":{"@id":"https:\/\/thepueblatimes.mx\/#website"},"datePublished":"2026-03-13T23:16:39+00:00","dateModified":"2026-03-13T23:16:39+00:00","author":{"@id":"https:\/\/thepueblatimes.mx\/#\/schema\/person\/1664894c2f65ce2c7a08d8f5f905c13c"},"breadcrumb":{"@id":"https:\/\/thepueblatimes.mx\/index.php\/2026\/03\/13\/acuerda-gobierno-de-pepe-chedraui-promocion-turistica-y-comercial-en-parque-sendela\/#breadcrumb"},"inLanguage":"es","potentialAction":[{"@type":"ReadAction","target":["https:\/\/thepueblatimes.mx\/index.php\/2026\/03\/13\/acuerda-gobierno-de-pepe-chedraui-promocion-turistica-y-comercial-en-parque-sendela\/"]}]},{"@type":"BreadcrumbList","@id":"https:\/\/thepueblatimes.mx\/index.php\/2026\/03\/13\/acuerda-gobierno-de-pepe-chedraui-promocion-turistica-y-comercial-en-parque-sendela\/#breadcrumb","itemListElement":[{"@type":"ListItem","position":1,"name":"Portada","item":"https:\/\/thepueblatimes.mx\/"},{"@type":"ListItem","position":2,"name":"Acuerda gobierno de Pepe Chedraui promoci\u00f3n tur\u00edstica y comercial en Parque Sendela"}]},{"@type":"WebSite","@id":"https:\/\/thepueblatimes.mx\/#website","url":"https:\/\/thepueblatimes.mx\/","name":"The Puebla Times","description":"Noticias del Estado de Puebla","potentialAction":[{"@type":"SearchAction","target":{"@type":"EntryPoint","urlTemplate":"https:\/\/thepueblatimes.mx\/?s={search_term_string}"},"query-input":"required name=search_term_string"}],"inLanguage":"es"},{"@type":"Person","@id":"https:\/\/thepueblatimes.mx\/#\/schema\/person\/1664894c2f65ce2c7a08d8f5f905c13c","name":"Sa\u00fal Hern\u00e1ndez","image":{"@type":"ImageObject","inLanguage":"es","@id":"https:\/\/thepueblatimes.mx\/#\/schema\/person\/image\/","url":"https:\/\/secure.gravatar.com\/avatar\/11be338693f243309532caad8f10c930?s=96&d=mm&r=g","contentUrl":"https:\/\/secure.gravatar.com\/avatar\/11be338693f243309532caad8f10c930?s=96&d=mm&r=g","caption":"Sa\u00fal Hern\u00e1ndez"},"url":"https:\/\/thepueblatimes.mx\/index.php\/author\/saulhernandez\/"}]}},"jetpack_featured_media_url":"https:\/\/thepueblatimes.mx\/wp-content\/uploads\/2026\/03\/WhatsApp-Image-2026-03-13-at-15.18.07.jpeg","_links":{"self":[{"href":"https:\/\/thepueblatimes.mx\/index.php\/wp-json\/wp\/v2\/posts\/37062"}],"collection":[{"href":"https:\/\/thepueblatimes.mx\/index.php\/wp-json\/wp\/v2\/posts"}],"about":[{"href":"https:\/\/thepueblatimes.mx\/index.php\/wp-json\/wp\/v2\/types\/post"}],"author":[{"embeddable":true,"href":"https:\/\/thepueblatimes.mx\/index.php\/wp-json\/wp\/v2\/users\/16"}],"replies":[{"embeddable":true,"href":"https:\/\/thepueblatimes.mx\/index.php\/wp-json\/wp\/v2\/comments?post=37062"}],"version-history":[{"count":1,"href":"https:\/\/thepueblatimes.mx\/index.php\/wp-json\/wp\/v2\/posts\/37062\/revisions"}],"predecessor-version":[{"id":37064,"href":"https:\/\/thepueblatimes.mx\/index.php\/wp-json\/wp\/v2\/posts\/37062\/revisions\/37064"}],"wp:featuredmedia":[{"embeddable":true,"href":"https:\/\/thepueblatimes.mx\/index.php\/wp-json\/wp\/v2\/media\/37063"}],"wp:attachment":[{"href":"https:\/\/thepueblatimes.mx\/index.php\/wp-json\/wp\/v2\/media?parent=37062"}],"wp:term":[{"taxonomy":"category","embeddable":true,"href":"https:\/\/thepueblatimes.mx\/index.php\/wp-json\/wp\/v2\/categories?post=37062"},{"taxonomy":"post_tag","embeddable":true,"href":"https:\/\/thepueblatimes.mx\/index.php\/wp-json\/wp\/v2\/tags?post=37062"}],"curies":[{"name":"wp","href":"https:\/\/api.w.org\/{rel}","templated":true}]}}