{"id":37058,"date":"2026-03-13T17:09:20","date_gmt":"2026-03-13T23:09:20","guid":{"rendered":"https:\/\/thepueblatimes.mx\/?p=37058"},"modified":"2026-03-13T17:09:20","modified_gmt":"2026-03-13T23:09:20","slug":"ayuda-dif-puebla-capital-a-persona-en-situacion-de-calle-con-curaciones-e-insulinizacion","status":"publish","type":"post","link":"https:\/\/thepueblatimes.mx\/index.php\/2026\/03\/13\/ayuda-dif-puebla-capital-a-persona-en-situacion-de-calle-con-curaciones-e-insulinizacion\/","title":{"rendered":"Ayuda DIF Puebla Capital a persona en situaci\u00f3n de calle con curaciones e insulinizaci\u00f3n"},"content":{"rendered":"<p>Puebla, Puebla. \u2013 Manteniendo el compromiso con cada poblana y poblano, el Gobierno de la Ciudad que encabeza el presidente municipal, Pepe Chedraui, a trav\u00e9s del DIF Puebla Capital, bajo el liderazgo de la presidenta del Patronato, MariElise Budib, pone a disposici\u00f3n de quien lo necesite servicios m\u00e9dicos de calidad, como en el caso de Mar\u00eda Teresa Serrano de 56 a\u00f1os.<\/p>\n<p>Do\u00f1a Teresa es una persona en situaci\u00f3n de calle que padece diabetes, quien acude a la Unidad M\u00e9dica Integral (UMI) desde hace tres meses para recibir curaciones en ambos pies, con lo que se evit\u00f3 la amputaci\u00f3n de una de sus extremidades. Adicionalmente, recibe tratamiento gratuito con insulina para controlar su enfermedad.<\/p>\n<p>La presidenta del Patronato del DIF Puebla Capital, MariElise Budib, platic\u00f3 con Do\u00f1a Teresa sobre la atenci\u00f3n que ha recibido de las y los m\u00e9dicos y enfermeras que la han cuidado en sus visitas a la UMI, a quienes les agradeci\u00f3 el trato que tienen con ella.<\/p>\n","protected":false},"excerpt":{"rendered":"<p>Puebla, Puebla. \u2013 Manteniendo el compromiso con cada poblana y poblano, el Gobierno de la Ciudad que encabeza el presidente municipal, Pepe Chedraui, a trav\u00e9s del DIF Puebla Capital, bajo el liderazgo de la presidenta del Patronato, MariElise Budib, pone a disposici\u00f3n de quien lo necesite servicios m\u00e9dicos de calidad, como en el caso de&#8230;<\/p>\n","protected":false},"author":16,"featured_media":37059,"comment_status":"closed","ping_status":"closed","sticky":false,"template":"","format":"standard","meta":[],"categories":[20],"tags":[1287,2425,3074],"yoast_head":"<!-- This site is optimized with the Yoast SEO plugin v20.8 - https:\/\/yoast.com\/wordpress\/plugins\/seo\/ -->\n<title>Ayuda DIF Puebla Capital a persona en situaci\u00f3n de calle con curaciones e insulinizaci\u00f3n - The Puebla Times<\/title>\n<meta name=\"robots\" content=\"index, follow, max-snippet:-1, max-image-preview:large, max-video-preview:-1\" \/>\n<link rel=\"canonical\" href=\"https:\/\/thepueblatimes.mx\/index.php\/2026\/03\/13\/ayuda-dif-puebla-capital-a-persona-en-situacion-de-calle-con-curaciones-e-insulinizacion\/\" \/>\n<meta property=\"og:locale\" content=\"es_ES\" \/>\n<meta property=\"og:type\" content=\"article\" \/>\n<meta property=\"og:title\" content=\"Ayuda DIF Puebla Capital a persona en situaci\u00f3n de calle con curaciones e insulinizaci\u00f3n - The Puebla Times\" \/>\n<meta property=\"og:description\" content=\"Puebla, Puebla. \u2013 Manteniendo el compromiso con cada poblana y poblano, el Gobierno de la Ciudad que encabeza el presidente municipal, Pepe Chedraui, a trav\u00e9s del DIF Puebla Capital, bajo el liderazgo de la presidenta del Patronato, MariElise Budib, pone a disposici\u00f3n de quien lo necesite servicios m\u00e9dicos de calidad, como en el caso de...\" \/>\n<meta property=\"og:url\" content=\"https:\/\/thepueblatimes.mx\/index.php\/2026\/03\/13\/ayuda-dif-puebla-capital-a-persona-en-situacion-de-calle-con-curaciones-e-insulinizacion\/\" \/>\n<meta property=\"og:site_name\" content=\"The Puebla Times\" \/>\n<meta property=\"article:published_time\" content=\"2026-03-13T23:09:20+00:00\" \/>\n<meta property=\"og:image\" content=\"https:\/\/thepueblatimes.mx\/wp-content\/uploads\/2026\/03\/WhatsApp-Image-2026-03-13-at-14.48.03.jpeg\" \/>\n\t<meta property=\"og:image:width\" content=\"1600\" \/>\n\t<meta property=\"og:image:height\" content=\"1066\" \/>\n\t<meta property=\"og:image:type\" content=\"image\/jpeg\" \/>\n<meta name=\"author\" content=\"Sa\u00fal Hern\u00e1ndez\" \/>\n<meta name=\"twitter:card\" content=\"summary_large_image\" \/>\n<meta name=\"twitter:label1\" content=\"Escrito por\" \/>\n\t<meta name=\"twitter:data1\" content=\"Sa\u00fal Hern\u00e1ndez\" \/>\n\t<meta name=\"twitter:label2\" content=\"Tiempo de lectura\" \/>\n\t<meta name=\"twitter:data2\" content=\"1 minuto\" \/>\n<script type=\"application\/ld+json\" class=\"yoast-schema-graph\">{\"@context\":\"https:\/\/schema.org\",\"@graph\":[{\"@type\":\"WebPage\",\"@id\":\"https:\/\/thepueblatimes.mx\/index.php\/2026\/03\/13\/ayuda-dif-puebla-capital-a-persona-en-situacion-de-calle-con-curaciones-e-insulinizacion\/\",\"url\":\"https:\/\/thepueblatimes.mx\/index.php\/2026\/03\/13\/ayuda-dif-puebla-capital-a-persona-en-situacion-de-calle-con-curaciones-e-insulinizacion\/\",\"name\":\"Ayuda DIF Puebla Capital a persona en situaci\u00f3n de calle con curaciones e insulinizaci\u00f3n - The Puebla Times\",\"isPartOf\":{\"@id\":\"https:\/\/thepueblatimes.mx\/#website\"},\"datePublished\":\"2026-03-13T23:09:20+00:00\",\"dateModified\":\"2026-03-13T23:09:20+00:00\",\"author\":{\"@id\":\"https:\/\/thepueblatimes.mx\/#\/schema\/person\/1664894c2f65ce2c7a08d8f5f905c13c\"},\"breadcrumb\":{\"@id\":\"https:\/\/thepueblatimes.mx\/index.php\/2026\/03\/13\/ayuda-dif-puebla-capital-a-persona-en-situacion-de-calle-con-curaciones-e-insulinizacion\/#breadcrumb\"},\"inLanguage\":\"es\",\"potentialAction\":[{\"@type\":\"ReadAction\",\"target\":[\"https:\/\/thepueblatimes.mx\/index.php\/2026\/03\/13\/ayuda-dif-puebla-capital-a-persona-en-situacion-de-calle-con-curaciones-e-insulinizacion\/\"]}]},{\"@type\":\"BreadcrumbList\",\"@id\":\"https:\/\/thepueblatimes.mx\/index.php\/2026\/03\/13\/ayuda-dif-puebla-capital-a-persona-en-situacion-de-calle-con-curaciones-e-insulinizacion\/#breadcrumb\",\"itemListElement\":[{\"@type\":\"ListItem\",\"position\":1,\"name\":\"Portada\",\"item\":\"https:\/\/thepueblatimes.mx\/\"},{\"@type\":\"ListItem\",\"position\":2,\"name\":\"Ayuda DIF Puebla Capital a persona en situaci\u00f3n de calle con curaciones e insulinizaci\u00f3n\"}]},{\"@type\":\"WebSite\",\"@id\":\"https:\/\/thepueblatimes.mx\/#website\",\"url\":\"https:\/\/thepueblatimes.mx\/\",\"name\":\"The Puebla Times\",\"description\":\"Noticias del Estado de Puebla\",\"potentialAction\":[{\"@type\":\"SearchAction\",\"target\":{\"@type\":\"EntryPoint\",\"urlTemplate\":\"https:\/\/thepueblatimes.mx\/?s={search_term_string}\"},\"query-input\":\"required name=search_term_string\"}],\"inLanguage\":\"es\"},{\"@type\":\"Person\",\"@id\":\"https:\/\/thepueblatimes.mx\/#\/schema\/person\/1664894c2f65ce2c7a08d8f5f905c13c\",\"name\":\"Sa\u00fal Hern\u00e1ndez\",\"image\":{\"@type\":\"ImageObject\",\"inLanguage\":\"es\",\"@id\":\"https:\/\/thepueblatimes.mx\/#\/schema\/person\/image\/\",\"url\":\"https:\/\/secure.gravatar.com\/avatar\/11be338693f243309532caad8f10c930?s=96&d=mm&r=g\",\"contentUrl\":\"https:\/\/secure.gravatar.com\/avatar\/11be338693f243309532caad8f10c930?s=96&d=mm&r=g\",\"caption\":\"Sa\u00fal Hern\u00e1ndez\"},\"url\":\"https:\/\/thepueblatimes.mx\/index.php\/author\/saulhernandez\/\"}]}<\/script>\n<!-- \/ Yoast SEO plugin. -->","yoast_head_json":{"title":"Ayuda DIF Puebla Capital a persona en situaci\u00f3n de calle con curaciones e insulinizaci\u00f3n - The Puebla Times","robots":{"index":"index","follow":"follow","max-snippet":"max-snippet:-1","max-image-preview":"max-image-preview:large","max-video-preview":"max-video-preview:-1"},"canonical":"https:\/\/thepueblatimes.mx\/index.php\/2026\/03\/13\/ayuda-dif-puebla-capital-a-persona-en-situacion-de-calle-con-curaciones-e-insulinizacion\/","og_locale":"es_ES","og_type":"article","og_title":"Ayuda DIF Puebla Capital a persona en situaci\u00f3n de calle con curaciones e insulinizaci\u00f3n - The Puebla Times","og_description":"Puebla, Puebla. \u2013 Manteniendo el compromiso con cada poblana y poblano, el Gobierno de la Ciudad que encabeza el presidente municipal, Pepe Chedraui, a trav\u00e9s del DIF Puebla Capital, bajo el liderazgo de la presidenta del Patronato, MariElise Budib, pone a disposici\u00f3n de quien lo necesite servicios m\u00e9dicos de calidad, como en el caso de...","og_url":"https:\/\/thepueblatimes.mx\/index.php\/2026\/03\/13\/ayuda-dif-puebla-capital-a-persona-en-situacion-de-calle-con-curaciones-e-insulinizacion\/","og_site_name":"The Puebla Times","article_published_time":"2026-03-13T23:09:20+00:00","og_image":[{"width":1600,"height":1066,"url":"https:\/\/thepueblatimes.mx\/wp-content\/uploads\/2026\/03\/WhatsApp-Image-2026-03-13-at-14.48.03.jpeg","type":"image\/jpeg"}],"author":"Sa\u00fal Hern\u00e1ndez","twitter_card":"summary_large_image","twitter_misc":{"Escrito por":"Sa\u00fal Hern\u00e1ndez","Tiempo de lectura":"1 minuto"},"schema":{"@context":"https:\/\/schema.org","@graph":[{"@type":"WebPage","@id":"https:\/\/thepueblatimes.mx\/index.php\/2026\/03\/13\/ayuda-dif-puebla-capital-a-persona-en-situacion-de-calle-con-curaciones-e-insulinizacion\/","url":"https:\/\/thepueblatimes.mx\/index.php\/2026\/03\/13\/ayuda-dif-puebla-capital-a-persona-en-situacion-de-calle-con-curaciones-e-insulinizacion\/","name":"Ayuda DIF Puebla Capital a persona en situaci\u00f3n de calle con curaciones e insulinizaci\u00f3n - The Puebla Times","isPartOf":{"@id":"https:\/\/thepueblatimes.mx\/#website"},"datePublished":"2026-03-13T23:09:20+00:00","dateModified":"2026-03-13T23:09:20+00:00","author":{"@id":"https:\/\/thepueblatimes.mx\/#\/schema\/person\/1664894c2f65ce2c7a08d8f5f905c13c"},"breadcrumb":{"@id":"https:\/\/thepueblatimes.mx\/index.php\/2026\/03\/13\/ayuda-dif-puebla-capital-a-persona-en-situacion-de-calle-con-curaciones-e-insulinizacion\/#breadcrumb"},"inLanguage":"es","potentialAction":[{"@type":"ReadAction","target":["https:\/\/thepueblatimes.mx\/index.php\/2026\/03\/13\/ayuda-dif-puebla-capital-a-persona-en-situacion-de-calle-con-curaciones-e-insulinizacion\/"]}]},{"@type":"BreadcrumbList","@id":"https:\/\/thepueblatimes.mx\/index.php\/2026\/03\/13\/ayuda-dif-puebla-capital-a-persona-en-situacion-de-calle-con-curaciones-e-insulinizacion\/#breadcrumb","itemListElement":[{"@type":"ListItem","position":1,"name":"Portada","item":"https:\/\/thepueblatimes.mx\/"},{"@type":"ListItem","position":2,"name":"Ayuda DIF Puebla Capital a persona en situaci\u00f3n de calle con curaciones e insulinizaci\u00f3n"}]},{"@type":"WebSite","@id":"https:\/\/thepueblatimes.mx\/#website","url":"https:\/\/thepueblatimes.mx\/","name":"The Puebla Times","description":"Noticias del Estado de Puebla","potentialAction":[{"@type":"SearchAction","target":{"@type":"EntryPoint","urlTemplate":"https:\/\/thepueblatimes.mx\/?s={search_term_string}"},"query-input":"required name=search_term_string"}],"inLanguage":"es"},{"@type":"Person","@id":"https:\/\/thepueblatimes.mx\/#\/schema\/person\/1664894c2f65ce2c7a08d8f5f905c13c","name":"Sa\u00fal Hern\u00e1ndez","image":{"@type":"ImageObject","inLanguage":"es","@id":"https:\/\/thepueblatimes.mx\/#\/schema\/person\/image\/","url":"https:\/\/secure.gravatar.com\/avatar\/11be338693f243309532caad8f10c930?s=96&d=mm&r=g","contentUrl":"https:\/\/secure.gravatar.com\/avatar\/11be338693f243309532caad8f10c930?s=96&d=mm&r=g","caption":"Sa\u00fal Hern\u00e1ndez"},"url":"https:\/\/thepueblatimes.mx\/index.php\/author\/saulhernandez\/"}]}},"jetpack_featured_media_url":"https:\/\/thepueblatimes.mx\/wp-content\/uploads\/2026\/03\/WhatsApp-Image-2026-03-13-at-14.48.03.jpeg","_links":{"self":[{"href":"https:\/\/thepueblatimes.mx\/index.php\/wp-json\/wp\/v2\/posts\/37058"}],"collection":[{"href":"https:\/\/thepueblatimes.mx\/index.php\/wp-json\/wp\/v2\/posts"}],"about":[{"href":"https:\/\/thepueblatimes.mx\/index.php\/wp-json\/wp\/v2\/types\/post"}],"author":[{"embeddable":true,"href":"https:\/\/thepueblatimes.mx\/index.php\/wp-json\/wp\/v2\/users\/16"}],"replies":[{"embeddable":true,"href":"https:\/\/thepueblatimes.mx\/index.php\/wp-json\/wp\/v2\/comments?post=37058"}],"version-history":[{"count":1,"href":"https:\/\/thepueblatimes.mx\/index.php\/wp-json\/wp\/v2\/posts\/37058\/revisions"}],"predecessor-version":[{"id":37060,"href":"https:\/\/thepueblatimes.mx\/index.php\/wp-json\/wp\/v2\/posts\/37058\/revisions\/37060"}],"wp:featuredmedia":[{"embeddable":true,"href":"https:\/\/thepueblatimes.mx\/index.php\/wp-json\/wp\/v2\/media\/37059"}],"wp:attachment":[{"href":"https:\/\/thepueblatimes.mx\/index.php\/wp-json\/wp\/v2\/media?parent=37058"}],"wp:term":[{"taxonomy":"category","embeddable":true,"href":"https:\/\/thepueblatimes.mx\/index.php\/wp-json\/wp\/v2\/categories?post=37058"},{"taxonomy":"post_tag","embeddable":true,"href":"https:\/\/thepueblatimes.mx\/index.php\/wp-json\/wp\/v2\/tags?post=37058"}],"curies":[{"name":"wp","href":"https:\/\/api.w.org\/{rel}","templated":true}]}}