{"id":370,"date":"2020-06-19T10:30:05","date_gmt":"2020-06-19T15:30:05","guid":{"rendered":"https:\/\/thepueblatimes.mx\/?p=370"},"modified":"2020-06-19T10:30:05","modified_gmt":"2020-06-19T15:30:05","slug":"suprema-corte-bloquea-intento-de-trump-de-eliminar-el-daca","status":"publish","type":"post","link":"https:\/\/thepueblatimes.mx\/index.php\/2020\/06\/19\/suprema-corte-bloquea-intento-de-trump-de-eliminar-el-daca\/","title":{"rendered":"Suprema Corte bloquea intento de Trump de eliminar el DACA"},"content":{"rendered":"<p>La Corte Suprema de Estados Unidos bloque\u00f3 el intento del presidente Donald Trump de poner fin a la Acci\u00f3n Diferida para los Llegados en la Infancia, un programa de la era Obama que protege de la deportaci\u00f3n a cientos de miles de inmigrantes tra\u00eddos a Estados Unidos cuando eran ni\u00f1os.<\/p>\n<p>El fallo de la corte permitir\u00e1 a los beneficiarios de DACA continuar renovando la membres\u00eda en el programa que les ofrece autorizaci\u00f3n de trabajo y protecci\u00f3n temporal contra la deportaci\u00f3n.<\/p>\n<p>El fallo 5-4 fue escrito por el presidente del tribunal John Roberts y a ella se unieron los jueces Ruth Bader Ginsburg, Elena Kagan, Stephen Breyer y Sonia Sotomayor.<\/p>\n<p>Entre los defensores del programa se encuentra la Universidad de California, un pu\u00f1ado de estados y beneficiarios de DACA, quienes argumentaron que la eliminaci\u00f3n viola la Ley de Procedimiento Administrativo, una ley federal que regula c\u00f3mo las agencias pueden establecer regulaciones.<\/p>\n<p>Cabe se\u00f1alar que dicho programa no concede la ciudadan\u00eda estadounidense, y solo ampara a quienes no hayan cometido delitos.<\/p>\n","protected":false},"excerpt":{"rendered":"<p>La Corte Suprema de Estados Unidos bloque\u00f3 el intento del presidente Donald Trump de poner fin a la Acci\u00f3n Diferida para los Llegados en la Infancia, un programa de la era Obama que protege de la deportaci\u00f3n a cientos de miles de inmigrantes tra\u00eddos a Estados Unidos cuando eran ni\u00f1os. El fallo de la corte&#8230;<\/p>\n","protected":false},"author":4,"featured_media":374,"comment_status":"open","ping_status":"open","sticky":false,"template":"","format":"standard","meta":[],"categories":[5],"tags":[114,54],"yoast_head":"<!-- This site is optimized with the Yoast SEO plugin v20.8 - https:\/\/yoast.com\/wordpress\/plugins\/seo\/ -->\n<title>Suprema Corte bloquea intento de Trump de eliminar el DACA - The Puebla Times<\/title>\n<meta name=\"robots\" content=\"index, follow, max-snippet:-1, max-image-preview:large, max-video-preview:-1\" \/>\n<link rel=\"canonical\" href=\"https:\/\/thepueblatimes.mx\/index.php\/2020\/06\/19\/suprema-corte-bloquea-intento-de-trump-de-eliminar-el-daca\/\" \/>\n<meta property=\"og:locale\" content=\"es_ES\" \/>\n<meta property=\"og:type\" content=\"article\" \/>\n<meta property=\"og:title\" content=\"Suprema Corte bloquea intento de Trump de eliminar el DACA - The Puebla Times\" \/>\n<meta property=\"og:description\" content=\"La Corte Suprema de Estados Unidos bloque\u00f3 el intento del presidente Donald Trump de poner fin a la Acci\u00f3n Diferida para los Llegados en la Infancia, un programa de la era Obama que protege de la deportaci\u00f3n a cientos de miles de inmigrantes tra\u00eddos a Estados Unidos cuando eran ni\u00f1os. El fallo de la corte...\" \/>\n<meta property=\"og:url\" content=\"https:\/\/thepueblatimes.mx\/index.php\/2020\/06\/19\/suprema-corte-bloquea-intento-de-trump-de-eliminar-el-daca\/\" \/>\n<meta property=\"og:site_name\" content=\"The Puebla Times\" \/>\n<meta property=\"article:published_time\" content=\"2020-06-19T15:30:05+00:00\" \/>\n<meta property=\"og:image\" content=\"https:\/\/thepueblatimes.mx\/wp-content\/uploads\/2020\/06\/Screenshot-2020-06-19-at-10.29.05.png\" \/>\n\t<meta property=\"og:image:width\" content=\"766\" \/>\n\t<meta property=\"og:image:height\" content=\"429\" \/>\n\t<meta property=\"og:image:type\" content=\"image\/png\" \/>\n<meta name=\"author\" content=\"Marcos Guevara\" \/>\n<meta name=\"twitter:card\" content=\"summary_large_image\" \/>\n<meta name=\"twitter:label1\" content=\"Escrito por\" \/>\n\t<meta name=\"twitter:data1\" content=\"Marcos Guevara\" \/>\n\t<meta name=\"twitter:label2\" content=\"Tiempo de lectura\" \/>\n\t<meta name=\"twitter:data2\" content=\"1 minuto\" \/>\n<script type=\"application\/ld+json\" class=\"yoast-schema-graph\">{\"@context\":\"https:\/\/schema.org\",\"@graph\":[{\"@type\":\"WebPage\",\"@id\":\"https:\/\/thepueblatimes.mx\/index.php\/2020\/06\/19\/suprema-corte-bloquea-intento-de-trump-de-eliminar-el-daca\/\",\"url\":\"https:\/\/thepueblatimes.mx\/index.php\/2020\/06\/19\/suprema-corte-bloquea-intento-de-trump-de-eliminar-el-daca\/\",\"name\":\"Suprema Corte bloquea intento de Trump de eliminar el DACA - The Puebla Times\",\"isPartOf\":{\"@id\":\"https:\/\/thepueblatimes.mx\/#website\"},\"datePublished\":\"2020-06-19T15:30:05+00:00\",\"dateModified\":\"2020-06-19T15:30:05+00:00\",\"author\":{\"@id\":\"https:\/\/thepueblatimes.mx\/#\/schema\/person\/adbf065ee889f68194977e3499c4a51e\"},\"breadcrumb\":{\"@id\":\"https:\/\/thepueblatimes.mx\/index.php\/2020\/06\/19\/suprema-corte-bloquea-intento-de-trump-de-eliminar-el-daca\/#breadcrumb\"},\"inLanguage\":\"es\",\"potentialAction\":[{\"@type\":\"ReadAction\",\"target\":[\"https:\/\/thepueblatimes.mx\/index.php\/2020\/06\/19\/suprema-corte-bloquea-intento-de-trump-de-eliminar-el-daca\/\"]}]},{\"@type\":\"BreadcrumbList\",\"@id\":\"https:\/\/thepueblatimes.mx\/index.php\/2020\/06\/19\/suprema-corte-bloquea-intento-de-trump-de-eliminar-el-daca\/#breadcrumb\",\"itemListElement\":[{\"@type\":\"ListItem\",\"position\":1,\"name\":\"Portada\",\"item\":\"https:\/\/thepueblatimes.mx\/\"},{\"@type\":\"ListItem\",\"position\":2,\"name\":\"Suprema Corte bloquea intento de Trump de eliminar el DACA\"}]},{\"@type\":\"WebSite\",\"@id\":\"https:\/\/thepueblatimes.mx\/#website\",\"url\":\"https:\/\/thepueblatimes.mx\/\",\"name\":\"The Puebla Times\",\"description\":\"Noticias del Estado de Puebla\",\"potentialAction\":[{\"@type\":\"SearchAction\",\"target\":{\"@type\":\"EntryPoint\",\"urlTemplate\":\"https:\/\/thepueblatimes.mx\/?s={search_term_string}\"},\"query-input\":\"required name=search_term_string\"}],\"inLanguage\":\"es\"},{\"@type\":\"Person\",\"@id\":\"https:\/\/thepueblatimes.mx\/#\/schema\/person\/adbf065ee889f68194977e3499c4a51e\",\"name\":\"Marcos Guevara\",\"image\":{\"@type\":\"ImageObject\",\"inLanguage\":\"es\",\"@id\":\"https:\/\/thepueblatimes.mx\/#\/schema\/person\/image\/\",\"url\":\"https:\/\/secure.gravatar.com\/avatar\/c5d5853d70a8cf178bdfd28c1b8cdcdd?s=96&d=mm&r=g\",\"contentUrl\":\"https:\/\/secure.gravatar.com\/avatar\/c5d5853d70a8cf178bdfd28c1b8cdcdd?s=96&d=mm&r=g\",\"caption\":\"Marcos Guevara\"},\"url\":\"https:\/\/thepueblatimes.mx\/index.php\/author\/marcos-guevara\/\"}]}<\/script>\n<!-- \/ Yoast SEO plugin. -->","yoast_head_json":{"title":"Suprema Corte bloquea intento de Trump de eliminar el DACA - The Puebla Times","robots":{"index":"index","follow":"follow","max-snippet":"max-snippet:-1","max-image-preview":"max-image-preview:large","max-video-preview":"max-video-preview:-1"},"canonical":"https:\/\/thepueblatimes.mx\/index.php\/2020\/06\/19\/suprema-corte-bloquea-intento-de-trump-de-eliminar-el-daca\/","og_locale":"es_ES","og_type":"article","og_title":"Suprema Corte bloquea intento de Trump de eliminar el DACA - The Puebla Times","og_description":"La Corte Suprema de Estados Unidos bloque\u00f3 el intento del presidente Donald Trump de poner fin a la Acci\u00f3n Diferida para los Llegados en la Infancia, un programa de la era Obama que protege de la deportaci\u00f3n a cientos de miles de inmigrantes tra\u00eddos a Estados Unidos cuando eran ni\u00f1os. El fallo de la corte...","og_url":"https:\/\/thepueblatimes.mx\/index.php\/2020\/06\/19\/suprema-corte-bloquea-intento-de-trump-de-eliminar-el-daca\/","og_site_name":"The Puebla Times","article_published_time":"2020-06-19T15:30:05+00:00","og_image":[{"width":766,"height":429,"url":"https:\/\/thepueblatimes.mx\/wp-content\/uploads\/2020\/06\/Screenshot-2020-06-19-at-10.29.05.png","type":"image\/png"}],"author":"Marcos Guevara","twitter_card":"summary_large_image","twitter_misc":{"Escrito por":"Marcos Guevara","Tiempo de lectura":"1 minuto"},"schema":{"@context":"https:\/\/schema.org","@graph":[{"@type":"WebPage","@id":"https:\/\/thepueblatimes.mx\/index.php\/2020\/06\/19\/suprema-corte-bloquea-intento-de-trump-de-eliminar-el-daca\/","url":"https:\/\/thepueblatimes.mx\/index.php\/2020\/06\/19\/suprema-corte-bloquea-intento-de-trump-de-eliminar-el-daca\/","name":"Suprema Corte bloquea intento de Trump de eliminar el DACA - The Puebla Times","isPartOf":{"@id":"https:\/\/thepueblatimes.mx\/#website"},"datePublished":"2020-06-19T15:30:05+00:00","dateModified":"2020-06-19T15:30:05+00:00","author":{"@id":"https:\/\/thepueblatimes.mx\/#\/schema\/person\/adbf065ee889f68194977e3499c4a51e"},"breadcrumb":{"@id":"https:\/\/thepueblatimes.mx\/index.php\/2020\/06\/19\/suprema-corte-bloquea-intento-de-trump-de-eliminar-el-daca\/#breadcrumb"},"inLanguage":"es","potentialAction":[{"@type":"ReadAction","target":["https:\/\/thepueblatimes.mx\/index.php\/2020\/06\/19\/suprema-corte-bloquea-intento-de-trump-de-eliminar-el-daca\/"]}]},{"@type":"BreadcrumbList","@id":"https:\/\/thepueblatimes.mx\/index.php\/2020\/06\/19\/suprema-corte-bloquea-intento-de-trump-de-eliminar-el-daca\/#breadcrumb","itemListElement":[{"@type":"ListItem","position":1,"name":"Portada","item":"https:\/\/thepueblatimes.mx\/"},{"@type":"ListItem","position":2,"name":"Suprema Corte bloquea intento de Trump de eliminar el DACA"}]},{"@type":"WebSite","@id":"https:\/\/thepueblatimes.mx\/#website","url":"https:\/\/thepueblatimes.mx\/","name":"The Puebla Times","description":"Noticias del Estado de Puebla","potentialAction":[{"@type":"SearchAction","target":{"@type":"EntryPoint","urlTemplate":"https:\/\/thepueblatimes.mx\/?s={search_term_string}"},"query-input":"required name=search_term_string"}],"inLanguage":"es"},{"@type":"Person","@id":"https:\/\/thepueblatimes.mx\/#\/schema\/person\/adbf065ee889f68194977e3499c4a51e","name":"Marcos Guevara","image":{"@type":"ImageObject","inLanguage":"es","@id":"https:\/\/thepueblatimes.mx\/#\/schema\/person\/image\/","url":"https:\/\/secure.gravatar.com\/avatar\/c5d5853d70a8cf178bdfd28c1b8cdcdd?s=96&d=mm&r=g","contentUrl":"https:\/\/secure.gravatar.com\/avatar\/c5d5853d70a8cf178bdfd28c1b8cdcdd?s=96&d=mm&r=g","caption":"Marcos Guevara"},"url":"https:\/\/thepueblatimes.mx\/index.php\/author\/marcos-guevara\/"}]}},"jetpack_featured_media_url":"https:\/\/thepueblatimes.mx\/wp-content\/uploads\/2020\/06\/Screenshot-2020-06-19-at-10.29.05.png","_links":{"self":[{"href":"https:\/\/thepueblatimes.mx\/index.php\/wp-json\/wp\/v2\/posts\/370"}],"collection":[{"href":"https:\/\/thepueblatimes.mx\/index.php\/wp-json\/wp\/v2\/posts"}],"about":[{"href":"https:\/\/thepueblatimes.mx\/index.php\/wp-json\/wp\/v2\/types\/post"}],"author":[{"embeddable":true,"href":"https:\/\/thepueblatimes.mx\/index.php\/wp-json\/wp\/v2\/users\/4"}],"replies":[{"embeddable":true,"href":"https:\/\/thepueblatimes.mx\/index.php\/wp-json\/wp\/v2\/comments?post=370"}],"version-history":[{"count":1,"href":"https:\/\/thepueblatimes.mx\/index.php\/wp-json\/wp\/v2\/posts\/370\/revisions"}],"predecessor-version":[{"id":375,"href":"https:\/\/thepueblatimes.mx\/index.php\/wp-json\/wp\/v2\/posts\/370\/revisions\/375"}],"wp:featuredmedia":[{"embeddable":true,"href":"https:\/\/thepueblatimes.mx\/index.php\/wp-json\/wp\/v2\/media\/374"}],"wp:attachment":[{"href":"https:\/\/thepueblatimes.mx\/index.php\/wp-json\/wp\/v2\/media?parent=370"}],"wp:term":[{"taxonomy":"category","embeddable":true,"href":"https:\/\/thepueblatimes.mx\/index.php\/wp-json\/wp\/v2\/categories?post=370"},{"taxonomy":"post_tag","embeddable":true,"href":"https:\/\/thepueblatimes.mx\/index.php\/wp-json\/wp\/v2\/tags?post=370"}],"curies":[{"name":"wp","href":"https:\/\/api.w.org\/{rel}","templated":true}]}}