{"id":36920,"date":"2026-03-11T14:51:17","date_gmt":"2026-03-11T20:51:17","guid":{"rendered":"https:\/\/thepueblatimes.mx\/?p=36920"},"modified":"2026-03-11T14:51:17","modified_gmt":"2026-03-11T20:51:17","slug":"atiende-dif-puebla-capital-seguridad-alimentaria-en-canoa-con-programa-alimentacion-imparable","status":"publish","type":"post","link":"https:\/\/thepueblatimes.mx\/index.php\/2026\/03\/11\/atiende-dif-puebla-capital-seguridad-alimentaria-en-canoa-con-programa-alimentacion-imparable\/","title":{"rendered":"Atiende DIF Puebla Capital seguridad alimentaria en Canoa con programa \u201cAlimentaci\u00f3n Imparable\u201d"},"content":{"rendered":"<h3><em>&#8211; El Gobierno de Pepe Chedraui reafirma su compromiso con las juntas auxiliares al trabajar por la seguridad alimentaria<\/em><\/h3>\n<p>Puebla, Puebla. \u2013 El Gobierno de la Ciudad bajo el liderazgo del presidente municipal, Pepe Chedraui, a trav\u00e9s del DIF Puebla Capital que dirige la presidenta del Patronato, MariElise Budib, acudi\u00f3 a la junta auxiliar de San Miguel Canoa para llevar a cabo la entrega de despensas del programa \u201cAlimentaci\u00f3n Imparable\u201d.<\/p>\n<p>Mediante la entrega totalmente gratuita de productos de la canasta b\u00e1sica como pasta, frijol, arroz, at\u00fan y dem\u00e1s art\u00edculos no perecederos, se asegura que los hogares que m\u00e1s los necesitan cuenten con un plato de comida nutritiva y balanceada en la mesa, para que las y los integrantes de las familias poblanas tengan un mejor desarrollo personal y profesional.<\/p>\n<p>En representaci\u00f3n del presidente municipal, Pepe Chedraui, estuvo el director general del DIF Puebla Capital, Jes\u00fas Alejandro Cort\u00e9s Carrasco, quien afirm\u00f3 que una de las directrices que ha instruido tanto el alcalde como la presidenta MariElise Budib es garantizar que todas las personas del municipio tengan acceso a la alimentaci\u00f3n.<\/p>\n<p>\u201cPara nuestro alcalde, Canoa es muy importante. \u00c9l tiene muy claro que el progreso de Puebla tambi\u00e9n se construye desde sus comunidades, desde sus juntas auxiliares. Por eso nos ha dado una instrucci\u00f3n muy clara a todo el equipo de trabajo, que los programas, los apoyos y las acciones del ayuntamiento lleguen a cada rinc\u00f3n del municipio y beneficien directamente a quienes m\u00e1s lo necesitan\u201d, se\u00f1al\u00f3.<\/p>\n<p>De igual forma, Jes\u00fas Alejandro Cort\u00e9s Carrasco invit\u00f3 a la comunidad a pasar de voz en voz este programa, para que cada vez sean m\u00e1s los que se inscriban y pueden ser beneficiarias y beneficiarios de Alimentaci\u00f3n Imparable, un programa que no solo mejora la nutrici\u00f3n de las familias tambi\u00e9n ofrece un ahorro en los hogares. Y reconoci\u00f3 el trabajo constante que realiza el Gobierno de la Ciudad bajo el compromiso asumido con cada habitante de la localidad para atender sus principales problem\u00e1ticas.<\/p>\n<p>\u201cTengan la seguridad de que este gobierno no trabaja desde una oficina, trabaja en territorio, cerca de la gente. Ese es el compromiso de nuestro alcalde Pepe Chedraui. escuchar, atender y por supuesto darles resultados a todos ustedes. Sigamos trabajando juntos, porque cuando gobierno y ciudadan\u00eda caminan de la mano, las familias salen adelante y Puebla se fortalece. Canoa cuenta con el Gobierno de la Ciudad, cuenta con su alcalde Pepe Chedraui y vamos a seguir regresando las veces que sean necesarias para traer m\u00e1s programas, m\u00e1s apoyos y m\u00e1s beneficios para todos y todas ustedes\u201d, subray\u00f3.<\/p>\n<p>Es as\u00ed como el Gobierno de la Ciudad, que encabeza el alcalde Pepe Chedraui, reafirma su vocaci\u00f3n de servicio y su compromiso con la construcci\u00f3n de una Puebla m\u00e1s solidaria, justa e incluyente, en donde cada apoyo entregado se traduzca en bienestar, tranquilidad y mayores oportunidades de desarrollo para todas y todos.<\/p>\n","protected":false},"excerpt":{"rendered":"<p>&#8211; El Gobierno de Pepe Chedraui reafirma su compromiso con las juntas auxiliares al trabajar por la seguridad alimentaria Puebla, Puebla. \u2013 El Gobierno de la Ciudad bajo el liderazgo del presidente municipal, Pepe Chedraui, a trav\u00e9s del DIF Puebla Capital que dirige la presidenta del Patronato, MariElise Budib, acudi\u00f3 a la junta auxiliar de&#8230;<\/p>\n","protected":false},"author":16,"featured_media":36921,"comment_status":"closed","ping_status":"closed","sticky":false,"template":"","format":"standard","meta":[],"categories":[20],"tags":[1287,3074],"yoast_head":"<!-- This site is optimized with the Yoast SEO plugin v20.8 - https:\/\/yoast.com\/wordpress\/plugins\/seo\/ -->\n<title>Atiende DIF Puebla Capital seguridad alimentaria en Canoa con programa \u201cAlimentaci\u00f3n Imparable\u201d - The Puebla Times<\/title>\n<meta name=\"robots\" content=\"index, follow, max-snippet:-1, max-image-preview:large, max-video-preview:-1\" \/>\n<link rel=\"canonical\" href=\"https:\/\/thepueblatimes.mx\/index.php\/2026\/03\/11\/atiende-dif-puebla-capital-seguridad-alimentaria-en-canoa-con-programa-alimentacion-imparable\/\" \/>\n<meta property=\"og:locale\" content=\"es_ES\" \/>\n<meta property=\"og:type\" content=\"article\" \/>\n<meta property=\"og:title\" content=\"Atiende DIF Puebla Capital seguridad alimentaria en Canoa con programa \u201cAlimentaci\u00f3n Imparable\u201d - The Puebla Times\" \/>\n<meta property=\"og:description\" content=\"&#8211; El Gobierno de Pepe Chedraui reafirma su compromiso con las juntas auxiliares al trabajar por la seguridad alimentaria Puebla, Puebla. \u2013 El Gobierno de la Ciudad bajo el liderazgo del presidente municipal, Pepe Chedraui, a trav\u00e9s del DIF Puebla Capital que dirige la presidenta del Patronato, MariElise Budib, acudi\u00f3 a la junta auxiliar de...\" \/>\n<meta property=\"og:url\" content=\"https:\/\/thepueblatimes.mx\/index.php\/2026\/03\/11\/atiende-dif-puebla-capital-seguridad-alimentaria-en-canoa-con-programa-alimentacion-imparable\/\" \/>\n<meta property=\"og:site_name\" content=\"The Puebla Times\" \/>\n<meta property=\"article:published_time\" content=\"2026-03-11T20:51:17+00:00\" \/>\n<meta property=\"og:image\" content=\"https:\/\/thepueblatimes.mx\/wp-content\/uploads\/2026\/03\/WhatsApp-Image-2026-03-11-at-14.47.47.jpeg\" \/>\n\t<meta property=\"og:image:width\" content=\"1280\" \/>\n\t<meta property=\"og:image:height\" content=\"854\" \/>\n\t<meta property=\"og:image:type\" content=\"image\/jpeg\" \/>\n<meta name=\"author\" content=\"Sa\u00fal Hern\u00e1ndez\" \/>\n<meta name=\"twitter:card\" content=\"summary_large_image\" \/>\n<meta name=\"twitter:label1\" content=\"Escrito por\" \/>\n\t<meta name=\"twitter:data1\" content=\"Sa\u00fal Hern\u00e1ndez\" \/>\n\t<meta name=\"twitter:label2\" content=\"Tiempo de lectura\" \/>\n\t<meta name=\"twitter:data2\" content=\"3 minutos\" \/>\n<script type=\"application\/ld+json\" class=\"yoast-schema-graph\">{\"@context\":\"https:\/\/schema.org\",\"@graph\":[{\"@type\":\"WebPage\",\"@id\":\"https:\/\/thepueblatimes.mx\/index.php\/2026\/03\/11\/atiende-dif-puebla-capital-seguridad-alimentaria-en-canoa-con-programa-alimentacion-imparable\/\",\"url\":\"https:\/\/thepueblatimes.mx\/index.php\/2026\/03\/11\/atiende-dif-puebla-capital-seguridad-alimentaria-en-canoa-con-programa-alimentacion-imparable\/\",\"name\":\"Atiende DIF Puebla Capital seguridad alimentaria en Canoa con programa \u201cAlimentaci\u00f3n Imparable\u201d - The Puebla Times\",\"isPartOf\":{\"@id\":\"https:\/\/thepueblatimes.mx\/#website\"},\"datePublished\":\"2026-03-11T20:51:17+00:00\",\"dateModified\":\"2026-03-11T20:51:17+00:00\",\"author\":{\"@id\":\"https:\/\/thepueblatimes.mx\/#\/schema\/person\/1664894c2f65ce2c7a08d8f5f905c13c\"},\"breadcrumb\":{\"@id\":\"https:\/\/thepueblatimes.mx\/index.php\/2026\/03\/11\/atiende-dif-puebla-capital-seguridad-alimentaria-en-canoa-con-programa-alimentacion-imparable\/#breadcrumb\"},\"inLanguage\":\"es\",\"potentialAction\":[{\"@type\":\"ReadAction\",\"target\":[\"https:\/\/thepueblatimes.mx\/index.php\/2026\/03\/11\/atiende-dif-puebla-capital-seguridad-alimentaria-en-canoa-con-programa-alimentacion-imparable\/\"]}]},{\"@type\":\"BreadcrumbList\",\"@id\":\"https:\/\/thepueblatimes.mx\/index.php\/2026\/03\/11\/atiende-dif-puebla-capital-seguridad-alimentaria-en-canoa-con-programa-alimentacion-imparable\/#breadcrumb\",\"itemListElement\":[{\"@type\":\"ListItem\",\"position\":1,\"name\":\"Portada\",\"item\":\"https:\/\/thepueblatimes.mx\/\"},{\"@type\":\"ListItem\",\"position\":2,\"name\":\"Atiende DIF Puebla Capital seguridad alimentaria en Canoa con programa \u201cAlimentaci\u00f3n Imparable\u201d\"}]},{\"@type\":\"WebSite\",\"@id\":\"https:\/\/thepueblatimes.mx\/#website\",\"url\":\"https:\/\/thepueblatimes.mx\/\",\"name\":\"The Puebla Times\",\"description\":\"Noticias del Estado de Puebla\",\"potentialAction\":[{\"@type\":\"SearchAction\",\"target\":{\"@type\":\"EntryPoint\",\"urlTemplate\":\"https:\/\/thepueblatimes.mx\/?s={search_term_string}\"},\"query-input\":\"required name=search_term_string\"}],\"inLanguage\":\"es\"},{\"@type\":\"Person\",\"@id\":\"https:\/\/thepueblatimes.mx\/#\/schema\/person\/1664894c2f65ce2c7a08d8f5f905c13c\",\"name\":\"Sa\u00fal Hern\u00e1ndez\",\"image\":{\"@type\":\"ImageObject\",\"inLanguage\":\"es\",\"@id\":\"https:\/\/thepueblatimes.mx\/#\/schema\/person\/image\/\",\"url\":\"https:\/\/secure.gravatar.com\/avatar\/11be338693f243309532caad8f10c930?s=96&d=mm&r=g\",\"contentUrl\":\"https:\/\/secure.gravatar.com\/avatar\/11be338693f243309532caad8f10c930?s=96&d=mm&r=g\",\"caption\":\"Sa\u00fal Hern\u00e1ndez\"},\"url\":\"https:\/\/thepueblatimes.mx\/index.php\/author\/saulhernandez\/\"}]}<\/script>\n<!-- \/ Yoast SEO plugin. -->","yoast_head_json":{"title":"Atiende DIF Puebla Capital seguridad alimentaria en Canoa con programa \u201cAlimentaci\u00f3n Imparable\u201d - The Puebla Times","robots":{"index":"index","follow":"follow","max-snippet":"max-snippet:-1","max-image-preview":"max-image-preview:large","max-video-preview":"max-video-preview:-1"},"canonical":"https:\/\/thepueblatimes.mx\/index.php\/2026\/03\/11\/atiende-dif-puebla-capital-seguridad-alimentaria-en-canoa-con-programa-alimentacion-imparable\/","og_locale":"es_ES","og_type":"article","og_title":"Atiende DIF Puebla Capital seguridad alimentaria en Canoa con programa \u201cAlimentaci\u00f3n Imparable\u201d - The Puebla Times","og_description":"&#8211; El Gobierno de Pepe Chedraui reafirma su compromiso con las juntas auxiliares al trabajar por la seguridad alimentaria Puebla, Puebla. \u2013 El Gobierno de la Ciudad bajo el liderazgo del presidente municipal, Pepe Chedraui, a trav\u00e9s del DIF Puebla Capital que dirige la presidenta del Patronato, MariElise Budib, acudi\u00f3 a la junta auxiliar de...","og_url":"https:\/\/thepueblatimes.mx\/index.php\/2026\/03\/11\/atiende-dif-puebla-capital-seguridad-alimentaria-en-canoa-con-programa-alimentacion-imparable\/","og_site_name":"The Puebla Times","article_published_time":"2026-03-11T20:51:17+00:00","og_image":[{"width":1280,"height":854,"url":"https:\/\/thepueblatimes.mx\/wp-content\/uploads\/2026\/03\/WhatsApp-Image-2026-03-11-at-14.47.47.jpeg","type":"image\/jpeg"}],"author":"Sa\u00fal Hern\u00e1ndez","twitter_card":"summary_large_image","twitter_misc":{"Escrito por":"Sa\u00fal Hern\u00e1ndez","Tiempo de lectura":"3 minutos"},"schema":{"@context":"https:\/\/schema.org","@graph":[{"@type":"WebPage","@id":"https:\/\/thepueblatimes.mx\/index.php\/2026\/03\/11\/atiende-dif-puebla-capital-seguridad-alimentaria-en-canoa-con-programa-alimentacion-imparable\/","url":"https:\/\/thepueblatimes.mx\/index.php\/2026\/03\/11\/atiende-dif-puebla-capital-seguridad-alimentaria-en-canoa-con-programa-alimentacion-imparable\/","name":"Atiende DIF Puebla Capital seguridad alimentaria en Canoa con programa \u201cAlimentaci\u00f3n Imparable\u201d - The Puebla Times","isPartOf":{"@id":"https:\/\/thepueblatimes.mx\/#website"},"datePublished":"2026-03-11T20:51:17+00:00","dateModified":"2026-03-11T20:51:17+00:00","author":{"@id":"https:\/\/thepueblatimes.mx\/#\/schema\/person\/1664894c2f65ce2c7a08d8f5f905c13c"},"breadcrumb":{"@id":"https:\/\/thepueblatimes.mx\/index.php\/2026\/03\/11\/atiende-dif-puebla-capital-seguridad-alimentaria-en-canoa-con-programa-alimentacion-imparable\/#breadcrumb"},"inLanguage":"es","potentialAction":[{"@type":"ReadAction","target":["https:\/\/thepueblatimes.mx\/index.php\/2026\/03\/11\/atiende-dif-puebla-capital-seguridad-alimentaria-en-canoa-con-programa-alimentacion-imparable\/"]}]},{"@type":"BreadcrumbList","@id":"https:\/\/thepueblatimes.mx\/index.php\/2026\/03\/11\/atiende-dif-puebla-capital-seguridad-alimentaria-en-canoa-con-programa-alimentacion-imparable\/#breadcrumb","itemListElement":[{"@type":"ListItem","position":1,"name":"Portada","item":"https:\/\/thepueblatimes.mx\/"},{"@type":"ListItem","position":2,"name":"Atiende DIF Puebla Capital seguridad alimentaria en Canoa con programa \u201cAlimentaci\u00f3n Imparable\u201d"}]},{"@type":"WebSite","@id":"https:\/\/thepueblatimes.mx\/#website","url":"https:\/\/thepueblatimes.mx\/","name":"The Puebla Times","description":"Noticias del Estado de Puebla","potentialAction":[{"@type":"SearchAction","target":{"@type":"EntryPoint","urlTemplate":"https:\/\/thepueblatimes.mx\/?s={search_term_string}"},"query-input":"required name=search_term_string"}],"inLanguage":"es"},{"@type":"Person","@id":"https:\/\/thepueblatimes.mx\/#\/schema\/person\/1664894c2f65ce2c7a08d8f5f905c13c","name":"Sa\u00fal Hern\u00e1ndez","image":{"@type":"ImageObject","inLanguage":"es","@id":"https:\/\/thepueblatimes.mx\/#\/schema\/person\/image\/","url":"https:\/\/secure.gravatar.com\/avatar\/11be338693f243309532caad8f10c930?s=96&d=mm&r=g","contentUrl":"https:\/\/secure.gravatar.com\/avatar\/11be338693f243309532caad8f10c930?s=96&d=mm&r=g","caption":"Sa\u00fal Hern\u00e1ndez"},"url":"https:\/\/thepueblatimes.mx\/index.php\/author\/saulhernandez\/"}]}},"jetpack_featured_media_url":"https:\/\/thepueblatimes.mx\/wp-content\/uploads\/2026\/03\/WhatsApp-Image-2026-03-11-at-14.47.47.jpeg","_links":{"self":[{"href":"https:\/\/thepueblatimes.mx\/index.php\/wp-json\/wp\/v2\/posts\/36920"}],"collection":[{"href":"https:\/\/thepueblatimes.mx\/index.php\/wp-json\/wp\/v2\/posts"}],"about":[{"href":"https:\/\/thepueblatimes.mx\/index.php\/wp-json\/wp\/v2\/types\/post"}],"author":[{"embeddable":true,"href":"https:\/\/thepueblatimes.mx\/index.php\/wp-json\/wp\/v2\/users\/16"}],"replies":[{"embeddable":true,"href":"https:\/\/thepueblatimes.mx\/index.php\/wp-json\/wp\/v2\/comments?post=36920"}],"version-history":[{"count":1,"href":"https:\/\/thepueblatimes.mx\/index.php\/wp-json\/wp\/v2\/posts\/36920\/revisions"}],"predecessor-version":[{"id":36922,"href":"https:\/\/thepueblatimes.mx\/index.php\/wp-json\/wp\/v2\/posts\/36920\/revisions\/36922"}],"wp:featuredmedia":[{"embeddable":true,"href":"https:\/\/thepueblatimes.mx\/index.php\/wp-json\/wp\/v2\/media\/36921"}],"wp:attachment":[{"href":"https:\/\/thepueblatimes.mx\/index.php\/wp-json\/wp\/v2\/media?parent=36920"}],"wp:term":[{"taxonomy":"category","embeddable":true,"href":"https:\/\/thepueblatimes.mx\/index.php\/wp-json\/wp\/v2\/categories?post=36920"},{"taxonomy":"post_tag","embeddable":true,"href":"https:\/\/thepueblatimes.mx\/index.php\/wp-json\/wp\/v2\/tags?post=36920"}],"curies":[{"name":"wp","href":"https:\/\/api.w.org\/{rel}","templated":true}]}}