{"id":36857,"date":"2026-03-09T17:58:13","date_gmt":"2026-03-09T23:58:13","guid":{"rendered":"https:\/\/thepueblatimes.mx\/?p=36857"},"modified":"2026-03-09T17:58:13","modified_gmt":"2026-03-09T23:58:13","slug":"entrega-marielise-budib-mas-de-11-mil-despensas-del-programa-alimentacion-imparable-en-san-sebastian-aparicio","status":"publish","type":"post","link":"https:\/\/thepueblatimes.mx\/index.php\/2026\/03\/09\/entrega-marielise-budib-mas-de-11-mil-despensas-del-programa-alimentacion-imparable-en-san-sebastian-aparicio\/","title":{"rendered":"Entrega MariElise Budib m\u00e1s de 11 mil despensas del programa \u201cAlimentaci\u00f3n Imparable\u201d en San Sebasti\u00e1n Aparicio"},"content":{"rendered":"<h3><em>&#8211; El Gobierno de la Ciudad que encabeza el presidente municipal, Pepe Chedraui, reconoce la gran labor que realizan las mujeres en diferentes \u00e1mbitos de la sociedad<\/em><\/h3>\n<p>Puebla, Pue., 09 de marzo de 2026- Como parte del programa \u201cAlimentaci\u00f3n Imparable\u201d, el Gobierno de la Ciudad que encabeza el presidente municipal, Pepe Chedraui, a trav\u00e9s del DIF Puebla Capital, a cargo de MariElise Budib, entreg\u00f3 m\u00e1s de 11 mil despensas a familias de la Junta Auxiliar de San Sebasti\u00e1n Aparicio.<\/p>\n<p>Durante su intervenci\u00f3n, la presidenta del Patronato, MariElise Budib, reconoci\u00f3 el esfuerzo de todo el equipo del Gobierno de la Ciudad para llevar alimentos balanceados a las familias y, al mismo tiempo, contribuir al ahorro en la econom\u00eda de los hogares. Asimismo, destac\u00f3 la labor que realizan las mujeres en diferentes \u00e1mbito de la sociedad.<\/p>\n<p>\u201cEn el DIF Puebla Capital estamos para acompa\u00f1arlas a todas ustedes y a todos ustedes tambi\u00e9n, pero tambi\u00e9n para escucharlos, porque solo cuando sabemos qu\u00e9 es lo que se necesita, qu\u00e9 es lo que les preocupa y qu\u00e9 les hace falta en sus hogares, podemos encontrar la mejor manera de apoyarlos. Pepe y yo queremos que sepan que no est\u00e1n solos, que detr\u00e1s de cada apoyo hay un equipo que trabaja todos los d\u00edas pensando en ustedes\u201d, afirm\u00f3 MariElise Budib.<\/p>\n<p>Cada una de las despensas cuenta con productos de la canasta b\u00e1sica, lo que permite llevar a los hogares una alimentaci\u00f3n nutritiva y equilibrada, contribuyendo a mejorar las condiciones alimentarias de ni\u00f1as, ni\u00f1os, personas con discapacidad y personas adultas mayores.<\/p>\n<p>Por su parte, el director general del DIF Municipal, Jes\u00fas Alejandro Cort\u00e9s Carrasco, destac\u00f3 la labor que realiza el Gobierno de la Ciudad para cuidar el bienestar integral de los hogares poblanos. Adem\u00e1s, reafirm\u00f3 el objetivo del programa \u201cAlimentaci\u00f3n Imparable\u201d como una respuesta solidaria y cercana a los grupos en situaci\u00f3n vulnerable.<\/p>\n<p>\u201cNuestro objetivo es fortalecer la seguridad alimentaria; buscamos que cada vez m\u00e1s familias tengan un plato en la mesa con tranquilidad, que puedan cuidar su econom\u00eda y destinar sus recursos a otras prioridades de su hogar. Queremos que sepan que no est\u00e1n solos, que cuentan con una instituci\u00f3n que escucha, que trabaja con empat\u00eda y, por supuesto, con compromiso con todos ustedes\u201d.<\/p>\n<p>Finalmente, el Gobierno de la Ciudad, a trav\u00e9s del Sistema Municipal DIF, reiter\u00f3 su compromiso de continuar impulsando programas que fortalezcan la seguridad alimentaria y el bienestar de las familias poblanas, especialmente de quienes m\u00e1s lo necesitan, acercando apoyos que contribuyan a mejorar su calidad de vida.<\/p>\n","protected":false},"excerpt":{"rendered":"<p>&#8211; El Gobierno de la Ciudad que encabeza el presidente municipal, Pepe Chedraui, reconoce la gran labor que realizan las mujeres en diferentes \u00e1mbitos de la sociedad Puebla, Pue., 09 de marzo de 2026- Como parte del programa \u201cAlimentaci\u00f3n Imparable\u201d, el Gobierno de la Ciudad que encabeza el presidente municipal, Pepe Chedraui, a trav\u00e9s del&#8230;<\/p>\n","protected":false},"author":16,"featured_media":36858,"comment_status":"closed","ping_status":"closed","sticky":false,"template":"","format":"standard","meta":[],"categories":[20],"tags":[1287,3074],"yoast_head":"<!-- This site is optimized with the Yoast SEO plugin v20.8 - https:\/\/yoast.com\/wordpress\/plugins\/seo\/ -->\n<title>Entrega MariElise Budib m\u00e1s de 11 mil despensas del programa \u201cAlimentaci\u00f3n Imparable\u201d en San Sebasti\u00e1n Aparicio - The Puebla Times<\/title>\n<meta name=\"robots\" content=\"index, follow, max-snippet:-1, max-image-preview:large, max-video-preview:-1\" \/>\n<link rel=\"canonical\" href=\"https:\/\/thepueblatimes.mx\/index.php\/2026\/03\/09\/entrega-marielise-budib-mas-de-11-mil-despensas-del-programa-alimentacion-imparable-en-san-sebastian-aparicio\/\" \/>\n<meta property=\"og:locale\" content=\"es_ES\" \/>\n<meta property=\"og:type\" content=\"article\" \/>\n<meta property=\"og:title\" content=\"Entrega MariElise Budib m\u00e1s de 11 mil despensas del programa \u201cAlimentaci\u00f3n Imparable\u201d en San Sebasti\u00e1n Aparicio - The Puebla Times\" \/>\n<meta property=\"og:description\" content=\"&#8211; El Gobierno de la Ciudad que encabeza el presidente municipal, Pepe Chedraui, reconoce la gran labor que realizan las mujeres en diferentes \u00e1mbitos de la sociedad Puebla, Pue., 09 de marzo de 2026- Como parte del programa \u201cAlimentaci\u00f3n Imparable\u201d, el Gobierno de la Ciudad que encabeza el presidente municipal, Pepe Chedraui, a trav\u00e9s del...\" \/>\n<meta property=\"og:url\" content=\"https:\/\/thepueblatimes.mx\/index.php\/2026\/03\/09\/entrega-marielise-budib-mas-de-11-mil-despensas-del-programa-alimentacion-imparable-en-san-sebastian-aparicio\/\" \/>\n<meta property=\"og:site_name\" content=\"The Puebla Times\" \/>\n<meta property=\"article:published_time\" content=\"2026-03-09T23:58:13+00:00\" \/>\n<meta property=\"og:image\" content=\"https:\/\/thepueblatimes.mx\/wp-content\/uploads\/2026\/03\/WhatsApp-Image-2026-03-09-at-13.23.16.jpeg\" \/>\n\t<meta property=\"og:image:width\" content=\"1280\" \/>\n\t<meta property=\"og:image:height\" content=\"854\" \/>\n\t<meta property=\"og:image:type\" content=\"image\/jpeg\" \/>\n<meta name=\"author\" content=\"Sa\u00fal Hern\u00e1ndez\" \/>\n<meta name=\"twitter:card\" content=\"summary_large_image\" \/>\n<meta name=\"twitter:label1\" content=\"Escrito por\" \/>\n\t<meta name=\"twitter:data1\" content=\"Sa\u00fal Hern\u00e1ndez\" \/>\n\t<meta name=\"twitter:label2\" content=\"Tiempo de lectura\" \/>\n\t<meta name=\"twitter:data2\" content=\"2 minutos\" \/>\n<script type=\"application\/ld+json\" class=\"yoast-schema-graph\">{\"@context\":\"https:\/\/schema.org\",\"@graph\":[{\"@type\":\"WebPage\",\"@id\":\"https:\/\/thepueblatimes.mx\/index.php\/2026\/03\/09\/entrega-marielise-budib-mas-de-11-mil-despensas-del-programa-alimentacion-imparable-en-san-sebastian-aparicio\/\",\"url\":\"https:\/\/thepueblatimes.mx\/index.php\/2026\/03\/09\/entrega-marielise-budib-mas-de-11-mil-despensas-del-programa-alimentacion-imparable-en-san-sebastian-aparicio\/\",\"name\":\"Entrega MariElise Budib m\u00e1s de 11 mil despensas del programa \u201cAlimentaci\u00f3n Imparable\u201d en San Sebasti\u00e1n Aparicio - The Puebla Times\",\"isPartOf\":{\"@id\":\"https:\/\/thepueblatimes.mx\/#website\"},\"datePublished\":\"2026-03-09T23:58:13+00:00\",\"dateModified\":\"2026-03-09T23:58:13+00:00\",\"author\":{\"@id\":\"https:\/\/thepueblatimes.mx\/#\/schema\/person\/1664894c2f65ce2c7a08d8f5f905c13c\"},\"breadcrumb\":{\"@id\":\"https:\/\/thepueblatimes.mx\/index.php\/2026\/03\/09\/entrega-marielise-budib-mas-de-11-mil-despensas-del-programa-alimentacion-imparable-en-san-sebastian-aparicio\/#breadcrumb\"},\"inLanguage\":\"es\",\"potentialAction\":[{\"@type\":\"ReadAction\",\"target\":[\"https:\/\/thepueblatimes.mx\/index.php\/2026\/03\/09\/entrega-marielise-budib-mas-de-11-mil-despensas-del-programa-alimentacion-imparable-en-san-sebastian-aparicio\/\"]}]},{\"@type\":\"BreadcrumbList\",\"@id\":\"https:\/\/thepueblatimes.mx\/index.php\/2026\/03\/09\/entrega-marielise-budib-mas-de-11-mil-despensas-del-programa-alimentacion-imparable-en-san-sebastian-aparicio\/#breadcrumb\",\"itemListElement\":[{\"@type\":\"ListItem\",\"position\":1,\"name\":\"Portada\",\"item\":\"https:\/\/thepueblatimes.mx\/\"},{\"@type\":\"ListItem\",\"position\":2,\"name\":\"Entrega MariElise Budib m\u00e1s de 11 mil despensas del programa \u201cAlimentaci\u00f3n Imparable\u201d en San Sebasti\u00e1n Aparicio\"}]},{\"@type\":\"WebSite\",\"@id\":\"https:\/\/thepueblatimes.mx\/#website\",\"url\":\"https:\/\/thepueblatimes.mx\/\",\"name\":\"The Puebla Times\",\"description\":\"Noticias del Estado de Puebla\",\"potentialAction\":[{\"@type\":\"SearchAction\",\"target\":{\"@type\":\"EntryPoint\",\"urlTemplate\":\"https:\/\/thepueblatimes.mx\/?s={search_term_string}\"},\"query-input\":\"required name=search_term_string\"}],\"inLanguage\":\"es\"},{\"@type\":\"Person\",\"@id\":\"https:\/\/thepueblatimes.mx\/#\/schema\/person\/1664894c2f65ce2c7a08d8f5f905c13c\",\"name\":\"Sa\u00fal Hern\u00e1ndez\",\"image\":{\"@type\":\"ImageObject\",\"inLanguage\":\"es\",\"@id\":\"https:\/\/thepueblatimes.mx\/#\/schema\/person\/image\/\",\"url\":\"https:\/\/secure.gravatar.com\/avatar\/11be338693f243309532caad8f10c930?s=96&d=mm&r=g\",\"contentUrl\":\"https:\/\/secure.gravatar.com\/avatar\/11be338693f243309532caad8f10c930?s=96&d=mm&r=g\",\"caption\":\"Sa\u00fal Hern\u00e1ndez\"},\"url\":\"https:\/\/thepueblatimes.mx\/index.php\/author\/saulhernandez\/\"}]}<\/script>\n<!-- \/ Yoast SEO plugin. -->","yoast_head_json":{"title":"Entrega MariElise Budib m\u00e1s de 11 mil despensas del programa \u201cAlimentaci\u00f3n Imparable\u201d en San Sebasti\u00e1n Aparicio - The Puebla Times","robots":{"index":"index","follow":"follow","max-snippet":"max-snippet:-1","max-image-preview":"max-image-preview:large","max-video-preview":"max-video-preview:-1"},"canonical":"https:\/\/thepueblatimes.mx\/index.php\/2026\/03\/09\/entrega-marielise-budib-mas-de-11-mil-despensas-del-programa-alimentacion-imparable-en-san-sebastian-aparicio\/","og_locale":"es_ES","og_type":"article","og_title":"Entrega MariElise Budib m\u00e1s de 11 mil despensas del programa \u201cAlimentaci\u00f3n Imparable\u201d en San Sebasti\u00e1n Aparicio - The Puebla Times","og_description":"&#8211; El Gobierno de la Ciudad que encabeza el presidente municipal, Pepe Chedraui, reconoce la gran labor que realizan las mujeres en diferentes \u00e1mbitos de la sociedad Puebla, Pue., 09 de marzo de 2026- Como parte del programa \u201cAlimentaci\u00f3n Imparable\u201d, el Gobierno de la Ciudad que encabeza el presidente municipal, Pepe Chedraui, a trav\u00e9s del...","og_url":"https:\/\/thepueblatimes.mx\/index.php\/2026\/03\/09\/entrega-marielise-budib-mas-de-11-mil-despensas-del-programa-alimentacion-imparable-en-san-sebastian-aparicio\/","og_site_name":"The Puebla Times","article_published_time":"2026-03-09T23:58:13+00:00","og_image":[{"width":1280,"height":854,"url":"https:\/\/thepueblatimes.mx\/wp-content\/uploads\/2026\/03\/WhatsApp-Image-2026-03-09-at-13.23.16.jpeg","type":"image\/jpeg"}],"author":"Sa\u00fal Hern\u00e1ndez","twitter_card":"summary_large_image","twitter_misc":{"Escrito por":"Sa\u00fal Hern\u00e1ndez","Tiempo de lectura":"2 minutos"},"schema":{"@context":"https:\/\/schema.org","@graph":[{"@type":"WebPage","@id":"https:\/\/thepueblatimes.mx\/index.php\/2026\/03\/09\/entrega-marielise-budib-mas-de-11-mil-despensas-del-programa-alimentacion-imparable-en-san-sebastian-aparicio\/","url":"https:\/\/thepueblatimes.mx\/index.php\/2026\/03\/09\/entrega-marielise-budib-mas-de-11-mil-despensas-del-programa-alimentacion-imparable-en-san-sebastian-aparicio\/","name":"Entrega MariElise Budib m\u00e1s de 11 mil despensas del programa \u201cAlimentaci\u00f3n Imparable\u201d en San Sebasti\u00e1n Aparicio - The Puebla Times","isPartOf":{"@id":"https:\/\/thepueblatimes.mx\/#website"},"datePublished":"2026-03-09T23:58:13+00:00","dateModified":"2026-03-09T23:58:13+00:00","author":{"@id":"https:\/\/thepueblatimes.mx\/#\/schema\/person\/1664894c2f65ce2c7a08d8f5f905c13c"},"breadcrumb":{"@id":"https:\/\/thepueblatimes.mx\/index.php\/2026\/03\/09\/entrega-marielise-budib-mas-de-11-mil-despensas-del-programa-alimentacion-imparable-en-san-sebastian-aparicio\/#breadcrumb"},"inLanguage":"es","potentialAction":[{"@type":"ReadAction","target":["https:\/\/thepueblatimes.mx\/index.php\/2026\/03\/09\/entrega-marielise-budib-mas-de-11-mil-despensas-del-programa-alimentacion-imparable-en-san-sebastian-aparicio\/"]}]},{"@type":"BreadcrumbList","@id":"https:\/\/thepueblatimes.mx\/index.php\/2026\/03\/09\/entrega-marielise-budib-mas-de-11-mil-despensas-del-programa-alimentacion-imparable-en-san-sebastian-aparicio\/#breadcrumb","itemListElement":[{"@type":"ListItem","position":1,"name":"Portada","item":"https:\/\/thepueblatimes.mx\/"},{"@type":"ListItem","position":2,"name":"Entrega MariElise Budib m\u00e1s de 11 mil despensas del programa \u201cAlimentaci\u00f3n Imparable\u201d en San Sebasti\u00e1n Aparicio"}]},{"@type":"WebSite","@id":"https:\/\/thepueblatimes.mx\/#website","url":"https:\/\/thepueblatimes.mx\/","name":"The Puebla Times","description":"Noticias del Estado de Puebla","potentialAction":[{"@type":"SearchAction","target":{"@type":"EntryPoint","urlTemplate":"https:\/\/thepueblatimes.mx\/?s={search_term_string}"},"query-input":"required name=search_term_string"}],"inLanguage":"es"},{"@type":"Person","@id":"https:\/\/thepueblatimes.mx\/#\/schema\/person\/1664894c2f65ce2c7a08d8f5f905c13c","name":"Sa\u00fal Hern\u00e1ndez","image":{"@type":"ImageObject","inLanguage":"es","@id":"https:\/\/thepueblatimes.mx\/#\/schema\/person\/image\/","url":"https:\/\/secure.gravatar.com\/avatar\/11be338693f243309532caad8f10c930?s=96&d=mm&r=g","contentUrl":"https:\/\/secure.gravatar.com\/avatar\/11be338693f243309532caad8f10c930?s=96&d=mm&r=g","caption":"Sa\u00fal Hern\u00e1ndez"},"url":"https:\/\/thepueblatimes.mx\/index.php\/author\/saulhernandez\/"}]}},"jetpack_featured_media_url":"https:\/\/thepueblatimes.mx\/wp-content\/uploads\/2026\/03\/WhatsApp-Image-2026-03-09-at-13.23.16.jpeg","_links":{"self":[{"href":"https:\/\/thepueblatimes.mx\/index.php\/wp-json\/wp\/v2\/posts\/36857"}],"collection":[{"href":"https:\/\/thepueblatimes.mx\/index.php\/wp-json\/wp\/v2\/posts"}],"about":[{"href":"https:\/\/thepueblatimes.mx\/index.php\/wp-json\/wp\/v2\/types\/post"}],"author":[{"embeddable":true,"href":"https:\/\/thepueblatimes.mx\/index.php\/wp-json\/wp\/v2\/users\/16"}],"replies":[{"embeddable":true,"href":"https:\/\/thepueblatimes.mx\/index.php\/wp-json\/wp\/v2\/comments?post=36857"}],"version-history":[{"count":1,"href":"https:\/\/thepueblatimes.mx\/index.php\/wp-json\/wp\/v2\/posts\/36857\/revisions"}],"predecessor-version":[{"id":36859,"href":"https:\/\/thepueblatimes.mx\/index.php\/wp-json\/wp\/v2\/posts\/36857\/revisions\/36859"}],"wp:featuredmedia":[{"embeddable":true,"href":"https:\/\/thepueblatimes.mx\/index.php\/wp-json\/wp\/v2\/media\/36858"}],"wp:attachment":[{"href":"https:\/\/thepueblatimes.mx\/index.php\/wp-json\/wp\/v2\/media?parent=36857"}],"wp:term":[{"taxonomy":"category","embeddable":true,"href":"https:\/\/thepueblatimes.mx\/index.php\/wp-json\/wp\/v2\/categories?post=36857"},{"taxonomy":"post_tag","embeddable":true,"href":"https:\/\/thepueblatimes.mx\/index.php\/wp-json\/wp\/v2\/tags?post=36857"}],"curies":[{"name":"wp","href":"https:\/\/api.w.org\/{rel}","templated":true}]}}