{"id":36845,"date":"2026-03-09T17:21:22","date_gmt":"2026-03-09T23:21:22","guid":{"rendered":"https:\/\/thepueblatimes.mx\/?p=36845"},"modified":"2026-03-09T17:21:22","modified_gmt":"2026-03-09T23:21:22","slug":"garcia-parra-destaca-participacion-de-infiltrados-en-la-marcha-contra-el-cablebus","status":"publish","type":"post","link":"https:\/\/thepueblatimes.mx\/index.php\/2026\/03\/09\/garcia-parra-destaca-participacion-de-infiltrados-en-la-marcha-contra-el-cablebus\/","title":{"rendered":"Garc\u00eda Parra destaca participaci\u00f3n de infiltrados en la marcha contra el Cableb\u00fas"},"content":{"rendered":"<p>El coordinador de gabinete, Jos\u00e9 Luis Garc\u00eda Parra, se\u00f1al\u00f3 que la presencia de grupos ajenos a la comunidad estudiantil de la BUAP en la movilizaci\u00f3n contra el Cableb\u00fas realizada el jueves 5 de marzo.<\/p>\n<p>Expres\u00f3 \u201clamentamos la infiltraci\u00f3n que se dio la semana pasada por parte de una organizaci\u00f3n que tiene otros intereses. En esa marcha ciudadana leg\u00edtima de los universitarios, eso s\u00ed es lamentable, que se hayan infiltrado grupos para violentar esta marcha pac\u00edfica\u201d.<\/p>\n<p>Agreg\u00f3 que organizaciones externas utilizaron la protesta para desestabilizar una manifestaci\u00f3n que originalmente era ciudadana y leg\u00edtima.<\/p>\n<p>Al respecto, Garc\u00eda Parra reiter\u00f3 que en Puebla prevalece el respeto a la libre expresi\u00f3n.<\/p>\n<p>Adem\u00e1s, conden\u00f3 los actos de violencia registrados afuera de Casa Aguayo.<\/p>\n<p>Dijo que \u201cel Estado de derecho garantiza la libre expresi\u00f3n, pero no la violencia\u201d.<\/p>\n<p>&nbsp;<\/p>\n","protected":false},"excerpt":{"rendered":"<p>El coordinador de gabinete, Jos\u00e9 Luis Garc\u00eda Parra, se\u00f1al\u00f3 que la presencia de grupos ajenos a la comunidad estudiantil de la BUAP en la movilizaci\u00f3n contra el Cableb\u00fas realizada el jueves 5 de marzo. Expres\u00f3 \u201clamentamos la infiltraci\u00f3n que se dio la semana pasada por parte de una organizaci\u00f3n que tiene otros intereses. En esa&#8230;<\/p>\n","protected":false},"author":16,"featured_media":36851,"comment_status":"closed","ping_status":"closed","sticky":false,"template":"","format":"standard","meta":[],"categories":[542],"tags":[3791,4759,3475,96],"yoast_head":"<!-- This site is optimized with the Yoast SEO plugin v20.8 - https:\/\/yoast.com\/wordpress\/plugins\/seo\/ -->\n<title>Garc\u00eda Parra destaca participaci\u00f3n de infiltrados en la marcha contra el Cableb\u00fas - The Puebla Times<\/title>\n<meta name=\"robots\" content=\"index, follow, max-snippet:-1, max-image-preview:large, max-video-preview:-1\" \/>\n<link rel=\"canonical\" href=\"https:\/\/thepueblatimes.mx\/index.php\/2026\/03\/09\/garcia-parra-destaca-participacion-de-infiltrados-en-la-marcha-contra-el-cablebus\/\" \/>\n<meta property=\"og:locale\" content=\"es_ES\" \/>\n<meta property=\"og:type\" content=\"article\" \/>\n<meta property=\"og:title\" content=\"Garc\u00eda Parra destaca participaci\u00f3n de infiltrados en la marcha contra el Cableb\u00fas - The Puebla Times\" \/>\n<meta property=\"og:description\" content=\"El coordinador de gabinete, Jos\u00e9 Luis Garc\u00eda Parra, se\u00f1al\u00f3 que la presencia de grupos ajenos a la comunidad estudiantil de la BUAP en la movilizaci\u00f3n contra el Cableb\u00fas realizada el jueves 5 de marzo. Expres\u00f3 \u201clamentamos la infiltraci\u00f3n que se dio la semana pasada por parte de una organizaci\u00f3n que tiene otros intereses. En esa...\" \/>\n<meta property=\"og:url\" content=\"https:\/\/thepueblatimes.mx\/index.php\/2026\/03\/09\/garcia-parra-destaca-participacion-de-infiltrados-en-la-marcha-contra-el-cablebus\/\" \/>\n<meta property=\"og:site_name\" content=\"The Puebla Times\" \/>\n<meta property=\"article:published_time\" content=\"2026-03-09T23:21:22+00:00\" \/>\n<meta property=\"og:image\" content=\"https:\/\/thepueblatimes.mx\/wp-content\/uploads\/2026\/03\/649883911_1471771430963543_3554456279900880560_n.jpg\" \/>\n\t<meta property=\"og:image:width\" content=\"2048\" \/>\n\t<meta property=\"og:image:height\" content=\"1366\" \/>\n\t<meta property=\"og:image:type\" content=\"image\/jpeg\" \/>\n<meta name=\"author\" content=\"Sa\u00fal Hern\u00e1ndez\" \/>\n<meta name=\"twitter:card\" content=\"summary_large_image\" \/>\n<meta name=\"twitter:label1\" content=\"Escrito por\" \/>\n\t<meta name=\"twitter:data1\" content=\"Sa\u00fal Hern\u00e1ndez\" \/>\n\t<meta name=\"twitter:label2\" content=\"Tiempo de lectura\" \/>\n\t<meta name=\"twitter:data2\" content=\"1 minuto\" \/>\n<script type=\"application\/ld+json\" class=\"yoast-schema-graph\">{\"@context\":\"https:\/\/schema.org\",\"@graph\":[{\"@type\":\"WebPage\",\"@id\":\"https:\/\/thepueblatimes.mx\/index.php\/2026\/03\/09\/garcia-parra-destaca-participacion-de-infiltrados-en-la-marcha-contra-el-cablebus\/\",\"url\":\"https:\/\/thepueblatimes.mx\/index.php\/2026\/03\/09\/garcia-parra-destaca-participacion-de-infiltrados-en-la-marcha-contra-el-cablebus\/\",\"name\":\"Garc\u00eda Parra destaca participaci\u00f3n de infiltrados en la marcha contra el Cableb\u00fas - The Puebla Times\",\"isPartOf\":{\"@id\":\"https:\/\/thepueblatimes.mx\/#website\"},\"datePublished\":\"2026-03-09T23:21:22+00:00\",\"dateModified\":\"2026-03-09T23:21:22+00:00\",\"author\":{\"@id\":\"https:\/\/thepueblatimes.mx\/#\/schema\/person\/1664894c2f65ce2c7a08d8f5f905c13c\"},\"breadcrumb\":{\"@id\":\"https:\/\/thepueblatimes.mx\/index.php\/2026\/03\/09\/garcia-parra-destaca-participacion-de-infiltrados-en-la-marcha-contra-el-cablebus\/#breadcrumb\"},\"inLanguage\":\"es\",\"potentialAction\":[{\"@type\":\"ReadAction\",\"target\":[\"https:\/\/thepueblatimes.mx\/index.php\/2026\/03\/09\/garcia-parra-destaca-participacion-de-infiltrados-en-la-marcha-contra-el-cablebus\/\"]}]},{\"@type\":\"BreadcrumbList\",\"@id\":\"https:\/\/thepueblatimes.mx\/index.php\/2026\/03\/09\/garcia-parra-destaca-participacion-de-infiltrados-en-la-marcha-contra-el-cablebus\/#breadcrumb\",\"itemListElement\":[{\"@type\":\"ListItem\",\"position\":1,\"name\":\"Portada\",\"item\":\"https:\/\/thepueblatimes.mx\/\"},{\"@type\":\"ListItem\",\"position\":2,\"name\":\"Garc\u00eda Parra destaca participaci\u00f3n de infiltrados en la marcha contra el Cableb\u00fas\"}]},{\"@type\":\"WebSite\",\"@id\":\"https:\/\/thepueblatimes.mx\/#website\",\"url\":\"https:\/\/thepueblatimes.mx\/\",\"name\":\"The Puebla Times\",\"description\":\"Noticias del Estado de Puebla\",\"potentialAction\":[{\"@type\":\"SearchAction\",\"target\":{\"@type\":\"EntryPoint\",\"urlTemplate\":\"https:\/\/thepueblatimes.mx\/?s={search_term_string}\"},\"query-input\":\"required name=search_term_string\"}],\"inLanguage\":\"es\"},{\"@type\":\"Person\",\"@id\":\"https:\/\/thepueblatimes.mx\/#\/schema\/person\/1664894c2f65ce2c7a08d8f5f905c13c\",\"name\":\"Sa\u00fal Hern\u00e1ndez\",\"image\":{\"@type\":\"ImageObject\",\"inLanguage\":\"es\",\"@id\":\"https:\/\/thepueblatimes.mx\/#\/schema\/person\/image\/\",\"url\":\"https:\/\/secure.gravatar.com\/avatar\/11be338693f243309532caad8f10c930?s=96&d=mm&r=g\",\"contentUrl\":\"https:\/\/secure.gravatar.com\/avatar\/11be338693f243309532caad8f10c930?s=96&d=mm&r=g\",\"caption\":\"Sa\u00fal Hern\u00e1ndez\"},\"url\":\"https:\/\/thepueblatimes.mx\/index.php\/author\/saulhernandez\/\"}]}<\/script>\n<!-- \/ Yoast SEO plugin. -->","yoast_head_json":{"title":"Garc\u00eda Parra destaca participaci\u00f3n de infiltrados en la marcha contra el Cableb\u00fas - The Puebla Times","robots":{"index":"index","follow":"follow","max-snippet":"max-snippet:-1","max-image-preview":"max-image-preview:large","max-video-preview":"max-video-preview:-1"},"canonical":"https:\/\/thepueblatimes.mx\/index.php\/2026\/03\/09\/garcia-parra-destaca-participacion-de-infiltrados-en-la-marcha-contra-el-cablebus\/","og_locale":"es_ES","og_type":"article","og_title":"Garc\u00eda Parra destaca participaci\u00f3n de infiltrados en la marcha contra el Cableb\u00fas - The Puebla Times","og_description":"El coordinador de gabinete, Jos\u00e9 Luis Garc\u00eda Parra, se\u00f1al\u00f3 que la presencia de grupos ajenos a la comunidad estudiantil de la BUAP en la movilizaci\u00f3n contra el Cableb\u00fas realizada el jueves 5 de marzo. Expres\u00f3 \u201clamentamos la infiltraci\u00f3n que se dio la semana pasada por parte de una organizaci\u00f3n que tiene otros intereses. En esa...","og_url":"https:\/\/thepueblatimes.mx\/index.php\/2026\/03\/09\/garcia-parra-destaca-participacion-de-infiltrados-en-la-marcha-contra-el-cablebus\/","og_site_name":"The Puebla Times","article_published_time":"2026-03-09T23:21:22+00:00","og_image":[{"width":2048,"height":1366,"url":"https:\/\/thepueblatimes.mx\/wp-content\/uploads\/2026\/03\/649883911_1471771430963543_3554456279900880560_n.jpg","type":"image\/jpeg"}],"author":"Sa\u00fal Hern\u00e1ndez","twitter_card":"summary_large_image","twitter_misc":{"Escrito por":"Sa\u00fal Hern\u00e1ndez","Tiempo de lectura":"1 minuto"},"schema":{"@context":"https:\/\/schema.org","@graph":[{"@type":"WebPage","@id":"https:\/\/thepueblatimes.mx\/index.php\/2026\/03\/09\/garcia-parra-destaca-participacion-de-infiltrados-en-la-marcha-contra-el-cablebus\/","url":"https:\/\/thepueblatimes.mx\/index.php\/2026\/03\/09\/garcia-parra-destaca-participacion-de-infiltrados-en-la-marcha-contra-el-cablebus\/","name":"Garc\u00eda Parra destaca participaci\u00f3n de infiltrados en la marcha contra el Cableb\u00fas - The Puebla Times","isPartOf":{"@id":"https:\/\/thepueblatimes.mx\/#website"},"datePublished":"2026-03-09T23:21:22+00:00","dateModified":"2026-03-09T23:21:22+00:00","author":{"@id":"https:\/\/thepueblatimes.mx\/#\/schema\/person\/1664894c2f65ce2c7a08d8f5f905c13c"},"breadcrumb":{"@id":"https:\/\/thepueblatimes.mx\/index.php\/2026\/03\/09\/garcia-parra-destaca-participacion-de-infiltrados-en-la-marcha-contra-el-cablebus\/#breadcrumb"},"inLanguage":"es","potentialAction":[{"@type":"ReadAction","target":["https:\/\/thepueblatimes.mx\/index.php\/2026\/03\/09\/garcia-parra-destaca-participacion-de-infiltrados-en-la-marcha-contra-el-cablebus\/"]}]},{"@type":"BreadcrumbList","@id":"https:\/\/thepueblatimes.mx\/index.php\/2026\/03\/09\/garcia-parra-destaca-participacion-de-infiltrados-en-la-marcha-contra-el-cablebus\/#breadcrumb","itemListElement":[{"@type":"ListItem","position":1,"name":"Portada","item":"https:\/\/thepueblatimes.mx\/"},{"@type":"ListItem","position":2,"name":"Garc\u00eda Parra destaca participaci\u00f3n de infiltrados en la marcha contra el Cableb\u00fas"}]},{"@type":"WebSite","@id":"https:\/\/thepueblatimes.mx\/#website","url":"https:\/\/thepueblatimes.mx\/","name":"The Puebla Times","description":"Noticias del Estado de Puebla","potentialAction":[{"@type":"SearchAction","target":{"@type":"EntryPoint","urlTemplate":"https:\/\/thepueblatimes.mx\/?s={search_term_string}"},"query-input":"required name=search_term_string"}],"inLanguage":"es"},{"@type":"Person","@id":"https:\/\/thepueblatimes.mx\/#\/schema\/person\/1664894c2f65ce2c7a08d8f5f905c13c","name":"Sa\u00fal Hern\u00e1ndez","image":{"@type":"ImageObject","inLanguage":"es","@id":"https:\/\/thepueblatimes.mx\/#\/schema\/person\/image\/","url":"https:\/\/secure.gravatar.com\/avatar\/11be338693f243309532caad8f10c930?s=96&d=mm&r=g","contentUrl":"https:\/\/secure.gravatar.com\/avatar\/11be338693f243309532caad8f10c930?s=96&d=mm&r=g","caption":"Sa\u00fal Hern\u00e1ndez"},"url":"https:\/\/thepueblatimes.mx\/index.php\/author\/saulhernandez\/"}]}},"jetpack_featured_media_url":"https:\/\/thepueblatimes.mx\/wp-content\/uploads\/2026\/03\/649883911_1471771430963543_3554456279900880560_n.jpg","_links":{"self":[{"href":"https:\/\/thepueblatimes.mx\/index.php\/wp-json\/wp\/v2\/posts\/36845"}],"collection":[{"href":"https:\/\/thepueblatimes.mx\/index.php\/wp-json\/wp\/v2\/posts"}],"about":[{"href":"https:\/\/thepueblatimes.mx\/index.php\/wp-json\/wp\/v2\/types\/post"}],"author":[{"embeddable":true,"href":"https:\/\/thepueblatimes.mx\/index.php\/wp-json\/wp\/v2\/users\/16"}],"replies":[{"embeddable":true,"href":"https:\/\/thepueblatimes.mx\/index.php\/wp-json\/wp\/v2\/comments?post=36845"}],"version-history":[{"count":1,"href":"https:\/\/thepueblatimes.mx\/index.php\/wp-json\/wp\/v2\/posts\/36845\/revisions"}],"predecessor-version":[{"id":36852,"href":"https:\/\/thepueblatimes.mx\/index.php\/wp-json\/wp\/v2\/posts\/36845\/revisions\/36852"}],"wp:featuredmedia":[{"embeddable":true,"href":"https:\/\/thepueblatimes.mx\/index.php\/wp-json\/wp\/v2\/media\/36851"}],"wp:attachment":[{"href":"https:\/\/thepueblatimes.mx\/index.php\/wp-json\/wp\/v2\/media?parent=36845"}],"wp:term":[{"taxonomy":"category","embeddable":true,"href":"https:\/\/thepueblatimes.mx\/index.php\/wp-json\/wp\/v2\/categories?post=36845"},{"taxonomy":"post_tag","embeddable":true,"href":"https:\/\/thepueblatimes.mx\/index.php\/wp-json\/wp\/v2\/tags?post=36845"}],"curies":[{"name":"wp","href":"https:\/\/api.w.org\/{rel}","templated":true}]}}