{"id":36843,"date":"2026-03-09T17:10:39","date_gmt":"2026-03-09T23:10:39","guid":{"rendered":"https:\/\/thepueblatimes.mx\/?p=36843"},"modified":"2026-03-09T17:14:38","modified_gmt":"2026-03-09T23:14:38","slug":"bala-perdida-lesiona-a-hombre-en-la-colonia-san-jose-los-cerritos-de-puebla","status":"publish","type":"post","link":"https:\/\/thepueblatimes.mx\/index.php\/2026\/03\/09\/bala-perdida-lesiona-a-hombre-en-la-colonia-san-jose-los-cerritos-de-puebla\/","title":{"rendered":"Bala perdida lesiona a hombre en la colonia San Jos\u00e9 Los Cerritos de Puebla"},"content":{"rendered":"<p>Un hombre, identificado como Jos\u00e9 Arturo, de 21 a\u00f1os fue lesionado por una bala perdida, al registrarse una balacera en la colonia San Jos\u00e9 Los Cerritos, a la altura de la avenida Del Conde Prienre y la calle Del Cubilete.<\/p>\n<p>La bala, de acuerdo a una versi\u00f3n generalizada, se alojo a la alturas de las costillas, pero el lesionado logro sobrevivir, aunque su estado se reporta como grave.<\/p>\n<p>Tras ser lesionado, el hombre habr\u00eda sido auxiliado por sus familiares, quienes de inmediato lo trasladaron por sus medios al Hospital de Traumatolog\u00eda y Ortopedia de Puebla.<\/p>\n<p>Al momento se desconoce el origen de la balacera, adem\u00e1s de si hay m\u00e1s personas lesionadas.<\/p>\n<p>Tampoco hay informaci\u00f3n sobre las personas que protagonizaron la balacera.<\/p>\n","protected":false},"excerpt":{"rendered":"<p>Un hombre, identificado como Jos\u00e9 Arturo, de 21 a\u00f1os fue lesionado por una bala perdida, al registrarse una balacera en la colonia San Jos\u00e9 Los Cerritos, a la altura de la avenida Del Conde Prienre y la calle Del Cubilete. La bala, de acuerdo a una versi\u00f3n generalizada, se alojo a la alturas de las&#8230;<\/p>\n","protected":false},"author":16,"featured_media":36849,"comment_status":"closed","ping_status":"closed","sticky":false,"template":"","format":"standard","meta":[],"categories":[121],"tags":[589,2377,3339,3900],"yoast_head":"<!-- This site is optimized with the Yoast SEO plugin v20.8 - https:\/\/yoast.com\/wordpress\/plugins\/seo\/ -->\n<title>Bala perdida lesiona a hombre en la colonia San Jos\u00e9 Los Cerritos de Puebla - The Puebla Times<\/title>\n<meta name=\"robots\" content=\"index, follow, max-snippet:-1, max-image-preview:large, max-video-preview:-1\" \/>\n<link rel=\"canonical\" href=\"https:\/\/thepueblatimes.mx\/index.php\/2026\/03\/09\/bala-perdida-lesiona-a-hombre-en-la-colonia-san-jose-los-cerritos-de-puebla\/\" \/>\n<meta property=\"og:locale\" content=\"es_ES\" \/>\n<meta property=\"og:type\" content=\"article\" \/>\n<meta property=\"og:title\" content=\"Bala perdida lesiona a hombre en la colonia San Jos\u00e9 Los Cerritos de Puebla - The Puebla Times\" \/>\n<meta property=\"og:description\" content=\"Un hombre, identificado como Jos\u00e9 Arturo, de 21 a\u00f1os fue lesionado por una bala perdida, al registrarse una balacera en la colonia San Jos\u00e9 Los Cerritos, a la altura de la avenida Del Conde Prienre y la calle Del Cubilete. La bala, de acuerdo a una versi\u00f3n generalizada, se alojo a la alturas de las...\" \/>\n<meta property=\"og:url\" content=\"https:\/\/thepueblatimes.mx\/index.php\/2026\/03\/09\/bala-perdida-lesiona-a-hombre-en-la-colonia-san-jose-los-cerritos-de-puebla\/\" \/>\n<meta property=\"og:site_name\" content=\"The Puebla Times\" \/>\n<meta property=\"article:published_time\" content=\"2026-03-09T23:10:39+00:00\" \/>\n<meta property=\"article:modified_time\" content=\"2026-03-09T23:14:38+00:00\" \/>\n<meta property=\"og:image\" content=\"https:\/\/thepueblatimes.mx\/wp-content\/uploads\/2026\/03\/muerto-hombre-jose-cerritos-puebla.jpg\" \/>\n\t<meta property=\"og:image:width\" content=\"1920\" \/>\n\t<meta property=\"og:image:height\" content=\"1080\" \/>\n\t<meta property=\"og:image:type\" content=\"image\/jpeg\" \/>\n<meta name=\"author\" content=\"Sa\u00fal Hern\u00e1ndez\" \/>\n<meta name=\"twitter:card\" content=\"summary_large_image\" \/>\n<meta name=\"twitter:label1\" content=\"Escrito por\" \/>\n\t<meta name=\"twitter:data1\" content=\"Sa\u00fal Hern\u00e1ndez\" \/>\n\t<meta name=\"twitter:label2\" content=\"Tiempo de lectura\" \/>\n\t<meta name=\"twitter:data2\" content=\"1 minuto\" \/>\n<script type=\"application\/ld+json\" class=\"yoast-schema-graph\">{\"@context\":\"https:\/\/schema.org\",\"@graph\":[{\"@type\":\"WebPage\",\"@id\":\"https:\/\/thepueblatimes.mx\/index.php\/2026\/03\/09\/bala-perdida-lesiona-a-hombre-en-la-colonia-san-jose-los-cerritos-de-puebla\/\",\"url\":\"https:\/\/thepueblatimes.mx\/index.php\/2026\/03\/09\/bala-perdida-lesiona-a-hombre-en-la-colonia-san-jose-los-cerritos-de-puebla\/\",\"name\":\"Bala perdida lesiona a hombre en la colonia San Jos\u00e9 Los Cerritos de Puebla - The Puebla Times\",\"isPartOf\":{\"@id\":\"https:\/\/thepueblatimes.mx\/#website\"},\"datePublished\":\"2026-03-09T23:10:39+00:00\",\"dateModified\":\"2026-03-09T23:14:38+00:00\",\"author\":{\"@id\":\"https:\/\/thepueblatimes.mx\/#\/schema\/person\/1664894c2f65ce2c7a08d8f5f905c13c\"},\"breadcrumb\":{\"@id\":\"https:\/\/thepueblatimes.mx\/index.php\/2026\/03\/09\/bala-perdida-lesiona-a-hombre-en-la-colonia-san-jose-los-cerritos-de-puebla\/#breadcrumb\"},\"inLanguage\":\"es\",\"potentialAction\":[{\"@type\":\"ReadAction\",\"target\":[\"https:\/\/thepueblatimes.mx\/index.php\/2026\/03\/09\/bala-perdida-lesiona-a-hombre-en-la-colonia-san-jose-los-cerritos-de-puebla\/\"]}]},{\"@type\":\"BreadcrumbList\",\"@id\":\"https:\/\/thepueblatimes.mx\/index.php\/2026\/03\/09\/bala-perdida-lesiona-a-hombre-en-la-colonia-san-jose-los-cerritos-de-puebla\/#breadcrumb\",\"itemListElement\":[{\"@type\":\"ListItem\",\"position\":1,\"name\":\"Portada\",\"item\":\"https:\/\/thepueblatimes.mx\/\"},{\"@type\":\"ListItem\",\"position\":2,\"name\":\"Bala perdida lesiona a hombre en la colonia San Jos\u00e9 Los Cerritos de Puebla\"}]},{\"@type\":\"WebSite\",\"@id\":\"https:\/\/thepueblatimes.mx\/#website\",\"url\":\"https:\/\/thepueblatimes.mx\/\",\"name\":\"The Puebla Times\",\"description\":\"Noticias del Estado de Puebla\",\"potentialAction\":[{\"@type\":\"SearchAction\",\"target\":{\"@type\":\"EntryPoint\",\"urlTemplate\":\"https:\/\/thepueblatimes.mx\/?s={search_term_string}\"},\"query-input\":\"required name=search_term_string\"}],\"inLanguage\":\"es\"},{\"@type\":\"Person\",\"@id\":\"https:\/\/thepueblatimes.mx\/#\/schema\/person\/1664894c2f65ce2c7a08d8f5f905c13c\",\"name\":\"Sa\u00fal Hern\u00e1ndez\",\"image\":{\"@type\":\"ImageObject\",\"inLanguage\":\"es\",\"@id\":\"https:\/\/thepueblatimes.mx\/#\/schema\/person\/image\/\",\"url\":\"https:\/\/secure.gravatar.com\/avatar\/11be338693f243309532caad8f10c930?s=96&d=mm&r=g\",\"contentUrl\":\"https:\/\/secure.gravatar.com\/avatar\/11be338693f243309532caad8f10c930?s=96&d=mm&r=g\",\"caption\":\"Sa\u00fal Hern\u00e1ndez\"},\"url\":\"https:\/\/thepueblatimes.mx\/index.php\/author\/saulhernandez\/\"}]}<\/script>\n<!-- \/ Yoast SEO plugin. -->","yoast_head_json":{"title":"Bala perdida lesiona a hombre en la colonia San Jos\u00e9 Los Cerritos de Puebla - The Puebla Times","robots":{"index":"index","follow":"follow","max-snippet":"max-snippet:-1","max-image-preview":"max-image-preview:large","max-video-preview":"max-video-preview:-1"},"canonical":"https:\/\/thepueblatimes.mx\/index.php\/2026\/03\/09\/bala-perdida-lesiona-a-hombre-en-la-colonia-san-jose-los-cerritos-de-puebla\/","og_locale":"es_ES","og_type":"article","og_title":"Bala perdida lesiona a hombre en la colonia San Jos\u00e9 Los Cerritos de Puebla - The Puebla Times","og_description":"Un hombre, identificado como Jos\u00e9 Arturo, de 21 a\u00f1os fue lesionado por una bala perdida, al registrarse una balacera en la colonia San Jos\u00e9 Los Cerritos, a la altura de la avenida Del Conde Prienre y la calle Del Cubilete. La bala, de acuerdo a una versi\u00f3n generalizada, se alojo a la alturas de las...","og_url":"https:\/\/thepueblatimes.mx\/index.php\/2026\/03\/09\/bala-perdida-lesiona-a-hombre-en-la-colonia-san-jose-los-cerritos-de-puebla\/","og_site_name":"The Puebla Times","article_published_time":"2026-03-09T23:10:39+00:00","article_modified_time":"2026-03-09T23:14:38+00:00","og_image":[{"width":1920,"height":1080,"url":"https:\/\/thepueblatimes.mx\/wp-content\/uploads\/2026\/03\/muerto-hombre-jose-cerritos-puebla.jpg","type":"image\/jpeg"}],"author":"Sa\u00fal Hern\u00e1ndez","twitter_card":"summary_large_image","twitter_misc":{"Escrito por":"Sa\u00fal Hern\u00e1ndez","Tiempo de lectura":"1 minuto"},"schema":{"@context":"https:\/\/schema.org","@graph":[{"@type":"WebPage","@id":"https:\/\/thepueblatimes.mx\/index.php\/2026\/03\/09\/bala-perdida-lesiona-a-hombre-en-la-colonia-san-jose-los-cerritos-de-puebla\/","url":"https:\/\/thepueblatimes.mx\/index.php\/2026\/03\/09\/bala-perdida-lesiona-a-hombre-en-la-colonia-san-jose-los-cerritos-de-puebla\/","name":"Bala perdida lesiona a hombre en la colonia San Jos\u00e9 Los Cerritos de Puebla - The Puebla Times","isPartOf":{"@id":"https:\/\/thepueblatimes.mx\/#website"},"datePublished":"2026-03-09T23:10:39+00:00","dateModified":"2026-03-09T23:14:38+00:00","author":{"@id":"https:\/\/thepueblatimes.mx\/#\/schema\/person\/1664894c2f65ce2c7a08d8f5f905c13c"},"breadcrumb":{"@id":"https:\/\/thepueblatimes.mx\/index.php\/2026\/03\/09\/bala-perdida-lesiona-a-hombre-en-la-colonia-san-jose-los-cerritos-de-puebla\/#breadcrumb"},"inLanguage":"es","potentialAction":[{"@type":"ReadAction","target":["https:\/\/thepueblatimes.mx\/index.php\/2026\/03\/09\/bala-perdida-lesiona-a-hombre-en-la-colonia-san-jose-los-cerritos-de-puebla\/"]}]},{"@type":"BreadcrumbList","@id":"https:\/\/thepueblatimes.mx\/index.php\/2026\/03\/09\/bala-perdida-lesiona-a-hombre-en-la-colonia-san-jose-los-cerritos-de-puebla\/#breadcrumb","itemListElement":[{"@type":"ListItem","position":1,"name":"Portada","item":"https:\/\/thepueblatimes.mx\/"},{"@type":"ListItem","position":2,"name":"Bala perdida lesiona a hombre en la colonia San Jos\u00e9 Los Cerritos de Puebla"}]},{"@type":"WebSite","@id":"https:\/\/thepueblatimes.mx\/#website","url":"https:\/\/thepueblatimes.mx\/","name":"The Puebla Times","description":"Noticias del Estado de Puebla","potentialAction":[{"@type":"SearchAction","target":{"@type":"EntryPoint","urlTemplate":"https:\/\/thepueblatimes.mx\/?s={search_term_string}"},"query-input":"required name=search_term_string"}],"inLanguage":"es"},{"@type":"Person","@id":"https:\/\/thepueblatimes.mx\/#\/schema\/person\/1664894c2f65ce2c7a08d8f5f905c13c","name":"Sa\u00fal Hern\u00e1ndez","image":{"@type":"ImageObject","inLanguage":"es","@id":"https:\/\/thepueblatimes.mx\/#\/schema\/person\/image\/","url":"https:\/\/secure.gravatar.com\/avatar\/11be338693f243309532caad8f10c930?s=96&d=mm&r=g","contentUrl":"https:\/\/secure.gravatar.com\/avatar\/11be338693f243309532caad8f10c930?s=96&d=mm&r=g","caption":"Sa\u00fal Hern\u00e1ndez"},"url":"https:\/\/thepueblatimes.mx\/index.php\/author\/saulhernandez\/"}]}},"jetpack_featured_media_url":"https:\/\/thepueblatimes.mx\/wp-content\/uploads\/2026\/03\/muerto-hombre-jose-cerritos-puebla.jpg","_links":{"self":[{"href":"https:\/\/thepueblatimes.mx\/index.php\/wp-json\/wp\/v2\/posts\/36843"}],"collection":[{"href":"https:\/\/thepueblatimes.mx\/index.php\/wp-json\/wp\/v2\/posts"}],"about":[{"href":"https:\/\/thepueblatimes.mx\/index.php\/wp-json\/wp\/v2\/types\/post"}],"author":[{"embeddable":true,"href":"https:\/\/thepueblatimes.mx\/index.php\/wp-json\/wp\/v2\/users\/16"}],"replies":[{"embeddable":true,"href":"https:\/\/thepueblatimes.mx\/index.php\/wp-json\/wp\/v2\/comments?post=36843"}],"version-history":[{"count":1,"href":"https:\/\/thepueblatimes.mx\/index.php\/wp-json\/wp\/v2\/posts\/36843\/revisions"}],"predecessor-version":[{"id":36848,"href":"https:\/\/thepueblatimes.mx\/index.php\/wp-json\/wp\/v2\/posts\/36843\/revisions\/36848"}],"wp:featuredmedia":[{"embeddable":true,"href":"https:\/\/thepueblatimes.mx\/index.php\/wp-json\/wp\/v2\/media\/36849"}],"wp:attachment":[{"href":"https:\/\/thepueblatimes.mx\/index.php\/wp-json\/wp\/v2\/media?parent=36843"}],"wp:term":[{"taxonomy":"category","embeddable":true,"href":"https:\/\/thepueblatimes.mx\/index.php\/wp-json\/wp\/v2\/categories?post=36843"},{"taxonomy":"post_tag","embeddable":true,"href":"https:\/\/thepueblatimes.mx\/index.php\/wp-json\/wp\/v2\/tags?post=36843"}],"curies":[{"name":"wp","href":"https:\/\/api.w.org\/{rel}","templated":true}]}}