{"id":36830,"date":"2026-03-06T16:05:54","date_gmt":"2026-03-06T22:05:54","guid":{"rendered":"https:\/\/thepueblatimes.mx\/?p=36830"},"modified":"2026-03-06T16:05:54","modified_gmt":"2026-03-06T22:05:54","slug":"fortalece-dif-puebla-capital-atencion-a-mujeres-victimas-de-violencia-con-el-programa-puerta-violeta","status":"publish","type":"post","link":"https:\/\/thepueblatimes.mx\/index.php\/2026\/03\/06\/fortalece-dif-puebla-capital-atencion-a-mujeres-victimas-de-violencia-con-el-programa-puerta-violeta\/","title":{"rendered":"Fortalece DIF Puebla Capital atenci\u00f3n a mujeres v\u00edctimas de violencia con el programa \u201cPuerta Violeta\u201d"},"content":{"rendered":"<h3><em>&#8211; El alcalde Pepe Chedraui reitera su compromiso de fortalecer acciones que contribuyan a prevenir, atender y erradicar la violencia de g\u00e9nero<\/em><\/h3>\n<h3><em>&#8211; En lo que va de la administraci\u00f3n se han atendido m\u00e1s de 200 casos de violencia de g\u00e9nero<\/em><\/h3>\n<p>Puebla, Puebla.\u2013 Con el objetivo de brindar atenci\u00f3n, acompa\u00f1amiento y protecci\u00f3n a mujeres que enfrentan situaciones de violencia, la presidenta del Patronato del DIF Puebla Capital, MariElise Budib instruy\u00f3 reforzar el programa Puerta Violeta, una estrategia integral orientada a salvaguardar los derechos y la integridad de mujeres, ni\u00f1as, ni\u00f1os y adolescentes.<\/p>\n<p>A trav\u00e9s de Puerta Violeta se ofrece atenci\u00f3n especializada a v\u00edctimas de violencia f\u00edsica, econ\u00f3mica, psicol\u00f3gica y sexual, brindando asesor\u00eda jur\u00eddica y acompa\u00f1amiento psicol\u00f3gico para garantizar que las usuarias reciban apoyo profesional durante todo el proceso de atenci\u00f3n.<\/p>\n<p>\u201cPuerta Violeta es un espacio seguro que justamente busca brindar un apoyo multidisciplinario a mujeres, ni\u00f1as, ni\u00f1os, adolescentes, que son v\u00edctimas de violencia de g\u00e9nero. De la parte psicol\u00f3gica, cuando se reciben por primera vez a la usuario o al usuario, se le brinda la contenci\u00f3n emocional, ya que muchas veces vienen con esta gran afectaci\u00f3n que no saben por d\u00f3nde empezar, qu\u00e9 hacer, c\u00f3mo buscar una soluci\u00f3n\u201d, afirm\u00f3 Edith Herrera Jim\u00e9nez psic\u00f3loga del programa Puerta Violeta.<\/p>\n<p>El programa tambi\u00e9n orienta a las v\u00edctimas en la presentaci\u00f3n de denuncias ante el Ministerio P\u00fablico, as\u00ed como en el seguimiento de las carpetas de investigaci\u00f3n, con el prop\u00f3sito de que las mujeres cuenten con respaldo institucional y claridad en cada etapa del proceso legal.<\/p>\n<p>\u201cPrimero entrevistamos a la persona usuaria para saber cu\u00e1les son sus necesidades, cu\u00e1l es la situaci\u00f3n por la que est\u00e1 atravesando y de acuerdo a la narrativa de los hechos que comente, se le da la asesor\u00eda jur\u00eddica correspondiente, ya sea en el \u00e1rea penal, de acuerdo a los delitos que se configuren seg\u00fan su narrativa. Posteriormente de la asesor\u00eda, se le propone la presentaci\u00f3n de denuncia. Durante todo el procedimiento, desde que llegamos al Ministerio P\u00fablico, yo estoy acompa\u00f1ando a las personas aclar\u00e1ndole las dudas\u201d, coment\u00f3 la abogada de \u201cPuerta Violeta\u201d Joselyn Romero Castellano.<\/p>\n<p>Cabe se\u00f1alar que durante la actual administraci\u00f3n se atendieron m\u00e1s de 200 casos, de los cuales 107 presentaron denuncias ante el ministerio p\u00fablico; tan solo en este a\u00f1o 2026 se han atendido 33 personas y 12 presentaron denuncia ante el MP. Dichas acciones reflejan la importancia de contar con mecanismos institucionales que permitan atender y acompa\u00f1ar a las v\u00edctimas de violencia de g\u00e9nero.<\/p>\n<p>Como parte de este modelo de atenci\u00f3n, el DIF Puebla Capital tambi\u00e9n cuenta con el Refugio Temporal de Asistencia (RTA), un espacio seguro destinado al resguardo de mujeres que se encuentran en riesgo, as\u00ed como de sus hijas e hijos. Este refugio proporciona servicios b\u00e1sicos, atenci\u00f3n integral y protecci\u00f3n, manteniendo en reserva su ubicaci\u00f3n para garantizar la seguridad de las usuarias.<\/p>\n<p>Las personas que requieran apoyo o conozcan alg\u00fan caso de violencia pueden acudir a la Direcci\u00f3n de Protecci\u00f3n de Derechos, ubicada en 16 Sur 3911, colonia Anzures, o comunicarse al 222 214 00 00 extensiones 225 y 226, en un horario de lunes a viernes de 9:00 a 17:00 horas. Asimismo, est\u00e1 disponible el n\u00famero de WhatsApp 222 215 22 70, que brinda atenci\u00f3n las 24 horas del d\u00eda, los 365 d\u00edas del a\u00f1o.<\/p>\n<p>El Gobierno de la Ciudad, encabezado por el presidente municipal Pepe Chedraui, a trav\u00e9s del DIF Puebla Capital que dirige MariElise Budib reitera su compromiso de fortalecer acciones que contribuyan a prevenir, atender y erradicar la violencia de g\u00e9nero, promoviendo entornos seguros y una convivencia social basada en el respeto y la igualdad.<\/p>\n","protected":false},"excerpt":{"rendered":"<p>&#8211; El alcalde Pepe Chedraui reitera su compromiso de fortalecer acciones que contribuyan a prevenir, atender y erradicar la violencia de g\u00e9nero &#8211; En lo que va de la administraci\u00f3n se han atendido m\u00e1s de 200 casos de violencia de g\u00e9nero Puebla, Puebla.\u2013 Con el objetivo de brindar atenci\u00f3n, acompa\u00f1amiento y protecci\u00f3n a mujeres que&#8230;<\/p>\n","protected":false},"author":16,"featured_media":36831,"comment_status":"closed","ping_status":"closed","sticky":false,"template":"","format":"standard","meta":[],"categories":[20],"tags":[1287,3074],"yoast_head":"<!-- This site is optimized with the Yoast SEO plugin v20.8 - https:\/\/yoast.com\/wordpress\/plugins\/seo\/ -->\n<title>Fortalece DIF Puebla Capital atenci\u00f3n a mujeres v\u00edctimas de violencia con el programa \u201cPuerta Violeta\u201d - The Puebla Times<\/title>\n<meta name=\"robots\" content=\"index, follow, max-snippet:-1, max-image-preview:large, max-video-preview:-1\" \/>\n<link rel=\"canonical\" href=\"https:\/\/thepueblatimes.mx\/index.php\/2026\/03\/06\/fortalece-dif-puebla-capital-atencion-a-mujeres-victimas-de-violencia-con-el-programa-puerta-violeta\/\" \/>\n<meta property=\"og:locale\" content=\"es_ES\" \/>\n<meta property=\"og:type\" content=\"article\" \/>\n<meta property=\"og:title\" content=\"Fortalece DIF Puebla Capital atenci\u00f3n a mujeres v\u00edctimas de violencia con el programa \u201cPuerta Violeta\u201d - The Puebla Times\" \/>\n<meta property=\"og:description\" content=\"&#8211; El alcalde Pepe Chedraui reitera su compromiso de fortalecer acciones que contribuyan a prevenir, atender y erradicar la violencia de g\u00e9nero &#8211; En lo que va de la administraci\u00f3n se han atendido m\u00e1s de 200 casos de violencia de g\u00e9nero Puebla, Puebla.\u2013 Con el objetivo de brindar atenci\u00f3n, acompa\u00f1amiento y protecci\u00f3n a mujeres que...\" \/>\n<meta property=\"og:url\" content=\"https:\/\/thepueblatimes.mx\/index.php\/2026\/03\/06\/fortalece-dif-puebla-capital-atencion-a-mujeres-victimas-de-violencia-con-el-programa-puerta-violeta\/\" \/>\n<meta property=\"og:site_name\" content=\"The Puebla Times\" \/>\n<meta property=\"article:published_time\" content=\"2026-03-06T22:05:54+00:00\" \/>\n<meta property=\"og:image\" content=\"https:\/\/thepueblatimes.mx\/wp-content\/uploads\/2026\/03\/WhatsApp-Image-2026-03-06-at-15.06.13-1.jpeg\" \/>\n\t<meta property=\"og:image:width\" content=\"1501\" \/>\n\t<meta property=\"og:image:height\" content=\"1001\" \/>\n\t<meta property=\"og:image:type\" content=\"image\/jpeg\" \/>\n<meta name=\"author\" content=\"Sa\u00fal Hern\u00e1ndez\" \/>\n<meta name=\"twitter:card\" content=\"summary_large_image\" \/>\n<meta name=\"twitter:label1\" content=\"Escrito por\" \/>\n\t<meta name=\"twitter:data1\" content=\"Sa\u00fal Hern\u00e1ndez\" \/>\n\t<meta name=\"twitter:label2\" content=\"Tiempo de lectura\" \/>\n\t<meta name=\"twitter:data2\" content=\"3 minutos\" \/>\n<script type=\"application\/ld+json\" class=\"yoast-schema-graph\">{\"@context\":\"https:\/\/schema.org\",\"@graph\":[{\"@type\":\"WebPage\",\"@id\":\"https:\/\/thepueblatimes.mx\/index.php\/2026\/03\/06\/fortalece-dif-puebla-capital-atencion-a-mujeres-victimas-de-violencia-con-el-programa-puerta-violeta\/\",\"url\":\"https:\/\/thepueblatimes.mx\/index.php\/2026\/03\/06\/fortalece-dif-puebla-capital-atencion-a-mujeres-victimas-de-violencia-con-el-programa-puerta-violeta\/\",\"name\":\"Fortalece DIF Puebla Capital atenci\u00f3n a mujeres v\u00edctimas de violencia con el programa \u201cPuerta Violeta\u201d - The Puebla Times\",\"isPartOf\":{\"@id\":\"https:\/\/thepueblatimes.mx\/#website\"},\"datePublished\":\"2026-03-06T22:05:54+00:00\",\"dateModified\":\"2026-03-06T22:05:54+00:00\",\"author\":{\"@id\":\"https:\/\/thepueblatimes.mx\/#\/schema\/person\/1664894c2f65ce2c7a08d8f5f905c13c\"},\"breadcrumb\":{\"@id\":\"https:\/\/thepueblatimes.mx\/index.php\/2026\/03\/06\/fortalece-dif-puebla-capital-atencion-a-mujeres-victimas-de-violencia-con-el-programa-puerta-violeta\/#breadcrumb\"},\"inLanguage\":\"es\",\"potentialAction\":[{\"@type\":\"ReadAction\",\"target\":[\"https:\/\/thepueblatimes.mx\/index.php\/2026\/03\/06\/fortalece-dif-puebla-capital-atencion-a-mujeres-victimas-de-violencia-con-el-programa-puerta-violeta\/\"]}]},{\"@type\":\"BreadcrumbList\",\"@id\":\"https:\/\/thepueblatimes.mx\/index.php\/2026\/03\/06\/fortalece-dif-puebla-capital-atencion-a-mujeres-victimas-de-violencia-con-el-programa-puerta-violeta\/#breadcrumb\",\"itemListElement\":[{\"@type\":\"ListItem\",\"position\":1,\"name\":\"Portada\",\"item\":\"https:\/\/thepueblatimes.mx\/\"},{\"@type\":\"ListItem\",\"position\":2,\"name\":\"Fortalece DIF Puebla Capital atenci\u00f3n a mujeres v\u00edctimas de violencia con el programa \u201cPuerta Violeta\u201d\"}]},{\"@type\":\"WebSite\",\"@id\":\"https:\/\/thepueblatimes.mx\/#website\",\"url\":\"https:\/\/thepueblatimes.mx\/\",\"name\":\"The Puebla Times\",\"description\":\"Noticias del Estado de Puebla\",\"potentialAction\":[{\"@type\":\"SearchAction\",\"target\":{\"@type\":\"EntryPoint\",\"urlTemplate\":\"https:\/\/thepueblatimes.mx\/?s={search_term_string}\"},\"query-input\":\"required name=search_term_string\"}],\"inLanguage\":\"es\"},{\"@type\":\"Person\",\"@id\":\"https:\/\/thepueblatimes.mx\/#\/schema\/person\/1664894c2f65ce2c7a08d8f5f905c13c\",\"name\":\"Sa\u00fal Hern\u00e1ndez\",\"image\":{\"@type\":\"ImageObject\",\"inLanguage\":\"es\",\"@id\":\"https:\/\/thepueblatimes.mx\/#\/schema\/person\/image\/\",\"url\":\"https:\/\/secure.gravatar.com\/avatar\/11be338693f243309532caad8f10c930?s=96&d=mm&r=g\",\"contentUrl\":\"https:\/\/secure.gravatar.com\/avatar\/11be338693f243309532caad8f10c930?s=96&d=mm&r=g\",\"caption\":\"Sa\u00fal Hern\u00e1ndez\"},\"url\":\"https:\/\/thepueblatimes.mx\/index.php\/author\/saulhernandez\/\"}]}<\/script>\n<!-- \/ Yoast SEO plugin. -->","yoast_head_json":{"title":"Fortalece DIF Puebla Capital atenci\u00f3n a mujeres v\u00edctimas de violencia con el programa \u201cPuerta Violeta\u201d - The Puebla Times","robots":{"index":"index","follow":"follow","max-snippet":"max-snippet:-1","max-image-preview":"max-image-preview:large","max-video-preview":"max-video-preview:-1"},"canonical":"https:\/\/thepueblatimes.mx\/index.php\/2026\/03\/06\/fortalece-dif-puebla-capital-atencion-a-mujeres-victimas-de-violencia-con-el-programa-puerta-violeta\/","og_locale":"es_ES","og_type":"article","og_title":"Fortalece DIF Puebla Capital atenci\u00f3n a mujeres v\u00edctimas de violencia con el programa \u201cPuerta Violeta\u201d - The Puebla Times","og_description":"&#8211; El alcalde Pepe Chedraui reitera su compromiso de fortalecer acciones que contribuyan a prevenir, atender y erradicar la violencia de g\u00e9nero &#8211; En lo que va de la administraci\u00f3n se han atendido m\u00e1s de 200 casos de violencia de g\u00e9nero Puebla, Puebla.\u2013 Con el objetivo de brindar atenci\u00f3n, acompa\u00f1amiento y protecci\u00f3n a mujeres que...","og_url":"https:\/\/thepueblatimes.mx\/index.php\/2026\/03\/06\/fortalece-dif-puebla-capital-atencion-a-mujeres-victimas-de-violencia-con-el-programa-puerta-violeta\/","og_site_name":"The Puebla Times","article_published_time":"2026-03-06T22:05:54+00:00","og_image":[{"width":1501,"height":1001,"url":"https:\/\/thepueblatimes.mx\/wp-content\/uploads\/2026\/03\/WhatsApp-Image-2026-03-06-at-15.06.13-1.jpeg","type":"image\/jpeg"}],"author":"Sa\u00fal Hern\u00e1ndez","twitter_card":"summary_large_image","twitter_misc":{"Escrito por":"Sa\u00fal Hern\u00e1ndez","Tiempo de lectura":"3 minutos"},"schema":{"@context":"https:\/\/schema.org","@graph":[{"@type":"WebPage","@id":"https:\/\/thepueblatimes.mx\/index.php\/2026\/03\/06\/fortalece-dif-puebla-capital-atencion-a-mujeres-victimas-de-violencia-con-el-programa-puerta-violeta\/","url":"https:\/\/thepueblatimes.mx\/index.php\/2026\/03\/06\/fortalece-dif-puebla-capital-atencion-a-mujeres-victimas-de-violencia-con-el-programa-puerta-violeta\/","name":"Fortalece DIF Puebla Capital atenci\u00f3n a mujeres v\u00edctimas de violencia con el programa \u201cPuerta Violeta\u201d - The Puebla Times","isPartOf":{"@id":"https:\/\/thepueblatimes.mx\/#website"},"datePublished":"2026-03-06T22:05:54+00:00","dateModified":"2026-03-06T22:05:54+00:00","author":{"@id":"https:\/\/thepueblatimes.mx\/#\/schema\/person\/1664894c2f65ce2c7a08d8f5f905c13c"},"breadcrumb":{"@id":"https:\/\/thepueblatimes.mx\/index.php\/2026\/03\/06\/fortalece-dif-puebla-capital-atencion-a-mujeres-victimas-de-violencia-con-el-programa-puerta-violeta\/#breadcrumb"},"inLanguage":"es","potentialAction":[{"@type":"ReadAction","target":["https:\/\/thepueblatimes.mx\/index.php\/2026\/03\/06\/fortalece-dif-puebla-capital-atencion-a-mujeres-victimas-de-violencia-con-el-programa-puerta-violeta\/"]}]},{"@type":"BreadcrumbList","@id":"https:\/\/thepueblatimes.mx\/index.php\/2026\/03\/06\/fortalece-dif-puebla-capital-atencion-a-mujeres-victimas-de-violencia-con-el-programa-puerta-violeta\/#breadcrumb","itemListElement":[{"@type":"ListItem","position":1,"name":"Portada","item":"https:\/\/thepueblatimes.mx\/"},{"@type":"ListItem","position":2,"name":"Fortalece DIF Puebla Capital atenci\u00f3n a mujeres v\u00edctimas de violencia con el programa \u201cPuerta Violeta\u201d"}]},{"@type":"WebSite","@id":"https:\/\/thepueblatimes.mx\/#website","url":"https:\/\/thepueblatimes.mx\/","name":"The Puebla Times","description":"Noticias del Estado de Puebla","potentialAction":[{"@type":"SearchAction","target":{"@type":"EntryPoint","urlTemplate":"https:\/\/thepueblatimes.mx\/?s={search_term_string}"},"query-input":"required name=search_term_string"}],"inLanguage":"es"},{"@type":"Person","@id":"https:\/\/thepueblatimes.mx\/#\/schema\/person\/1664894c2f65ce2c7a08d8f5f905c13c","name":"Sa\u00fal Hern\u00e1ndez","image":{"@type":"ImageObject","inLanguage":"es","@id":"https:\/\/thepueblatimes.mx\/#\/schema\/person\/image\/","url":"https:\/\/secure.gravatar.com\/avatar\/11be338693f243309532caad8f10c930?s=96&d=mm&r=g","contentUrl":"https:\/\/secure.gravatar.com\/avatar\/11be338693f243309532caad8f10c930?s=96&d=mm&r=g","caption":"Sa\u00fal Hern\u00e1ndez"},"url":"https:\/\/thepueblatimes.mx\/index.php\/author\/saulhernandez\/"}]}},"jetpack_featured_media_url":"https:\/\/thepueblatimes.mx\/wp-content\/uploads\/2026\/03\/WhatsApp-Image-2026-03-06-at-15.06.13-1.jpeg","_links":{"self":[{"href":"https:\/\/thepueblatimes.mx\/index.php\/wp-json\/wp\/v2\/posts\/36830"}],"collection":[{"href":"https:\/\/thepueblatimes.mx\/index.php\/wp-json\/wp\/v2\/posts"}],"about":[{"href":"https:\/\/thepueblatimes.mx\/index.php\/wp-json\/wp\/v2\/types\/post"}],"author":[{"embeddable":true,"href":"https:\/\/thepueblatimes.mx\/index.php\/wp-json\/wp\/v2\/users\/16"}],"replies":[{"embeddable":true,"href":"https:\/\/thepueblatimes.mx\/index.php\/wp-json\/wp\/v2\/comments?post=36830"}],"version-history":[{"count":1,"href":"https:\/\/thepueblatimes.mx\/index.php\/wp-json\/wp\/v2\/posts\/36830\/revisions"}],"predecessor-version":[{"id":36832,"href":"https:\/\/thepueblatimes.mx\/index.php\/wp-json\/wp\/v2\/posts\/36830\/revisions\/36832"}],"wp:featuredmedia":[{"embeddable":true,"href":"https:\/\/thepueblatimes.mx\/index.php\/wp-json\/wp\/v2\/media\/36831"}],"wp:attachment":[{"href":"https:\/\/thepueblatimes.mx\/index.php\/wp-json\/wp\/v2\/media?parent=36830"}],"wp:term":[{"taxonomy":"category","embeddable":true,"href":"https:\/\/thepueblatimes.mx\/index.php\/wp-json\/wp\/v2\/categories?post=36830"},{"taxonomy":"post_tag","embeddable":true,"href":"https:\/\/thepueblatimes.mx\/index.php\/wp-json\/wp\/v2\/tags?post=36830"}],"curies":[{"name":"wp","href":"https:\/\/api.w.org\/{rel}","templated":true}]}}